{"id":68323,"date":"2021-01-13T10:21:32","date_gmt":"2021-01-13T15:21:32","guid":{"rendered":"https:\/\/aeronoticias.com.pe\/noticiero\/?p=68323"},"modified":"2021-01-14T12:43:50","modified_gmt":"2021-01-14T17:43:50","slug":"instituto-peruano-de-derecho-aereo-en-el-bicentenario-proyecta-al-peru-en-el-espacio-ultraterrestre","status":"publish","type":"post","link":"https:\/\/aeronoticias.com.pe\/noticiero\/historia-derecho-aero-peruano\/instituto-peruano-de-derecho-aereo-en-el-bicentenario-proyecta-al-peru-en-el-espacio-ultraterrestre\/","title":{"rendered":"Instituto Peruano de Derecho A\u00e9reo en el Bicentenario proyecta al Per\u00fa en el Espacio Ultraterrestre"},"content":{"rendered":"\n<p><strong>(Aeronoticias)<\/strong> El Presidente del Instituto Peruano de Derecho A\u00e9reo (IPDA), Juli\u00e1n Palacin Fern\u00e1ndez, expres\u00f3 que en el Bicentenario de nuestra Independencia se est\u00e1 preparando un documento sobre la proyecci\u00f3n del Per\u00fa en la utilizaci\u00f3n y uso del Espacio Ultraterrestre con fines pac\u00edficos, para los 100 a\u00f1os 2021-2121.<\/p>\n\n\n\n<p>Record\u00f3, que el Presidente Fernando Belaunde Terry el 05 de agosto de 1983, mediante la Resoluci\u00f3n Suprema 0080-83\/TC, nombr\u00f3 una Comisi\u00f3n de Juristas Expertos en Derecho A\u00e9reo y Espacial, que presidiera Juli\u00e1n Palacin Fern\u00e1ndez e integraran Alfredo Gildemeister Mart\u00ednez (+), Guillermo Velaochaga Miranda (+) y Gonzalo Torres Hern\u00e1ndez y en este documento hist\u00f3rico de Pol\u00edtica A\u00e9rea Internacional que se tuvo que poner en vigencia para solucionar un impase a\u00e9reo con los Estados Unidos de Norteam\u00e9rica, aqu\u00ed encontramos el primer proyecto normativo en la historia del Derecho Espacial Peruano, dijo.<\/p>\n\n\n\n<figure class=\"wp-block-image size-large\"><img loading=\"lazy\" decoding=\"async\" width=\"1024\" height=\"723\" src=\"https:\/\/aeronoticias.com.pe\/noticiero\/wp-content\/uploads\/2020\/12\/nombramientojuristas83-1024x723.jpg\" alt=\"\" class=\"wp-image-67894\" srcset=\"https:\/\/aeronoticias.com.pe\/noticiero\/wp-content\/uploads\/2020\/12\/nombramientojuristas83-1024x723.jpg 1024w, https:\/\/aeronoticias.com.pe\/noticiero\/wp-content\/uploads\/2020\/12\/nombramientojuristas83-300x212.jpg 300w, https:\/\/aeronoticias.com.pe\/noticiero\/wp-content\/uploads\/2020\/12\/nombramientojuristas83-768x542.jpg 768w, https:\/\/aeronoticias.com.pe\/noticiero\/wp-content\/uploads\/2020\/12\/nombramientojuristas83-150x106.jpg 150w, https:\/\/aeronoticias.com.pe\/noticiero\/wp-content\/uploads\/2020\/12\/nombramientojuristas83-696x491.jpg 696w, https:\/\/aeronoticias.com.pe\/noticiero\/wp-content\/uploads\/2020\/12\/nombramientojuristas83-1068x754.jpg 1068w, https:\/\/aeronoticias.com.pe\/noticiero\/wp-content\/uploads\/2020\/12\/nombramientojuristas83.jpg 1373w\" sizes=\"auto, (max-width: 1024px) 100vw, 1024px\" \/><\/figure>\n\n\n\n<p>Sostuvimos que el Per\u00fa en la delimitaci\u00f3n del Espacio A\u00e9reo con el Espacio Ultraterrestre deb\u00eda seguir la teor\u00eda del perigeo m\u00ednimo de la \u00f3rbita de los sat\u00e9lites vigentes al Tratado del Espacio de 1967.<\/p>\n\n\n\n<p>En la Doctrina el Libro Curso de Post-grado en Derecho A\u00e9reo y Espacial Tomo I de Juli\u00e1n Palacin Fern\u00e1ndez, editado en 1991 por la Comisi\u00f3n Interamericana de Juristas Expertos en Derecho A\u00e9reo y Espacial (CIJEDAE), trata la distinci\u00f3n entre el espacio a\u00e9reo y el espacio ultraterrestre y se enfoca en la sistematizaci\u00f3n de diversos conceptos sobre la materia, expresando que resulta dif\u00edcil el l\u00edmite superior del espacio a\u00e9reo por cuanto se plantea el problema de la eventual opci\u00f3n por un criterio para proceder a la delimitaci\u00f3n, se refiere a las 2 orientaciones, la primera que se basa en la delimitaci\u00f3n en criterios puramente t\u00e9cnicos, los cuales tratan de establecer un l\u00edmite f\u00edsico existente entre el espacio a\u00e9reo y el exterior y la segunda, las que siguen criterios jur\u00eddicos-pol\u00edticos, orientados a utilizar el concepto \u00abfrontera a\u00e9rea, tratando de establecer la extensi\u00f3n de la Soberan\u00eda de los Estados en sentido vertical, analiza la composici\u00f3n de la atm\u00f3sfera, la densidad del aire y la teor\u00eda de la \u00f3rbita satelitaria sostenida por el Dr. Cooper, destacando en su libro que en la reuni\u00f3n celebrada por la International Law Association en Buenos Aires en agosto de 1968, se tom\u00f3 criterio similar, que luego la Doctrina peruana en la Comisi\u00f3n de Juristas lo tom\u00f3 en 1983.<br><br>Palacin dijo, que el Tratado del 27 de enero de 1967, el concepto de espacio exterior comprend\u00eda todo el espacio que se encontraba en y por encima del perigeo m\u00ednimo alcanzado a la firma del citado Tratado por cualquier sat\u00e9lite, puesto en \u00f3rbita, sin perjuicio de que posteriormente se pueda establecer o no, que incluye cualquier parte del espacio de dicho perigeo.<\/p>\n\n\n\n<figure class=\"wp-block-image size-large\"><img loading=\"lazy\" decoding=\"async\" width=\"1024\" height=\"683\" src=\"https:\/\/aeronoticias.com.pe\/noticiero\/wp-content\/uploads\/2021\/01\/patagonia-1024x683.jpg\" alt=\"\" class=\"wp-image-68357\" srcset=\"https:\/\/aeronoticias.com.pe\/noticiero\/wp-content\/uploads\/2021\/01\/patagonia-1024x683.jpg 1024w, https:\/\/aeronoticias.com.pe\/noticiero\/wp-content\/uploads\/2021\/01\/patagonia-300x200.jpg 300w, https:\/\/aeronoticias.com.pe\/noticiero\/wp-content\/uploads\/2021\/01\/patagonia-768x512.jpg 768w, https:\/\/aeronoticias.com.pe\/noticiero\/wp-content\/uploads\/2021\/01\/patagonia-150x100.jpg 150w, https:\/\/aeronoticias.com.pe\/noticiero\/wp-content\/uploads\/2021\/01\/patagonia-696x464.jpg 696w, https:\/\/aeronoticias.com.pe\/noticiero\/wp-content\/uploads\/2021\/01\/patagonia-1068x712.jpg 1068w, https:\/\/aeronoticias.com.pe\/noticiero\/wp-content\/uploads\/2021\/01\/patagonia.jpg 1500w\" sizes=\"auto, (max-width: 1024px) 100vw, 1024px\" \/><figcaption>Tormentas de polvo son observadas en la Patagonia, al sur de Argentina. Fuente: NASA<\/figcaption><\/figure>\n\n\n\n<p>El derecho espacial, dijo Juli\u00e1n Palacin Fern\u00e1ndez, es una nueva rama jur\u00eddica que ha sido objeto de dudas y problemas, incluso en su denominaci\u00f3n, pues algunos autores lo han llamado derecho astron\u00e1utico, otros derecho interastral, derecho sideral, derecho interplanetario, derecho cosmon\u00e1utico y derecho extraterrestre, entre m\u00e1s expresiones.<\/p>\n\n\n\n<p>Nosotros advertimos que esta teor\u00eda tiene sus cr\u00edticos, como lo expresa la Doctrina nacional en el libro de Juli\u00e1n Palacin, cuando dice asimismo los Juristas argentinos Federico Videla Escalada (+) y Juan Lena Paz (+), que se\u00f1alan la inconveniencia de sostener la declaraci\u00f3n de la International Law Association ya enunciada, pues establecer como l\u00edmite el perigeo m\u00ednimo alcanzado al 27 de enero de 1967 por un sat\u00e9lite terrestre, nos conducir\u00eda en un futuro, debido al avance tecnol\u00f3gico, que los sat\u00e9lites cuyas evoluciones se encuentren por debajo de aquel l\u00edmite fijado, estar\u00edan sometidas a las normas del Derecho a\u00e9reo, al cual es a todas luces incongruente, tema jur\u00eddico que se sigue debatiendo.<\/p>\n\n\n\n<figure class=\"wp-block-image size-large\"><img loading=\"lazy\" decoding=\"async\" width=\"1024\" height=\"683\" src=\"https:\/\/aeronoticias.com.pe\/noticiero\/wp-content\/uploads\/2021\/01\/marmediterraneo-1024x683.jpg\" alt=\"\" class=\"wp-image-68333\" srcset=\"https:\/\/aeronoticias.com.pe\/noticiero\/wp-content\/uploads\/2021\/01\/marmediterraneo-1024x683.jpg 1024w, https:\/\/aeronoticias.com.pe\/noticiero\/wp-content\/uploads\/2021\/01\/marmediterraneo-300x200.jpg 300w, https:\/\/aeronoticias.com.pe\/noticiero\/wp-content\/uploads\/2021\/01\/marmediterraneo-768x512.jpg 768w, https:\/\/aeronoticias.com.pe\/noticiero\/wp-content\/uploads\/2021\/01\/marmediterraneo-150x100.jpg 150w, https:\/\/aeronoticias.com.pe\/noticiero\/wp-content\/uploads\/2021\/01\/marmediterraneo-696x464.jpg 696w, https:\/\/aeronoticias.com.pe\/noticiero\/wp-content\/uploads\/2021\/01\/marmediterraneo-1068x712.jpg 1068w, https:\/\/aeronoticias.com.pe\/noticiero\/wp-content\/uploads\/2021\/01\/marmediterraneo.jpg 1500w\" sizes=\"auto, (max-width: 1024px) 100vw, 1024px\" \/><figcaption>Una gran nube de polvo pasa por el Mar Mediterr\u00e1neo. Fuente: NASA<\/figcaption><\/figure>\n\n\n\n<p>Esta nueva rama engloba todas las leyes nacionales e internacionales que controlan las actividades en el espacio exterior. Actualmente el derecho espacial se encuentra regulado por la Oficina de Naciones Unidas para Asuntos del Espacio Exterior (UNOOSA).<\/p>\n\n\n\n<p>El origen del derecho espacial coincide con el lanzamiento del primer sat\u00e9lite artificial llevado a cabo por la Uni\u00f3n Sovi\u00e9tica en octubre de 1957. Dicho sat\u00e9lite, llamado Sputnik 1, formaba parte del proyecto llamado A\u00f1o Geof\u00edsico Internacional. Desde entonces las operaciones en el espacio han aumentado dr\u00e1sticamente en n\u00famero e importancia y con ellas el derecho espacial.<\/p>\n\n\n\n<figure class=\"wp-block-image size-large\"><img loading=\"lazy\" decoding=\"async\" width=\"1024\" height=\"683\" src=\"https:\/\/aeronoticias.com.pe\/noticiero\/wp-content\/uploads\/2021\/01\/espacio-1024x683.jpg\" alt=\"\" class=\"wp-image-68341\" srcset=\"https:\/\/aeronoticias.com.pe\/noticiero\/wp-content\/uploads\/2021\/01\/espacio-1024x683.jpg 1024w, https:\/\/aeronoticias.com.pe\/noticiero\/wp-content\/uploads\/2021\/01\/espacio-300x200.jpg 300w, https:\/\/aeronoticias.com.pe\/noticiero\/wp-content\/uploads\/2021\/01\/espacio-768x512.jpg 768w, https:\/\/aeronoticias.com.pe\/noticiero\/wp-content\/uploads\/2021\/01\/espacio-150x100.jpg 150w, https:\/\/aeronoticias.com.pe\/noticiero\/wp-content\/uploads\/2021\/01\/espacio-696x464.jpg 696w, https:\/\/aeronoticias.com.pe\/noticiero\/wp-content\/uploads\/2021\/01\/espacio-1068x712.jpg 1068w, https:\/\/aeronoticias.com.pe\/noticiero\/wp-content\/uploads\/2021\/01\/espacio.jpg 1500w\" sizes=\"auto, (max-width: 1024px) 100vw, 1024px\" \/><figcaption>Una c\u00e1mara Nikon y la ventaja de estar en el espacio: este es resultado con una imagen tomada desde la EEI. Fuente: NASA<\/figcaption><\/figure>\n\n\n\n<p>La historia del derecho espacial peruano registra que en la Conferencia Espacial de las Am\u00e9ricas de 1990 y 1991 de San Jos\u00e9 de Costa Rica con la presencia de la ONU, de las Agencia Espaciales, de los astronautas y de los Institutos de Derecho Espacial de m\u00e1s de 80 pa\u00edses, presentamos las ponencias del Per\u00fa en derecho espacial y tuvimos el honor de dar el discurso de clausura ante 600 personalidades del mundo, record\u00f3 el Jurista Juli\u00e1n Palacin, por Am\u00e9rica Latina en este c\u00f3nclave mundial que est\u00e1 recordado en un libro del PNUD-ONU, por Am\u00e9rica Latina tambi\u00e9n fueron invitados los Juristas argentinos Aldo Armando Cocca y Manuel Augusto Ferrer.<br><br>Por \u00faltimo, el Presidente del Instituto Peruano de Derecho A\u00e9reo, recomend\u00f3 a los Decanos de las Facultades de Derecho de las Universidades p\u00fablicas y privadas del Per\u00fa, que incluyan el Derecho A\u00e9reo y Espacial como materia obligatoria en la carrera de la Abogac\u00eda, para incentivar a las nuevas generaciones a estudiar estas ramas del Derecho.<\/p>\n\n\n\n<p><a href=\"https:\/\/aeronoticias.com.pe\/noticiero\/la-explotacion-del-espacio-aereo-es-patrimonio-economico-de-la-nacion\/\" target=\"_blank\" rel=\"noreferrer noopener\">La utilizaci\u00f3n y uso del Espacio a\u00e9reo integran el patrimonio econ\u00f3mico de la Naci\u00f3n<\/a><\/p>\n","protected":false},"excerpt":{"rendered":"<p>(Aeronoticias) El Presidente del Instituto Peruano de Derecho A\u00e9reo (IPDA), Juli\u00e1n Palacin Fern\u00e1ndez, expres\u00f3 que en el Bicentenario de nuestra Independencia se est\u00e1 preparando un documento sobre la proyecci\u00f3n del Per\u00fa en la utilizaci\u00f3n y uso del Espacio Ultraterrestre con fines pac\u00edficos, para los 100 a\u00f1os 2021-2121. Record\u00f3, que el Presidente Fernando Belaunde Terry el [&hellip;]<\/p>\n","protected":false},"author":3,"featured_media":68332,"comment_status":"open","ping_status":"open","sticky":false,"template":"","format":"standard","meta":{"tdm_status":"","tdm_grid_status":"","footnotes":""},"categories":[27],"tags":[418,89,1196,97],"class_list":{"0":"post-68323","1":"post","2":"type-post","3":"status-publish","4":"format-standard","5":"has-post-thumbnail","7":"category-historia-derecho-aero-peruano","8":"tag-ipda","9":"tag-julian-palacin-fernandez","10":"tag-nasa","11":"tag-peru"},"yoast_head":"<!-- This site is optimized with the Yoast SEO plugin v25.1 - https:\/\/yoast.com\/wordpress\/plugins\/seo\/ -->\n<title>Instituto Peruano de Derecho A\u00e9reo en el Bicentenario proyecta al Per\u00fa en el Espacio Ultraterrestre<\/title>\n<meta name=\"description\" content=\"Geopol\u00edtica del Per\u00fa en la explotaci\u00f3n del Espacio Exterior debe ser objetivo nacional.\" \/>\n<meta name=\"robots\" content=\"index, follow, max-snippet:-1, max-image-preview:large, max-video-preview:-1\" \/>\n<link rel=\"canonical\" href=\"https:\/\/aeronoticias.com.pe\/noticiero\/historia-derecho-aero-peruano\/instituto-peruano-de-derecho-aereo-en-el-bicentenario-proyecta-al-peru-en-el-espacio-ultraterrestre\/\" \/>\n<meta property=\"og:locale\" content=\"es_ES\" \/>\n<meta property=\"og:type\" content=\"article\" \/>\n<meta property=\"og:title\" content=\"Instituto Peruano de Derecho A\u00e9reo en el Bicentenario proyecta al Per\u00fa en el Espacio Ultraterrestre\" \/>\n<meta property=\"og:description\" content=\"Geopol\u00edtica del Per\u00fa en la explotaci\u00f3n del Espacio Exterior debe ser objetivo nacional.\" \/>\n<meta property=\"og:url\" content=\"https:\/\/aeronoticias.com.pe\/noticiero\/historia-derecho-aero-peruano\/instituto-peruano-de-derecho-aereo-en-el-bicentenario-proyecta-al-peru-en-el-espacio-ultraterrestre\/\" \/>\n<meta property=\"og:site_name\" content=\"Aeronoticias.com.pe\" \/>\n<meta property=\"article:publisher\" content=\"https:\/\/www.facebook.com\/Aeronoticias.com.pe\/\" \/>\n<meta property=\"article:published_time\" content=\"2021-01-13T15:21:32+00:00\" \/>\n<meta property=\"article:modified_time\" content=\"2021-01-14T17:43:50+00:00\" \/>\n<meta property=\"og:image\" content=\"https:\/\/aeronoticias.com.pe\/noticiero\/wp-content\/uploads\/2021\/01\/grandeslagos.jpg\" \/>\n\t<meta property=\"og:image:width\" content=\"1500\" \/>\n\t<meta property=\"og:image:height\" content=\"1000\" \/>\n\t<meta property=\"og:image:type\" content=\"image\/jpeg\" \/>\n<meta name=\"author\" content=\"Redacci\u00f3n\" \/>\n<meta name=\"twitter:card\" content=\"summary_large_image\" \/>\n<meta name=\"twitter:creator\" content=\"@aeronoticias\" \/>\n<meta name=\"twitter:site\" content=\"@aeronoticias\" \/>\n<meta name=\"twitter:label1\" content=\"Escrito por\" \/>\n\t<meta name=\"twitter:data1\" content=\"Redacci\u00f3n\" \/>\n\t<meta name=\"twitter:label2\" content=\"Tiempo de lectura\" \/>\n\t<meta name=\"twitter:data2\" content=\"5 minutos\" \/>\n<script type=\"application\/ld+json\" class=\"yoast-schema-graph\">{\"@context\":\"https:\/\/schema.org\",\"@graph\":[{\"@type\":\"WebPage\",\"@id\":\"https:\/\/aeronoticias.com.pe\/noticiero\/historia-derecho-aero-peruano\/instituto-peruano-de-derecho-aereo-en-el-bicentenario-proyecta-al-peru-en-el-espacio-ultraterrestre\/\",\"url\":\"https:\/\/aeronoticias.com.pe\/noticiero\/historia-derecho-aero-peruano\/instituto-peruano-de-derecho-aereo-en-el-bicentenario-proyecta-al-peru-en-el-espacio-ultraterrestre\/\",\"name\":\"Instituto Peruano de Derecho A\u00e9reo en el Bicentenario proyecta al Per\u00fa en el Espacio Ultraterrestre\",\"isPartOf\":{\"@id\":\"https:\/\/aeronoticias.com.pe\/noticiero\/#website\"},\"primaryImageOfPage\":{\"@id\":\"https:\/\/aeronoticias.com.pe\/noticiero\/historia-derecho-aero-peruano\/instituto-peruano-de-derecho-aereo-en-el-bicentenario-proyecta-al-peru-en-el-espacio-ultraterrestre\/#primaryimage\"},\"image\":{\"@id\":\"https:\/\/aeronoticias.com.pe\/noticiero\/historia-derecho-aero-peruano\/instituto-peruano-de-derecho-aereo-en-el-bicentenario-proyecta-al-peru-en-el-espacio-ultraterrestre\/#primaryimage\"},\"thumbnailUrl\":\"https:\/\/aeronoticias.com.pe\/noticiero\/wp-content\/uploads\/2021\/01\/grandeslagos.jpg\",\"datePublished\":\"2021-01-13T15:21:32+00:00\",\"dateModified\":\"2021-01-14T17:43:50+00:00\",\"author\":{\"@id\":\"https:\/\/aeronoticias.com.pe\/noticiero\/#\/schema\/person\/16212a617c73f78916b13194154243bd\"},\"description\":\"Geopol\u00edtica del Per\u00fa en la explotaci\u00f3n del Espacio Exterior debe ser objetivo nacional.\",\"breadcrumb\":{\"@id\":\"https:\/\/aeronoticias.com.pe\/noticiero\/historia-derecho-aero-peruano\/instituto-peruano-de-derecho-aereo-en-el-bicentenario-proyecta-al-peru-en-el-espacio-ultraterrestre\/#breadcrumb\"},\"inLanguage\":\"es\",\"potentialAction\":[{\"@type\":\"ReadAction\",\"target\":[\"https:\/\/aeronoticias.com.pe\/noticiero\/historia-derecho-aero-peruano\/instituto-peruano-de-derecho-aereo-en-el-bicentenario-proyecta-al-peru-en-el-espacio-ultraterrestre\/\"]}]},{\"@type\":\"ImageObject\",\"inLanguage\":\"es\",\"@id\":\"https:\/\/aeronoticias.com.pe\/noticiero\/historia-derecho-aero-peruano\/instituto-peruano-de-derecho-aereo-en-el-bicentenario-proyecta-al-peru-en-el-espacio-ultraterrestre\/#primaryimage\",\"url\":\"https:\/\/aeronoticias.com.pe\/noticiero\/wp-content\/uploads\/2021\/01\/grandeslagos.jpg\",\"contentUrl\":\"https:\/\/aeronoticias.com.pe\/noticiero\/wp-content\/uploads\/2021\/01\/grandeslagos.jpg\",\"width\":1500,\"height\":1000,\"caption\":\"Los Grandes Lagos que dividen Canad\u00e1 y Estados Unidos. Fuente: NASA\"},{\"@type\":\"BreadcrumbList\",\"@id\":\"https:\/\/aeronoticias.com.pe\/noticiero\/historia-derecho-aero-peruano\/instituto-peruano-de-derecho-aereo-en-el-bicentenario-proyecta-al-peru-en-el-espacio-ultraterrestre\/#breadcrumb\",\"itemListElement\":[{\"@type\":\"ListItem\",\"position\":1,\"name\":\"Portada\",\"item\":\"https:\/\/aeronoticias.com.pe\/noticiero\/\"},{\"@type\":\"ListItem\",\"position\":2,\"name\":\"Instituto Peruano de Derecho A\u00e9reo en el Bicentenario proyecta al Per\u00fa en el Espacio Ultraterrestre\"}]},{\"@type\":\"WebSite\",\"@id\":\"https:\/\/aeronoticias.com.pe\/noticiero\/#website\",\"url\":\"https:\/\/aeronoticias.com.pe\/noticiero\/\",\"name\":\"Aeronoticias.com.pe\",\"description\":\"Noticias de tranporte aereo, turismo, hoteles, gastronomia, actualidad, internacional\",\"potentialAction\":[{\"@type\":\"SearchAction\",\"target\":{\"@type\":\"EntryPoint\",\"urlTemplate\":\"https:\/\/aeronoticias.com.pe\/noticiero\/?s={search_term_string}\"},\"query-input\":{\"@type\":\"PropertyValueSpecification\",\"valueRequired\":true,\"valueName\":\"search_term_string\"}}],\"inLanguage\":\"es\"},{\"@type\":\"Person\",\"@id\":\"https:\/\/aeronoticias.com.pe\/noticiero\/#\/schema\/person\/16212a617c73f78916b13194154243bd\",\"name\":\"Redacci\u00f3n\",\"sameAs\":[\"http:\/\/Redacci\u00f3n\"],\"url\":\"https:\/\/aeronoticias.com.pe\/noticiero\/author\/celeste\/\"}]}<\/script>\n<!-- \/ Yoast SEO plugin. -->","yoast_head_json":{"title":"Instituto Peruano de Derecho A\u00e9reo en el Bicentenario proyecta al Per\u00fa en el Espacio Ultraterrestre","description":"Geopol\u00edtica del Per\u00fa en la explotaci\u00f3n del Espacio Exterior debe ser objetivo nacional.","robots":{"index":"index","follow":"follow","max-snippet":"max-snippet:-1","max-image-preview":"max-image-preview:large","max-video-preview":"max-video-preview:-1"},"canonical":"https:\/\/aeronoticias.com.pe\/noticiero\/historia-derecho-aero-peruano\/instituto-peruano-de-derecho-aereo-en-el-bicentenario-proyecta-al-peru-en-el-espacio-ultraterrestre\/","og_locale":"es_ES","og_type":"article","og_title":"Instituto Peruano de Derecho A\u00e9reo en el Bicentenario proyecta al Per\u00fa en el Espacio Ultraterrestre","og_description":"Geopol\u00edtica del Per\u00fa en la explotaci\u00f3n del Espacio Exterior debe ser objetivo nacional.","og_url":"https:\/\/aeronoticias.com.pe\/noticiero\/historia-derecho-aero-peruano\/instituto-peruano-de-derecho-aereo-en-el-bicentenario-proyecta-al-peru-en-el-espacio-ultraterrestre\/","og_site_name":"Aeronoticias.com.pe","article_publisher":"https:\/\/www.facebook.com\/Aeronoticias.com.pe\/","article_published_time":"2021-01-13T15:21:32+00:00","article_modified_time":"2021-01-14T17:43:50+00:00","og_image":[{"width":1500,"height":1000,"url":"https:\/\/aeronoticias.com.pe\/noticiero\/wp-content\/uploads\/2021\/01\/grandeslagos.jpg","type":"image\/jpeg"}],"author":"Redacci\u00f3n","twitter_card":"summary_large_image","twitter_creator":"@aeronoticias","twitter_site":"@aeronoticias","twitter_misc":{"Escrito por":"Redacci\u00f3n","Tiempo de lectura":"5 minutos"},"schema":{"@context":"https:\/\/schema.org","@graph":[{"@type":"WebPage","@id":"https:\/\/aeronoticias.com.pe\/noticiero\/historia-derecho-aero-peruano\/instituto-peruano-de-derecho-aereo-en-el-bicentenario-proyecta-al-peru-en-el-espacio-ultraterrestre\/","url":"https:\/\/aeronoticias.com.pe\/noticiero\/historia-derecho-aero-peruano\/instituto-peruano-de-derecho-aereo-en-el-bicentenario-proyecta-al-peru-en-el-espacio-ultraterrestre\/","name":"Instituto Peruano de Derecho A\u00e9reo en el Bicentenario proyecta al Per\u00fa en el Espacio Ultraterrestre","isPartOf":{"@id":"https:\/\/aeronoticias.com.pe\/noticiero\/#website"},"primaryImageOfPage":{"@id":"https:\/\/aeronoticias.com.pe\/noticiero\/historia-derecho-aero-peruano\/instituto-peruano-de-derecho-aereo-en-el-bicentenario-proyecta-al-peru-en-el-espacio-ultraterrestre\/#primaryimage"},"image":{"@id":"https:\/\/aeronoticias.com.pe\/noticiero\/historia-derecho-aero-peruano\/instituto-peruano-de-derecho-aereo-en-el-bicentenario-proyecta-al-peru-en-el-espacio-ultraterrestre\/#primaryimage"},"thumbnailUrl":"https:\/\/aeronoticias.com.pe\/noticiero\/wp-content\/uploads\/2021\/01\/grandeslagos.jpg","datePublished":"2021-01-13T15:21:32+00:00","dateModified":"2021-01-14T17:43:50+00:00","author":{"@id":"https:\/\/aeronoticias.com.pe\/noticiero\/#\/schema\/person\/16212a617c73f78916b13194154243bd"},"description":"Geopol\u00edtica del Per\u00fa en la explotaci\u00f3n del Espacio Exterior debe ser objetivo nacional.","breadcrumb":{"@id":"https:\/\/aeronoticias.com.pe\/noticiero\/historia-derecho-aero-peruano\/instituto-peruano-de-derecho-aereo-en-el-bicentenario-proyecta-al-peru-en-el-espacio-ultraterrestre\/#breadcrumb"},"inLanguage":"es","potentialAction":[{"@type":"ReadAction","target":["https:\/\/aeronoticias.com.pe\/noticiero\/historia-derecho-aero-peruano\/instituto-peruano-de-derecho-aereo-en-el-bicentenario-proyecta-al-peru-en-el-espacio-ultraterrestre\/"]}]},{"@type":"ImageObject","inLanguage":"es","@id":"https:\/\/aeronoticias.com.pe\/noticiero\/historia-derecho-aero-peruano\/instituto-peruano-de-derecho-aereo-en-el-bicentenario-proyecta-al-peru-en-el-espacio-ultraterrestre\/#primaryimage","url":"https:\/\/aeronoticias.com.pe\/noticiero\/wp-content\/uploads\/2021\/01\/grandeslagos.jpg","contentUrl":"https:\/\/aeronoticias.com.pe\/noticiero\/wp-content\/uploads\/2021\/01\/grandeslagos.jpg","width":1500,"height":1000,"caption":"Los Grandes Lagos que dividen Canad\u00e1 y Estados Unidos. Fuente: NASA"},{"@type":"BreadcrumbList","@id":"https:\/\/aeronoticias.com.pe\/noticiero\/historia-derecho-aero-peruano\/instituto-peruano-de-derecho-aereo-en-el-bicentenario-proyecta-al-peru-en-el-espacio-ultraterrestre\/#breadcrumb","itemListElement":[{"@type":"ListItem","position":1,"name":"Portada","item":"https:\/\/aeronoticias.com.pe\/noticiero\/"},{"@type":"ListItem","position":2,"name":"Instituto Peruano de Derecho A\u00e9reo en el Bicentenario proyecta al Per\u00fa en el Espacio Ultraterrestre"}]},{"@type":"WebSite","@id":"https:\/\/aeronoticias.com.pe\/noticiero\/#website","url":"https:\/\/aeronoticias.com.pe\/noticiero\/","name":"Aeronoticias.com.pe","description":"Noticias de tranporte aereo, turismo, hoteles, gastronomia, actualidad, internacional","potentialAction":[{"@type":"SearchAction","target":{"@type":"EntryPoint","urlTemplate":"https:\/\/aeronoticias.com.pe\/noticiero\/?s={search_term_string}"},"query-input":{"@type":"PropertyValueSpecification","valueRequired":true,"valueName":"search_term_string"}}],"inLanguage":"es"},{"@type":"Person","@id":"https:\/\/aeronoticias.com.pe\/noticiero\/#\/schema\/person\/16212a617c73f78916b13194154243bd","name":"Redacci\u00f3n","sameAs":["http:\/\/Redacci\u00f3n"],"url":"https:\/\/aeronoticias.com.pe\/noticiero\/author\/celeste\/"}]}},"_links":{"self":[{"href":"https:\/\/aeronoticias.com.pe\/noticiero\/wp-json\/wp\/v2\/posts\/68323","targetHints":{"allow":["GET"]}}],"collection":[{"href":"https:\/\/aeronoticias.com.pe\/noticiero\/wp-json\/wp\/v2\/posts"}],"about":[{"href":"https:\/\/aeronoticias.com.pe\/noticiero\/wp-json\/wp\/v2\/types\/post"}],"author":[{"embeddable":true,"href":"https:\/\/aeronoticias.com.pe\/noticiero\/wp-json\/wp\/v2\/users\/3"}],"replies":[{"embeddable":true,"href":"https:\/\/aeronoticias.com.pe\/noticiero\/wp-json\/wp\/v2\/comments?post=68323"}],"version-history":[{"count":0,"href":"https:\/\/aeronoticias.com.pe\/noticiero\/wp-json\/wp\/v2\/posts\/68323\/revisions"}],"wp:featuredmedia":[{"embeddable":true,"href":"https:\/\/aeronoticias.com.pe\/noticiero\/wp-json\/wp\/v2\/media\/68332"}],"wp:attachment":[{"href":"https:\/\/aeronoticias.com.pe\/noticiero\/wp-json\/wp\/v2\/media?parent=68323"}],"wp:term":[{"taxonomy":"category","embeddable":true,"href":"https:\/\/aeronoticias.com.pe\/noticiero\/wp-json\/wp\/v2\/categories?post=68323"},{"taxonomy":"post_tag","embeddable":true,"href":"https:\/\/aeronoticias.com.pe\/noticiero\/wp-json\/wp\/v2\/tags?post=68323"}],"curies":[{"name":"wp","href":"https:\/\/api.w.org\/{rel}","templated":true}]}}