{"id":6835,"date":"2009-11-17T13:37:32","date_gmt":"2009-11-17T13:37:32","guid":{"rendered":"http:\/\/desarrollo.mcvicious.com\/aero2020\/2009\/11\/17\/dramatica-confesion-de-la-cantante-escosesa-susan-boyle\/"},"modified":"2009-11-17T13:37:32","modified_gmt":"2009-11-17T13:37:32","slug":"dramatica-confesion-de-la-cantante-escosesa-susan-boyle","status":"publish","type":"post","link":"https:\/\/aeronoticias.com.pe\/noticiero\/espectaculos\/dramatica-confesion-de-la-cantante-escosesa-susan-boyle\/","title":{"rendered":"DRAM\u00c1TICA CONFESI\u00d3N DE LA CANTANTE ESCOSESA SUSAN BOYLE"},"content":{"rendered":"<div style=\"text-align: justify\">A la cantante escocesa Susan Boyle, que salto a la fama en el programa de cazatalentos ingl\u00e9s \u00abBritain Got Talent\u00bb y se convirti\u00f3 en toda una sensaci\u00f3n en el panorama musical, ha hecho hoy una dram\u00e1tica confesi\u00f3n, respecto a los duros tratos a los que fue sometida durante su ni\u00f1ez y juventud. \u00abDe ni\u00f1a sufr\u00ed acoso y me azotaron\u00bb, afirm\u00f3.<\/p>\n<\/div>\n<div style=\"text-align: justify\">Los profesores le pegaban de peque\u00f1a y sus compa\u00f1eros la acosaban, seg\u00fan cuenta la artista de 48 a\u00f1os en una entrevista con el peri\u00f3dico \u00abThe Daily Mirror\u00bb.<\/p>\n<div style=\"text-align: center\"><img decoding=\"async\" src=\"images\/stories\/09\/11\/171109\/sboyle.jpg\" border=\"0\" alt=\"DRAM\u00c1TICA CONFESI\u00d3N DE LA CANTANTE ESCOSESA SUSAN BOYLE\" title=\"DRAM\u00c1TICA CONFESI\u00d3N DE LA CANTANTE ESCOSESA SUSAN BOYLE\" \/><\/div>\n<p><\/div>\n<div style=\"text-align: justify\">La cantante amateur que salt\u00f3 a la fama por su brillante interpretaci\u00f3n de \u201cI Dreamed a Dream\u201d del musical Les Miserables, \u00a0cont\u00f3, ten\u00eda que aguantar los azotes con un cintur\u00f3n del profesor. Aquella fue una de las peores \u00e9pocas de mi vida, cuando era humillada por los compa\u00f1eros.<\/p>\n<\/div>\n<div style=\"text-align: justify\">\u00abNo hay nada peor que otra persona consiga poder vej\u00e1ndote y t\u00fa no sepas como deshacerte de eso\u00bb, se\u00f1al\u00f3 Boyle.<\/p>\n<\/div>\n<div style=\"text-align: justify\"><strong>Aeronoticias<\/strong> considera que el maltrato tanto f\u00edsico como mental es una de las peores aberraciones de la degeneraci\u00f3n humana, en raz\u00f3n a que nadie debe, puede ni tiene que soportar actos como estos, en pro de un bienestar f\u00edsico y mental propio, todo aquel que cometiera estos actos deber\u00e1 ser sancionado por la ley con las m\u00e1ximas regulaciones.<\/div>\n<div style=\"text-align: justify\"><\/div>\n","protected":false},"excerpt":{"rendered":"<p>A la cantante escocesa Susan Boyle, que salto a la fama en el programa de cazatalentos ingl\u00e9s \u00abBritain Got Talent\u00bb y se convirti\u00f3 en toda una sensaci\u00f3n en el panorama musical, ha hecho hoy una dram\u00e1tica confesi\u00f3n, respecto a los duros tratos a los que fue sometida durante su ni\u00f1ez y juventud. \u00abDe ni\u00f1a sufr\u00ed [&hellip;]<\/p>\n","protected":false},"author":1,"featured_media":0,"comment_status":"open","ping_status":"open","sticky":false,"template":"","format":"standard","meta":{"tdm_status":"","tdm_grid_status":"","footnotes":""},"categories":[41],"tags":[],"class_list":{"0":"post-6835","1":"post","2":"type-post","3":"status-publish","4":"format-standard","6":"category-espectaculos"},"yoast_head":"<!-- This site is optimized with the Yoast SEO plugin v25.1 - https:\/\/yoast.com\/wordpress\/plugins\/seo\/ -->\n<title>DRAM\u00c1TICA CONFESI\u00d3N DE LA CANTANTE ESCOSESA SUSAN BOYLE<\/title>\n<meta name=\"description\" content=\"Portal de noticias del Per\u00fa sobre el transporte a\u00e9reo, aviaci\u00f3n, turismo, hoteleria, actualidad.\" \/>\n<meta name=\"robots\" content=\"index, follow, max-snippet:-1, max-image-preview:large, max-video-preview:-1\" \/>\n<link rel=\"canonical\" href=\"https:\/\/aeronoticias.com.pe\/noticiero\/espectaculos\/dramatica-confesion-de-la-cantante-escosesa-susan-boyle\/\" \/>\n<meta property=\"og:locale\" content=\"es_ES\" \/>\n<meta property=\"og:type\" content=\"article\" \/>\n<meta property=\"og:title\" content=\"DRAM\u00c1TICA CONFESI\u00d3N DE LA CANTANTE ESCOSESA SUSAN BOYLE\" \/>\n<meta property=\"og:description\" content=\"Portal de noticias del Per\u00fa sobre el transporte a\u00e9reo, aviaci\u00f3n, turismo, hoteleria, actualidad.\" \/>\n<meta property=\"og:url\" content=\"https:\/\/aeronoticias.com.pe\/noticiero\/espectaculos\/dramatica-confesion-de-la-cantante-escosesa-susan-boyle\/\" \/>\n<meta property=\"og:site_name\" content=\"Aeronoticias.com.pe\" \/>\n<meta property=\"article:publisher\" content=\"https:\/\/www.facebook.com\/Aeronoticias.com.pe\/\" \/>\n<meta property=\"article:published_time\" content=\"2009-11-17T13:37:32+00:00\" \/>\n<meta name=\"author\" content=\"Redacci\u00f3n Aeronoticias\" \/>\n<meta name=\"twitter:card\" content=\"summary_large_image\" \/>\n<meta name=\"twitter:creator\" content=\"@aeronoticias\" \/>\n<meta name=\"twitter:site\" content=\"@aeronoticias\" \/>\n<meta name=\"twitter:label1\" content=\"Escrito por\" \/>\n\t<meta name=\"twitter:data1\" content=\"Redacci\u00f3n Aeronoticias\" \/>\n\t<meta name=\"twitter:label2\" content=\"Tiempo de lectura\" \/>\n\t<meta name=\"twitter:data2\" content=\"1 minuto\" \/>\n<script type=\"application\/ld+json\" class=\"yoast-schema-graph\">{\"@context\":\"https:\/\/schema.org\",\"@graph\":[{\"@type\":\"WebPage\",\"@id\":\"https:\/\/aeronoticias.com.pe\/noticiero\/espectaculos\/dramatica-confesion-de-la-cantante-escosesa-susan-boyle\/\",\"url\":\"https:\/\/aeronoticias.com.pe\/noticiero\/espectaculos\/dramatica-confesion-de-la-cantante-escosesa-susan-boyle\/\",\"name\":\"DRAM\u00c1TICA CONFESI\u00d3N DE LA CANTANTE ESCOSESA SUSAN BOYLE\",\"isPartOf\":{\"@id\":\"https:\/\/aeronoticias.com.pe\/noticiero\/#website\"},\"datePublished\":\"2009-11-17T13:37:32+00:00\",\"author\":{\"@id\":\"https:\/\/aeronoticias.com.pe\/noticiero\/#\/schema\/person\/fc1e5d578f4b62ba1cf7ac2bba1170a0\"},\"description\":\"Portal de noticias del Per\u00fa sobre el transporte a\u00e9reo, aviaci\u00f3n, turismo, hoteleria, actualidad.\",\"breadcrumb\":{\"@id\":\"https:\/\/aeronoticias.com.pe\/noticiero\/espectaculos\/dramatica-confesion-de-la-cantante-escosesa-susan-boyle\/#breadcrumb\"},\"inLanguage\":\"es\",\"potentialAction\":[{\"@type\":\"ReadAction\",\"target\":[\"https:\/\/aeronoticias.com.pe\/noticiero\/espectaculos\/dramatica-confesion-de-la-cantante-escosesa-susan-boyle\/\"]}]},{\"@type\":\"BreadcrumbList\",\"@id\":\"https:\/\/aeronoticias.com.pe\/noticiero\/espectaculos\/dramatica-confesion-de-la-cantante-escosesa-susan-boyle\/#breadcrumb\",\"itemListElement\":[{\"@type\":\"ListItem\",\"position\":1,\"name\":\"Portada\",\"item\":\"https:\/\/aeronoticias.com.pe\/noticiero\/\"},{\"@type\":\"ListItem\",\"position\":2,\"name\":\"DRAM\u00c1TICA CONFESI\u00d3N DE LA CANTANTE ESCOSESA SUSAN BOYLE\"}]},{\"@type\":\"WebSite\",\"@id\":\"https:\/\/aeronoticias.com.pe\/noticiero\/#website\",\"url\":\"https:\/\/aeronoticias.com.pe\/noticiero\/\",\"name\":\"Aeronoticias.com.pe\",\"description\":\"Noticias de tranporte aereo, turismo, hoteles, gastronomia, actualidad, internacional\",\"potentialAction\":[{\"@type\":\"SearchAction\",\"target\":{\"@type\":\"EntryPoint\",\"urlTemplate\":\"https:\/\/aeronoticias.com.pe\/noticiero\/?s={search_term_string}\"},\"query-input\":{\"@type\":\"PropertyValueSpecification\",\"valueRequired\":true,\"valueName\":\"search_term_string\"}}],\"inLanguage\":\"es\"},{\"@type\":\"Person\",\"@id\":\"https:\/\/aeronoticias.com.pe\/noticiero\/#\/schema\/person\/fc1e5d578f4b62ba1cf7ac2bba1170a0\",\"name\":\"Redacci\u00f3n Aeronoticias\",\"url\":\"https:\/\/aeronoticias.com.pe\/noticiero\/author\/piloto\/\"}]}<\/script>\n<!-- \/ Yoast SEO plugin. -->","yoast_head_json":{"title":"DRAM\u00c1TICA CONFESI\u00d3N DE LA CANTANTE ESCOSESA SUSAN BOYLE","description":"Portal de noticias del Per\u00fa sobre el transporte a\u00e9reo, aviaci\u00f3n, turismo, hoteleria, actualidad.","robots":{"index":"index","follow":"follow","max-snippet":"max-snippet:-1","max-image-preview":"max-image-preview:large","max-video-preview":"max-video-preview:-1"},"canonical":"https:\/\/aeronoticias.com.pe\/noticiero\/espectaculos\/dramatica-confesion-de-la-cantante-escosesa-susan-boyle\/","og_locale":"es_ES","og_type":"article","og_title":"DRAM\u00c1TICA CONFESI\u00d3N DE LA CANTANTE ESCOSESA SUSAN BOYLE","og_description":"Portal de noticias del Per\u00fa sobre el transporte a\u00e9reo, aviaci\u00f3n, turismo, hoteleria, actualidad.","og_url":"https:\/\/aeronoticias.com.pe\/noticiero\/espectaculos\/dramatica-confesion-de-la-cantante-escosesa-susan-boyle\/","og_site_name":"Aeronoticias.com.pe","article_publisher":"https:\/\/www.facebook.com\/Aeronoticias.com.pe\/","article_published_time":"2009-11-17T13:37:32+00:00","author":"Redacci\u00f3n Aeronoticias","twitter_card":"summary_large_image","twitter_creator":"@aeronoticias","twitter_site":"@aeronoticias","twitter_misc":{"Escrito por":"Redacci\u00f3n Aeronoticias","Tiempo de lectura":"1 minuto"},"schema":{"@context":"https:\/\/schema.org","@graph":[{"@type":"WebPage","@id":"https:\/\/aeronoticias.com.pe\/noticiero\/espectaculos\/dramatica-confesion-de-la-cantante-escosesa-susan-boyle\/","url":"https:\/\/aeronoticias.com.pe\/noticiero\/espectaculos\/dramatica-confesion-de-la-cantante-escosesa-susan-boyle\/","name":"DRAM\u00c1TICA CONFESI\u00d3N DE LA CANTANTE ESCOSESA SUSAN BOYLE","isPartOf":{"@id":"https:\/\/aeronoticias.com.pe\/noticiero\/#website"},"datePublished":"2009-11-17T13:37:32+00:00","author":{"@id":"https:\/\/aeronoticias.com.pe\/noticiero\/#\/schema\/person\/fc1e5d578f4b62ba1cf7ac2bba1170a0"},"description":"Portal de noticias del Per\u00fa sobre el transporte a\u00e9reo, aviaci\u00f3n, turismo, hoteleria, actualidad.","breadcrumb":{"@id":"https:\/\/aeronoticias.com.pe\/noticiero\/espectaculos\/dramatica-confesion-de-la-cantante-escosesa-susan-boyle\/#breadcrumb"},"inLanguage":"es","potentialAction":[{"@type":"ReadAction","target":["https:\/\/aeronoticias.com.pe\/noticiero\/espectaculos\/dramatica-confesion-de-la-cantante-escosesa-susan-boyle\/"]}]},{"@type":"BreadcrumbList","@id":"https:\/\/aeronoticias.com.pe\/noticiero\/espectaculos\/dramatica-confesion-de-la-cantante-escosesa-susan-boyle\/#breadcrumb","itemListElement":[{"@type":"ListItem","position":1,"name":"Portada","item":"https:\/\/aeronoticias.com.pe\/noticiero\/"},{"@type":"ListItem","position":2,"name":"DRAM\u00c1TICA CONFESI\u00d3N DE LA CANTANTE ESCOSESA SUSAN BOYLE"}]},{"@type":"WebSite","@id":"https:\/\/aeronoticias.com.pe\/noticiero\/#website","url":"https:\/\/aeronoticias.com.pe\/noticiero\/","name":"Aeronoticias.com.pe","description":"Noticias de tranporte aereo, turismo, hoteles, gastronomia, actualidad, internacional","potentialAction":[{"@type":"SearchAction","target":{"@type":"EntryPoint","urlTemplate":"https:\/\/aeronoticias.com.pe\/noticiero\/?s={search_term_string}"},"query-input":{"@type":"PropertyValueSpecification","valueRequired":true,"valueName":"search_term_string"}}],"inLanguage":"es"},{"@type":"Person","@id":"https:\/\/aeronoticias.com.pe\/noticiero\/#\/schema\/person\/fc1e5d578f4b62ba1cf7ac2bba1170a0","name":"Redacci\u00f3n Aeronoticias","url":"https:\/\/aeronoticias.com.pe\/noticiero\/author\/piloto\/"}]}},"_links":{"self":[{"href":"https:\/\/aeronoticias.com.pe\/noticiero\/wp-json\/wp\/v2\/posts\/6835","targetHints":{"allow":["GET"]}}],"collection":[{"href":"https:\/\/aeronoticias.com.pe\/noticiero\/wp-json\/wp\/v2\/posts"}],"about":[{"href":"https:\/\/aeronoticias.com.pe\/noticiero\/wp-json\/wp\/v2\/types\/post"}],"author":[{"embeddable":true,"href":"https:\/\/aeronoticias.com.pe\/noticiero\/wp-json\/wp\/v2\/users\/1"}],"replies":[{"embeddable":true,"href":"https:\/\/aeronoticias.com.pe\/noticiero\/wp-json\/wp\/v2\/comments?post=6835"}],"version-history":[{"count":0,"href":"https:\/\/aeronoticias.com.pe\/noticiero\/wp-json\/wp\/v2\/posts\/6835\/revisions"}],"wp:attachment":[{"href":"https:\/\/aeronoticias.com.pe\/noticiero\/wp-json\/wp\/v2\/media?parent=6835"}],"wp:term":[{"taxonomy":"category","embeddable":true,"href":"https:\/\/aeronoticias.com.pe\/noticiero\/wp-json\/wp\/v2\/categories?post=6835"},{"taxonomy":"post_tag","embeddable":true,"href":"https:\/\/aeronoticias.com.pe\/noticiero\/wp-json\/wp\/v2\/tags?post=6835"}],"curies":[{"name":"wp","href":"https:\/\/api.w.org\/{rel}","templated":true}]}}