{"id":68361,"date":"2021-01-13T08:18:00","date_gmt":"2021-01-13T13:18:00","guid":{"rendered":"https:\/\/aeronoticias.com.pe\/noticiero\/?p=68361"},"modified":"2021-01-13T22:29:17","modified_gmt":"2021-01-14T03:29:17","slug":"puerto-vallarta-construira-terminal-de-cero-emisiones","status":"publish","type":"post","link":"https:\/\/aeronoticias.com.pe\/noticiero\/transporte-aereo\/puerto-vallarta-construira-terminal-de-cero-emisiones\/","title":{"rendered":"Puerto Vallarta construir\u00e1 terminal de cero emisiones"},"content":{"rendered":"\n<p><strong>(Aeronoticias)<\/strong>.- El\u00a0Grupo Aeroportuario del Pac\u00edfico\u00a0(GAP) anunci\u00f3 la expansi\u00f3n del\u00a0Aeropuerto Internacional de Puerto Vallarta\u00a0con una\u00a0nueva term<em>inal de cero emisiones<\/em>, prevista para ser inaugurada en 2024.<\/p>\n\n\n\n<p>Entre los planes del\u00a0<strong>Programa Maestro de Desarrollo 2020-2024,<\/strong>\u00a0GAP considera realizar una inversi\u00f3n de alrededor de\u00a0<strong>3 millones de pesos para<\/strong>\u00a0la construcci\u00f3n de la nueva terminal, dentro de sus planes de<strong>\u00a0inversi\u00f3n de 28 mil millones de pesos<\/strong>\u00a0para fortalecer la infraestructura de los<strong>\u00a012 aeropuertos que conforman su red.<\/strong><\/p>\n\n\n\n<p><strong>La Terminal 2<\/strong>&nbsp;est\u00e1 pensada como un edificio inteligente de cero emisiones con capacidad de ahorrar un<em>&nbsp;40.78% de energ\u00eda<\/em>, y consumir<em>&nbsp;58.3% menos agua potable en comparaci\u00f3n con la Terminal 1.<\/em><\/p>\n\n\n\n<p>La T2 apoyar\u00e1 las operaciones del aer\u00f3dromo, atendiendo la creciente demanda que ha experimentado el puerto.<\/p>\n\n\n\n<p>Durante el 2020,&nbsp;<strong><em>el destino recibi\u00f3 a m\u00e1s de dos y medio millones de viajeros<\/em><\/strong>, 50.2% en comparaci\u00f3n con el 2019, por efectos de la emergencia sanitaria por covid-19. En el \u00faltimo mes del a\u00f1o, recibi\u00f3 24% m\u00e1s operaciones que en noviembre, con presencia de siete aerol\u00edneas nacionales, seis estadounidenses y cuatro canadienses, inform\u00f3 el F<strong>ideicomiso P\u00fablico para la Promoci\u00f3n y Publicidad Tur\u00edstica de Puerto Vallarta.<\/strong><\/p>\n\n\n\n<p><em>Un mill\u00f3n 584 mil 600 pasajeros provinieron del extranjero (50.7%)<\/em>, mientras que\u00a0<em>951 mil 550 fueron nacionales (48.3%).<\/em><\/p>\n\n\n\n<p>Fuente: <strong><em>A21<\/em><\/strong>.<\/p>\n","protected":false},"excerpt":{"rendered":"<p>(Aeronoticias).- El\u00a0Grupo Aeroportuario del Pac\u00edfico\u00a0(GAP) anunci\u00f3 la expansi\u00f3n del\u00a0Aeropuerto Internacional de Puerto Vallarta\u00a0con una\u00a0nueva terminal de cero emisiones, prevista para ser inaugurada en 2024. Entre los planes del\u00a0Programa Maestro de Desarrollo 2020-2024,\u00a0GAP considera realizar una inversi\u00f3n de alrededor de\u00a03 millones de pesos para\u00a0la construcci\u00f3n de la nueva terminal, dentro de sus planes de\u00a0inversi\u00f3n de 28 [&hellip;]<\/p>\n","protected":false},"author":4,"featured_media":68362,"comment_status":"open","ping_status":"open","sticky":false,"template":"","format":"standard","meta":{"tdm_status":"","tdm_grid_status":"","footnotes":""},"categories":[32,11],"tags":[163,1004],"class_list":{"0":"post-68361","1":"post","2":"type-post","3":"status-publish","4":"format-standard","5":"has-post-thumbnail","7":"category-internacional","8":"category-transporte-aereo","9":"tag-coronavirus","10":"tag-puerto-vallarta"},"yoast_head":"<!-- This site is optimized with the Yoast SEO plugin v25.1 - https:\/\/yoast.com\/wordpress\/plugins\/seo\/ -->\n<title>Puerto Vallarta construir\u00e1 terminal de cero emisiones<\/title>\n<meta name=\"description\" content=\"Portal de noticias del Per\u00fa sobre el transporte a\u00e9reo, aviaci\u00f3n, turismo, hoteleria, actualidad.\" \/>\n<meta name=\"robots\" content=\"index, follow, max-snippet:-1, max-image-preview:large, max-video-preview:-1\" \/>\n<link rel=\"canonical\" href=\"https:\/\/aeronoticias.com.pe\/noticiero\/transporte-aereo\/puerto-vallarta-construira-terminal-de-cero-emisiones\/\" \/>\n<meta property=\"og:locale\" content=\"es_ES\" \/>\n<meta property=\"og:type\" content=\"article\" \/>\n<meta property=\"og:title\" content=\"Puerto Vallarta construir\u00e1 terminal de cero emisiones\" \/>\n<meta property=\"og:description\" content=\"Portal de noticias del Per\u00fa sobre el transporte a\u00e9reo, aviaci\u00f3n, turismo, hoteleria, actualidad.\" \/>\n<meta property=\"og:url\" content=\"https:\/\/aeronoticias.com.pe\/noticiero\/transporte-aereo\/puerto-vallarta-construira-terminal-de-cero-emisiones\/\" \/>\n<meta property=\"og:site_name\" content=\"Aeronoticias.com.pe\" \/>\n<meta property=\"article:publisher\" content=\"https:\/\/www.facebook.com\/Aeronoticias.com.pe\/\" \/>\n<meta property=\"article:published_time\" content=\"2021-01-13T13:18:00+00:00\" \/>\n<meta property=\"article:modified_time\" content=\"2021-01-14T03:29:17+00:00\" \/>\n<meta property=\"og:image\" content=\"https:\/\/aeronoticias.com.pe\/noticiero\/wp-content\/uploads\/2021\/01\/puerto-vallarta-aeropuerto.jpg\" \/>\n\t<meta property=\"og:image:width\" content=\"1080\" \/>\n\t<meta property=\"og:image:height\" content=\"667\" \/>\n\t<meta property=\"og:image:type\" content=\"image\/jpeg\" \/>\n<meta name=\"author\" content=\"Jefrey Cuya\" \/>\n<meta name=\"twitter:card\" content=\"summary_large_image\" \/>\n<meta name=\"twitter:creator\" content=\"@aeronoticias\" \/>\n<meta name=\"twitter:site\" content=\"@aeronoticias\" \/>\n<meta name=\"twitter:label1\" content=\"Escrito por\" \/>\n\t<meta name=\"twitter:data1\" content=\"Jefrey Cuya\" \/>\n\t<meta name=\"twitter:label2\" content=\"Tiempo de lectura\" \/>\n\t<meta name=\"twitter:data2\" content=\"1 minuto\" \/>\n<script type=\"application\/ld+json\" class=\"yoast-schema-graph\">{\"@context\":\"https:\/\/schema.org\",\"@graph\":[{\"@type\":\"WebPage\",\"@id\":\"https:\/\/aeronoticias.com.pe\/noticiero\/transporte-aereo\/puerto-vallarta-construira-terminal-de-cero-emisiones\/\",\"url\":\"https:\/\/aeronoticias.com.pe\/noticiero\/transporte-aereo\/puerto-vallarta-construira-terminal-de-cero-emisiones\/\",\"name\":\"Puerto Vallarta construir\u00e1 terminal de cero emisiones\",\"isPartOf\":{\"@id\":\"https:\/\/aeronoticias.com.pe\/noticiero\/#website\"},\"primaryImageOfPage\":{\"@id\":\"https:\/\/aeronoticias.com.pe\/noticiero\/transporte-aereo\/puerto-vallarta-construira-terminal-de-cero-emisiones\/#primaryimage\"},\"image\":{\"@id\":\"https:\/\/aeronoticias.com.pe\/noticiero\/transporte-aereo\/puerto-vallarta-construira-terminal-de-cero-emisiones\/#primaryimage\"},\"thumbnailUrl\":\"https:\/\/aeronoticias.com.pe\/noticiero\/wp-content\/uploads\/2021\/01\/puerto-vallarta-aeropuerto.jpg\",\"datePublished\":\"2021-01-13T13:18:00+00:00\",\"dateModified\":\"2021-01-14T03:29:17+00:00\",\"author\":{\"@id\":\"https:\/\/aeronoticias.com.pe\/noticiero\/#\/schema\/person\/9ef7422a13b22ab480ffc29639f442b0\"},\"description\":\"Portal de noticias del Per\u00fa sobre el transporte a\u00e9reo, aviaci\u00f3n, turismo, hoteleria, actualidad.\",\"breadcrumb\":{\"@id\":\"https:\/\/aeronoticias.com.pe\/noticiero\/transporte-aereo\/puerto-vallarta-construira-terminal-de-cero-emisiones\/#breadcrumb\"},\"inLanguage\":\"es\",\"potentialAction\":[{\"@type\":\"ReadAction\",\"target\":[\"https:\/\/aeronoticias.com.pe\/noticiero\/transporte-aereo\/puerto-vallarta-construira-terminal-de-cero-emisiones\/\"]}]},{\"@type\":\"ImageObject\",\"inLanguage\":\"es\",\"@id\":\"https:\/\/aeronoticias.com.pe\/noticiero\/transporte-aereo\/puerto-vallarta-construira-terminal-de-cero-emisiones\/#primaryimage\",\"url\":\"https:\/\/aeronoticias.com.pe\/noticiero\/wp-content\/uploads\/2021\/01\/puerto-vallarta-aeropuerto.jpg\",\"contentUrl\":\"https:\/\/aeronoticias.com.pe\/noticiero\/wp-content\/uploads\/2021\/01\/puerto-vallarta-aeropuerto.jpg\",\"width\":1080,\"height\":667},{\"@type\":\"BreadcrumbList\",\"@id\":\"https:\/\/aeronoticias.com.pe\/noticiero\/transporte-aereo\/puerto-vallarta-construira-terminal-de-cero-emisiones\/#breadcrumb\",\"itemListElement\":[{\"@type\":\"ListItem\",\"position\":1,\"name\":\"Portada\",\"item\":\"https:\/\/aeronoticias.com.pe\/noticiero\/\"},{\"@type\":\"ListItem\",\"position\":2,\"name\":\"Puerto Vallarta construir\u00e1 terminal de cero emisiones\"}]},{\"@type\":\"WebSite\",\"@id\":\"https:\/\/aeronoticias.com.pe\/noticiero\/#website\",\"url\":\"https:\/\/aeronoticias.com.pe\/noticiero\/\",\"name\":\"Aeronoticias.com.pe\",\"description\":\"Noticias de tranporte aereo, turismo, hoteles, gastronomia, actualidad, internacional\",\"potentialAction\":[{\"@type\":\"SearchAction\",\"target\":{\"@type\":\"EntryPoint\",\"urlTemplate\":\"https:\/\/aeronoticias.com.pe\/noticiero\/?s={search_term_string}\"},\"query-input\":{\"@type\":\"PropertyValueSpecification\",\"valueRequired\":true,\"valueName\":\"search_term_string\"}}],\"inLanguage\":\"es\"},{\"@type\":\"Person\",\"@id\":\"https:\/\/aeronoticias.com.pe\/noticiero\/#\/schema\/person\/9ef7422a13b22ab480ffc29639f442b0\",\"name\":\"Jefrey Cuya\",\"url\":\"https:\/\/aeronoticias.com.pe\/noticiero\/author\/jefreycuya\/\"}]}<\/script>\n<!-- \/ Yoast SEO plugin. -->","yoast_head_json":{"title":"Puerto Vallarta construir\u00e1 terminal de cero emisiones","description":"Portal de noticias del Per\u00fa sobre el transporte a\u00e9reo, aviaci\u00f3n, turismo, hoteleria, actualidad.","robots":{"index":"index","follow":"follow","max-snippet":"max-snippet:-1","max-image-preview":"max-image-preview:large","max-video-preview":"max-video-preview:-1"},"canonical":"https:\/\/aeronoticias.com.pe\/noticiero\/transporte-aereo\/puerto-vallarta-construira-terminal-de-cero-emisiones\/","og_locale":"es_ES","og_type":"article","og_title":"Puerto Vallarta construir\u00e1 terminal de cero emisiones","og_description":"Portal de noticias del Per\u00fa sobre el transporte a\u00e9reo, aviaci\u00f3n, turismo, hoteleria, actualidad.","og_url":"https:\/\/aeronoticias.com.pe\/noticiero\/transporte-aereo\/puerto-vallarta-construira-terminal-de-cero-emisiones\/","og_site_name":"Aeronoticias.com.pe","article_publisher":"https:\/\/www.facebook.com\/Aeronoticias.com.pe\/","article_published_time":"2021-01-13T13:18:00+00:00","article_modified_time":"2021-01-14T03:29:17+00:00","og_image":[{"width":1080,"height":667,"url":"https:\/\/aeronoticias.com.pe\/noticiero\/wp-content\/uploads\/2021\/01\/puerto-vallarta-aeropuerto.jpg","type":"image\/jpeg"}],"author":"Jefrey Cuya","twitter_card":"summary_large_image","twitter_creator":"@aeronoticias","twitter_site":"@aeronoticias","twitter_misc":{"Escrito por":"Jefrey Cuya","Tiempo de lectura":"1 minuto"},"schema":{"@context":"https:\/\/schema.org","@graph":[{"@type":"WebPage","@id":"https:\/\/aeronoticias.com.pe\/noticiero\/transporte-aereo\/puerto-vallarta-construira-terminal-de-cero-emisiones\/","url":"https:\/\/aeronoticias.com.pe\/noticiero\/transporte-aereo\/puerto-vallarta-construira-terminal-de-cero-emisiones\/","name":"Puerto Vallarta construir\u00e1 terminal de cero emisiones","isPartOf":{"@id":"https:\/\/aeronoticias.com.pe\/noticiero\/#website"},"primaryImageOfPage":{"@id":"https:\/\/aeronoticias.com.pe\/noticiero\/transporte-aereo\/puerto-vallarta-construira-terminal-de-cero-emisiones\/#primaryimage"},"image":{"@id":"https:\/\/aeronoticias.com.pe\/noticiero\/transporte-aereo\/puerto-vallarta-construira-terminal-de-cero-emisiones\/#primaryimage"},"thumbnailUrl":"https:\/\/aeronoticias.com.pe\/noticiero\/wp-content\/uploads\/2021\/01\/puerto-vallarta-aeropuerto.jpg","datePublished":"2021-01-13T13:18:00+00:00","dateModified":"2021-01-14T03:29:17+00:00","author":{"@id":"https:\/\/aeronoticias.com.pe\/noticiero\/#\/schema\/person\/9ef7422a13b22ab480ffc29639f442b0"},"description":"Portal de noticias del Per\u00fa sobre el transporte a\u00e9reo, aviaci\u00f3n, turismo, hoteleria, actualidad.","breadcrumb":{"@id":"https:\/\/aeronoticias.com.pe\/noticiero\/transporte-aereo\/puerto-vallarta-construira-terminal-de-cero-emisiones\/#breadcrumb"},"inLanguage":"es","potentialAction":[{"@type":"ReadAction","target":["https:\/\/aeronoticias.com.pe\/noticiero\/transporte-aereo\/puerto-vallarta-construira-terminal-de-cero-emisiones\/"]}]},{"@type":"ImageObject","inLanguage":"es","@id":"https:\/\/aeronoticias.com.pe\/noticiero\/transporte-aereo\/puerto-vallarta-construira-terminal-de-cero-emisiones\/#primaryimage","url":"https:\/\/aeronoticias.com.pe\/noticiero\/wp-content\/uploads\/2021\/01\/puerto-vallarta-aeropuerto.jpg","contentUrl":"https:\/\/aeronoticias.com.pe\/noticiero\/wp-content\/uploads\/2021\/01\/puerto-vallarta-aeropuerto.jpg","width":1080,"height":667},{"@type":"BreadcrumbList","@id":"https:\/\/aeronoticias.com.pe\/noticiero\/transporte-aereo\/puerto-vallarta-construira-terminal-de-cero-emisiones\/#breadcrumb","itemListElement":[{"@type":"ListItem","position":1,"name":"Portada","item":"https:\/\/aeronoticias.com.pe\/noticiero\/"},{"@type":"ListItem","position":2,"name":"Puerto Vallarta construir\u00e1 terminal de cero emisiones"}]},{"@type":"WebSite","@id":"https:\/\/aeronoticias.com.pe\/noticiero\/#website","url":"https:\/\/aeronoticias.com.pe\/noticiero\/","name":"Aeronoticias.com.pe","description":"Noticias de tranporte aereo, turismo, hoteles, gastronomia, actualidad, internacional","potentialAction":[{"@type":"SearchAction","target":{"@type":"EntryPoint","urlTemplate":"https:\/\/aeronoticias.com.pe\/noticiero\/?s={search_term_string}"},"query-input":{"@type":"PropertyValueSpecification","valueRequired":true,"valueName":"search_term_string"}}],"inLanguage":"es"},{"@type":"Person","@id":"https:\/\/aeronoticias.com.pe\/noticiero\/#\/schema\/person\/9ef7422a13b22ab480ffc29639f442b0","name":"Jefrey Cuya","url":"https:\/\/aeronoticias.com.pe\/noticiero\/author\/jefreycuya\/"}]}},"_links":{"self":[{"href":"https:\/\/aeronoticias.com.pe\/noticiero\/wp-json\/wp\/v2\/posts\/68361","targetHints":{"allow":["GET"]}}],"collection":[{"href":"https:\/\/aeronoticias.com.pe\/noticiero\/wp-json\/wp\/v2\/posts"}],"about":[{"href":"https:\/\/aeronoticias.com.pe\/noticiero\/wp-json\/wp\/v2\/types\/post"}],"author":[{"embeddable":true,"href":"https:\/\/aeronoticias.com.pe\/noticiero\/wp-json\/wp\/v2\/users\/4"}],"replies":[{"embeddable":true,"href":"https:\/\/aeronoticias.com.pe\/noticiero\/wp-json\/wp\/v2\/comments?post=68361"}],"version-history":[{"count":0,"href":"https:\/\/aeronoticias.com.pe\/noticiero\/wp-json\/wp\/v2\/posts\/68361\/revisions"}],"wp:featuredmedia":[{"embeddable":true,"href":"https:\/\/aeronoticias.com.pe\/noticiero\/wp-json\/wp\/v2\/media\/68362"}],"wp:attachment":[{"href":"https:\/\/aeronoticias.com.pe\/noticiero\/wp-json\/wp\/v2\/media?parent=68361"}],"wp:term":[{"taxonomy":"category","embeddable":true,"href":"https:\/\/aeronoticias.com.pe\/noticiero\/wp-json\/wp\/v2\/categories?post=68361"},{"taxonomy":"post_tag","embeddable":true,"href":"https:\/\/aeronoticias.com.pe\/noticiero\/wp-json\/wp\/v2\/tags?post=68361"}],"curies":[{"name":"wp","href":"https:\/\/api.w.org\/{rel}","templated":true}]}}