{"id":68364,"date":"2021-01-13T06:30:00","date_gmt":"2021-01-13T11:30:00","guid":{"rendered":"https:\/\/aeronoticias.com.pe\/noticiero\/?p=68364"},"modified":"2021-01-13T22:37:14","modified_gmt":"2021-01-14T03:37:14","slug":"alta-registra-16-millones-de-pasajeros-en-noviembre","status":"publish","type":"post","link":"https:\/\/aeronoticias.com.pe\/noticiero\/transporte-aereo\/alta-registra-16-millones-de-pasajeros-en-noviembre\/","title":{"rendered":"ALTA registra 16 millones de pasajeros en noviembre"},"content":{"rendered":"\n<p><strong>(Aeronoticias)<\/strong>.- La\u00a0Asociaci\u00f3n Latinoamericana y del Caribe de Transporte A\u00e9reo (ALTA)\u00a0inform\u00f3 que durante noviembre de 2020 se transportaron 16 millones de pasajeros, superando a octubre, como el mes con mayor tr\u00e1fico en la regi\u00f3n.<\/p>\n\n\n\n<p>De acuerdo con la Asociaci\u00f3n,&nbsp;<strong>M\u00e9xico, Brasil y Colombia<\/strong>, fueron los principales mercados que impulsaron la recuperaci\u00f3n de la industria, luego de transportar cerca de ocho millones de viajeros.<\/p>\n\n\n\n<p>\u201cLa temporada que finaliz\u00f3 en diciembre seguramente marcar\u00e1 el punto m\u00e1s alto de tr\u00e1fico en la regi\u00f3n desde que inici\u00f3 la pandemia, pero como hab\u00edamos dicho anteriormente la segunda ola de infecciones representa un riesgo para la reactivaci\u00f3n\u201d, coment\u00f3 Jos\u00e9&nbsp;<strong>Ricardo Botelho,<\/strong>&nbsp;director de ALTA.<\/p>\n\n\n\n<p>En un aspecto general, ALTA report\u00f3 que el tr\u00e1fico dom\u00e9stico regional represent\u00f3 casi el 70% de la demanda total de noviembre, luego de&nbsp;<strong>transportar 10.7 millones de usuarios<\/strong>, una reducci\u00f3n del 48% en el interanual.<\/p>\n\n\n\n<p>La Asociaci\u00f3n recalc\u00f3 que el tr\u00e1fico dom\u00e9stico no se vio afectado por requisitos que&nbsp;<em>\u201cmerman\u201d&nbsp;<\/em>la demanda, como la necesidad de aplicar pruebas&nbsp;<strong>PCR o las cuarentenas obligatorias.&nbsp;<\/strong><\/p>\n\n\n\n<p>Por otro lado, en la demanda internacional destacaron las rutas entre&nbsp;<strong>M\u00e9xico y Estados Unidos<\/strong>, as\u00ed como los vuelos entre<strong>&nbsp;Rep\u00fablica Dominicana y Estados Unidos<\/strong>, los cuales representaron<strong>&nbsp;casi el 50% de todos los viajes fuera de la regi\u00f3n.&nbsp;<\/strong><\/p>\n\n\n\n<p>Para concluir,\u00a0<em>Botelho hizo un llamado a los Estados miembro de ALTA para que dimensionen\u00a0<\/em>el costo de oportunidad que representa las nuevas medidas impuestas por\u00a0<strong>Brasil, Colombia, Chile y Per\u00fa<\/strong>\u00a0(los primeros dos piden una prueba negativa, mientras que los otros reimpusieron cuarentenas obligatorias), que generan p\u00e9rdidas en la conectividad.<\/p>\n\n\n\n<p>Fuente: <strong><em>A21<\/em><\/strong>.<\/p>\n","protected":false},"excerpt":{"rendered":"<p>(Aeronoticias).- La\u00a0Asociaci\u00f3n Latinoamericana y del Caribe de Transporte A\u00e9reo (ALTA)\u00a0inform\u00f3 que durante noviembre de 2020 se transportaron 16 millones de pasajeros, superando a octubre, como el mes con mayor tr\u00e1fico en la regi\u00f3n. De acuerdo con la Asociaci\u00f3n,&nbsp;M\u00e9xico, Brasil y Colombia, fueron los principales mercados que impulsaron la recuperaci\u00f3n de la industria, luego de transportar [&hellip;]<\/p>\n","protected":false},"author":4,"featured_media":65936,"comment_status":"open","ping_status":"open","sticky":false,"template":"","format":"standard","meta":{"tdm_status":"","tdm_grid_status":"","footnotes":""},"categories":[32,11],"tags":[1034,163],"class_list":{"0":"post-68364","1":"post","2":"type-post","3":"status-publish","4":"format-standard","5":"has-post-thumbnail","7":"category-internacional","8":"category-transporte-aereo","9":"tag-alta","10":"tag-coronavirus"},"yoast_head":"<!-- This site is optimized with the Yoast SEO plugin v25.1 - https:\/\/yoast.com\/wordpress\/plugins\/seo\/ -->\n<title>ALTA registra 16 millones de pasajeros en noviembre<\/title>\n<meta name=\"description\" content=\"Portal de noticias del Per\u00fa sobre el transporte a\u00e9reo, aviaci\u00f3n, turismo, hoteleria, actualidad.\" \/>\n<meta name=\"robots\" content=\"index, follow, max-snippet:-1, max-image-preview:large, max-video-preview:-1\" \/>\n<link rel=\"canonical\" href=\"https:\/\/aeronoticias.com.pe\/noticiero\/transporte-aereo\/alta-registra-16-millones-de-pasajeros-en-noviembre\/\" \/>\n<meta property=\"og:locale\" content=\"es_ES\" \/>\n<meta property=\"og:type\" content=\"article\" \/>\n<meta property=\"og:title\" content=\"ALTA registra 16 millones de pasajeros en noviembre\" \/>\n<meta property=\"og:description\" content=\"Portal de noticias del Per\u00fa sobre el transporte a\u00e9reo, aviaci\u00f3n, turismo, hoteleria, actualidad.\" \/>\n<meta property=\"og:url\" content=\"https:\/\/aeronoticias.com.pe\/noticiero\/transporte-aereo\/alta-registra-16-millones-de-pasajeros-en-noviembre\/\" \/>\n<meta property=\"og:site_name\" content=\"Aeronoticias.com.pe\" \/>\n<meta property=\"article:publisher\" content=\"https:\/\/www.facebook.com\/Aeronoticias.com.pe\/\" \/>\n<meta property=\"article:published_time\" content=\"2021-01-13T11:30:00+00:00\" \/>\n<meta property=\"article:modified_time\" content=\"2021-01-14T03:37:14+00:00\" \/>\n<meta property=\"og:image\" content=\"https:\/\/aeronoticias.com.pe\/noticiero\/wp-content\/uploads\/2019\/08\/Volaris.jpg\" \/>\n\t<meta property=\"og:image:width\" content=\"1000\" \/>\n\t<meta property=\"og:image:height\" content=\"467\" \/>\n\t<meta property=\"og:image:type\" content=\"image\/jpeg\" \/>\n<meta name=\"author\" content=\"Jefrey Cuya\" \/>\n<meta name=\"twitter:card\" content=\"summary_large_image\" \/>\n<meta name=\"twitter:creator\" content=\"@aeronoticias\" \/>\n<meta name=\"twitter:site\" content=\"@aeronoticias\" \/>\n<meta name=\"twitter:label1\" content=\"Escrito por\" \/>\n\t<meta name=\"twitter:data1\" content=\"Jefrey Cuya\" \/>\n\t<meta name=\"twitter:label2\" content=\"Tiempo de lectura\" \/>\n\t<meta name=\"twitter:data2\" content=\"1 minuto\" \/>\n<script type=\"application\/ld+json\" class=\"yoast-schema-graph\">{\"@context\":\"https:\/\/schema.org\",\"@graph\":[{\"@type\":\"WebPage\",\"@id\":\"https:\/\/aeronoticias.com.pe\/noticiero\/transporte-aereo\/alta-registra-16-millones-de-pasajeros-en-noviembre\/\",\"url\":\"https:\/\/aeronoticias.com.pe\/noticiero\/transporte-aereo\/alta-registra-16-millones-de-pasajeros-en-noviembre\/\",\"name\":\"ALTA registra 16 millones de pasajeros en noviembre\",\"isPartOf\":{\"@id\":\"https:\/\/aeronoticias.com.pe\/noticiero\/#website\"},\"primaryImageOfPage\":{\"@id\":\"https:\/\/aeronoticias.com.pe\/noticiero\/transporte-aereo\/alta-registra-16-millones-de-pasajeros-en-noviembre\/#primaryimage\"},\"image\":{\"@id\":\"https:\/\/aeronoticias.com.pe\/noticiero\/transporte-aereo\/alta-registra-16-millones-de-pasajeros-en-noviembre\/#primaryimage\"},\"thumbnailUrl\":\"https:\/\/aeronoticias.com.pe\/noticiero\/wp-content\/uploads\/2019\/08\/Volaris.jpg\",\"datePublished\":\"2021-01-13T11:30:00+00:00\",\"dateModified\":\"2021-01-14T03:37:14+00:00\",\"author\":{\"@id\":\"https:\/\/aeronoticias.com.pe\/noticiero\/#\/schema\/person\/9ef7422a13b22ab480ffc29639f442b0\"},\"description\":\"Portal de noticias del Per\u00fa sobre el transporte a\u00e9reo, aviaci\u00f3n, turismo, hoteleria, actualidad.\",\"breadcrumb\":{\"@id\":\"https:\/\/aeronoticias.com.pe\/noticiero\/transporte-aereo\/alta-registra-16-millones-de-pasajeros-en-noviembre\/#breadcrumb\"},\"inLanguage\":\"es\",\"potentialAction\":[{\"@type\":\"ReadAction\",\"target\":[\"https:\/\/aeronoticias.com.pe\/noticiero\/transporte-aereo\/alta-registra-16-millones-de-pasajeros-en-noviembre\/\"]}]},{\"@type\":\"ImageObject\",\"inLanguage\":\"es\",\"@id\":\"https:\/\/aeronoticias.com.pe\/noticiero\/transporte-aereo\/alta-registra-16-millones-de-pasajeros-en-noviembre\/#primaryimage\",\"url\":\"https:\/\/aeronoticias.com.pe\/noticiero\/wp-content\/uploads\/2019\/08\/Volaris.jpg\",\"contentUrl\":\"https:\/\/aeronoticias.com.pe\/noticiero\/wp-content\/uploads\/2019\/08\/Volaris.jpg\",\"width\":1000,\"height\":467},{\"@type\":\"BreadcrumbList\",\"@id\":\"https:\/\/aeronoticias.com.pe\/noticiero\/transporte-aereo\/alta-registra-16-millones-de-pasajeros-en-noviembre\/#breadcrumb\",\"itemListElement\":[{\"@type\":\"ListItem\",\"position\":1,\"name\":\"Portada\",\"item\":\"https:\/\/aeronoticias.com.pe\/noticiero\/\"},{\"@type\":\"ListItem\",\"position\":2,\"name\":\"ALTA registra 16 millones de pasajeros en noviembre\"}]},{\"@type\":\"WebSite\",\"@id\":\"https:\/\/aeronoticias.com.pe\/noticiero\/#website\",\"url\":\"https:\/\/aeronoticias.com.pe\/noticiero\/\",\"name\":\"Aeronoticias.com.pe\",\"description\":\"Noticias de tranporte aereo, turismo, hoteles, gastronomia, actualidad, internacional\",\"potentialAction\":[{\"@type\":\"SearchAction\",\"target\":{\"@type\":\"EntryPoint\",\"urlTemplate\":\"https:\/\/aeronoticias.com.pe\/noticiero\/?s={search_term_string}\"},\"query-input\":{\"@type\":\"PropertyValueSpecification\",\"valueRequired\":true,\"valueName\":\"search_term_string\"}}],\"inLanguage\":\"es\"},{\"@type\":\"Person\",\"@id\":\"https:\/\/aeronoticias.com.pe\/noticiero\/#\/schema\/person\/9ef7422a13b22ab480ffc29639f442b0\",\"name\":\"Jefrey Cuya\",\"url\":\"https:\/\/aeronoticias.com.pe\/noticiero\/author\/jefreycuya\/\"}]}<\/script>\n<!-- \/ Yoast SEO plugin. -->","yoast_head_json":{"title":"ALTA registra 16 millones de pasajeros en noviembre","description":"Portal de noticias del Per\u00fa sobre el transporte a\u00e9reo, aviaci\u00f3n, turismo, hoteleria, actualidad.","robots":{"index":"index","follow":"follow","max-snippet":"max-snippet:-1","max-image-preview":"max-image-preview:large","max-video-preview":"max-video-preview:-1"},"canonical":"https:\/\/aeronoticias.com.pe\/noticiero\/transporte-aereo\/alta-registra-16-millones-de-pasajeros-en-noviembre\/","og_locale":"es_ES","og_type":"article","og_title":"ALTA registra 16 millones de pasajeros en noviembre","og_description":"Portal de noticias del Per\u00fa sobre el transporte a\u00e9reo, aviaci\u00f3n, turismo, hoteleria, actualidad.","og_url":"https:\/\/aeronoticias.com.pe\/noticiero\/transporte-aereo\/alta-registra-16-millones-de-pasajeros-en-noviembre\/","og_site_name":"Aeronoticias.com.pe","article_publisher":"https:\/\/www.facebook.com\/Aeronoticias.com.pe\/","article_published_time":"2021-01-13T11:30:00+00:00","article_modified_time":"2021-01-14T03:37:14+00:00","og_image":[{"width":1000,"height":467,"url":"https:\/\/aeronoticias.com.pe\/noticiero\/wp-content\/uploads\/2019\/08\/Volaris.jpg","type":"image\/jpeg"}],"author":"Jefrey Cuya","twitter_card":"summary_large_image","twitter_creator":"@aeronoticias","twitter_site":"@aeronoticias","twitter_misc":{"Escrito por":"Jefrey Cuya","Tiempo de lectura":"1 minuto"},"schema":{"@context":"https:\/\/schema.org","@graph":[{"@type":"WebPage","@id":"https:\/\/aeronoticias.com.pe\/noticiero\/transporte-aereo\/alta-registra-16-millones-de-pasajeros-en-noviembre\/","url":"https:\/\/aeronoticias.com.pe\/noticiero\/transporte-aereo\/alta-registra-16-millones-de-pasajeros-en-noviembre\/","name":"ALTA registra 16 millones de pasajeros en noviembre","isPartOf":{"@id":"https:\/\/aeronoticias.com.pe\/noticiero\/#website"},"primaryImageOfPage":{"@id":"https:\/\/aeronoticias.com.pe\/noticiero\/transporte-aereo\/alta-registra-16-millones-de-pasajeros-en-noviembre\/#primaryimage"},"image":{"@id":"https:\/\/aeronoticias.com.pe\/noticiero\/transporte-aereo\/alta-registra-16-millones-de-pasajeros-en-noviembre\/#primaryimage"},"thumbnailUrl":"https:\/\/aeronoticias.com.pe\/noticiero\/wp-content\/uploads\/2019\/08\/Volaris.jpg","datePublished":"2021-01-13T11:30:00+00:00","dateModified":"2021-01-14T03:37:14+00:00","author":{"@id":"https:\/\/aeronoticias.com.pe\/noticiero\/#\/schema\/person\/9ef7422a13b22ab480ffc29639f442b0"},"description":"Portal de noticias del Per\u00fa sobre el transporte a\u00e9reo, aviaci\u00f3n, turismo, hoteleria, actualidad.","breadcrumb":{"@id":"https:\/\/aeronoticias.com.pe\/noticiero\/transporte-aereo\/alta-registra-16-millones-de-pasajeros-en-noviembre\/#breadcrumb"},"inLanguage":"es","potentialAction":[{"@type":"ReadAction","target":["https:\/\/aeronoticias.com.pe\/noticiero\/transporte-aereo\/alta-registra-16-millones-de-pasajeros-en-noviembre\/"]}]},{"@type":"ImageObject","inLanguage":"es","@id":"https:\/\/aeronoticias.com.pe\/noticiero\/transporte-aereo\/alta-registra-16-millones-de-pasajeros-en-noviembre\/#primaryimage","url":"https:\/\/aeronoticias.com.pe\/noticiero\/wp-content\/uploads\/2019\/08\/Volaris.jpg","contentUrl":"https:\/\/aeronoticias.com.pe\/noticiero\/wp-content\/uploads\/2019\/08\/Volaris.jpg","width":1000,"height":467},{"@type":"BreadcrumbList","@id":"https:\/\/aeronoticias.com.pe\/noticiero\/transporte-aereo\/alta-registra-16-millones-de-pasajeros-en-noviembre\/#breadcrumb","itemListElement":[{"@type":"ListItem","position":1,"name":"Portada","item":"https:\/\/aeronoticias.com.pe\/noticiero\/"},{"@type":"ListItem","position":2,"name":"ALTA registra 16 millones de pasajeros en noviembre"}]},{"@type":"WebSite","@id":"https:\/\/aeronoticias.com.pe\/noticiero\/#website","url":"https:\/\/aeronoticias.com.pe\/noticiero\/","name":"Aeronoticias.com.pe","description":"Noticias de tranporte aereo, turismo, hoteles, gastronomia, actualidad, internacional","potentialAction":[{"@type":"SearchAction","target":{"@type":"EntryPoint","urlTemplate":"https:\/\/aeronoticias.com.pe\/noticiero\/?s={search_term_string}"},"query-input":{"@type":"PropertyValueSpecification","valueRequired":true,"valueName":"search_term_string"}}],"inLanguage":"es"},{"@type":"Person","@id":"https:\/\/aeronoticias.com.pe\/noticiero\/#\/schema\/person\/9ef7422a13b22ab480ffc29639f442b0","name":"Jefrey Cuya","url":"https:\/\/aeronoticias.com.pe\/noticiero\/author\/jefreycuya\/"}]}},"_links":{"self":[{"href":"https:\/\/aeronoticias.com.pe\/noticiero\/wp-json\/wp\/v2\/posts\/68364","targetHints":{"allow":["GET"]}}],"collection":[{"href":"https:\/\/aeronoticias.com.pe\/noticiero\/wp-json\/wp\/v2\/posts"}],"about":[{"href":"https:\/\/aeronoticias.com.pe\/noticiero\/wp-json\/wp\/v2\/types\/post"}],"author":[{"embeddable":true,"href":"https:\/\/aeronoticias.com.pe\/noticiero\/wp-json\/wp\/v2\/users\/4"}],"replies":[{"embeddable":true,"href":"https:\/\/aeronoticias.com.pe\/noticiero\/wp-json\/wp\/v2\/comments?post=68364"}],"version-history":[{"count":0,"href":"https:\/\/aeronoticias.com.pe\/noticiero\/wp-json\/wp\/v2\/posts\/68364\/revisions"}],"wp:featuredmedia":[{"embeddable":true,"href":"https:\/\/aeronoticias.com.pe\/noticiero\/wp-json\/wp\/v2\/media\/65936"}],"wp:attachment":[{"href":"https:\/\/aeronoticias.com.pe\/noticiero\/wp-json\/wp\/v2\/media?parent=68364"}],"wp:term":[{"taxonomy":"category","embeddable":true,"href":"https:\/\/aeronoticias.com.pe\/noticiero\/wp-json\/wp\/v2\/categories?post=68364"},{"taxonomy":"post_tag","embeddable":true,"href":"https:\/\/aeronoticias.com.pe\/noticiero\/wp-json\/wp\/v2\/tags?post=68364"}],"curies":[{"name":"wp","href":"https:\/\/api.w.org\/{rel}","templated":true}]}}