{"id":68366,"date":"2021-01-13T07:40:00","date_gmt":"2021-01-13T12:40:00","guid":{"rendered":"https:\/\/aeronoticias.com.pe\/noticiero\/?p=68366"},"modified":"2021-01-13T22:44:51","modified_gmt":"2021-01-14T03:44:51","slug":"plan-de-alianza-estrategica-progresa-entre-jetblue-y-american","status":"publish","type":"post","link":"https:\/\/aeronoticias.com.pe\/noticiero\/transporte-aereo\/plan-de-alianza-estrategica-progresa-entre-jetblue-y-american\/","title":{"rendered":"Plan de alianza estrat\u00e9gica progresa entre JetBlue y American"},"content":{"rendered":"\n<p><strong>(Aeronoticias)<\/strong>.- El Departamento de Transporte (DOT) de los Estados Unidos dio por\u00a0finalizada la revisi\u00f3n de la alianza estrat\u00e9gica entre las aerol\u00edneas estadounidenses\u00a0JetBlue y American Airlines,\u00a0y\u00a0determin\u00f3 que las empresas deber\u00e1n acatar una serie de compromisos llevar a cabo su plan.<\/p>\n\n\n\n<p>Ambas deber\u00e1n garantizar la expansi\u00f3n de capacidad, desinversi\u00f3n de slots en los aeropuertos John F. Kennedy (JFK), en Nueva York, y el National Ronald Reagan (DCA), en Washington, adem\u00e1s de implementar medidas de cumplimiento antimonopolio.&nbsp;<\/p>\n\n\n\n<p>\u201cM\u00e1s all\u00e1 del acuerdo de hoy con el DOT, los transportistas tambi\u00e9n se abstendr\u00e1n de ciertos tipos de coordinaci\u00f3n en los mercados de pares de ciudades donde son competidores sustanciales entre s\u00ed y hay poco servicio de otras aerol\u00edneas\u201d, explic\u00f3 la aerol\u00ednea en un comunicado.<\/p>\n\n\n\n<p>A partir de ello, las compa\u00f1\u00edas podr\u00e1n lanzar una estrategia conjunta para ofrecer vuelos desde y hacia los tres aeropuertos de Nueva York (JFK, LGA y&nbsp;EWR), adem\u00e1s de a\u00f1adir al aer\u00f3dromo de Boston.&nbsp;<\/p>\n\n\n\n<p>Aunado a ello, buscan que la alianza acelere la recuperaci\u00f3n de ambas en medio de la emergencia sanitaria, mediante la oferta de m\u00e1s opciones de viajes as\u00ed como un mejor servicio a los pasajeros.<\/p>\n\n\n\n<p>\u201cA trav\u00e9s de esta alianza, estamos un paso m\u00e1s cerca de llevar a los clientes a\u00fan m\u00e1s competencia en el noreste, especialmente en las rutas actualmente atendidas por una sola aerol\u00ednea con tarifas altas y mal servicio\u201d, dijo Scott Laurence, director de ingresos y planificaci\u00f3n de JetBlue.<\/p>\n\n\n\n<p>Por su parte, el l\u00edder de la mayor\u00eda del Senado, Chuck Schumer, se dijo complacido que JetBlue y American colaboren, ya que esto significar\u00e1 el salvar puestos de trabajo en la industria, a la par que reactivan la zona neoyorquina.<\/p>\n\n\n\n<p>Fuente: <strong><em>A21<\/em><\/strong>.<\/p>\n","protected":false},"excerpt":{"rendered":"<p>(Aeronoticias).- El Departamento de Transporte (DOT) de los Estados Unidos dio por\u00a0finalizada la revisi\u00f3n de la alianza estrat\u00e9gica entre las aerol\u00edneas estadounidenses\u00a0JetBlue y American Airlines,\u00a0y\u00a0determin\u00f3 que las empresas deber\u00e1n acatar una serie de compromisos llevar a cabo su plan. Ambas deber\u00e1n garantizar la expansi\u00f3n de capacidad, desinversi\u00f3n de slots en los aeropuertos John F. Kennedy [&hellip;]<\/p>\n","protected":false},"author":4,"featured_media":64949,"comment_status":"open","ping_status":"open","sticky":false,"template":"","format":"standard","meta":{"tdm_status":"","tdm_grid_status":"","footnotes":""},"categories":[32,11],"tags":[1211,1210,163,212],"class_list":{"0":"post-68366","1":"post","2":"type-post","3":"status-publish","4":"format-standard","5":"has-post-thumbnail","7":"category-internacional","8":"category-transporte-aereo","9":"tag-alianza-estrategica","10":"tag-american","11":"tag-coronavirus","12":"tag-jetblue"},"yoast_head":"<!-- This site is optimized with the Yoast SEO plugin v25.1 - https:\/\/yoast.com\/wordpress\/plugins\/seo\/ -->\n<title>Plan de alianza estrat\u00e9gica progresa entre JetBlue y American<\/title>\n<meta name=\"description\" content=\"Portal de noticias del Per\u00fa sobre el transporte a\u00e9reo, aviaci\u00f3n, turismo, hoteleria, actualidad.\" \/>\n<meta name=\"robots\" content=\"index, follow, max-snippet:-1, max-image-preview:large, max-video-preview:-1\" \/>\n<link rel=\"canonical\" href=\"https:\/\/aeronoticias.com.pe\/noticiero\/transporte-aereo\/plan-de-alianza-estrategica-progresa-entre-jetblue-y-american\/\" \/>\n<meta property=\"og:locale\" content=\"es_ES\" \/>\n<meta property=\"og:type\" content=\"article\" \/>\n<meta property=\"og:title\" content=\"Plan de alianza estrat\u00e9gica progresa entre JetBlue y American\" \/>\n<meta property=\"og:description\" content=\"Portal de noticias del Per\u00fa sobre el transporte a\u00e9reo, aviaci\u00f3n, turismo, hoteleria, actualidad.\" \/>\n<meta property=\"og:url\" content=\"https:\/\/aeronoticias.com.pe\/noticiero\/transporte-aereo\/plan-de-alianza-estrategica-progresa-entre-jetblue-y-american\/\" \/>\n<meta property=\"og:site_name\" content=\"Aeronoticias.com.pe\" \/>\n<meta property=\"article:publisher\" content=\"https:\/\/www.facebook.com\/Aeronoticias.com.pe\/\" \/>\n<meta property=\"article:published_time\" content=\"2021-01-13T12:40:00+00:00\" \/>\n<meta property=\"article:modified_time\" content=\"2021-01-14T03:44:51+00:00\" \/>\n<meta property=\"og:image\" content=\"https:\/\/aeronoticias.com.pe\/noticiero\/wp-content\/uploads\/2020\/02\/jetblue.jpg\" \/>\n\t<meta property=\"og:image:width\" content=\"960\" \/>\n\t<meta property=\"og:image:height\" content=\"720\" \/>\n\t<meta property=\"og:image:type\" content=\"image\/jpeg\" \/>\n<meta name=\"author\" content=\"Jefrey Cuya\" \/>\n<meta name=\"twitter:card\" content=\"summary_large_image\" \/>\n<meta name=\"twitter:creator\" content=\"@aeronoticias\" \/>\n<meta name=\"twitter:site\" content=\"@aeronoticias\" \/>\n<meta name=\"twitter:label1\" content=\"Escrito por\" \/>\n\t<meta name=\"twitter:data1\" content=\"Jefrey Cuya\" \/>\n\t<meta name=\"twitter:label2\" content=\"Tiempo de lectura\" \/>\n\t<meta name=\"twitter:data2\" content=\"2 minutos\" \/>\n<script type=\"application\/ld+json\" class=\"yoast-schema-graph\">{\"@context\":\"https:\/\/schema.org\",\"@graph\":[{\"@type\":\"WebPage\",\"@id\":\"https:\/\/aeronoticias.com.pe\/noticiero\/transporte-aereo\/plan-de-alianza-estrategica-progresa-entre-jetblue-y-american\/\",\"url\":\"https:\/\/aeronoticias.com.pe\/noticiero\/transporte-aereo\/plan-de-alianza-estrategica-progresa-entre-jetblue-y-american\/\",\"name\":\"Plan de alianza estrat\u00e9gica progresa entre JetBlue y American\",\"isPartOf\":{\"@id\":\"https:\/\/aeronoticias.com.pe\/noticiero\/#website\"},\"primaryImageOfPage\":{\"@id\":\"https:\/\/aeronoticias.com.pe\/noticiero\/transporte-aereo\/plan-de-alianza-estrategica-progresa-entre-jetblue-y-american\/#primaryimage\"},\"image\":{\"@id\":\"https:\/\/aeronoticias.com.pe\/noticiero\/transporte-aereo\/plan-de-alianza-estrategica-progresa-entre-jetblue-y-american\/#primaryimage\"},\"thumbnailUrl\":\"https:\/\/aeronoticias.com.pe\/noticiero\/wp-content\/uploads\/2020\/02\/jetblue.jpg\",\"datePublished\":\"2021-01-13T12:40:00+00:00\",\"dateModified\":\"2021-01-14T03:44:51+00:00\",\"author\":{\"@id\":\"https:\/\/aeronoticias.com.pe\/noticiero\/#\/schema\/person\/9ef7422a13b22ab480ffc29639f442b0\"},\"description\":\"Portal de noticias del Per\u00fa sobre el transporte a\u00e9reo, aviaci\u00f3n, turismo, hoteleria, actualidad.\",\"breadcrumb\":{\"@id\":\"https:\/\/aeronoticias.com.pe\/noticiero\/transporte-aereo\/plan-de-alianza-estrategica-progresa-entre-jetblue-y-american\/#breadcrumb\"},\"inLanguage\":\"es\",\"potentialAction\":[{\"@type\":\"ReadAction\",\"target\":[\"https:\/\/aeronoticias.com.pe\/noticiero\/transporte-aereo\/plan-de-alianza-estrategica-progresa-entre-jetblue-y-american\/\"]}]},{\"@type\":\"ImageObject\",\"inLanguage\":\"es\",\"@id\":\"https:\/\/aeronoticias.com.pe\/noticiero\/transporte-aereo\/plan-de-alianza-estrategica-progresa-entre-jetblue-y-american\/#primaryimage\",\"url\":\"https:\/\/aeronoticias.com.pe\/noticiero\/wp-content\/uploads\/2020\/02\/jetblue.jpg\",\"contentUrl\":\"https:\/\/aeronoticias.com.pe\/noticiero\/wp-content\/uploads\/2020\/02\/jetblue.jpg\",\"width\":960,\"height\":720},{\"@type\":\"BreadcrumbList\",\"@id\":\"https:\/\/aeronoticias.com.pe\/noticiero\/transporte-aereo\/plan-de-alianza-estrategica-progresa-entre-jetblue-y-american\/#breadcrumb\",\"itemListElement\":[{\"@type\":\"ListItem\",\"position\":1,\"name\":\"Portada\",\"item\":\"https:\/\/aeronoticias.com.pe\/noticiero\/\"},{\"@type\":\"ListItem\",\"position\":2,\"name\":\"Plan de alianza estrat\u00e9gica progresa entre JetBlue y American\"}]},{\"@type\":\"WebSite\",\"@id\":\"https:\/\/aeronoticias.com.pe\/noticiero\/#website\",\"url\":\"https:\/\/aeronoticias.com.pe\/noticiero\/\",\"name\":\"Aeronoticias.com.pe\",\"description\":\"Noticias de tranporte aereo, turismo, hoteles, gastronomia, actualidad, internacional\",\"potentialAction\":[{\"@type\":\"SearchAction\",\"target\":{\"@type\":\"EntryPoint\",\"urlTemplate\":\"https:\/\/aeronoticias.com.pe\/noticiero\/?s={search_term_string}\"},\"query-input\":{\"@type\":\"PropertyValueSpecification\",\"valueRequired\":true,\"valueName\":\"search_term_string\"}}],\"inLanguage\":\"es\"},{\"@type\":\"Person\",\"@id\":\"https:\/\/aeronoticias.com.pe\/noticiero\/#\/schema\/person\/9ef7422a13b22ab480ffc29639f442b0\",\"name\":\"Jefrey Cuya\",\"url\":\"https:\/\/aeronoticias.com.pe\/noticiero\/author\/jefreycuya\/\"}]}<\/script>\n<!-- \/ Yoast SEO plugin. -->","yoast_head_json":{"title":"Plan de alianza estrat\u00e9gica progresa entre JetBlue y American","description":"Portal de noticias del Per\u00fa sobre el transporte a\u00e9reo, aviaci\u00f3n, turismo, hoteleria, actualidad.","robots":{"index":"index","follow":"follow","max-snippet":"max-snippet:-1","max-image-preview":"max-image-preview:large","max-video-preview":"max-video-preview:-1"},"canonical":"https:\/\/aeronoticias.com.pe\/noticiero\/transporte-aereo\/plan-de-alianza-estrategica-progresa-entre-jetblue-y-american\/","og_locale":"es_ES","og_type":"article","og_title":"Plan de alianza estrat\u00e9gica progresa entre JetBlue y American","og_description":"Portal de noticias del Per\u00fa sobre el transporte a\u00e9reo, aviaci\u00f3n, turismo, hoteleria, actualidad.","og_url":"https:\/\/aeronoticias.com.pe\/noticiero\/transporte-aereo\/plan-de-alianza-estrategica-progresa-entre-jetblue-y-american\/","og_site_name":"Aeronoticias.com.pe","article_publisher":"https:\/\/www.facebook.com\/Aeronoticias.com.pe\/","article_published_time":"2021-01-13T12:40:00+00:00","article_modified_time":"2021-01-14T03:44:51+00:00","og_image":[{"width":960,"height":720,"url":"https:\/\/aeronoticias.com.pe\/noticiero\/wp-content\/uploads\/2020\/02\/jetblue.jpg","type":"image\/jpeg"}],"author":"Jefrey Cuya","twitter_card":"summary_large_image","twitter_creator":"@aeronoticias","twitter_site":"@aeronoticias","twitter_misc":{"Escrito por":"Jefrey Cuya","Tiempo de lectura":"2 minutos"},"schema":{"@context":"https:\/\/schema.org","@graph":[{"@type":"WebPage","@id":"https:\/\/aeronoticias.com.pe\/noticiero\/transporte-aereo\/plan-de-alianza-estrategica-progresa-entre-jetblue-y-american\/","url":"https:\/\/aeronoticias.com.pe\/noticiero\/transporte-aereo\/plan-de-alianza-estrategica-progresa-entre-jetblue-y-american\/","name":"Plan de alianza estrat\u00e9gica progresa entre JetBlue y American","isPartOf":{"@id":"https:\/\/aeronoticias.com.pe\/noticiero\/#website"},"primaryImageOfPage":{"@id":"https:\/\/aeronoticias.com.pe\/noticiero\/transporte-aereo\/plan-de-alianza-estrategica-progresa-entre-jetblue-y-american\/#primaryimage"},"image":{"@id":"https:\/\/aeronoticias.com.pe\/noticiero\/transporte-aereo\/plan-de-alianza-estrategica-progresa-entre-jetblue-y-american\/#primaryimage"},"thumbnailUrl":"https:\/\/aeronoticias.com.pe\/noticiero\/wp-content\/uploads\/2020\/02\/jetblue.jpg","datePublished":"2021-01-13T12:40:00+00:00","dateModified":"2021-01-14T03:44:51+00:00","author":{"@id":"https:\/\/aeronoticias.com.pe\/noticiero\/#\/schema\/person\/9ef7422a13b22ab480ffc29639f442b0"},"description":"Portal de noticias del Per\u00fa sobre el transporte a\u00e9reo, aviaci\u00f3n, turismo, hoteleria, actualidad.","breadcrumb":{"@id":"https:\/\/aeronoticias.com.pe\/noticiero\/transporte-aereo\/plan-de-alianza-estrategica-progresa-entre-jetblue-y-american\/#breadcrumb"},"inLanguage":"es","potentialAction":[{"@type":"ReadAction","target":["https:\/\/aeronoticias.com.pe\/noticiero\/transporte-aereo\/plan-de-alianza-estrategica-progresa-entre-jetblue-y-american\/"]}]},{"@type":"ImageObject","inLanguage":"es","@id":"https:\/\/aeronoticias.com.pe\/noticiero\/transporte-aereo\/plan-de-alianza-estrategica-progresa-entre-jetblue-y-american\/#primaryimage","url":"https:\/\/aeronoticias.com.pe\/noticiero\/wp-content\/uploads\/2020\/02\/jetblue.jpg","contentUrl":"https:\/\/aeronoticias.com.pe\/noticiero\/wp-content\/uploads\/2020\/02\/jetblue.jpg","width":960,"height":720},{"@type":"BreadcrumbList","@id":"https:\/\/aeronoticias.com.pe\/noticiero\/transporte-aereo\/plan-de-alianza-estrategica-progresa-entre-jetblue-y-american\/#breadcrumb","itemListElement":[{"@type":"ListItem","position":1,"name":"Portada","item":"https:\/\/aeronoticias.com.pe\/noticiero\/"},{"@type":"ListItem","position":2,"name":"Plan de alianza estrat\u00e9gica progresa entre JetBlue y American"}]},{"@type":"WebSite","@id":"https:\/\/aeronoticias.com.pe\/noticiero\/#website","url":"https:\/\/aeronoticias.com.pe\/noticiero\/","name":"Aeronoticias.com.pe","description":"Noticias de tranporte aereo, turismo, hoteles, gastronomia, actualidad, internacional","potentialAction":[{"@type":"SearchAction","target":{"@type":"EntryPoint","urlTemplate":"https:\/\/aeronoticias.com.pe\/noticiero\/?s={search_term_string}"},"query-input":{"@type":"PropertyValueSpecification","valueRequired":true,"valueName":"search_term_string"}}],"inLanguage":"es"},{"@type":"Person","@id":"https:\/\/aeronoticias.com.pe\/noticiero\/#\/schema\/person\/9ef7422a13b22ab480ffc29639f442b0","name":"Jefrey Cuya","url":"https:\/\/aeronoticias.com.pe\/noticiero\/author\/jefreycuya\/"}]}},"_links":{"self":[{"href":"https:\/\/aeronoticias.com.pe\/noticiero\/wp-json\/wp\/v2\/posts\/68366","targetHints":{"allow":["GET"]}}],"collection":[{"href":"https:\/\/aeronoticias.com.pe\/noticiero\/wp-json\/wp\/v2\/posts"}],"about":[{"href":"https:\/\/aeronoticias.com.pe\/noticiero\/wp-json\/wp\/v2\/types\/post"}],"author":[{"embeddable":true,"href":"https:\/\/aeronoticias.com.pe\/noticiero\/wp-json\/wp\/v2\/users\/4"}],"replies":[{"embeddable":true,"href":"https:\/\/aeronoticias.com.pe\/noticiero\/wp-json\/wp\/v2\/comments?post=68366"}],"version-history":[{"count":0,"href":"https:\/\/aeronoticias.com.pe\/noticiero\/wp-json\/wp\/v2\/posts\/68366\/revisions"}],"wp:featuredmedia":[{"embeddable":true,"href":"https:\/\/aeronoticias.com.pe\/noticiero\/wp-json\/wp\/v2\/media\/64949"}],"wp:attachment":[{"href":"https:\/\/aeronoticias.com.pe\/noticiero\/wp-json\/wp\/v2\/media?parent=68366"}],"wp:term":[{"taxonomy":"category","embeddable":true,"href":"https:\/\/aeronoticias.com.pe\/noticiero\/wp-json\/wp\/v2\/categories?post=68366"},{"taxonomy":"post_tag","embeddable":true,"href":"https:\/\/aeronoticias.com.pe\/noticiero\/wp-json\/wp\/v2\/tags?post=68366"}],"curies":[{"name":"wp","href":"https:\/\/api.w.org\/{rel}","templated":true}]}}