{"id":6858,"date":"2009-11-17T15:12:49","date_gmt":"2009-11-17T15:12:49","guid":{"rendered":"http:\/\/desarrollo.mcvicious.com\/aero2020\/2009\/11\/17\/la-granja-porcon-el-centro-arqueologico-kuntur-wasi-y-la-represa-gallito-ciego-seran-promovidos\/"},"modified":"2009-11-17T15:12:49","modified_gmt":"2009-11-17T15:12:49","slug":"la-granja-porcon-el-centro-arqueologico-kuntur-wasi-y-la-represa-gallito-ciego-seran-promovidos","status":"publish","type":"post","link":"https:\/\/aeronoticias.com.pe\/noticiero\/turismo\/13\/la-granja-porcon-el-centro-arqueologico-kuntur-wasi-y-la-represa-gallito-ciego-seran-promovidos\/","title":{"rendered":"LA GRANJA PORC\u00d3N, EL CENTRO ARQUEOL\u00d3GICO KUNTUR WASI Y LA REPRESA GALLITO CIEGO SER\u00c1N PROMOVIDOS"},"content":{"rendered":"<p align=\"justify\">La Direcci\u00f3n Regional de Comercio Exterior y Turismo (Directur) inform\u00f3 que, los atractivos tur\u00edsticos como la granja Porc\u00f3n, el centro arqueol\u00f3gico de Kuntur Wasi y la represa Gallito Ciego, ser\u00e1n inclu\u00eddos en el circuito tur\u00edstico del departamento de Cajamarca.<\/p>\n<p>Julio Palacios Matute, titular de la Dircetur, explic\u00f3 que se busca aprovechar el mejoramiento de la carretera de m\u00e1s de 73 kil\u00f3metros, que une las localidades de Chilete, San Pablo y Cajamarca, la cual dentro de poco estar\u00e1 terminada gracias al financiamiento de las empresas mineras.<\/p>\n<div style=\"text-align: center\"><img loading=\"lazy\" decoding=\"async\" src=\"images\/stories\/09\/11\/171109\/kunturwasi.jpg\" border=\"0\" alt=\"LA GRANJA PORC\u00d3N, EL CENTRO ARQUEOL\u00d3GICO KUNTUR WASI Y LA REPRESA GALLITO CIEGO SER\u00c1N PROMOVIDOS\" title=\"LA GRANJA PORC\u00d3N, EL CENTRO ARQUEOL\u00d3GICO KUNTUR WASI Y LA REPRESA GALLITO CIEGO SER\u00c1N PROMOVIDOS\" width=\"400\" height=\"275\" \/><\/div>\n<p align=\"justify\">Indic\u00f3 que la Dircetur eval\u00faa la zona de la represa Gallito Ciego, en el distrito de Tembladera, provincia de Contumaz\u00e1, en coordinaci\u00f3n con los directivos del Proyecto Especial Jequetepeque \u2013 Za\u00f1a (Pejeza), con el prop\u00f3sito de acondicionar el campamento y dotarlo de servicios para ofertarlo al turismo.<\/p>\n<p align=\"justify\">Tembladera tiene muchos atractivos que mostrar, como el museo arqueol\u00f3gico, los petroglifos de Yon\u00e1n, el espejo de agua de la represa, donde se puede pasear en bote o practicar la pesca deportiva, y tambi\u00e9n degustar los deliciosos potajes elaborados con camarones.<\/p>\n<p align=\"justify\">Julio Palacios se\u00f1al\u00f3 que dicha zona es visitada por turistas que vienen de las ciudades de Chiclayo (Lambayeque) y Trujillo (La Libertad).<\/p>\n<p align=\"justify\">La idea es elaborar un perfil de proyecto conjuntamente con los representantes de Pejeza para mejorar los atractivos y servicios, y el pr\u00f3ximo a\u00f1o incluir esta zona en el circuito tur\u00edstico, persisti\u00f3.<\/p>\n<p align=\"justify\">El recorrido comenzar\u00eda en la granja Parc\u00f3n, provincia de Cajamarca; luego seguir\u00eda por el centro arqueol\u00f3gico de Kuntur Wasi, en la provincia de San Pablo; y culminar\u00eda en la represa Gallito Ciego, en la provincia de Contumaz\u00e1.<\/p>\n<p align=\"justify\">Todo el circuito se realizar\u00eda en un d\u00eda y medio, afirm\u00f3 Palacios al detallar que la granja Porc\u00f3n y Kuntur Wasi ya cuentan con servicios adecuados para la estad\u00eda de los visitantes.<\/p>\n","protected":false},"excerpt":{"rendered":"<p>La Direcci\u00f3n Regional de Comercio Exterior y Turismo (Directur) inform\u00f3 que, los atractivos tur\u00edsticos como la granja Porc\u00f3n, el centro arqueol\u00f3gico de Kuntur Wasi y la represa Gallito Ciego, ser\u00e1n inclu\u00eddos en el circuito tur\u00edstico del departamento de Cajamarca. Julio Palacios Matute, titular de la Dircetur, explic\u00f3 que se busca aprovechar el mejoramiento de la [&hellip;]<\/p>\n","protected":false},"author":1,"featured_media":0,"comment_status":"open","ping_status":"open","sticky":false,"template":"","format":"standard","meta":{"tdm_status":"","tdm_grid_status":"","footnotes":""},"categories":[31],"tags":[],"class_list":{"0":"post-6858","1":"post","2":"type-post","3":"status-publish","4":"format-standard","6":"category-31"},"yoast_head":"<!-- This site is optimized with the Yoast SEO plugin v25.1 - https:\/\/yoast.com\/wordpress\/plugins\/seo\/ -->\n<title>LA GRANJA PORC\u00d3N, EL CENTRO ARQUEOL\u00d3GICO KUNTUR WASI Y LA REPRESA GALLITO CIEGO SER\u00c1N PROMOVIDOS<\/title>\n<meta name=\"description\" content=\"Portal de noticias del Per\u00fa sobre el transporte a\u00e9reo, aviaci\u00f3n, turismo, hoteleria, actualidad.\" \/>\n<meta name=\"robots\" content=\"index, follow, max-snippet:-1, max-image-preview:large, max-video-preview:-1\" \/>\n<link rel=\"canonical\" href=\"https:\/\/aeronoticias.com.pe\/noticiero\/turismo\/13\/la-granja-porcon-el-centro-arqueologico-kuntur-wasi-y-la-represa-gallito-ciego-seran-promovidos\/\" \/>\n<meta property=\"og:locale\" content=\"es_ES\" \/>\n<meta property=\"og:type\" content=\"article\" \/>\n<meta property=\"og:title\" content=\"LA GRANJA PORC\u00d3N, EL CENTRO ARQUEOL\u00d3GICO KUNTUR WASI Y LA REPRESA GALLITO CIEGO SER\u00c1N PROMOVIDOS\" \/>\n<meta property=\"og:description\" content=\"Portal de noticias del Per\u00fa sobre el transporte a\u00e9reo, aviaci\u00f3n, turismo, hoteleria, actualidad.\" \/>\n<meta property=\"og:url\" content=\"https:\/\/aeronoticias.com.pe\/noticiero\/turismo\/13\/la-granja-porcon-el-centro-arqueologico-kuntur-wasi-y-la-represa-gallito-ciego-seran-promovidos\/\" \/>\n<meta property=\"og:site_name\" content=\"Aeronoticias.com.pe\" \/>\n<meta property=\"article:publisher\" content=\"https:\/\/www.facebook.com\/Aeronoticias.com.pe\/\" \/>\n<meta property=\"article:published_time\" content=\"2009-11-17T15:12:49+00:00\" \/>\n<meta name=\"author\" content=\"Redacci\u00f3n Aeronoticias\" \/>\n<meta name=\"twitter:card\" content=\"summary_large_image\" \/>\n<meta name=\"twitter:creator\" content=\"@aeronoticias\" \/>\n<meta name=\"twitter:site\" content=\"@aeronoticias\" \/>\n<meta name=\"twitter:label1\" content=\"Escrito por\" \/>\n\t<meta name=\"twitter:data1\" content=\"Redacci\u00f3n Aeronoticias\" \/>\n\t<meta name=\"twitter:label2\" content=\"Tiempo de lectura\" \/>\n\t<meta name=\"twitter:data2\" content=\"2 minutos\" \/>\n<script type=\"application\/ld+json\" class=\"yoast-schema-graph\">{\"@context\":\"https:\/\/schema.org\",\"@graph\":[{\"@type\":\"WebPage\",\"@id\":\"https:\/\/aeronoticias.com.pe\/noticiero\/turismo\/13\/la-granja-porcon-el-centro-arqueologico-kuntur-wasi-y-la-represa-gallito-ciego-seran-promovidos\/\",\"url\":\"https:\/\/aeronoticias.com.pe\/noticiero\/turismo\/13\/la-granja-porcon-el-centro-arqueologico-kuntur-wasi-y-la-represa-gallito-ciego-seran-promovidos\/\",\"name\":\"LA GRANJA PORC\u00d3N, EL CENTRO ARQUEOL\u00d3GICO KUNTUR WASI Y LA REPRESA GALLITO CIEGO SER\u00c1N PROMOVIDOS\",\"isPartOf\":{\"@id\":\"https:\/\/aeronoticias.com.pe\/noticiero\/#website\"},\"datePublished\":\"2009-11-17T15:12:49+00:00\",\"author\":{\"@id\":\"https:\/\/aeronoticias.com.pe\/noticiero\/#\/schema\/person\/fc1e5d578f4b62ba1cf7ac2bba1170a0\"},\"description\":\"Portal de noticias del Per\u00fa sobre el transporte a\u00e9reo, aviaci\u00f3n, turismo, hoteleria, actualidad.\",\"breadcrumb\":{\"@id\":\"https:\/\/aeronoticias.com.pe\/noticiero\/turismo\/13\/la-granja-porcon-el-centro-arqueologico-kuntur-wasi-y-la-represa-gallito-ciego-seran-promovidos\/#breadcrumb\"},\"inLanguage\":\"es\",\"potentialAction\":[{\"@type\":\"ReadAction\",\"target\":[\"https:\/\/aeronoticias.com.pe\/noticiero\/turismo\/13\/la-granja-porcon-el-centro-arqueologico-kuntur-wasi-y-la-represa-gallito-ciego-seran-promovidos\/\"]}]},{\"@type\":\"BreadcrumbList\",\"@id\":\"https:\/\/aeronoticias.com.pe\/noticiero\/turismo\/13\/la-granja-porcon-el-centro-arqueologico-kuntur-wasi-y-la-represa-gallito-ciego-seran-promovidos\/#breadcrumb\",\"itemListElement\":[{\"@type\":\"ListItem\",\"position\":1,\"name\":\"Portada\",\"item\":\"https:\/\/aeronoticias.com.pe\/noticiero\/\"},{\"@type\":\"ListItem\",\"position\":2,\"name\":\"LA GRANJA PORC\u00d3N, EL CENTRO ARQUEOL\u00d3GICO KUNTUR WASI Y LA REPRESA GALLITO CIEGO SER\u00c1N PROMOVIDOS\"}]},{\"@type\":\"WebSite\",\"@id\":\"https:\/\/aeronoticias.com.pe\/noticiero\/#website\",\"url\":\"https:\/\/aeronoticias.com.pe\/noticiero\/\",\"name\":\"Aeronoticias.com.pe\",\"description\":\"Noticias de tranporte aereo, turismo, hoteles, gastronomia, actualidad, internacional\",\"potentialAction\":[{\"@type\":\"SearchAction\",\"target\":{\"@type\":\"EntryPoint\",\"urlTemplate\":\"https:\/\/aeronoticias.com.pe\/noticiero\/?s={search_term_string}\"},\"query-input\":{\"@type\":\"PropertyValueSpecification\",\"valueRequired\":true,\"valueName\":\"search_term_string\"}}],\"inLanguage\":\"es\"},{\"@type\":\"Person\",\"@id\":\"https:\/\/aeronoticias.com.pe\/noticiero\/#\/schema\/person\/fc1e5d578f4b62ba1cf7ac2bba1170a0\",\"name\":\"Redacci\u00f3n Aeronoticias\",\"url\":\"https:\/\/aeronoticias.com.pe\/noticiero\/author\/piloto\/\"}]}<\/script>\n<!-- \/ Yoast SEO plugin. -->","yoast_head_json":{"title":"LA GRANJA PORC\u00d3N, EL CENTRO ARQUEOL\u00d3GICO KUNTUR WASI Y LA REPRESA GALLITO CIEGO SER\u00c1N PROMOVIDOS","description":"Portal de noticias del Per\u00fa sobre el transporte a\u00e9reo, aviaci\u00f3n, turismo, hoteleria, actualidad.","robots":{"index":"index","follow":"follow","max-snippet":"max-snippet:-1","max-image-preview":"max-image-preview:large","max-video-preview":"max-video-preview:-1"},"canonical":"https:\/\/aeronoticias.com.pe\/noticiero\/turismo\/13\/la-granja-porcon-el-centro-arqueologico-kuntur-wasi-y-la-represa-gallito-ciego-seran-promovidos\/","og_locale":"es_ES","og_type":"article","og_title":"LA GRANJA PORC\u00d3N, EL CENTRO ARQUEOL\u00d3GICO KUNTUR WASI Y LA REPRESA GALLITO CIEGO SER\u00c1N PROMOVIDOS","og_description":"Portal de noticias del Per\u00fa sobre el transporte a\u00e9reo, aviaci\u00f3n, turismo, hoteleria, actualidad.","og_url":"https:\/\/aeronoticias.com.pe\/noticiero\/turismo\/13\/la-granja-porcon-el-centro-arqueologico-kuntur-wasi-y-la-represa-gallito-ciego-seran-promovidos\/","og_site_name":"Aeronoticias.com.pe","article_publisher":"https:\/\/www.facebook.com\/Aeronoticias.com.pe\/","article_published_time":"2009-11-17T15:12:49+00:00","author":"Redacci\u00f3n Aeronoticias","twitter_card":"summary_large_image","twitter_creator":"@aeronoticias","twitter_site":"@aeronoticias","twitter_misc":{"Escrito por":"Redacci\u00f3n Aeronoticias","Tiempo de lectura":"2 minutos"},"schema":{"@context":"https:\/\/schema.org","@graph":[{"@type":"WebPage","@id":"https:\/\/aeronoticias.com.pe\/noticiero\/turismo\/13\/la-granja-porcon-el-centro-arqueologico-kuntur-wasi-y-la-represa-gallito-ciego-seran-promovidos\/","url":"https:\/\/aeronoticias.com.pe\/noticiero\/turismo\/13\/la-granja-porcon-el-centro-arqueologico-kuntur-wasi-y-la-represa-gallito-ciego-seran-promovidos\/","name":"LA GRANJA PORC\u00d3N, EL CENTRO ARQUEOL\u00d3GICO KUNTUR WASI Y LA REPRESA GALLITO CIEGO SER\u00c1N PROMOVIDOS","isPartOf":{"@id":"https:\/\/aeronoticias.com.pe\/noticiero\/#website"},"datePublished":"2009-11-17T15:12:49+00:00","author":{"@id":"https:\/\/aeronoticias.com.pe\/noticiero\/#\/schema\/person\/fc1e5d578f4b62ba1cf7ac2bba1170a0"},"description":"Portal de noticias del Per\u00fa sobre el transporte a\u00e9reo, aviaci\u00f3n, turismo, hoteleria, actualidad.","breadcrumb":{"@id":"https:\/\/aeronoticias.com.pe\/noticiero\/turismo\/13\/la-granja-porcon-el-centro-arqueologico-kuntur-wasi-y-la-represa-gallito-ciego-seran-promovidos\/#breadcrumb"},"inLanguage":"es","potentialAction":[{"@type":"ReadAction","target":["https:\/\/aeronoticias.com.pe\/noticiero\/turismo\/13\/la-granja-porcon-el-centro-arqueologico-kuntur-wasi-y-la-represa-gallito-ciego-seran-promovidos\/"]}]},{"@type":"BreadcrumbList","@id":"https:\/\/aeronoticias.com.pe\/noticiero\/turismo\/13\/la-granja-porcon-el-centro-arqueologico-kuntur-wasi-y-la-represa-gallito-ciego-seran-promovidos\/#breadcrumb","itemListElement":[{"@type":"ListItem","position":1,"name":"Portada","item":"https:\/\/aeronoticias.com.pe\/noticiero\/"},{"@type":"ListItem","position":2,"name":"LA GRANJA PORC\u00d3N, EL CENTRO ARQUEOL\u00d3GICO KUNTUR WASI Y LA REPRESA GALLITO CIEGO SER\u00c1N PROMOVIDOS"}]},{"@type":"WebSite","@id":"https:\/\/aeronoticias.com.pe\/noticiero\/#website","url":"https:\/\/aeronoticias.com.pe\/noticiero\/","name":"Aeronoticias.com.pe","description":"Noticias de tranporte aereo, turismo, hoteles, gastronomia, actualidad, internacional","potentialAction":[{"@type":"SearchAction","target":{"@type":"EntryPoint","urlTemplate":"https:\/\/aeronoticias.com.pe\/noticiero\/?s={search_term_string}"},"query-input":{"@type":"PropertyValueSpecification","valueRequired":true,"valueName":"search_term_string"}}],"inLanguage":"es"},{"@type":"Person","@id":"https:\/\/aeronoticias.com.pe\/noticiero\/#\/schema\/person\/fc1e5d578f4b62ba1cf7ac2bba1170a0","name":"Redacci\u00f3n Aeronoticias","url":"https:\/\/aeronoticias.com.pe\/noticiero\/author\/piloto\/"}]}},"_links":{"self":[{"href":"https:\/\/aeronoticias.com.pe\/noticiero\/wp-json\/wp\/v2\/posts\/6858","targetHints":{"allow":["GET"]}}],"collection":[{"href":"https:\/\/aeronoticias.com.pe\/noticiero\/wp-json\/wp\/v2\/posts"}],"about":[{"href":"https:\/\/aeronoticias.com.pe\/noticiero\/wp-json\/wp\/v2\/types\/post"}],"author":[{"embeddable":true,"href":"https:\/\/aeronoticias.com.pe\/noticiero\/wp-json\/wp\/v2\/users\/1"}],"replies":[{"embeddable":true,"href":"https:\/\/aeronoticias.com.pe\/noticiero\/wp-json\/wp\/v2\/comments?post=6858"}],"version-history":[{"count":0,"href":"https:\/\/aeronoticias.com.pe\/noticiero\/wp-json\/wp\/v2\/posts\/6858\/revisions"}],"wp:attachment":[{"href":"https:\/\/aeronoticias.com.pe\/noticiero\/wp-json\/wp\/v2\/media?parent=6858"}],"wp:term":[{"taxonomy":"category","embeddable":true,"href":"https:\/\/aeronoticias.com.pe\/noticiero\/wp-json\/wp\/v2\/categories?post=6858"},{"taxonomy":"post_tag","embeddable":true,"href":"https:\/\/aeronoticias.com.pe\/noticiero\/wp-json\/wp\/v2\/tags?post=6858"}],"curies":[{"name":"wp","href":"https:\/\/api.w.org\/{rel}","templated":true}]}}