{"id":68708,"date":"2021-01-27T18:44:00","date_gmt":"2021-01-27T23:44:00","guid":{"rendered":"https:\/\/aeronoticias.com.pe\/noticiero\/?p=68708"},"modified":"2021-01-27T19:53:56","modified_gmt":"2021-01-28T00:53:56","slug":"iberia-ya-es-duena-de-air-europa","status":"publish","type":"post","link":"https:\/\/aeronoticias.com.pe\/noticiero\/transporte-aereo\/iberia-ya-es-duena-de-air-europa\/","title":{"rendered":"Iberia ya es due\u00f1a de Air Europa"},"content":{"rendered":"\n<p><strong>(Aeronoticias)<\/strong>.- En lo que representa la operaci\u00f3n m\u00e1s importante de la historia de la aviaci\u00f3n espa\u00f1ola,\u00a0Iberia\u00a0ha logrado cerrar la compra de\u00a0Air Europa\u00a0por un valor de 500 millones de euros (unos 605 millones de d\u00f3lares), la mitad del precio inicial que se hab\u00eda fijado en 1,000 millones de euros (US$1.211 millones), suma que deber\u00e1 pagar seis a\u00f1os despu\u00e9s de completarse la operaci\u00f3n.<\/p>\n\n\n\n<p>Seg\u00fan publica Preferente.com, el consejero delegado de&nbsp;<strong>IAG, Luis Gallego<\/strong>, ha resaltado que \u201ctanto Iberia como IAG est\u00e1n demostrando su capacidad de recuperaci\u00f3n para afrontar la crisis m\u00e1s profunda en la historia de la aviaci\u00f3n. Formar parte de un gran grupo es la mejor garant\u00eda para superar los desaf\u00edos del mercado actual que tambi\u00e9n beneficiar\u00e1n a Air Europa una vez que se complete la transacci\u00f3n. Me complace que hayamos llegado a un acuerdo con&nbsp;<strong>Globalia<\/strong>&nbsp;para aplazar el pago hasta bien entrada la recuperaci\u00f3n esperada en los viajes a\u00e9reos tras el final de la pandemia y cuando esperamos estar obteniendo sinergias significativas como resultado de la transacci\u00f3n\u201d.<\/p>\n\n\n\n<p>Por su parte, el consejero delegado de Iberia,&nbsp;<strong>Javier S\u00e1nchez-Prieto<\/strong>, afirm\u00f3 que \u201cesta operaci\u00f3n tiene todo el sentido estrat\u00e9gico para reforzar la competitividad del hub de&nbsp;<strong>Madrid&nbsp;<\/strong>en un escenario global. Beneficiar\u00e1 a los consumidores y la incorporaci\u00f3n de Air Europa al Grupo Iberia mejorar\u00e1 la viabilidad de la compa\u00f1\u00eda beneficiando tanto a los empleados de Iberia como de Air Europa\u201d.<\/p>\n\n\n\n<p>Finalmente, el consejero delegado de Globalia,&nbsp;<strong>Javier Hidalgo<\/strong>, asegur\u00f3 que la transacci\u00f3n \u201csupone un gran esfuerzo de todos y es la mejor forma de recuperar el turismo, el transporte en Espa\u00f1a y el hub de Madrid\u201d.<\/p>\n\n\n\n<p>Tanto Iberia como Air Europa tienen un valor esencial para la llegada del turismo espa\u00f1ol a&nbsp;<strong>Rep\u00fablica Dominicana<\/strong>, siendo por d\u00e9cadas las principales aerol\u00edneas en la operaci\u00f3n de vuelos regulares a este destino caribe\u00f1o.<\/p>\n\n\n\n<p>IAG espera que la compra genere sinergias significativas en costos e ingresos, que \u201cse prev\u00e9 alcancen su pleno rendimiento en 2026 y generen rentabilidades atractivas sobre el capital invertido en l\u00ednea con las logradas hist\u00f3ricamente por IAG\u201d. A su vez, conf\u00eda en que contribuya positivamente a los resultados en el primer a\u00f1o completo despu\u00e9s del cierre de la operaci\u00f3n.<\/p>\n\n\n\n<p>Fuente: <strong><em>Arecoa.com<\/em><\/strong><\/p>\n","protected":false},"excerpt":{"rendered":"<p>(Aeronoticias).- En lo que representa la operaci\u00f3n m\u00e1s importante de la historia de la aviaci\u00f3n espa\u00f1ola,\u00a0Iberia\u00a0ha logrado cerrar la compra de\u00a0Air Europa\u00a0por un valor de 500 millones de euros (unos 605 millones de d\u00f3lares), la mitad del precio inicial que se hab\u00eda fijado en 1,000 millones de euros (US$1.211 millones), suma que deber\u00e1 pagar seis [&hellip;]<\/p>\n","protected":false},"author":4,"featured_media":66625,"comment_status":"open","ping_status":"open","sticky":false,"template":"","format":"standard","meta":{"tdm_status":"","tdm_grid_status":"","footnotes":""},"categories":[32,11],"tags":[286,163,268],"class_list":{"0":"post-68708","1":"post","2":"type-post","3":"status-publish","4":"format-standard","5":"has-post-thumbnail","7":"category-internacional","8":"category-transporte-aereo","9":"tag-air-europa","10":"tag-coronavirus","11":"tag-iberia"},"yoast_head":"<!-- This site is optimized with the Yoast SEO plugin v25.1 - https:\/\/yoast.com\/wordpress\/plugins\/seo\/ -->\n<title>Iberia ya es due\u00f1a de Air Europa<\/title>\n<meta name=\"description\" content=\"Portal de noticias del Per\u00fa sobre el transporte a\u00e9reo, aviaci\u00f3n, turismo, hoteleria, actualidad.\" \/>\n<meta name=\"robots\" content=\"index, follow, max-snippet:-1, max-image-preview:large, max-video-preview:-1\" \/>\n<link rel=\"canonical\" href=\"https:\/\/aeronoticias.com.pe\/noticiero\/transporte-aereo\/iberia-ya-es-duena-de-air-europa\/\" \/>\n<meta property=\"og:locale\" content=\"es_ES\" \/>\n<meta property=\"og:type\" content=\"article\" \/>\n<meta property=\"og:title\" content=\"Iberia ya es due\u00f1a de Air Europa\" \/>\n<meta property=\"og:description\" content=\"Portal de noticias del Per\u00fa sobre el transporte a\u00e9reo, aviaci\u00f3n, turismo, hoteleria, actualidad.\" \/>\n<meta property=\"og:url\" content=\"https:\/\/aeronoticias.com.pe\/noticiero\/transporte-aereo\/iberia-ya-es-duena-de-air-europa\/\" \/>\n<meta property=\"og:site_name\" content=\"Aeronoticias.com.pe\" \/>\n<meta property=\"article:publisher\" content=\"https:\/\/www.facebook.com\/Aeronoticias.com.pe\/\" \/>\n<meta property=\"article:published_time\" content=\"2021-01-27T23:44:00+00:00\" \/>\n<meta property=\"article:modified_time\" content=\"2021-01-28T00:53:56+00:00\" \/>\n<meta property=\"og:image\" content=\"https:\/\/aeronoticias.com.pe\/noticiero\/wp-content\/uploads\/2019\/06\/iberia.jpg\" \/>\n\t<meta property=\"og:image:width\" content=\"846\" \/>\n\t<meta property=\"og:image:height\" content=\"551\" \/>\n\t<meta property=\"og:image:type\" content=\"image\/jpeg\" \/>\n<meta name=\"author\" content=\"Jefrey Cuya\" \/>\n<meta name=\"twitter:card\" content=\"summary_large_image\" \/>\n<meta name=\"twitter:creator\" content=\"@aeronoticias\" \/>\n<meta name=\"twitter:site\" content=\"@aeronoticias\" \/>\n<meta name=\"twitter:label1\" content=\"Escrito por\" \/>\n\t<meta name=\"twitter:data1\" content=\"Jefrey Cuya\" \/>\n\t<meta name=\"twitter:label2\" content=\"Tiempo de lectura\" \/>\n\t<meta name=\"twitter:data2\" content=\"2 minutos\" \/>\n<script type=\"application\/ld+json\" class=\"yoast-schema-graph\">{\"@context\":\"https:\/\/schema.org\",\"@graph\":[{\"@type\":\"WebPage\",\"@id\":\"https:\/\/aeronoticias.com.pe\/noticiero\/transporte-aereo\/iberia-ya-es-duena-de-air-europa\/\",\"url\":\"https:\/\/aeronoticias.com.pe\/noticiero\/transporte-aereo\/iberia-ya-es-duena-de-air-europa\/\",\"name\":\"Iberia ya es due\u00f1a de Air Europa\",\"isPartOf\":{\"@id\":\"https:\/\/aeronoticias.com.pe\/noticiero\/#website\"},\"primaryImageOfPage\":{\"@id\":\"https:\/\/aeronoticias.com.pe\/noticiero\/transporte-aereo\/iberia-ya-es-duena-de-air-europa\/#primaryimage\"},\"image\":{\"@id\":\"https:\/\/aeronoticias.com.pe\/noticiero\/transporte-aereo\/iberia-ya-es-duena-de-air-europa\/#primaryimage\"},\"thumbnailUrl\":\"https:\/\/aeronoticias.com.pe\/noticiero\/wp-content\/uploads\/2019\/06\/iberia.jpg\",\"datePublished\":\"2021-01-27T23:44:00+00:00\",\"dateModified\":\"2021-01-28T00:53:56+00:00\",\"author\":{\"@id\":\"https:\/\/aeronoticias.com.pe\/noticiero\/#\/schema\/person\/9ef7422a13b22ab480ffc29639f442b0\"},\"description\":\"Portal de noticias del Per\u00fa sobre el transporte a\u00e9reo, aviaci\u00f3n, turismo, hoteleria, actualidad.\",\"breadcrumb\":{\"@id\":\"https:\/\/aeronoticias.com.pe\/noticiero\/transporte-aereo\/iberia-ya-es-duena-de-air-europa\/#breadcrumb\"},\"inLanguage\":\"es\",\"potentialAction\":[{\"@type\":\"ReadAction\",\"target\":[\"https:\/\/aeronoticias.com.pe\/noticiero\/transporte-aereo\/iberia-ya-es-duena-de-air-europa\/\"]}]},{\"@type\":\"ImageObject\",\"inLanguage\":\"es\",\"@id\":\"https:\/\/aeronoticias.com.pe\/noticiero\/transporte-aereo\/iberia-ya-es-duena-de-air-europa\/#primaryimage\",\"url\":\"https:\/\/aeronoticias.com.pe\/noticiero\/wp-content\/uploads\/2019\/06\/iberia.jpg\",\"contentUrl\":\"https:\/\/aeronoticias.com.pe\/noticiero\/wp-content\/uploads\/2019\/06\/iberia.jpg\",\"width\":846,\"height\":551},{\"@type\":\"BreadcrumbList\",\"@id\":\"https:\/\/aeronoticias.com.pe\/noticiero\/transporte-aereo\/iberia-ya-es-duena-de-air-europa\/#breadcrumb\",\"itemListElement\":[{\"@type\":\"ListItem\",\"position\":1,\"name\":\"Portada\",\"item\":\"https:\/\/aeronoticias.com.pe\/noticiero\/\"},{\"@type\":\"ListItem\",\"position\":2,\"name\":\"Iberia ya es due\u00f1a de Air Europa\"}]},{\"@type\":\"WebSite\",\"@id\":\"https:\/\/aeronoticias.com.pe\/noticiero\/#website\",\"url\":\"https:\/\/aeronoticias.com.pe\/noticiero\/\",\"name\":\"Aeronoticias.com.pe\",\"description\":\"Noticias de tranporte aereo, turismo, hoteles, gastronomia, actualidad, internacional\",\"potentialAction\":[{\"@type\":\"SearchAction\",\"target\":{\"@type\":\"EntryPoint\",\"urlTemplate\":\"https:\/\/aeronoticias.com.pe\/noticiero\/?s={search_term_string}\"},\"query-input\":{\"@type\":\"PropertyValueSpecification\",\"valueRequired\":true,\"valueName\":\"search_term_string\"}}],\"inLanguage\":\"es\"},{\"@type\":\"Person\",\"@id\":\"https:\/\/aeronoticias.com.pe\/noticiero\/#\/schema\/person\/9ef7422a13b22ab480ffc29639f442b0\",\"name\":\"Jefrey Cuya\",\"url\":\"https:\/\/aeronoticias.com.pe\/noticiero\/author\/jefreycuya\/\"}]}<\/script>\n<!-- \/ Yoast SEO plugin. -->","yoast_head_json":{"title":"Iberia ya es due\u00f1a de Air Europa","description":"Portal de noticias del Per\u00fa sobre el transporte a\u00e9reo, aviaci\u00f3n, turismo, hoteleria, actualidad.","robots":{"index":"index","follow":"follow","max-snippet":"max-snippet:-1","max-image-preview":"max-image-preview:large","max-video-preview":"max-video-preview:-1"},"canonical":"https:\/\/aeronoticias.com.pe\/noticiero\/transporte-aereo\/iberia-ya-es-duena-de-air-europa\/","og_locale":"es_ES","og_type":"article","og_title":"Iberia ya es due\u00f1a de Air Europa","og_description":"Portal de noticias del Per\u00fa sobre el transporte a\u00e9reo, aviaci\u00f3n, turismo, hoteleria, actualidad.","og_url":"https:\/\/aeronoticias.com.pe\/noticiero\/transporte-aereo\/iberia-ya-es-duena-de-air-europa\/","og_site_name":"Aeronoticias.com.pe","article_publisher":"https:\/\/www.facebook.com\/Aeronoticias.com.pe\/","article_published_time":"2021-01-27T23:44:00+00:00","article_modified_time":"2021-01-28T00:53:56+00:00","og_image":[{"width":846,"height":551,"url":"https:\/\/aeronoticias.com.pe\/noticiero\/wp-content\/uploads\/2019\/06\/iberia.jpg","type":"image\/jpeg"}],"author":"Jefrey Cuya","twitter_card":"summary_large_image","twitter_creator":"@aeronoticias","twitter_site":"@aeronoticias","twitter_misc":{"Escrito por":"Jefrey Cuya","Tiempo de lectura":"2 minutos"},"schema":{"@context":"https:\/\/schema.org","@graph":[{"@type":"WebPage","@id":"https:\/\/aeronoticias.com.pe\/noticiero\/transporte-aereo\/iberia-ya-es-duena-de-air-europa\/","url":"https:\/\/aeronoticias.com.pe\/noticiero\/transporte-aereo\/iberia-ya-es-duena-de-air-europa\/","name":"Iberia ya es due\u00f1a de Air Europa","isPartOf":{"@id":"https:\/\/aeronoticias.com.pe\/noticiero\/#website"},"primaryImageOfPage":{"@id":"https:\/\/aeronoticias.com.pe\/noticiero\/transporte-aereo\/iberia-ya-es-duena-de-air-europa\/#primaryimage"},"image":{"@id":"https:\/\/aeronoticias.com.pe\/noticiero\/transporte-aereo\/iberia-ya-es-duena-de-air-europa\/#primaryimage"},"thumbnailUrl":"https:\/\/aeronoticias.com.pe\/noticiero\/wp-content\/uploads\/2019\/06\/iberia.jpg","datePublished":"2021-01-27T23:44:00+00:00","dateModified":"2021-01-28T00:53:56+00:00","author":{"@id":"https:\/\/aeronoticias.com.pe\/noticiero\/#\/schema\/person\/9ef7422a13b22ab480ffc29639f442b0"},"description":"Portal de noticias del Per\u00fa sobre el transporte a\u00e9reo, aviaci\u00f3n, turismo, hoteleria, actualidad.","breadcrumb":{"@id":"https:\/\/aeronoticias.com.pe\/noticiero\/transporte-aereo\/iberia-ya-es-duena-de-air-europa\/#breadcrumb"},"inLanguage":"es","potentialAction":[{"@type":"ReadAction","target":["https:\/\/aeronoticias.com.pe\/noticiero\/transporte-aereo\/iberia-ya-es-duena-de-air-europa\/"]}]},{"@type":"ImageObject","inLanguage":"es","@id":"https:\/\/aeronoticias.com.pe\/noticiero\/transporte-aereo\/iberia-ya-es-duena-de-air-europa\/#primaryimage","url":"https:\/\/aeronoticias.com.pe\/noticiero\/wp-content\/uploads\/2019\/06\/iberia.jpg","contentUrl":"https:\/\/aeronoticias.com.pe\/noticiero\/wp-content\/uploads\/2019\/06\/iberia.jpg","width":846,"height":551},{"@type":"BreadcrumbList","@id":"https:\/\/aeronoticias.com.pe\/noticiero\/transporte-aereo\/iberia-ya-es-duena-de-air-europa\/#breadcrumb","itemListElement":[{"@type":"ListItem","position":1,"name":"Portada","item":"https:\/\/aeronoticias.com.pe\/noticiero\/"},{"@type":"ListItem","position":2,"name":"Iberia ya es due\u00f1a de Air Europa"}]},{"@type":"WebSite","@id":"https:\/\/aeronoticias.com.pe\/noticiero\/#website","url":"https:\/\/aeronoticias.com.pe\/noticiero\/","name":"Aeronoticias.com.pe","description":"Noticias de tranporte aereo, turismo, hoteles, gastronomia, actualidad, internacional","potentialAction":[{"@type":"SearchAction","target":{"@type":"EntryPoint","urlTemplate":"https:\/\/aeronoticias.com.pe\/noticiero\/?s={search_term_string}"},"query-input":{"@type":"PropertyValueSpecification","valueRequired":true,"valueName":"search_term_string"}}],"inLanguage":"es"},{"@type":"Person","@id":"https:\/\/aeronoticias.com.pe\/noticiero\/#\/schema\/person\/9ef7422a13b22ab480ffc29639f442b0","name":"Jefrey Cuya","url":"https:\/\/aeronoticias.com.pe\/noticiero\/author\/jefreycuya\/"}]}},"_links":{"self":[{"href":"https:\/\/aeronoticias.com.pe\/noticiero\/wp-json\/wp\/v2\/posts\/68708","targetHints":{"allow":["GET"]}}],"collection":[{"href":"https:\/\/aeronoticias.com.pe\/noticiero\/wp-json\/wp\/v2\/posts"}],"about":[{"href":"https:\/\/aeronoticias.com.pe\/noticiero\/wp-json\/wp\/v2\/types\/post"}],"author":[{"embeddable":true,"href":"https:\/\/aeronoticias.com.pe\/noticiero\/wp-json\/wp\/v2\/users\/4"}],"replies":[{"embeddable":true,"href":"https:\/\/aeronoticias.com.pe\/noticiero\/wp-json\/wp\/v2\/comments?post=68708"}],"version-history":[{"count":0,"href":"https:\/\/aeronoticias.com.pe\/noticiero\/wp-json\/wp\/v2\/posts\/68708\/revisions"}],"wp:featuredmedia":[{"embeddable":true,"href":"https:\/\/aeronoticias.com.pe\/noticiero\/wp-json\/wp\/v2\/media\/66625"}],"wp:attachment":[{"href":"https:\/\/aeronoticias.com.pe\/noticiero\/wp-json\/wp\/v2\/media?parent=68708"}],"wp:term":[{"taxonomy":"category","embeddable":true,"href":"https:\/\/aeronoticias.com.pe\/noticiero\/wp-json\/wp\/v2\/categories?post=68708"},{"taxonomy":"post_tag","embeddable":true,"href":"https:\/\/aeronoticias.com.pe\/noticiero\/wp-json\/wp\/v2\/tags?post=68708"}],"curies":[{"name":"wp","href":"https:\/\/api.w.org\/{rel}","templated":true}]}}