{"id":6882,"date":"2009-11-18T14:32:47","date_gmt":"2009-11-18T14:32:47","guid":{"rendered":"http:\/\/desarrollo.mcvicious.com\/aero2020\/2009\/11\/18\/la-temperatura-global-se-incrementara-6-grados-a-finales-de-este-siglo\/"},"modified":"2009-11-18T14:32:47","modified_gmt":"2009-11-18T14:32:47","slug":"la-temperatura-global-se-incrementara-6-grados-a-finales-de-este-siglo","status":"publish","type":"post","link":"https:\/\/aeronoticias.com.pe\/noticiero\/ultimas\/1\/la-temperatura-global-se-incrementara-6-grados-a-finales-de-este-siglo\/","title":{"rendered":"La temperatura global se incrementar\u00e1 6 grados a finales de este siglo"},"content":{"rendered":"<div style=\"text-align: justify\">Un nuevo estudio, el m\u00e1s amplio realizado hasta la fecha, asegur\u00f3 que la temperatura se incrementar\u00e1 por el aumento de las emisiones de CO2 y la capacidad de la Tierra para absorber los gases. Los cient\u00edficos pidieron una acci\u00f3n urgente.\u00a0Los cient\u00edficos aseguraron que las emisiones de CO2 aumentaron en un 29% en la \u00faltima d\u00e9cada y piden una acci\u00f3n urgente por parte de los dirigentes en la negociaciones sobre el clima de la ONU en Copenhague. Es neceario reducir dr\u00e1sticamente las emisiones con el fin de evitar un cambio clim\u00e1tico peligroso.<\/div>\n<div style=\"text-align: justify\"><\/div>\n<div style=\"text-align: justify\">Seg\u00fan el diario El Mundo, el informe se produce pocos d\u00edas despu\u00e9s de que el presidente de EEUU, Barack Obama, y su hom\u00f3logo chino, Hu Jintao, acordar\u00e1n no reducir las emisiones, pero s\u00ed buscar soluciones. Una respuesta muy pobre teniendo en cuenta la grave situaci\u00f3n por la que pasa el planeta.\u00a0\u00abLas tendencias globales demuestran que se incrementar\u00e1 6 grados la temperatura. Un valor muy por encima de los dos grados que deber\u00edan ser. Por tanto, se exige que las emisiones de CO2 mundiales per capita se reduzcan una tonelada en 2050. En la actualidad un ciuadano estadounidense emite 19,9 toneladas al a\u00f1o y un brit\u00e1nico 9,3\u00bb, explica Corinne Le Qu\u00e9r\u00e9, de la Universidad de East Anglia, quien dirigi\u00f3 el estudio.<\/div>\n<div style=\"text-align: justify\">\n<div style=\"text-align: center\"><img decoding=\"async\" src=\"images\/stories\/09\/11\/181109\/temperatura.jpg\" border=\"0\" alt=\"LA TEMPERATURA GLOBAL SE INCREMENTAR\u00c1 6 GRADOS A FINALES DE ESTE SIGLO \" title=\"LA TEMPERATURA GLOBAL SE INCREMENTAR\u00c1 6 GRADOS A FINALES DE ESTE SIGLO \" \/><\/div>\n<\/div>\n<div style=\"text-align: justify\">El trabajo de Le Qu\u00e9r\u00e9, que forma parte del proyecto Global Carbon Project, muestra que las emisiones de CO2 procedentes de la quema de combustibles f\u00f3siles han aumentado un promedio de 3,4% anual entre 2000 y 2008 en comparaci\u00f3n con el 1% del decenio de 1990.\u00a0A pesar de la desaceleraci\u00f3n econ\u00f3mica mundial, las emisiones aumentaron un 2% en 2008. La gran mayor\u00eda de este incremento procede de China y la India, aunque una cuarta parte de sus emisiones son el resultado directo del comercio con Occidente. En los \u00faltimos a\u00f1os, el uso mundial de carb\u00f3n tambi\u00e9n super\u00f3 al del petr\u00f3leo.<\/div>\n<div style=\"text-align: justify\"><\/div>\n<div style=\"text-align: justify\">Para Le Qu\u00e9r\u00e9, la cumbre de Copenhague es la \u00faltima oportunidad de llegar a un acuerdo global que podr\u00eda reducir las emisiones de di\u00f3xido de carbono en un curso de tiempo suficiente para que el incremento de la temperatura no llegue a esos seis grados. \u00abLa conferencia de Copenhague del pr\u00f3ximo mes en mi opini\u00f3n es la \u00faltima oportunidad de estabilizar el clima y la temperatura por encima de los niveles preindustriales en un modo suave y organizado\u00bb, dijo.<\/div>\n<div style=\"text-align: justify\"><\/div>\n<div style=\"text-align: justify\">Si el aumento de dos grados ya se considera peligroso, es evidente que un aumento de seis grados en la temperatura global es muy grave, escribe Michael McCarthy.\u00a0Su veredicto fue que un aumento de las temperaturas de esta magnitud \u00abcatapultar\u00eda al planeta en un estado extremo de efecto invernadero que no se ha visto desde hace 100 millones de a\u00f1os, cuando los dinosaurios pastaban en selvas tropicales y desiertos polares en el coraz\u00f3n de Europa\u00bb.<\/div>\n<div style=\"text-align: justify\"><\/div>\n<div style=\"text-align: justify\"><strong>Aeronoticias<\/strong> considera que hay dos factores importantes en la configuraci\u00f3n de accion del ecosistema de nuestro planeta, el primero y mas mort\u00edfero de todos, la contaminaci\u00f3n ambiental y la cultura de preservaci\u00f3n que avanza lentamente. Es vital y absolutamente necesario a nuestro entender que la instauraci\u00f3n una pol\u00edtica \u201cverde\u201d de preservaci\u00f3n del \u00fanico ecosistema conocido en el que podemos vivir \u2013la tierra- porque no existe hasta el momento habitats \u201calternativos\u201d para la humanidad, y segundo, el factor de cambio clim\u00e1tico que existi\u00f3 en la tierra desde que se form\u00f3 que dicta que el cambio siempre es constante, como todo ser vivo evoluciona y muta de configuraci\u00f3n cada cierto tiempo, por lo que es necesario poner de nuestra parte y hacer todo lo que este a nuestro alcance para lograr avanzar un poco mas en el cuidado de nuestro planeta, el \u00fanico que tenemos.<\/div>\n<div style=\"text-align: justify\"><\/div>\n","protected":false},"excerpt":{"rendered":"<p>Un nuevo estudio, el m\u00e1s amplio realizado hasta la fecha, asegur\u00f3 que la temperatura se incrementar\u00e1 por el aumento de las emisiones de CO2 y la capacidad de la Tierra para absorber los gases. Los cient\u00edficos pidieron una acci\u00f3n urgente.\u00a0Los cient\u00edficos aseguraron que las emisiones de CO2 aumentaron en un 29% en la \u00faltima d\u00e9cada [&hellip;]<\/p>\n","protected":false},"author":1,"featured_media":0,"comment_status":"open","ping_status":"open","sticky":false,"template":"","format":"standard","meta":{"tdm_status":"","tdm_grid_status":"","footnotes":""},"categories":[30],"tags":[],"class_list":{"0":"post-6882","1":"post","2":"type-post","3":"status-publish","4":"format-standard","6":"category-30"},"yoast_head":"<!-- This site is optimized with the Yoast SEO plugin v25.1 - https:\/\/yoast.com\/wordpress\/plugins\/seo\/ -->\n<title>La temperatura global se incrementar\u00e1 6 grados a finales de este siglo<\/title>\n<meta name=\"description\" content=\"Portal de noticias del Per\u00fa sobre el transporte a\u00e9reo, aviaci\u00f3n, turismo, hoteleria, actualidad.\" \/>\n<meta name=\"robots\" content=\"index, follow, max-snippet:-1, max-image-preview:large, max-video-preview:-1\" \/>\n<link rel=\"canonical\" href=\"https:\/\/aeronoticias.com.pe\/noticiero\/ultimas\/1\/la-temperatura-global-se-incrementara-6-grados-a-finales-de-este-siglo\/\" \/>\n<meta property=\"og:locale\" content=\"es_ES\" \/>\n<meta property=\"og:type\" content=\"article\" \/>\n<meta property=\"og:title\" content=\"La temperatura global se incrementar\u00e1 6 grados a finales de este siglo\" \/>\n<meta property=\"og:description\" content=\"Portal de noticias del Per\u00fa sobre el transporte a\u00e9reo, aviaci\u00f3n, turismo, hoteleria, actualidad.\" \/>\n<meta property=\"og:url\" content=\"https:\/\/aeronoticias.com.pe\/noticiero\/ultimas\/1\/la-temperatura-global-se-incrementara-6-grados-a-finales-de-este-siglo\/\" \/>\n<meta property=\"og:site_name\" content=\"Aeronoticias.com.pe\" \/>\n<meta property=\"article:publisher\" content=\"https:\/\/www.facebook.com\/Aeronoticias.com.pe\/\" \/>\n<meta property=\"article:published_time\" content=\"2009-11-18T14:32:47+00:00\" \/>\n<meta name=\"author\" content=\"Redacci\u00f3n Aeronoticias\" \/>\n<meta name=\"twitter:card\" content=\"summary_large_image\" \/>\n<meta name=\"twitter:creator\" content=\"@aeronoticias\" \/>\n<meta name=\"twitter:site\" content=\"@aeronoticias\" \/>\n<meta name=\"twitter:label1\" content=\"Escrito por\" \/>\n\t<meta name=\"twitter:data1\" content=\"Redacci\u00f3n Aeronoticias\" \/>\n\t<meta name=\"twitter:label2\" content=\"Tiempo de lectura\" \/>\n\t<meta name=\"twitter:data2\" content=\"3 minutos\" \/>\n<script type=\"application\/ld+json\" class=\"yoast-schema-graph\">{\"@context\":\"https:\/\/schema.org\",\"@graph\":[{\"@type\":\"WebPage\",\"@id\":\"https:\/\/aeronoticias.com.pe\/noticiero\/ultimas\/1\/la-temperatura-global-se-incrementara-6-grados-a-finales-de-este-siglo\/\",\"url\":\"https:\/\/aeronoticias.com.pe\/noticiero\/ultimas\/1\/la-temperatura-global-se-incrementara-6-grados-a-finales-de-este-siglo\/\",\"name\":\"La temperatura global se incrementar\u00e1 6 grados a finales de este siglo\",\"isPartOf\":{\"@id\":\"https:\/\/aeronoticias.com.pe\/noticiero\/#website\"},\"datePublished\":\"2009-11-18T14:32:47+00:00\",\"author\":{\"@id\":\"https:\/\/aeronoticias.com.pe\/noticiero\/#\/schema\/person\/fc1e5d578f4b62ba1cf7ac2bba1170a0\"},\"description\":\"Portal de noticias del Per\u00fa sobre el transporte a\u00e9reo, aviaci\u00f3n, turismo, hoteleria, actualidad.\",\"breadcrumb\":{\"@id\":\"https:\/\/aeronoticias.com.pe\/noticiero\/ultimas\/1\/la-temperatura-global-se-incrementara-6-grados-a-finales-de-este-siglo\/#breadcrumb\"},\"inLanguage\":\"es\",\"potentialAction\":[{\"@type\":\"ReadAction\",\"target\":[\"https:\/\/aeronoticias.com.pe\/noticiero\/ultimas\/1\/la-temperatura-global-se-incrementara-6-grados-a-finales-de-este-siglo\/\"]}]},{\"@type\":\"BreadcrumbList\",\"@id\":\"https:\/\/aeronoticias.com.pe\/noticiero\/ultimas\/1\/la-temperatura-global-se-incrementara-6-grados-a-finales-de-este-siglo\/#breadcrumb\",\"itemListElement\":[{\"@type\":\"ListItem\",\"position\":1,\"name\":\"Portada\",\"item\":\"https:\/\/aeronoticias.com.pe\/noticiero\/\"},{\"@type\":\"ListItem\",\"position\":2,\"name\":\"La temperatura global se incrementar\u00e1 6 grados a finales de este siglo\"}]},{\"@type\":\"WebSite\",\"@id\":\"https:\/\/aeronoticias.com.pe\/noticiero\/#website\",\"url\":\"https:\/\/aeronoticias.com.pe\/noticiero\/\",\"name\":\"Aeronoticias.com.pe\",\"description\":\"Noticias de tranporte aereo, turismo, hoteles, gastronomia, actualidad, internacional\",\"potentialAction\":[{\"@type\":\"SearchAction\",\"target\":{\"@type\":\"EntryPoint\",\"urlTemplate\":\"https:\/\/aeronoticias.com.pe\/noticiero\/?s={search_term_string}\"},\"query-input\":{\"@type\":\"PropertyValueSpecification\",\"valueRequired\":true,\"valueName\":\"search_term_string\"}}],\"inLanguage\":\"es\"},{\"@type\":\"Person\",\"@id\":\"https:\/\/aeronoticias.com.pe\/noticiero\/#\/schema\/person\/fc1e5d578f4b62ba1cf7ac2bba1170a0\",\"name\":\"Redacci\u00f3n Aeronoticias\",\"url\":\"https:\/\/aeronoticias.com.pe\/noticiero\/author\/piloto\/\"}]}<\/script>\n<!-- \/ Yoast SEO plugin. -->","yoast_head_json":{"title":"La temperatura global se incrementar\u00e1 6 grados a finales de este siglo","description":"Portal de noticias del Per\u00fa sobre el transporte a\u00e9reo, aviaci\u00f3n, turismo, hoteleria, actualidad.","robots":{"index":"index","follow":"follow","max-snippet":"max-snippet:-1","max-image-preview":"max-image-preview:large","max-video-preview":"max-video-preview:-1"},"canonical":"https:\/\/aeronoticias.com.pe\/noticiero\/ultimas\/1\/la-temperatura-global-se-incrementara-6-grados-a-finales-de-este-siglo\/","og_locale":"es_ES","og_type":"article","og_title":"La temperatura global se incrementar\u00e1 6 grados a finales de este siglo","og_description":"Portal de noticias del Per\u00fa sobre el transporte a\u00e9reo, aviaci\u00f3n, turismo, hoteleria, actualidad.","og_url":"https:\/\/aeronoticias.com.pe\/noticiero\/ultimas\/1\/la-temperatura-global-se-incrementara-6-grados-a-finales-de-este-siglo\/","og_site_name":"Aeronoticias.com.pe","article_publisher":"https:\/\/www.facebook.com\/Aeronoticias.com.pe\/","article_published_time":"2009-11-18T14:32:47+00:00","author":"Redacci\u00f3n Aeronoticias","twitter_card":"summary_large_image","twitter_creator":"@aeronoticias","twitter_site":"@aeronoticias","twitter_misc":{"Escrito por":"Redacci\u00f3n Aeronoticias","Tiempo de lectura":"3 minutos"},"schema":{"@context":"https:\/\/schema.org","@graph":[{"@type":"WebPage","@id":"https:\/\/aeronoticias.com.pe\/noticiero\/ultimas\/1\/la-temperatura-global-se-incrementara-6-grados-a-finales-de-este-siglo\/","url":"https:\/\/aeronoticias.com.pe\/noticiero\/ultimas\/1\/la-temperatura-global-se-incrementara-6-grados-a-finales-de-este-siglo\/","name":"La temperatura global se incrementar\u00e1 6 grados a finales de este siglo","isPartOf":{"@id":"https:\/\/aeronoticias.com.pe\/noticiero\/#website"},"datePublished":"2009-11-18T14:32:47+00:00","author":{"@id":"https:\/\/aeronoticias.com.pe\/noticiero\/#\/schema\/person\/fc1e5d578f4b62ba1cf7ac2bba1170a0"},"description":"Portal de noticias del Per\u00fa sobre el transporte a\u00e9reo, aviaci\u00f3n, turismo, hoteleria, actualidad.","breadcrumb":{"@id":"https:\/\/aeronoticias.com.pe\/noticiero\/ultimas\/1\/la-temperatura-global-se-incrementara-6-grados-a-finales-de-este-siglo\/#breadcrumb"},"inLanguage":"es","potentialAction":[{"@type":"ReadAction","target":["https:\/\/aeronoticias.com.pe\/noticiero\/ultimas\/1\/la-temperatura-global-se-incrementara-6-grados-a-finales-de-este-siglo\/"]}]},{"@type":"BreadcrumbList","@id":"https:\/\/aeronoticias.com.pe\/noticiero\/ultimas\/1\/la-temperatura-global-se-incrementara-6-grados-a-finales-de-este-siglo\/#breadcrumb","itemListElement":[{"@type":"ListItem","position":1,"name":"Portada","item":"https:\/\/aeronoticias.com.pe\/noticiero\/"},{"@type":"ListItem","position":2,"name":"La temperatura global se incrementar\u00e1 6 grados a finales de este siglo"}]},{"@type":"WebSite","@id":"https:\/\/aeronoticias.com.pe\/noticiero\/#website","url":"https:\/\/aeronoticias.com.pe\/noticiero\/","name":"Aeronoticias.com.pe","description":"Noticias de tranporte aereo, turismo, hoteles, gastronomia, actualidad, internacional","potentialAction":[{"@type":"SearchAction","target":{"@type":"EntryPoint","urlTemplate":"https:\/\/aeronoticias.com.pe\/noticiero\/?s={search_term_string}"},"query-input":{"@type":"PropertyValueSpecification","valueRequired":true,"valueName":"search_term_string"}}],"inLanguage":"es"},{"@type":"Person","@id":"https:\/\/aeronoticias.com.pe\/noticiero\/#\/schema\/person\/fc1e5d578f4b62ba1cf7ac2bba1170a0","name":"Redacci\u00f3n Aeronoticias","url":"https:\/\/aeronoticias.com.pe\/noticiero\/author\/piloto\/"}]}},"_links":{"self":[{"href":"https:\/\/aeronoticias.com.pe\/noticiero\/wp-json\/wp\/v2\/posts\/6882","targetHints":{"allow":["GET"]}}],"collection":[{"href":"https:\/\/aeronoticias.com.pe\/noticiero\/wp-json\/wp\/v2\/posts"}],"about":[{"href":"https:\/\/aeronoticias.com.pe\/noticiero\/wp-json\/wp\/v2\/types\/post"}],"author":[{"embeddable":true,"href":"https:\/\/aeronoticias.com.pe\/noticiero\/wp-json\/wp\/v2\/users\/1"}],"replies":[{"embeddable":true,"href":"https:\/\/aeronoticias.com.pe\/noticiero\/wp-json\/wp\/v2\/comments?post=6882"}],"version-history":[{"count":0,"href":"https:\/\/aeronoticias.com.pe\/noticiero\/wp-json\/wp\/v2\/posts\/6882\/revisions"}],"wp:attachment":[{"href":"https:\/\/aeronoticias.com.pe\/noticiero\/wp-json\/wp\/v2\/media?parent=6882"}],"wp:term":[{"taxonomy":"category","embeddable":true,"href":"https:\/\/aeronoticias.com.pe\/noticiero\/wp-json\/wp\/v2\/categories?post=6882"},{"taxonomy":"post_tag","embeddable":true,"href":"https:\/\/aeronoticias.com.pe\/noticiero\/wp-json\/wp\/v2\/tags?post=6882"}],"curies":[{"name":"wp","href":"https:\/\/api.w.org\/{rel}","templated":true}]}}