{"id":6884,"date":"2009-11-18T14:34:10","date_gmt":"2009-11-18T14:34:10","guid":{"rendered":"http:\/\/desarrollo.mcvicious.com\/aero2020\/2009\/11\/18\/barack-obama-camino-por-la-gran-muralla-y-se-reunio-con-el-primer-ministro-chino\/"},"modified":"2009-11-18T14:34:10","modified_gmt":"2009-11-18T14:34:10","slug":"barack-obama-camino-por-la-gran-muralla-y-se-reunio-con-el-primer-ministro-chino","status":"publish","type":"post","link":"https:\/\/aeronoticias.com.pe\/noticiero\/internacionales\/barack-obama-camino-por-la-gran-muralla-y-se-reunio-con-el-primer-ministro-chino\/","title":{"rendered":"Barack Obama camin\u00f3 por la gran muralla y se reuni\u00f3 con el primer ministro Chino"},"content":{"rendered":"<div align=\"justify\">El presidente de Estados Unidos camin\u00f3 hoy por la Gran Muralla China y se reuni\u00f3 con el primer ministro Wen Jiabao, quien le dijo que su pa\u00eds no busca un super\u00e1vit comercial con EEUU y quiere equilibrar los flujos de productos entre ambas potencias.\u00a0La visita a la Gran Muralla y la reuni\u00f3n con Wen fueron las \u00faltimas actividades oficiales de Obama en China antes de partir a Corea del Sur para su primera visita a este pa\u00eds y para cerrar su gira de una semana por Asia, que comenz\u00f3 el viernes pasado y lo llev\u00f3 adem\u00e1s a Jap\u00f3n y Singapur.<\/div>\n<div style=\"text-align: justify\"><\/div>\n<div align=\"justify\" style=\"text-align: justify\">Wen Jiabao ostenta el tercer cargo m\u00e1s alto de China y es el responsable de la econom\u00eda del pa\u00eds, por lo que el centro de sus conversaciones con Obama fueron las disputas comerciales.\u00a0Washington est\u00e1 preocupado por el enorme desequilibrio en su balanza comercial y acusa a China de mantener su moneda, el yuan, artificialmente d\u00e9bil para favorecer las exportaciones.\u00a0Beijing objeta las tarifas estadounidenses a las importaciones chinas, incluyendo el acero y los neum\u00e1ticos para autom\u00f3viles.<\/div>\n<div style=\"text-align: justify\">\n<div style=\"text-align: center\"><img decoding=\"async\" src=\"images\/stories\/09\/11\/181109\/obama.jpg\" border=\"0\" alt=\"BARACK OBAMA CAMIN\u00d3 POR LA GRAN MURALLA Y SE REUNI\u00d3 CON EL PRIMER MINISTRO CHINO\" title=\"BARACK OBAMA CAMIN\u00d3 POR LA GRAN MURALLA Y SE REUNI\u00d3 CON EL PRIMER MINISTRO CHINO\" \/><\/div>\n<\/div>\n<div align=\"justify\" style=\"text-align: justify\">Pero Wen dijo a Obama que China \u00abno busca un super\u00e1vit comercial con Estados Unidos\u00bb y que el gobierno comunista quiere \u00abalentar un equilibrio sostenido del comercio bilateral\u00bb, seg\u00fan un comunicado difundido por la Canciller\u00eda china y citado por la cadena CNN.\u00a0\u00abUn comercio global animado y las inversiones ayudar\u00e1n a superar la crisis financiera internacional y a acelerar la recuperaci\u00f3n econ\u00f3mica\u00bb, dijo el premier chino, quien adem\u00e1s urgi\u00f3 a ambos pa\u00edses a \u00aboponerse juntos al proteccionismo\u00bb.<\/div>\n<div style=\"text-align: justify\"><\/div>\n<div align=\"justify\" style=\"text-align: justify\">El comunicado no mencion\u00f3 la disputa por el valor del yuan.\u00a0Los comentarios p\u00fablicos conciliadores de Wen y una editorial de la prensa oficial china con elogios a Obama cerraron con un tono cautelosamente optimista una visita de cuatro d\u00edas del presidente a China que expuso tanto puntos en com\u00fan como diferencias.\u00a0\u00abLa percepci\u00f3n de China por parte de Occidente cambi\u00f3 de forma gradual, y un giro positivo ocurri\u00f3 al decir Obama m\u00e1s de una vez durante su gira por Asia que Estados Unidos no buscar\u00e1 contener el crecimiento de China y que le da la bienvenida como un socio fuerte y pr\u00f3spero\u00bb, escribi\u00f3 la agencia de noticias china Xinhua.<\/div>\n<div style=\"text-align: justify\"><\/div>\n<div align=\"justify\" style=\"text-align: justify\">Las palabras de Obama \u00abforjaron un buen punto de partida para m\u00e1s relaciones chino-estadounidenses\u00bb, agreg\u00f3 el medio estatal.\u00a0Luego de reunirse con Wen, Obama camin\u00f3 por la Gran Muralla China, una maravilla creada por el hombre que hizo reflexionar al presidente sobre el paso del tiempo y la vastedad de la historia.\u00a0\u00abEs m\u00e1gico\u00bb, dijo Obama cuando descend\u00eda una rampa solo, con sus manos metidas en los bolsillos de una campera para soportar mejor un mordaz viento fr\u00edo.\u00a0\u00abTe recuerda el curso de la historia y que nuestro tiempo aqu\u00ed sobre la Tierra no es tan largo. Mejor sacar lo mejor de \u00e9l\u00bb, agreg\u00f3 el presidente durante su visita a la Gran Muralla, cuyos tramos m\u00e1s antiguos fueron construidos hace 2.000 a\u00f1os.<\/div>\n<div><\/div>\n","protected":false},"excerpt":{"rendered":"<p>El presidente de Estados Unidos camin\u00f3 hoy por la Gran Muralla China y se reuni\u00f3 con el primer ministro Wen Jiabao, quien le dijo que su pa\u00eds no busca un super\u00e1vit comercial con EEUU y quiere equilibrar los flujos de productos entre ambas potencias.\u00a0La visita a la Gran Muralla y la reuni\u00f3n con Wen fueron [&hellip;]<\/p>\n","protected":false},"author":1,"featured_media":0,"comment_status":"open","ping_status":"open","sticky":false,"template":"","format":"standard","meta":{"tdm_status":"","tdm_grid_status":"","footnotes":""},"categories":[34],"tags":[],"class_list":{"0":"post-6884","1":"post","2":"type-post","3":"status-publish","4":"format-standard","6":"category-internacionales"},"yoast_head":"<!-- This site is optimized with the Yoast SEO plugin v25.1 - https:\/\/yoast.com\/wordpress\/plugins\/seo\/ -->\n<title>Barack Obama camin\u00f3 por la gran muralla y se reuni\u00f3 con el primer ministro Chino<\/title>\n<meta name=\"description\" content=\"Portal de noticias del Per\u00fa sobre el transporte a\u00e9reo, aviaci\u00f3n, turismo, hoteleria, actualidad.\" \/>\n<meta name=\"robots\" content=\"index, follow, max-snippet:-1, max-image-preview:large, max-video-preview:-1\" \/>\n<link rel=\"canonical\" href=\"https:\/\/aeronoticias.com.pe\/noticiero\/internacionales\/barack-obama-camino-por-la-gran-muralla-y-se-reunio-con-el-primer-ministro-chino\/\" \/>\n<meta property=\"og:locale\" content=\"es_ES\" \/>\n<meta property=\"og:type\" content=\"article\" \/>\n<meta property=\"og:title\" content=\"Barack Obama camin\u00f3 por la gran muralla y se reuni\u00f3 con el primer ministro Chino\" \/>\n<meta property=\"og:description\" content=\"Portal de noticias del Per\u00fa sobre el transporte a\u00e9reo, aviaci\u00f3n, turismo, hoteleria, actualidad.\" \/>\n<meta property=\"og:url\" content=\"https:\/\/aeronoticias.com.pe\/noticiero\/internacionales\/barack-obama-camino-por-la-gran-muralla-y-se-reunio-con-el-primer-ministro-chino\/\" \/>\n<meta property=\"og:site_name\" content=\"Aeronoticias.com.pe\" \/>\n<meta property=\"article:publisher\" content=\"https:\/\/www.facebook.com\/Aeronoticias.com.pe\/\" \/>\n<meta property=\"article:published_time\" content=\"2009-11-18T14:34:10+00:00\" \/>\n<meta name=\"author\" content=\"Redacci\u00f3n Aeronoticias\" \/>\n<meta name=\"twitter:card\" content=\"summary_large_image\" \/>\n<meta name=\"twitter:creator\" content=\"@aeronoticias\" \/>\n<meta name=\"twitter:site\" content=\"@aeronoticias\" \/>\n<meta name=\"twitter:label1\" content=\"Escrito por\" \/>\n\t<meta name=\"twitter:data1\" content=\"Redacci\u00f3n Aeronoticias\" \/>\n\t<meta name=\"twitter:label2\" content=\"Tiempo de lectura\" \/>\n\t<meta name=\"twitter:data2\" content=\"3 minutos\" \/>\n<script type=\"application\/ld+json\" class=\"yoast-schema-graph\">{\"@context\":\"https:\/\/schema.org\",\"@graph\":[{\"@type\":\"WebPage\",\"@id\":\"https:\/\/aeronoticias.com.pe\/noticiero\/internacionales\/barack-obama-camino-por-la-gran-muralla-y-se-reunio-con-el-primer-ministro-chino\/\",\"url\":\"https:\/\/aeronoticias.com.pe\/noticiero\/internacionales\/barack-obama-camino-por-la-gran-muralla-y-se-reunio-con-el-primer-ministro-chino\/\",\"name\":\"Barack Obama camin\u00f3 por la gran muralla y se reuni\u00f3 con el primer ministro Chino\",\"isPartOf\":{\"@id\":\"https:\/\/aeronoticias.com.pe\/noticiero\/#website\"},\"datePublished\":\"2009-11-18T14:34:10+00:00\",\"author\":{\"@id\":\"https:\/\/aeronoticias.com.pe\/noticiero\/#\/schema\/person\/fc1e5d578f4b62ba1cf7ac2bba1170a0\"},\"description\":\"Portal de noticias del Per\u00fa sobre el transporte a\u00e9reo, aviaci\u00f3n, turismo, hoteleria, actualidad.\",\"breadcrumb\":{\"@id\":\"https:\/\/aeronoticias.com.pe\/noticiero\/internacionales\/barack-obama-camino-por-la-gran-muralla-y-se-reunio-con-el-primer-ministro-chino\/#breadcrumb\"},\"inLanguage\":\"es\",\"potentialAction\":[{\"@type\":\"ReadAction\",\"target\":[\"https:\/\/aeronoticias.com.pe\/noticiero\/internacionales\/barack-obama-camino-por-la-gran-muralla-y-se-reunio-con-el-primer-ministro-chino\/\"]}]},{\"@type\":\"BreadcrumbList\",\"@id\":\"https:\/\/aeronoticias.com.pe\/noticiero\/internacionales\/barack-obama-camino-por-la-gran-muralla-y-se-reunio-con-el-primer-ministro-chino\/#breadcrumb\",\"itemListElement\":[{\"@type\":\"ListItem\",\"position\":1,\"name\":\"Portada\",\"item\":\"https:\/\/aeronoticias.com.pe\/noticiero\/\"},{\"@type\":\"ListItem\",\"position\":2,\"name\":\"Barack Obama camin\u00f3 por la gran muralla y se reuni\u00f3 con el primer ministro Chino\"}]},{\"@type\":\"WebSite\",\"@id\":\"https:\/\/aeronoticias.com.pe\/noticiero\/#website\",\"url\":\"https:\/\/aeronoticias.com.pe\/noticiero\/\",\"name\":\"Aeronoticias.com.pe\",\"description\":\"Noticias de tranporte aereo, turismo, hoteles, gastronomia, actualidad, internacional\",\"potentialAction\":[{\"@type\":\"SearchAction\",\"target\":{\"@type\":\"EntryPoint\",\"urlTemplate\":\"https:\/\/aeronoticias.com.pe\/noticiero\/?s={search_term_string}\"},\"query-input\":{\"@type\":\"PropertyValueSpecification\",\"valueRequired\":true,\"valueName\":\"search_term_string\"}}],\"inLanguage\":\"es\"},{\"@type\":\"Person\",\"@id\":\"https:\/\/aeronoticias.com.pe\/noticiero\/#\/schema\/person\/fc1e5d578f4b62ba1cf7ac2bba1170a0\",\"name\":\"Redacci\u00f3n Aeronoticias\",\"url\":\"https:\/\/aeronoticias.com.pe\/noticiero\/author\/piloto\/\"}]}<\/script>\n<!-- \/ Yoast SEO plugin. -->","yoast_head_json":{"title":"Barack Obama camin\u00f3 por la gran muralla y se reuni\u00f3 con el primer ministro Chino","description":"Portal de noticias del Per\u00fa sobre el transporte a\u00e9reo, aviaci\u00f3n, turismo, hoteleria, actualidad.","robots":{"index":"index","follow":"follow","max-snippet":"max-snippet:-1","max-image-preview":"max-image-preview:large","max-video-preview":"max-video-preview:-1"},"canonical":"https:\/\/aeronoticias.com.pe\/noticiero\/internacionales\/barack-obama-camino-por-la-gran-muralla-y-se-reunio-con-el-primer-ministro-chino\/","og_locale":"es_ES","og_type":"article","og_title":"Barack Obama camin\u00f3 por la gran muralla y se reuni\u00f3 con el primer ministro Chino","og_description":"Portal de noticias del Per\u00fa sobre el transporte a\u00e9reo, aviaci\u00f3n, turismo, hoteleria, actualidad.","og_url":"https:\/\/aeronoticias.com.pe\/noticiero\/internacionales\/barack-obama-camino-por-la-gran-muralla-y-se-reunio-con-el-primer-ministro-chino\/","og_site_name":"Aeronoticias.com.pe","article_publisher":"https:\/\/www.facebook.com\/Aeronoticias.com.pe\/","article_published_time":"2009-11-18T14:34:10+00:00","author":"Redacci\u00f3n Aeronoticias","twitter_card":"summary_large_image","twitter_creator":"@aeronoticias","twitter_site":"@aeronoticias","twitter_misc":{"Escrito por":"Redacci\u00f3n Aeronoticias","Tiempo de lectura":"3 minutos"},"schema":{"@context":"https:\/\/schema.org","@graph":[{"@type":"WebPage","@id":"https:\/\/aeronoticias.com.pe\/noticiero\/internacionales\/barack-obama-camino-por-la-gran-muralla-y-se-reunio-con-el-primer-ministro-chino\/","url":"https:\/\/aeronoticias.com.pe\/noticiero\/internacionales\/barack-obama-camino-por-la-gran-muralla-y-se-reunio-con-el-primer-ministro-chino\/","name":"Barack Obama camin\u00f3 por la gran muralla y se reuni\u00f3 con el primer ministro Chino","isPartOf":{"@id":"https:\/\/aeronoticias.com.pe\/noticiero\/#website"},"datePublished":"2009-11-18T14:34:10+00:00","author":{"@id":"https:\/\/aeronoticias.com.pe\/noticiero\/#\/schema\/person\/fc1e5d578f4b62ba1cf7ac2bba1170a0"},"description":"Portal de noticias del Per\u00fa sobre el transporte a\u00e9reo, aviaci\u00f3n, turismo, hoteleria, actualidad.","breadcrumb":{"@id":"https:\/\/aeronoticias.com.pe\/noticiero\/internacionales\/barack-obama-camino-por-la-gran-muralla-y-se-reunio-con-el-primer-ministro-chino\/#breadcrumb"},"inLanguage":"es","potentialAction":[{"@type":"ReadAction","target":["https:\/\/aeronoticias.com.pe\/noticiero\/internacionales\/barack-obama-camino-por-la-gran-muralla-y-se-reunio-con-el-primer-ministro-chino\/"]}]},{"@type":"BreadcrumbList","@id":"https:\/\/aeronoticias.com.pe\/noticiero\/internacionales\/barack-obama-camino-por-la-gran-muralla-y-se-reunio-con-el-primer-ministro-chino\/#breadcrumb","itemListElement":[{"@type":"ListItem","position":1,"name":"Portada","item":"https:\/\/aeronoticias.com.pe\/noticiero\/"},{"@type":"ListItem","position":2,"name":"Barack Obama camin\u00f3 por la gran muralla y se reuni\u00f3 con el primer ministro Chino"}]},{"@type":"WebSite","@id":"https:\/\/aeronoticias.com.pe\/noticiero\/#website","url":"https:\/\/aeronoticias.com.pe\/noticiero\/","name":"Aeronoticias.com.pe","description":"Noticias de tranporte aereo, turismo, hoteles, gastronomia, actualidad, internacional","potentialAction":[{"@type":"SearchAction","target":{"@type":"EntryPoint","urlTemplate":"https:\/\/aeronoticias.com.pe\/noticiero\/?s={search_term_string}"},"query-input":{"@type":"PropertyValueSpecification","valueRequired":true,"valueName":"search_term_string"}}],"inLanguage":"es"},{"@type":"Person","@id":"https:\/\/aeronoticias.com.pe\/noticiero\/#\/schema\/person\/fc1e5d578f4b62ba1cf7ac2bba1170a0","name":"Redacci\u00f3n Aeronoticias","url":"https:\/\/aeronoticias.com.pe\/noticiero\/author\/piloto\/"}]}},"_links":{"self":[{"href":"https:\/\/aeronoticias.com.pe\/noticiero\/wp-json\/wp\/v2\/posts\/6884","targetHints":{"allow":["GET"]}}],"collection":[{"href":"https:\/\/aeronoticias.com.pe\/noticiero\/wp-json\/wp\/v2\/posts"}],"about":[{"href":"https:\/\/aeronoticias.com.pe\/noticiero\/wp-json\/wp\/v2\/types\/post"}],"author":[{"embeddable":true,"href":"https:\/\/aeronoticias.com.pe\/noticiero\/wp-json\/wp\/v2\/users\/1"}],"replies":[{"embeddable":true,"href":"https:\/\/aeronoticias.com.pe\/noticiero\/wp-json\/wp\/v2\/comments?post=6884"}],"version-history":[{"count":0,"href":"https:\/\/aeronoticias.com.pe\/noticiero\/wp-json\/wp\/v2\/posts\/6884\/revisions"}],"wp:attachment":[{"href":"https:\/\/aeronoticias.com.pe\/noticiero\/wp-json\/wp\/v2\/media?parent=6884"}],"wp:term":[{"taxonomy":"category","embeddable":true,"href":"https:\/\/aeronoticias.com.pe\/noticiero\/wp-json\/wp\/v2\/categories?post=6884"},{"taxonomy":"post_tag","embeddable":true,"href":"https:\/\/aeronoticias.com.pe\/noticiero\/wp-json\/wp\/v2\/tags?post=6884"}],"curies":[{"name":"wp","href":"https:\/\/api.w.org\/{rel}","templated":true}]}}