{"id":69084,"date":"2021-02-08T12:30:38","date_gmt":"2021-02-08T17:30:38","guid":{"rendered":"https:\/\/aeronoticias.com.pe\/noticiero\/?p=69084"},"modified":"2021-02-10T12:15:07","modified_gmt":"2021-02-10T17:15:07","slug":"radio-publica-de-puno-entrevisto-a-julian-palacin-por-la-creacion-de-alperu-la-linea-aerea-de-bandera-del-peru","status":"publish","type":"post","link":"https:\/\/aeronoticias.com.pe\/noticiero\/nacionales\/radio-publica-de-puno-entrevisto-a-julian-palacin-por-la-creacion-de-alperu-la-linea-aerea-de-bandera-del-peru\/","title":{"rendered":"Radio P\u00fablica de Puno entrevist\u00f3 a Juli\u00e1n Palacin por la creaci\u00f3n de ALPERU, la L\u00ednea A\u00e9rea de Bandera del Per\u00fa"},"content":{"rendered":"\n<p><strong>(Aeronoticias)<\/strong> La <a href=\"http:\/\/www.radiopublica.pe\/\" target=\"_blank\" rel=\"noreferrer noopener\">Radio P\u00fablica<\/a> de Puno (740 AM), que informa a la Regi\u00f3n Macrosur del Per\u00fa, entrevist\u00f3 al Jurista Juli\u00e1n Palacin, Presidente del Instituto Peruano de Derecho A\u00e9reo (IPDA), Abogado del Estudio Jur\u00eddico Juli\u00e1n Palacin Abogados, ex Presidente de la Corporaci\u00f3n Peruana de Aeropuertos y Aviaci\u00f3n Comercial (CORPAC) y consultor jur\u00eddico externo del Proyecto de Ley 6153-2020-CR de la Comisi\u00f3n de Transportes del Congreso de la Rep\u00fablica del Per\u00fa, que acaba de aprobar el Predictamen de creaci\u00f3n de ALPERU, la L\u00ednea A\u00e9rea de Bandera de bajo costo del Per\u00fa.<\/p>\n\n\n\n<p>El especialista en Derecho A\u00e9reo y autor de <a href=\"https:\/\/es.scribd.com\/doc\/192155127\/Linea-Aerea-de-Bandera\" target=\"_blank\" rel=\"noreferrer noopener\">Libro L\u00ednea A\u00e9rea de Bandera de bajo costo<\/a>, que inspira el Predictamen de la Comisi\u00f3n de Transportes <a href=\"http:\/\/Libro L\u00ednea A\u00e9rea de Bandera de bajo costo\" target=\"_blank\" rel=\"noreferrer noopener\">VER PREDICTAMEN<\/a>, expres\u00f3 que el Per\u00fa debe dejar de ser una Colonia aerocomercial de Chile, en raz\u00f3n a que las L\u00edneas A\u00e9reas de Bandera de Colombia (AVIANCA) y Chile (LATAM), los \u00faltimos 20 a\u00f1os tuvieron el cuasimonpolio  de las rutas internacionales del Per\u00fa y no invirtieron y sus aeronaves tienen la nacionalidad y matr\u00edcula del pa\u00eds al que pertenencen, no del Per\u00fa.<\/p>\n\n\n\n<figure class=\"wp-block-embed-youtube wp-block-embed is-type-video is-provider-youtube wp-embed-aspect-16-9 wp-has-aspect-ratio\"><div class=\"wp-block-embed__wrapper\">\n<div class=\"youtube-embed\" data-video_id=\"-mqA-p2bWr8\"><iframe loading=\"lazy\" title=\"Aerol\u00edneas Contigo Per\u00fa: La L\u00ednea A\u00e9rea de Bandera del Per\u00fa (M\u00fasica y Video)\" width=\"696\" height=\"392\" src=\"https:\/\/www.youtube.com\/embed\/-mqA-p2bWr8?feature=oembed&#038;enablejsapi=1&#038;enablejsapi=1\" frameborder=\"0\" allow=\"accelerometer; autoplay; clipboard-write; encrypted-media; gyroscope; picture-in-picture\" allowfullscreen><\/iframe><\/div>\n<\/div><\/figure>\n\n\n\n<p>El mercado peruano significa m\u00e1s de 6 mil millones de d\u00f3lares en ventas de billetes de pasajes nacionales e internacionales anuales y es por ello, que estos grupos de poder apoyados por el Diario El Comercio y su grupo Editorial, se oponen sin ning\u00fan fundamento jur\u00eddico a que el Per\u00fa tenga su L\u00ednea A\u00e9rea de Bandera.<\/p>\n\n\n\n<p>La propuesta inicial del Proyecto de Ley 6153\/2020-CR, fue que la L\u00ednea A\u00e9rea de Bandera tendr\u00eda 35% capital estatal y 65% capital privado, luego de recibir las cr\u00edticas para que el Proyecto avance, prepararnos un Dictamen sustitutorio que ser\u00eda una Asociaci\u00f3n P\u00fablico-Privada (APP) sin inversi\u00f3n p\u00fablica y con 80% de capital privado y el 20% lo tendr\u00eda el Estado como contraprestaci\u00f3n a los derechos de explotaci\u00f3n de las rutas internacionales que otorga; sin embargo, el Congreso es Soberano y el 2 de febrero del 2021 la Comisi\u00f3n de Transportes del Congreso vot\u00f3 porque la empresa en el primer a\u00f1o sea 100% estatal y esta posici\u00f3n ira al Pleno, en donde se dejar\u00e1 abierta la posibilidad de que una vez constituida pueda ingresar capital privado nacional e internacional, especialmente se est\u00e1 buscando entre las 10 empresas m\u00e1s grandes del mundo que se asocien al Estado peruano y nos traigan 100 Airbus A321 y A330 y similares.<\/p>\n\n\n\n<figure class=\"wp-block-embed-youtube wp-block-embed is-type-video is-provider-youtube wp-embed-aspect-4-3 wp-has-aspect-ratio\"><div class=\"wp-block-embed__wrapper\">\n<div class=\"youtube-embed\" data-video_id=\"fI8bpIN8YM0\"><iframe loading=\"lazy\" title=\"T\u00e9cnica y jur\u00eddicamente si es factible Aeropuerto Internacional del Chinchero (25\/10\/2012)\" width=\"696\" height=\"522\" src=\"https:\/\/www.youtube.com\/embed\/fI8bpIN8YM0?feature=oembed&#038;enablejsapi=1&#038;enablejsapi=1\" frameborder=\"0\" allow=\"accelerometer; autoplay; clipboard-write; encrypted-media; gyroscope; picture-in-picture\" allowfullscreen><\/iframe><\/div>\n<\/div><\/figure>\n\n\n\n<p>Reconoci\u00f3 que el l\u00edder pol\u00edtico de esta propuesta legislativa es el Abogado Juli\u00e1n Fernando Palacin Guti\u00e9rrez, que va por el partido pol\u00edtico Per\u00fa Libre representado por el L\u00e1piz, con el N\u00ba 7 por Lima al Congreso de la Rep\u00fablica, quien en el Estudio Jur\u00eddico Palacin viene trabajando hace 10 a\u00f1os, no solo en mi <a href=\"https:\/\/es.scribd.com\/doc\/192155127\/Linea-Aerea-de-Bandera\" target=\"_blank\" rel=\"noreferrer noopener\">Libro L\u00ednea A\u00e9rea de Bandera de bajo costo<\/a>, y en las Conferencias nacionales e internacionales que hemos dado, sino en el mismo Proyecto 6153-2020-CR, apoyando externamente a la Comisi\u00f3n de Transportes del Congreso, los residentes en Lima de la Microrregi\u00f3n Sur tienen que tener en cuenta que cuando voten en Lima por el L\u00e1piz de Per\u00fa Libre y el N\u00ba 7 de Juli\u00e1n Palacin estar\u00e1n votando por su futuro de tener una L\u00ednea A\u00e9rea de Bandera de bajo costo y que se culmine la construcci\u00f3n del Aeropuerto Internacional de Chinchero, que cambiar\u00e1 a geopol\u00edtica aerocomercial, permitiendo que al Sur del Per\u00fa ingresen m\u00e1s de 10 mil millones de d\u00f3lares anuales por concepto de turismo y se crear\u00e1n m\u00e1s de 1 mill\u00f3n de puestos de trabajo, dijo Juli\u00e1n Palacin Fern\u00e1ndez.<\/p>\n\n\n\n<iframe loading=\"lazy\" width=\"100%\" height=\"100\" scrolling=\"no\" frameborder=\"no\" allow=\"autoplay\" src=\"https:\/\/w.soundcloud.com\/player\/?url=https%3A\/\/api.soundcloud.com\/tracks\/982860517&#038;color=%23ff5500&#038;auto_play=false&#038;hide_related=false&#038;show_comments=true&#038;show_user=true&#038;show_reposts=false&#038;show_teaser=true&#038;visual=true\"><\/iframe><div style=\"font-size: 10px; color: #cccccc;line-break: anywhere;word-break: normal;overflow: hidden;white-space: nowrap;text-overflow: ellipsis; font-family: Interstate,Lucida Grande,Lucida Sans Unicode,Lucida Sans,Garuda,Verdana,Tahoma,sans-serif;font-weight: 100;\"><a href=\"https:\/\/soundcloud.com\/user-647614905\" title=\"Estudio Palacin\" target=\"_blank\" style=\"color: #cccccc; text-decoration: none;\" rel=\"noopener noreferrer\">Estudio Palacin<\/a> \u00b7 <a href=\"https:\/\/soundcloud.com\/user-647614905\/entrevista-radio-puno-julian-palacin\" title=\"Entrevista Radio Puno Julian Palacin\" target=\"_blank\" style=\"color: #cccccc; text-decoration: none;\" rel=\"noopener noreferrer\">Entrevista Radio Puno Julian Palacin<\/a><\/div>\n\n\n\n<p><a href=\"https:\/\/aeronoticias.com.pe\/noticiero\/radio-victoria-de-arequipa-entrevisto-a-julian-palacin-sobre-la-aprobacion-del-proyecto-de-ley-de-la-linea-aerea-de-bandera\/\" target=\"_blank\" rel=\"noreferrer noopener\">Radio Victoria de Arequipa entrevist\u00f3 a Juli\u00e1n Palac\u00edn sobre la aprobaci\u00f3n del proyecto de ley de la l\u00ednea a\u00e9rea de bandera<\/a><\/p>\n\n\n\n<p><a href=\"https:\/\/aeronoticias.com.pe\/noticiero\/peru-libre-apoya-la-construccion-del-aeropuerto-internacional-de-chinchero-en-cusco\/\" target=\"_blank\" rel=\"noreferrer noopener\">Per\u00fa Libre apoya la construcci\u00f3n del Aeropuerto Internacional de Chinchero en Cusco<\/a><\/p>\n\n\n\n<p><a href=\"https:\/\/aeronoticias.com.pe\/noticiero\/julian-palacin-candidato-al-congreso-con-el-no-7-por-lima-por-peru-libre-apoya-proyecto-de-ley-que-crea-la-linea-aerea-de-bandera-del-peru\/\" target=\"_blank\" rel=\"noreferrer noopener\">Juli\u00e1n Palacin, candidato al Congreso con el N\u00ba 7 por Lima por Per\u00fa Libre, apoya Proyecto de Ley que crea la L\u00ednea A\u00e9rea de Bandera del Per\u00fa<\/a><\/p>\n\n\n\n<p><a href=\"https:\/\/aeronoticias.com.pe\/noticiero\/peru-libre-defendera-el-derecho-de-tener-una-linea-aerea-de-bandera-que-invierta-y-cree-puestos-de-trabajo-en-el-peru\/\" target=\"_blank\" rel=\"noreferrer noopener\">Per\u00fa Libre defender\u00e1 el derecho de tener una L\u00ednea A\u00e9rea de Bandera, que invierta y cree puestos de trabajo en el Per\u00fa<\/a><\/p>\n\n\n\n<p><a href=\"https:\/\/aeronoticias.com.pe\/noticiero\/julian-palacin-peru-libre-exige-que-lap-cumpla-obligaciones-de-inversion-en-el-aeropuerto-internacional-jorge-chavez\/\" target=\"_blank\" rel=\"noreferrer noopener\">Juli\u00e1n Palacin: \u00abPer\u00fa Libre exige que LAP cumpla obligaciones de Inversi\u00f3n en el Aeropuerto Internacional Jorge Ch\u00e1vez\u00bb<\/a><\/p>\n\n\n\n<p><a href=\"https:\/\/aeronoticias.com.pe\/noticiero\/julian-palacin-peru-libre-defendera-la-soberania-aerea-del-peru\/\" target=\"_blank\" rel=\"noreferrer noopener\">Juli\u00e1n Palacin: Per\u00fa Libre defender\u00e1 la Soberan\u00eda A\u00e9rea del Per\u00fa<\/a><\/p>\n\n\n\n<p><a href=\"https:\/\/aeronoticias.com.pe\/noticiero\/julian-palacin-peru-libre-pide-que-el-ministerio-de-transportes-deniegue-suspension-de-obligaciones-de-lap-en-el-contrato-de-concesion-del-aeropuerto-internacional-jorge-chavez\/\" target=\"_blank\" rel=\"noreferrer noopener\">Juli\u00e1n Palacin: Per\u00fa Libre pide que el Ministerio de Transportes deniegue suspensi\u00f3n de obligaciones de LAP en el Contrato de Concesi\u00f3n del AIJCH<\/a><\/p>\n\n\n\n<p><a href=\"https:\/\/aeronoticias.com.pe\/noticiero\/julian-palacin-lima-debio-tener-la-2da-pista-y-el-nuevo-terminal-del-aeropuerto-internacional-jorge-chavez-este-2020\/\" target=\"_blank\" rel=\"noreferrer noopener\">Juli\u00e1n Palacin: Lima debi\u00f3 tener la 2da pista y el nuevo terminal del Aeropuerto Internacional Jorge Ch\u00e1vez este 2020<\/a><\/p>\n\n\n\n<p><a href=\"https:\/\/aeronoticias.com.pe\/noticiero\/camara-de-turismo-y-comercio-exterior-de-paracas-capatur-apoya-al-congreso-en-el-proyecto-de-ley-de-la-linea-aerea-de-bandera-de-bajo-costo-del-peru-2\/\" target=\"_blank\" rel=\"noreferrer noopener\">C\u00e1mara de Turismo y Comercio Exterior de Paracas (CAPATUR), apoya al Congreso en el Proyecto de Ley de la L\u00ednea A\u00e9rea de Bandera de Bajo Costo del Per\u00fa<\/a><\/p>\n\n\n\n<p><a href=\"https:\/\/aeronoticias.com.pe\/noticiero\/diario-el-comercio-defendiendo-a-latam-y-sin-fundamento-juridico-continua-campana-contra-la-linea-aerea-de-bandera\/\" target=\"_blank\" rel=\"noreferrer noopener\">Diario El Comercio, defendiendo a LATAM y sin fundamento jur\u00eddico, contin\u00faa campa\u00f1a contra la L\u00ednea A\u00e9rea de Bandera<\/a><\/p>\n\n\n\n<p><a href=\"https:\/\/aeronoticias.com.pe\/noticiero\/julian-palacin-existen-razones-de-seguridad-defensa-nacional-y-de-desarrollo-economico-que-exigen-terminar-con-los-privilegios-que-le-hemos-otorgado-a-chile-en-nuestro-espacio-aereo\/\" target=\"_blank\" rel=\"noreferrer noopener\">Julian Palacin: Existen razones de Seguridad, Defensa Nacional y de Desarrollo Econ\u00f3mico que exigen terminar con los privilegios que le hemos otorgado a Chile en nuestro Espacio a\u00e9reo<\/a><\/p>\n\n\n\n<p><a href=\"https:\/\/aeronoticias.com.pe\/noticiero\/en-gaceta-juridica-la-ley-enriquecen-la-doctrina-del-dictamen-6153-2020-cr-que-crea-la-linea-aerea-de-bandera-de-bajo-costo-del-peru\/\" target=\"_blank\" rel=\"noreferrer noopener\">En Gaceta Jur\u00eddica La Ley, enriquecen la Doctrina del Dictamen 6153-2020-CR que crea la L\u00ednea A\u00e9rea de Bandera de Bajo Costo del Per\u00fa<\/a><\/p>\n\n\n\n<p><a href=\"https:\/\/aeronoticias.com.pe\/noticiero\/defendiendo-su-interes-privado-en-latam-diario-el-comercio-continua-campana-contra-la-linea-aerea-de-bandera-del-peru\/\" target=\"_blank\" rel=\"noreferrer noopener\">Defendiendo su inter\u00e9s privado en LATAM, Diario El Comercio contin\u00faa campa\u00f1a contra la L\u00ednea A\u00e9rea de Bandera del Per\u00fa<\/a><\/p>\n\n\n\n<p><a href=\"https:\/\/aeronoticias.com.pe\/noticiero\/julian-palacin-intereses-privados-se-oponen-al-dictamen-6153-2020-cr-de-la-comision-de-transportes-del-congreso-para-no-perder-privilegios-de-latam-en-el-espacio-aereo-peruano\/\" target=\"_blank\" rel=\"noreferrer noopener\">Julian Palacin: Intereses privados se oponen al Dictamen 6153-2020-CR de la Comisi\u00f3n de Transportes del Congreso para no perder privilegios de LATAM en el espacio a\u00e9reo peruano<\/a><\/p>\n\n\n\n<p><a href=\"https:\/\/aeronoticias.com.pe\/noticiero\/congresistas-de-sp-y-fp-defendieron-la-tesis-del-cuasi-monopolio-aereo-de-latam-oponiendose-al-proyecto-de-ley-de-la-linea-aerea-de-bandera\/\" target=\"_blank\" rel=\"noreferrer noopener\">Congresistas de SP y FP defendieron la tesis del cuasi monopolio a\u00e9reo de LATAM oponi\u00e9ndose al Proyecto de Ley de la L\u00ednea A\u00e9rea de Bandera<\/a><\/p>\n\n\n\n<p><a href=\"https:\/\/aeronoticias.com.pe\/noticiero\/camara-de-turismo-y-comercio-exterior-de-paracas-capatur-apoya-al-congreso-en-el-proyecto-de-ley-de-la-linea-aerea-de-bandera-de-bajo-costo-del-peru\/\" target=\"_blank\" rel=\"noreferrer noopener\">C\u00e1mara de Turismo y Comercio Exterior de Paracas (CAPATUR), apoya al Congreso en el Proyecto de Ley de la L\u00ednea A\u00e9rea de Bandera de Bajo Costo del Per\u00fa<\/a><\/p>\n\n\n\n<p><a href=\"https:\/\/aeronoticias.com.pe\/noticiero\/el-comercio-contra-el-peru-o-contra-alperu\/\" target=\"_blank\" rel=\"noreferrer noopener\">\u00bfEl Comercio contra el Per\u00fa o contra ALPERU?<\/a><\/p>\n\n\n\n<p><a href=\"https:\/\/aeronoticias.com.pe\/noticiero\/julian-palacin-canatur-defiende-los-intereses-privados-de-latam-al-oponerse-a-la-linea-aerea-de-bandera-de-bajo-costo-del-peru\/\" target=\"_blank\" rel=\"noreferrer noopener\">Julian Palacin: CANATUR defiende los intereses privados de LATAM al oponerse a la L\u00ednea A\u00e9rea de Bandera de Bajo Costo del Per\u00fa<\/a><\/p>\n\n\n\n<p><a href=\"https:\/\/aeronoticias.com.pe\/noticiero\/aetai-latam-a-traves-del-diario-peru-21-se-oponen-al-proyecto-de-ley-6153-2020-cr-que-crea-la-linea-aerea-de-bandera-de-bajo-costo-del-peru\/\" target=\"_blank\" rel=\"noreferrer noopener\">AETAI-LATAM a trav\u00e9s del Diario Per\u00fa 21 se oponen al Proyecto de Ley 6153-2020-CR que crea la L\u00ednea A\u00e9rea de Bandera de Bajo Costo del Per\u00fa<\/a><\/p>\n\n\n\n<p><a href=\"https:\/\/aeronoticias.com.pe\/noticiero\/obra-de-teleferico-de-lima-utiliza-modelo-del-pl-de-linea-de-bandera-bajo-la-modalidad-de-app\/\" target=\"_blank\" rel=\"noreferrer noopener\">Obra de telef\u00e9rico de Lima utiliza modelo del PL de L\u00ednea A\u00e9rea de Bandera bajo la modalidad de APP<\/a><\/p>\n\n\n\n<p><a href=\"http:\/\/diario%20el%20comercio%20defendiendo%20a%20la%20chilena%20latam%2C%20se%20opone%20a%20proyecto%20de%20ley%20que%20crea%20la%20l%C3%ADnea%20a%C3%A9rea%20de%20bandera%20de%20bajo%20costo%20del%20per%C3%BA\/\" target=\"_blank\" rel=\"noreferrer noopener\">Diario El Comercio defendiendo a la chilena LATAM, se opone a Proyecto de Ley que crea la L\u00ednea A\u00e9rea de Bandera de bajo costo del Per\u00fa<\/a><\/p>\n\n\n\n<p><a href=\"https:\/\/aeronoticias.com.pe\/noticiero\/wp-content\/uploads\/2020\/11\/CARTA-NOTARIAL-AETAI-23NOV20.pdf\" target=\"_blank\" rel=\"noreferrer noopener\">VER CARTA NOTARIAL DE LA APEA A LA AETAI<\/a><\/p>\n\n\n\n<p><a href=\"https:\/\/aeronoticias.com.pe\/noticiero\/diario-chileno-se-suma-a-desesperados-defensores-de-latam-ante-avance-de-proyecto-de-linea-de-bandera-del-peru\/\" target=\"_blank\" rel=\"noreferrer noopener\">Diario chileno se suma a desesperados defensores de LATAM ante avance de proyecto de L\u00ednea de Bandera del Per\u00fa<\/a><\/p>\n\n\n\n<p><a href=\"https:\/\/aeronoticias.com.pe\/noticiero\/diario-gestion-en-defensa-de-latam-distorsiona-la-verdad-oponiendose-a-la-linea-aerea-de-bandera-de-bajo-costo-del-peru\/\" target=\"_blank\" rel=\"noreferrer noopener\">Diario Gesti\u00f3n en defensa de LATAM distorsiona la verdad oponi\u00e9ndose a la L\u00ednea A\u00e9rea de Bandera de bajo costo del Per\u00fa<\/a><\/p>\n\n\n\n<p><a href=\"https:\/\/aeronoticias.com.pe\/noticiero\/comex-defendiendo-a-latam-se-opone-al-proyecto-de-ley-de-la-linea-aerea-de-bandera-de-bajo-costo-del-peru\/\" target=\"_blank\" rel=\"noreferrer noopener\">Comex, defendiendo a LATAM, se opone al Proyecto de Ley de la L\u00ednea A\u00e9rea de Bandera de bajo costo del Per\u00fa<\/a><\/p>\n\n\n\n<p><a href=\"https:\/\/aeronoticias.com.pe\/noticiero\/apea-emplaza-a-aetai-latam-por-pretender-intervenir-en-asuntos-internos-del-peru-oponiendose-a-la-linea-aerea-de-bandera\/\" target=\"_blank\" rel=\"noreferrer noopener\">APEA emplaza a AETAI-LATAM por pretender intervenir en asuntos internos del Per\u00fa oponi\u00e9ndose a la L\u00ednea A\u00e9rea de Bandera<\/a><\/p>\n\n\n\n<p><a href=\"https:\/\/aeronoticias.com.pe\/noticiero\/latam-aetai-se-oponen-a-que-el-peru-apruebe-el-proyecto-de-ley-6153-2020-que-crea-la-linea-aerea-de-bandera-de-bajo-costo-del-peru\/\" target=\"_blank\" rel=\"noreferrer noopener\">LATAM-AETAI se oponen a que el Per\u00fa apruebe el Proyecto de Ley 6153-2020 que crea la L\u00ednea A\u00e9rea de Bandera de bajo costo del Per\u00fa<\/a><\/p>\n\n\n\n<p><a href=\"https:\/\/www.connuestroperu.com\/economia\/aviacion\/67624-la-apea-pide-al-congreso-investigar-si-latam-cumplio-con-entregar-carta-fianza-por-112-aviones-y-envia-carta-notarial-a-la-aetai-por-usar-su-nombre-para-sorprender-al-legislativo\" target=\"_blank\" rel=\"noreferrer noopener\">La APEA pide al Congreso investigar si LATAM cumpli\u00f3 con entregar carta fianza por 112 aviones y env\u00eda carta notarial a la AETAI por usar su nombre para sorprender al Legislativo<\/a><\/p>\n\n\n\n<p><a href=\"https:\/\/www.facebook.com\/CongresoPeru\/videos\/414341229739808\" target=\"_blank\" rel=\"noreferrer noopener\">VER SETIMA SESION EXTRAORDINARIA VIRTUAL DE LA COMISION DE TRANSPORTES DEL CONGRESO DE LA REPUBLICA.<\/a><\/p>\n\n\n\n<p><a href=\"https:\/\/aeronoticias.com.pe\/noticiero\/wp-content\/uploads\/2020\/11\/1.1.-2772-553340-20201117143020-4091-1.pdf\" target=\"_blank\" rel=\"noreferrer noopener\">VER INFORME LEGAL DEL JURISTA CESAR LANDA ARROYO A LA APEA, CON DIRECCION AV. JOSE PARDO 513, MIRAFLORES (DIRECCION DE LATAM), QUE LA APEA NUNCA LA RECIBIO NI PAGO HONORARIO ALGUNO Y AHORA ESTA CARTA LA PRESENTA AL CONGRESO<\/a><\/p>\n\n\n\n<p><a href=\"https:\/\/aeronoticias.com.pe\/noticiero\/wp-content\/uploads\/2020\/11\/1.-CARTA-0116-AETAI-PL-6153-2772-RU-553340-20201117142949-4110.pdf\" target=\"_blank\" rel=\"noreferrer noopener\">VER CARTA AETAI DEL 16\/11\/20 AL CONGRESISTA LUIS CARLOS SIMEON HURTADO, PRESIDENTE DE LA COMISION DE TRANSPORTES DEL CONGRESO DE LA REPUBLICA<\/a><\/p>\n\n\n\n<p><a href=\"https:\/\/aeronoticias.com.pe\/noticiero\/wp-content\/uploads\/2020\/11\/Carta-PRE-154-Pdte-Comisi%C3%B3n-de-Transportes-Opini%C3%B3n-PL-6153-LAPERU-16.11.2026616-1.pdf\" target=\"_blank\" rel=\"noreferrer noopener\">VER CARTA DE CONFIEP PRE-154\/2020 DE OPOSICION AL PROYECTO DE LEY QUE CREA LA LINEA AEREA DE BANDERA DEL PERU<\/a><\/p>\n\n\n\n<p><a href=\"https:\/\/www.youtube.com\/watch?v=RDpvgLBmnGo&amp;feature=emb_title\" target=\"_blank\" rel=\"noreferrer noopener\">RBC entrevista a Juli\u00e1n Palac\u00edn sobre la linea a\u00e9rea de bandera para el Per\u00fa<\/a><\/p>\n\n\n\n<p><a href=\"https:\/\/www.youtube.com\/watch?v=Ug1n1AzuC9I&amp;feature=emb_title\" target=\"_blank\" rel=\"noreferrer noopener\">Exposici\u00f3n de Julian Palacin en la Comisi\u00f3n de Convenios A\u00e9reos del Congreso 2015<\/a><\/p>\n\n\n\n<p><a href=\"https:\/\/www.youtube.com\/watch?v=MMhxE1BHcSE&amp;feature=emb_title\" target=\"_blank\" rel=\"noreferrer noopener\">Conferencia en la Academia Diplom\u00e1tica del Per\u00fa sobre la aerol\u00ednea de bandera (12\/12\/12)<\/a><\/p>\n\n\n\n<p><a href=\"https:\/\/www.youtube.com\/watch?v=sfcJq2xKPe8&amp;feature=emb_title\" target=\"_blank\" rel=\"noreferrer noopener\">Conferencia de Julian Palacin sobre Soberan\u00eda y Geopol\u00edtica en el grupo Basadre<\/a><br><br><a href=\"https:\/\/es.scribd.com\/doc\/192155127\/Linea-Aerea-de-Bandera\" target=\"_blank\" rel=\"noreferrer noopener\">LIBRO LINEA AEREA DE BANDERA DE BAJO COSTO<\/a><\/p>\n\n\n\n<p><a href=\"https:\/\/aeronoticias.com.pe\/noticiero\/renace-el-proyecto-de-la-linea-aerea-de-bandera-del-peru\/\" target=\"_blank\" rel=\"noreferrer noopener\">\u00bfRenace el Proyecto de la L\u00ednea A\u00e9rea de Bandera del Per\u00fa?<\/a><\/p>\n\n\n\n<p><a href=\"https:\/\/aeronoticias.com.pe\/noticiero\/comision-de-transportes-del-congreso-debate-proyecto-de-la-linea-aerea-de-bandera-del-peru-2\/\" target=\"_blank\" rel=\"noreferrer noopener\">Comisi\u00f3n de Transportes del Congreso debate Proyecto de la L\u00ednea A\u00e9rea de Bandera del Per\u00fa<\/a><\/p>\n\n\n\n<p><a href=\"https:\/\/aeronoticias.com.pe\/noticiero\/comision-de-transportes-del-congreso-postergo-debate-del-proyecto-de-ley-de-la-linea-aerea-de-bandera-del-peru\/\" target=\"_blank\" rel=\"noreferrer noopener\">Comisi\u00f3n de Transportes del Congreso posterg\u00f3 debate del Proyecto de Ley de la L\u00ednea A\u00e9rea de Bandera del Per\u00fa<\/a><\/p>\n\n\n\n<p><a href=\"https:\/\/aeronoticias.com.pe\/noticiero\/comision-de-transportes-del-congreso-debate-proyecto-de-la-linea-aerea-de-bandera-del-peru-2\/\" target=\"_blank\" rel=\"noreferrer noopener\">Comisi\u00f3n de Transportes del Congreso debate hoy Proyecto de la L\u00ednea A\u00e9rea de Bandera del Per\u00fa<\/a><\/p>\n\n\n\n<p><a href=\"https:\/\/aeronoticias.com.pe\/noticiero\/por-debate-presidencial-comision-de-transportes-suspende-tratamiento-de-proyecto-de-ley-de-linea-aerea-de-bandera\/\" target=\"_blank\" rel=\"noreferrer noopener\">Por debate Presidencial, Comisi\u00f3n de Transportes suspende tratamiento de Proyecto de Ley de L\u00ednea A\u00e9rea de Bandera<\/a><\/p>\n\n\n\n<p><a href=\"https:\/\/aeronoticias.com.pe\/noticiero\/julian-palacin-emplaza-a-latam-legal-ltd-que-se-opone-a-la-linea-aerea-de-bandera-del-peru\/\" target=\"_blank\" rel=\"noreferrer noopener\">Juli\u00e1n Palacin emplaza a LATAM LEGAL LTD, que se opone a la L\u00ednea A\u00e9rea de Bandera del Per\u00fa<\/a><\/p>\n\n\n\n<p><a href=\"https:\/\/aeronoticias.com.pe\/noticiero\/desacreditan-al-peru-por-proyecto-de-ley-de-linea-aerea-de-bandera\/?fbclid=IwAR13zEnnP1LIk6wLhFpqxwhqVO8KqhlhMZVQswmxkHutElrQyu-7SJcphU8\" target=\"_blank\" rel=\"noreferrer noopener\">Desacreditan al Per\u00fa por Proyecto de Ley de L\u00ednea A\u00e9rea de Bandera<\/a><\/p>\n\n\n\n<p><a href=\"https:\/\/aeronoticias.com.pe\/noticiero\/lexlatin-propiedad-de-latam-legal-ltd-no-le-informa-a-sus-lectores-que-sus-entrevistados-serian-abogados-de-latam\/\" target=\"_blank\" rel=\"noreferrer noopener\">Lexlatin, propiedad de LATAM LEGAL LTD., no le informa a sus lectores que sus entrevistados ser\u00edan abogados de LATAM<\/a><\/p>\n\n\n\n<p><a href=\"https:\/\/aeronoticias.com.pe\/noticiero\/comision-de-transportes-del-congreso-debate-este-martes-29-el-proyecto-de-la-linea-aerea-de-bandera-del-peru\/\" target=\"_blank\" rel=\"noreferrer noopener\">Comisi\u00f3n de Transportes del Congreso debate hoy el Proyecto de la L\u00ednea A\u00e9rea de Bandera del Per\u00fa<\/a><\/p>\n\n\n\n<p><a href=\"https:\/\/aeronoticias.com.pe\/noticiero\/comision-de-transportes-del-congreso-del-peru-vio-proyecto-de-ley-de-la-linea-aerea-de-bandera\/\" target=\"_blank\" rel=\"noreferrer noopener\">Comisi\u00f3n de Transportes del Congreso del Per\u00fa vio Proyecto de Ley de la L\u00ednea A\u00e9rea de Bandera<\/a><\/p>\n\n\n\n<p><a href=\"https:\/\/aeronoticias.com.pe\/noticiero\/continua-el-debate-sobre-la-linea-aerea-de-bandera-del-peru-en-el-congreso-de-la-republica\/\" target=\"_blank\" rel=\"noreferrer noopener\">Contin\u00faa el debate sobre la L\u00ednea A\u00e9rea de Bandera del Per\u00fa en el Congreso de la Rep\u00fablica<\/a><\/p>\n\n\n\n<p><a href=\"https:\/\/aeronoticias.com.pe\/noticiero\/gilmer-aliaga-zegarra-los-peruanos-tenemos-que-entender-los-beneficios-de-contar-con-una-linea-aerea-de-bandera-de-capital-publico-privada\/\" target=\"_blank\" rel=\"noreferrer noopener\">Gilmer Aliaga Zegarra: \u00abLos peruanos tenemos que entender los beneficios de contar con una L\u00ednea A\u00e9rea de Bandera de capital p\u00fablico-privada\u00bb<\/a><\/p>\n\n\n\n<p><a href=\"https:\/\/aeronoticias.com.pe\/noticiero\/alfredo-gallegos-estoy-de-acuerdo-que-existe-conveniencia-publica-para-que-el-peru-tenga-una-linea-aerea-de-bandera\/\" target=\"_blank\" rel=\"noreferrer noopener\">Alfredo Gallegos: \u201cEstoy de acuerdo que existe conveniencia p\u00fablica para que el Per\u00fa tenga una L\u00ednea A\u00e9rea de Bandera\u201d<\/a><\/p>\n\n\n\n<p><a href=\"https:\/\/aeronoticias.com.pe\/noticiero\/julian-palacin-la-constitucion-politica-respalda-el-derecho-del-peru-a-tener-una-linea-aerea-de-bandera-con-capital-publico-privado\/\" target=\"_blank\" rel=\"noreferrer noopener\">Juli\u00e1n Palacin: \u00abLa Constituci\u00f3n Pol\u00edtica respalda el derecho del Per\u00fa a tener una L\u00ednea A\u00e9rea de Bandera con capital p\u00fablico-privado<\/a><\/p>\n\n\n\n<p><a href=\"https:\/\/aeronoticias.com.pe\/noticiero\/crece-el-interes-de-inversionistas-privados-por-invertir-en-la-linea-de-bandera-low-cost-del-peru\/\" target=\"_blank\" rel=\"noreferrer noopener\">Crece el inter\u00e9s de capitales privados por invertir en la L\u00ednea A\u00e9rea de Bandera Low-Cost<\/a><\/p>\n\n\n\n<p><a href=\"https:\/\/aeronoticias.com.pe\/noticiero\/low-cost-del-peru-abriria-mercado-aereo-a-15-millones-de-pasajeros-de-transporte-terreste\/\" target=\"_blank\" rel=\"noreferrer noopener\">Low-Cost del Per\u00fa abrir\u00eda mercado a\u00e9reo a 15 millones de pasajeros de transporte terrestre<\/a><\/p>\n\n\n\n<p><a href=\"https:\/\/aeronoticias.com.pe\/noticiero\/julian-palacin-proyecto-de-ley-de-linea-aerea-de-bandera-cumple-con-el-principio-de-subsidiariedad-constitucional\/\" target=\"_blank\" rel=\"noreferrer noopener\">Juli\u00e1n Palacin: \u201cProyecto de Ley de L\u00ednea A\u00e9rea de Bandera cumple con el principio de subsidiariedad constitucional<\/a><\/p>\n\n\n\n<p><a href=\"https:\/\/aeronoticias.com.pe\/noticiero\/linea-aerea-de-bandera-del-peru-sera-manejada-por-capitales-privadas\/\" target=\"_blank\" rel=\"noreferrer noopener\">L\u00ednea A\u00e9rea de Bandera del Per\u00fa ser\u00e1 manejada por capitales privados<\/a><\/p>\n\n\n\n<p><a href=\"https:\/\/aeronoticias.com.pe\/noticiero\/defensores-del-dominio-aereo-chileno-en-el-espacio-aereo-peruano-fijan-su-posicion-en-el-diario-peru-21\/\" target=\"_blank\" rel=\"noreferrer noopener\">Defensores del dominio a\u00e9reo chileno en el espacio a\u00e9reo peruano fijan su posici\u00f3n en el Diario Per\u00fa 21<\/a><\/p>\n\n\n\n<p><a href=\"https:\/\/aeronoticias.com.pe\/noticiero\/en-homenaje-al-congresista-luis-carlos-simeon-hurtado-la-linea-aerea-de-bandera-alperu-haria-su-primer-vuelo-al-aerodromo-de-vicco-en-pasco\/\" target=\"_blank\" rel=\"noreferrer noopener\">En homenaje al Congresista Luis Carlos Sime\u00f3n Hurtado, la L\u00ednea A\u00e9rea de Bandera \u201cALPERU\u201d har\u00eda su primer vuelo al aer\u00f3dromo de Vicco, en Pasco<\/a><\/p>\n\n\n\n<p><a href=\"https:\/\/aeronoticias.com.pe\/noticiero\/linea-aerea-de-bandera-del-peru-operaria-desde-el-aerodromo-low-cost-de-las-palmas-en-surco\/\" target=\"_blank\" rel=\"noreferrer noopener\">L\u00ednea A\u00e9rea de Bandera del Per\u00fa operar\u00eda desde el Aer\u00f3dromo low-cost de Las Palmas, en Surco<\/a><\/p>\n\n\n\n<p><a href=\"https:\/\/aeronoticias.com.pe\/noticiero\/julian-palacin-debemos-pensar-en-el-aeropuerto-internacional-low-cost-de-la-isla-san-lorenzo-para-beneficiar-al-callao\/\" target=\"_blank\" rel=\"noreferrer noopener\">Juli\u00e1n Palacin: \u201cDebemos pensar en el Aeropuerto Internacional Low Cost de la Isla San Lorenzo para beneficiar al Callao\u201d<\/a><\/p>\n\n\n\n<p><a href=\"https:\/\/aeronoticias.com.pe\/noticiero\/linea-aerea-de-bandera-del-peru-no-tendra-inversion-publica-ni-irrogara-gasto-al-estado\/\" target=\"_blank\" rel=\"noreferrer noopener\">L\u00ednea A\u00e9rea de Bandera del Per\u00fa no tendr\u00e1 inversi\u00f3n p\u00fablica ni irrogar\u00e1 gasto al Estado<\/a><\/p>\n\n\n\n<p><a href=\"https:\/\/aeronoticias.com.pe\/noticiero\/mtc-no-da-pronunciamiento-a-la-carta-de-lap\/\" target=\"_blank\" rel=\"noreferrer noopener\">MTC no da pronunciamiento a la carta de LAP<\/a><\/p>\n\n\n\n<p><a href=\"https:\/\/aeronoticias.com.pe\/noticiero\/comision-de-transportes-del-congreso-ve-el-dictamen-final-de-la-linea-aerea-de-bandera-del-peru\/\" target=\"_blank\" rel=\"noreferrer noopener\">Comisi\u00f3n de Transportes del Congreso ve el Dictamen final de la L\u00ednea A\u00e9rea de Bandera del Per\u00fa<\/a><\/p>\n\n\n\n<p><a href=\"https:\/\/aeronoticias.com.pe\/noticiero\/linea-aerea-de-bandera-del-peru-sin-inversion-publica-tiene-interes-geopolitico-y-de-defensa-nacional-del-peru\/\" target=\"_blank\" rel=\"noreferrer noopener\">L\u00ednea A\u00e9rea de Bandera del Per\u00fa sin inversi\u00f3n p\u00fablica tiene inter\u00e9s geopol\u00edtico y de defensa nacional del Per\u00fa<\/a><\/p>\n\n\n\n<p><a href=\"https:\/\/aeronoticias.com.pe\/noticiero\/instituto-peruano-de-derecho-aereo-ipda-desarrollo-doctrina-geopolitica-del-peru-en-la-utilizacion-del-espacio-aereo\/\" target=\"_blank\" rel=\"noreferrer noopener\">Instituto Peruano de Derecho A\u00e9reo (IPDA) desarroll\u00f3 Doctrina Geopol\u00edtica del Per\u00fa en la utilizaci\u00f3n del espacio a\u00e9reo<\/a><\/p>\n\n\n\n<p><a href=\"https:\/\/aeronoticias.com.pe\/noticiero\/confiep-en-defensa-del-cuasimonopolio-aereo-chileno-se-opone-a-la-linea-aerea-de-bandera-del-peru\/?fbclid=IwAR3Ewe9Bg0BKfH-f92mqAuEKFGDmsdd4CdiaYWdo4lc_6GoEIwcZDqgCbO4\" target=\"_blank\" rel=\"noreferrer noopener\">CONFIEP en defensa del cuasimonopolio a\u00e9reo chileno, se opone a la L\u00ednea A\u00e9rea de Bandera del Per\u00fa<\/a><\/p>\n\n\n\n<p><a href=\"https:\/\/aeronoticias.com.pe\/noticiero\/aetai-presento-informe-contra-la-linea-aerea-de-bandera-que-el-presidente-de-apea-nunca-gestiono-que-tiene-que-ver-latam-en-todo-esto\/\" target=\"_blank\" rel=\"noreferrer noopener\">AETAI present\u00f3 Informe contra la L\u00ednea A\u00e9rea de Bandera, que el Presidente de APEA nunca gestion\u00f3 \u2026. \u00bfqu\u00e9 tiene que ver LATAM en todo esto?<\/a><\/p>\n\n\n\n<p><a href=\"https:\/\/aeronoticias.com.pe\/noticiero\/peruvian-airilines-desaparecio-porque-el-peru-nunca-le-otorgo-rutas-aereas-a-estados-unidos-y-a-otros-mercado-rentables-del-mundo\/\" target=\"_blank\" rel=\"noreferrer noopener\">Peruvian Airilines desapareci\u00f3 porque el Per\u00fa nunca le otorg\u00f3 rutas a\u00e9reas a Estados Unidos y a otros mercados rentables del mundo<\/a><\/p>\n\n\n\n<p><a href=\"https:\/\/aeronoticias.com.pe\/noticiero\/comision-de-transportes-del-congreso-de-la-republica-ve-hoy-predictamen-final-de-la-linea-aerea-de-bandera-de-bajo-costo\/\" target=\"_blank\" rel=\"noreferrer noopener\">Comisi\u00f3n de Transportes del Congreso de la Rep\u00fablica ve hoy Predictamen final de la L\u00ednea A\u00e9rea de Bandera de bajo costo<\/a><\/p>\n\n\n\n<p><a href=\"https:\/\/aeronoticias.com.pe\/noticiero\/comision-de-transportes-del-congreso-de-la-republica-realizo-el-primer-debate-del-predictamen-final-de-la-linea-aerea-de-bandera-de-bajo-costo\/\" target=\"_blank\" rel=\"noreferrer noopener\">Comisi\u00f3n de Transportes del Congreso de la Rep\u00fablica realiz\u00f3 el primer Debate del Predictamen final de la L\u00ednea A\u00e9rea de Bandera de bajo costo<\/a><\/p>\n\n\n\n<p><a href=\"https:\/\/aeronoticias.com.pe\/noticiero\/congresista-de-fuerza-popular-fp-martires-lizana-santos-impidio-que-se-vote-el-proyecto-6153-2020-cr-que-crea-la-linea-aerea-de-bandera-de-bajo-costo-del-peru\/\" target=\"_blank\" rel=\"noreferrer noopener\">Congresista de Fuerza Popular (FP) M\u00e1rtires Lizana Santos, impidi\u00f3 que se vote el Proyecto 6153-2020-CR que crea la L\u00ednea A\u00e9rea de Bandera de bajo costo del Per\u00fa<\/a><\/p>\n","protected":false},"excerpt":{"rendered":"<p>(Aeronoticias) La Radio P\u00fablica de Puno (740 AM), que informa a la Regi\u00f3n Macrosur del Per\u00fa, entrevist\u00f3 al Jurista Juli\u00e1n Palacin, Presidente del Instituto Peruano de Derecho A\u00e9reo (IPDA), Abogado del Estudio Jur\u00eddico Juli\u00e1n Palacin Abogados, ex Presidente de la Corporaci\u00f3n Peruana de Aeropuertos y Aviaci\u00f3n Comercial (CORPAC) y consultor jur\u00eddico externo del Proyecto de [&hellip;]<\/p>\n","protected":false},"author":3,"featured_media":69109,"comment_status":"open","ping_status":"open","sticky":false,"template":"","format":"standard","meta":{"tdm_status":"","tdm_grid_status":"","footnotes":""},"categories":[38,8],"tags":[170,171,1188,1058,1156],"class_list":{"0":"post-69084","1":"post","2":"type-post","3":"status-publish","4":"format-standard","5":"has-post-thumbnail","7":"category-nacionales","8":"category-ultimas","9":"tag-congresodelarepublica","10":"tag-congresoperu","11":"tag-julian-palacin-2","12":"tag-lineaareadebandera","13":"tag-perulibre"},"yoast_head":"<!-- This site is optimized with the Yoast SEO plugin v25.1 - https:\/\/yoast.com\/wordpress\/plugins\/seo\/ -->\n<title>Radio P\u00fablica de Puno entrevist\u00f3 a Juli\u00e1n Palacin por la creaci\u00f3n de ALPERU, la L\u00ednea A\u00e9rea de Bandera del Per\u00fa<\/title>\n<meta name=\"description\" content=\"Partido Pol\u00edtico Per\u00fa Libre con Juli\u00e1n Palacin, apoya el futuro de la Macrorregi\u00f3n Sur con la L\u00ednea A\u00e9rea de Bandera de bajo costo y el Aeropuerto Internacional de Chinchero.\" \/>\n<meta name=\"robots\" content=\"index, follow, max-snippet:-1, max-image-preview:large, max-video-preview:-1\" \/>\n<link rel=\"canonical\" href=\"https:\/\/aeronoticias.com.pe\/noticiero\/nacionales\/radio-publica-de-puno-entrevisto-a-julian-palacin-por-la-creacion-de-alperu-la-linea-aerea-de-bandera-del-peru\/\" \/>\n<meta property=\"og:locale\" content=\"es_ES\" \/>\n<meta property=\"og:type\" content=\"article\" \/>\n<meta property=\"og:title\" content=\"Radio P\u00fablica de Puno entrevist\u00f3 a Juli\u00e1n Palacin por la creaci\u00f3n de ALPERU, la L\u00ednea A\u00e9rea de Bandera del Per\u00fa\" \/>\n<meta property=\"og:description\" content=\"Partido Pol\u00edtico Per\u00fa Libre con Juli\u00e1n Palacin, apoya el futuro de la Macrorregi\u00f3n Sur con la L\u00ednea A\u00e9rea de Bandera de bajo costo y el Aeropuerto Internacional de Chinchero.\" \/>\n<meta property=\"og:url\" content=\"https:\/\/aeronoticias.com.pe\/noticiero\/nacionales\/radio-publica-de-puno-entrevisto-a-julian-palacin-por-la-creacion-de-alperu-la-linea-aerea-de-bandera-del-peru\/\" \/>\n<meta property=\"og:site_name\" content=\"Aeronoticias.com.pe\" \/>\n<meta property=\"article:publisher\" content=\"https:\/\/www.facebook.com\/Aeronoticias.com.pe\/\" \/>\n<meta property=\"article:published_time\" content=\"2021-02-08T17:30:38+00:00\" \/>\n<meta property=\"article:modified_time\" content=\"2021-02-10T17:15:07+00:00\" \/>\n<meta property=\"og:image\" content=\"https:\/\/aeronoticias.com.pe\/noticiero\/wp-content\/uploads\/2021\/02\/jpalacinf-jpalacing.jpg\" \/>\n\t<meta property=\"og:image:width\" content=\"1231\" \/>\n\t<meta property=\"og:image:height\" content=\"637\" \/>\n\t<meta property=\"og:image:type\" content=\"image\/jpeg\" \/>\n<meta name=\"author\" content=\"Redacci\u00f3n\" \/>\n<meta name=\"twitter:card\" content=\"summary_large_image\" \/>\n<meta name=\"twitter:creator\" content=\"@aeronoticias\" \/>\n<meta name=\"twitter:site\" content=\"@aeronoticias\" \/>\n<meta name=\"twitter:label1\" content=\"Escrito por\" \/>\n\t<meta name=\"twitter:data1\" content=\"Redacci\u00f3n\" \/>\n\t<meta name=\"twitter:label2\" content=\"Tiempo de lectura\" \/>\n\t<meta name=\"twitter:data2\" content=\"11 minutos\" \/>\n<script type=\"application\/ld+json\" class=\"yoast-schema-graph\">{\"@context\":\"https:\/\/schema.org\",\"@graph\":[{\"@type\":\"WebPage\",\"@id\":\"https:\/\/aeronoticias.com.pe\/noticiero\/nacionales\/radio-publica-de-puno-entrevisto-a-julian-palacin-por-la-creacion-de-alperu-la-linea-aerea-de-bandera-del-peru\/\",\"url\":\"https:\/\/aeronoticias.com.pe\/noticiero\/nacionales\/radio-publica-de-puno-entrevisto-a-julian-palacin-por-la-creacion-de-alperu-la-linea-aerea-de-bandera-del-peru\/\",\"name\":\"Radio P\u00fablica de Puno entrevist\u00f3 a Juli\u00e1n Palacin por la creaci\u00f3n de ALPERU, la L\u00ednea A\u00e9rea de Bandera del Per\u00fa\",\"isPartOf\":{\"@id\":\"https:\/\/aeronoticias.com.pe\/noticiero\/#website\"},\"primaryImageOfPage\":{\"@id\":\"https:\/\/aeronoticias.com.pe\/noticiero\/nacionales\/radio-publica-de-puno-entrevisto-a-julian-palacin-por-la-creacion-de-alperu-la-linea-aerea-de-bandera-del-peru\/#primaryimage\"},\"image\":{\"@id\":\"https:\/\/aeronoticias.com.pe\/noticiero\/nacionales\/radio-publica-de-puno-entrevisto-a-julian-palacin-por-la-creacion-de-alperu-la-linea-aerea-de-bandera-del-peru\/#primaryimage\"},\"thumbnailUrl\":\"https:\/\/aeronoticias.com.pe\/noticiero\/wp-content\/uploads\/2021\/02\/jpalacinf-jpalacing.jpg\",\"datePublished\":\"2021-02-08T17:30:38+00:00\",\"dateModified\":\"2021-02-10T17:15:07+00:00\",\"author\":{\"@id\":\"https:\/\/aeronoticias.com.pe\/noticiero\/#\/schema\/person\/16212a617c73f78916b13194154243bd\"},\"description\":\"Partido Pol\u00edtico Per\u00fa Libre con Juli\u00e1n Palacin, apoya el futuro de la Macrorregi\u00f3n Sur con la L\u00ednea A\u00e9rea de Bandera de bajo costo y el Aeropuerto Internacional de Chinchero.\",\"breadcrumb\":{\"@id\":\"https:\/\/aeronoticias.com.pe\/noticiero\/nacionales\/radio-publica-de-puno-entrevisto-a-julian-palacin-por-la-creacion-de-alperu-la-linea-aerea-de-bandera-del-peru\/#breadcrumb\"},\"inLanguage\":\"es\",\"potentialAction\":[{\"@type\":\"ReadAction\",\"target\":[\"https:\/\/aeronoticias.com.pe\/noticiero\/nacionales\/radio-publica-de-puno-entrevisto-a-julian-palacin-por-la-creacion-de-alperu-la-linea-aerea-de-bandera-del-peru\/\"]}]},{\"@type\":\"ImageObject\",\"inLanguage\":\"es\",\"@id\":\"https:\/\/aeronoticias.com.pe\/noticiero\/nacionales\/radio-publica-de-puno-entrevisto-a-julian-palacin-por-la-creacion-de-alperu-la-linea-aerea-de-bandera-del-peru\/#primaryimage\",\"url\":\"https:\/\/aeronoticias.com.pe\/noticiero\/wp-content\/uploads\/2021\/02\/jpalacinf-jpalacing.jpg\",\"contentUrl\":\"https:\/\/aeronoticias.com.pe\/noticiero\/wp-content\/uploads\/2021\/02\/jpalacinf-jpalacing.jpg\",\"width\":1231,\"height\":637},{\"@type\":\"BreadcrumbList\",\"@id\":\"https:\/\/aeronoticias.com.pe\/noticiero\/nacionales\/radio-publica-de-puno-entrevisto-a-julian-palacin-por-la-creacion-de-alperu-la-linea-aerea-de-bandera-del-peru\/#breadcrumb\",\"itemListElement\":[{\"@type\":\"ListItem\",\"position\":1,\"name\":\"Portada\",\"item\":\"https:\/\/aeronoticias.com.pe\/noticiero\/\"},{\"@type\":\"ListItem\",\"position\":2,\"name\":\"Radio P\u00fablica de Puno entrevist\u00f3 a Juli\u00e1n Palacin por la creaci\u00f3n de ALPERU, la L\u00ednea A\u00e9rea de Bandera del Per\u00fa\"}]},{\"@type\":\"WebSite\",\"@id\":\"https:\/\/aeronoticias.com.pe\/noticiero\/#website\",\"url\":\"https:\/\/aeronoticias.com.pe\/noticiero\/\",\"name\":\"Aeronoticias.com.pe\",\"description\":\"Noticias de tranporte aereo, turismo, hoteles, gastronomia, actualidad, internacional\",\"potentialAction\":[{\"@type\":\"SearchAction\",\"target\":{\"@type\":\"EntryPoint\",\"urlTemplate\":\"https:\/\/aeronoticias.com.pe\/noticiero\/?s={search_term_string}\"},\"query-input\":{\"@type\":\"PropertyValueSpecification\",\"valueRequired\":true,\"valueName\":\"search_term_string\"}}],\"inLanguage\":\"es\"},{\"@type\":\"Person\",\"@id\":\"https:\/\/aeronoticias.com.pe\/noticiero\/#\/schema\/person\/16212a617c73f78916b13194154243bd\",\"name\":\"Redacci\u00f3n\",\"sameAs\":[\"http:\/\/Redacci\u00f3n\"],\"url\":\"https:\/\/aeronoticias.com.pe\/noticiero\/author\/celeste\/\"}]}<\/script>\n<!-- \/ Yoast SEO plugin. -->","yoast_head_json":{"title":"Radio P\u00fablica de Puno entrevist\u00f3 a Juli\u00e1n Palacin por la creaci\u00f3n de ALPERU, la L\u00ednea A\u00e9rea de Bandera del Per\u00fa","description":"Partido Pol\u00edtico Per\u00fa Libre con Juli\u00e1n Palacin, apoya el futuro de la Macrorregi\u00f3n Sur con la L\u00ednea A\u00e9rea de Bandera de bajo costo y el Aeropuerto Internacional de Chinchero.","robots":{"index":"index","follow":"follow","max-snippet":"max-snippet:-1","max-image-preview":"max-image-preview:large","max-video-preview":"max-video-preview:-1"},"canonical":"https:\/\/aeronoticias.com.pe\/noticiero\/nacionales\/radio-publica-de-puno-entrevisto-a-julian-palacin-por-la-creacion-de-alperu-la-linea-aerea-de-bandera-del-peru\/","og_locale":"es_ES","og_type":"article","og_title":"Radio P\u00fablica de Puno entrevist\u00f3 a Juli\u00e1n Palacin por la creaci\u00f3n de ALPERU, la L\u00ednea A\u00e9rea de Bandera del Per\u00fa","og_description":"Partido Pol\u00edtico Per\u00fa Libre con Juli\u00e1n Palacin, apoya el futuro de la Macrorregi\u00f3n Sur con la L\u00ednea A\u00e9rea de Bandera de bajo costo y el Aeropuerto Internacional de Chinchero.","og_url":"https:\/\/aeronoticias.com.pe\/noticiero\/nacionales\/radio-publica-de-puno-entrevisto-a-julian-palacin-por-la-creacion-de-alperu-la-linea-aerea-de-bandera-del-peru\/","og_site_name":"Aeronoticias.com.pe","article_publisher":"https:\/\/www.facebook.com\/Aeronoticias.com.pe\/","article_published_time":"2021-02-08T17:30:38+00:00","article_modified_time":"2021-02-10T17:15:07+00:00","og_image":[{"width":1231,"height":637,"url":"https:\/\/aeronoticias.com.pe\/noticiero\/wp-content\/uploads\/2021\/02\/jpalacinf-jpalacing.jpg","type":"image\/jpeg"}],"author":"Redacci\u00f3n","twitter_card":"summary_large_image","twitter_creator":"@aeronoticias","twitter_site":"@aeronoticias","twitter_misc":{"Escrito por":"Redacci\u00f3n","Tiempo de lectura":"11 minutos"},"schema":{"@context":"https:\/\/schema.org","@graph":[{"@type":"WebPage","@id":"https:\/\/aeronoticias.com.pe\/noticiero\/nacionales\/radio-publica-de-puno-entrevisto-a-julian-palacin-por-la-creacion-de-alperu-la-linea-aerea-de-bandera-del-peru\/","url":"https:\/\/aeronoticias.com.pe\/noticiero\/nacionales\/radio-publica-de-puno-entrevisto-a-julian-palacin-por-la-creacion-de-alperu-la-linea-aerea-de-bandera-del-peru\/","name":"Radio P\u00fablica de Puno entrevist\u00f3 a Juli\u00e1n Palacin por la creaci\u00f3n de ALPERU, la L\u00ednea A\u00e9rea de Bandera del Per\u00fa","isPartOf":{"@id":"https:\/\/aeronoticias.com.pe\/noticiero\/#website"},"primaryImageOfPage":{"@id":"https:\/\/aeronoticias.com.pe\/noticiero\/nacionales\/radio-publica-de-puno-entrevisto-a-julian-palacin-por-la-creacion-de-alperu-la-linea-aerea-de-bandera-del-peru\/#primaryimage"},"image":{"@id":"https:\/\/aeronoticias.com.pe\/noticiero\/nacionales\/radio-publica-de-puno-entrevisto-a-julian-palacin-por-la-creacion-de-alperu-la-linea-aerea-de-bandera-del-peru\/#primaryimage"},"thumbnailUrl":"https:\/\/aeronoticias.com.pe\/noticiero\/wp-content\/uploads\/2021\/02\/jpalacinf-jpalacing.jpg","datePublished":"2021-02-08T17:30:38+00:00","dateModified":"2021-02-10T17:15:07+00:00","author":{"@id":"https:\/\/aeronoticias.com.pe\/noticiero\/#\/schema\/person\/16212a617c73f78916b13194154243bd"},"description":"Partido Pol\u00edtico Per\u00fa Libre con Juli\u00e1n Palacin, apoya el futuro de la Macrorregi\u00f3n Sur con la L\u00ednea A\u00e9rea de Bandera de bajo costo y el Aeropuerto Internacional de Chinchero.","breadcrumb":{"@id":"https:\/\/aeronoticias.com.pe\/noticiero\/nacionales\/radio-publica-de-puno-entrevisto-a-julian-palacin-por-la-creacion-de-alperu-la-linea-aerea-de-bandera-del-peru\/#breadcrumb"},"inLanguage":"es","potentialAction":[{"@type":"ReadAction","target":["https:\/\/aeronoticias.com.pe\/noticiero\/nacionales\/radio-publica-de-puno-entrevisto-a-julian-palacin-por-la-creacion-de-alperu-la-linea-aerea-de-bandera-del-peru\/"]}]},{"@type":"ImageObject","inLanguage":"es","@id":"https:\/\/aeronoticias.com.pe\/noticiero\/nacionales\/radio-publica-de-puno-entrevisto-a-julian-palacin-por-la-creacion-de-alperu-la-linea-aerea-de-bandera-del-peru\/#primaryimage","url":"https:\/\/aeronoticias.com.pe\/noticiero\/wp-content\/uploads\/2021\/02\/jpalacinf-jpalacing.jpg","contentUrl":"https:\/\/aeronoticias.com.pe\/noticiero\/wp-content\/uploads\/2021\/02\/jpalacinf-jpalacing.jpg","width":1231,"height":637},{"@type":"BreadcrumbList","@id":"https:\/\/aeronoticias.com.pe\/noticiero\/nacionales\/radio-publica-de-puno-entrevisto-a-julian-palacin-por-la-creacion-de-alperu-la-linea-aerea-de-bandera-del-peru\/#breadcrumb","itemListElement":[{"@type":"ListItem","position":1,"name":"Portada","item":"https:\/\/aeronoticias.com.pe\/noticiero\/"},{"@type":"ListItem","position":2,"name":"Radio P\u00fablica de Puno entrevist\u00f3 a Juli\u00e1n Palacin por la creaci\u00f3n de ALPERU, la L\u00ednea A\u00e9rea de Bandera del Per\u00fa"}]},{"@type":"WebSite","@id":"https:\/\/aeronoticias.com.pe\/noticiero\/#website","url":"https:\/\/aeronoticias.com.pe\/noticiero\/","name":"Aeronoticias.com.pe","description":"Noticias de tranporte aereo, turismo, hoteles, gastronomia, actualidad, internacional","potentialAction":[{"@type":"SearchAction","target":{"@type":"EntryPoint","urlTemplate":"https:\/\/aeronoticias.com.pe\/noticiero\/?s={search_term_string}"},"query-input":{"@type":"PropertyValueSpecification","valueRequired":true,"valueName":"search_term_string"}}],"inLanguage":"es"},{"@type":"Person","@id":"https:\/\/aeronoticias.com.pe\/noticiero\/#\/schema\/person\/16212a617c73f78916b13194154243bd","name":"Redacci\u00f3n","sameAs":["http:\/\/Redacci\u00f3n"],"url":"https:\/\/aeronoticias.com.pe\/noticiero\/author\/celeste\/"}]}},"_links":{"self":[{"href":"https:\/\/aeronoticias.com.pe\/noticiero\/wp-json\/wp\/v2\/posts\/69084","targetHints":{"allow":["GET"]}}],"collection":[{"href":"https:\/\/aeronoticias.com.pe\/noticiero\/wp-json\/wp\/v2\/posts"}],"about":[{"href":"https:\/\/aeronoticias.com.pe\/noticiero\/wp-json\/wp\/v2\/types\/post"}],"author":[{"embeddable":true,"href":"https:\/\/aeronoticias.com.pe\/noticiero\/wp-json\/wp\/v2\/users\/3"}],"replies":[{"embeddable":true,"href":"https:\/\/aeronoticias.com.pe\/noticiero\/wp-json\/wp\/v2\/comments?post=69084"}],"version-history":[{"count":0,"href":"https:\/\/aeronoticias.com.pe\/noticiero\/wp-json\/wp\/v2\/posts\/69084\/revisions"}],"wp:featuredmedia":[{"embeddable":true,"href":"https:\/\/aeronoticias.com.pe\/noticiero\/wp-json\/wp\/v2\/media\/69109"}],"wp:attachment":[{"href":"https:\/\/aeronoticias.com.pe\/noticiero\/wp-json\/wp\/v2\/media?parent=69084"}],"wp:term":[{"taxonomy":"category","embeddable":true,"href":"https:\/\/aeronoticias.com.pe\/noticiero\/wp-json\/wp\/v2\/categories?post=69084"},{"taxonomy":"post_tag","embeddable":true,"href":"https:\/\/aeronoticias.com.pe\/noticiero\/wp-json\/wp\/v2\/tags?post=69084"}],"curies":[{"name":"wp","href":"https:\/\/api.w.org\/{rel}","templated":true}]}}