{"id":69123,"date":"2021-02-08T12:00:29","date_gmt":"2021-02-08T17:00:29","guid":{"rendered":"https:\/\/aeronoticias.com.pe\/noticiero\/?p=69123"},"modified":"2021-02-08T16:55:38","modified_gmt":"2021-02-08T21:55:38","slug":"elsa-samanez-osvaldo-cattone-nos-ha-dejado-luego-de-una-vida-en-el-peru","status":"publish","type":"post","link":"https:\/\/aeronoticias.com.pe\/noticiero\/institucionales\/elsa-samanez-osvaldo-cattone-nos-ha-dejado-luego-de-una-vida-en-el-peru\/","title":{"rendered":"Elsa Samanez: \u00abOsvaldo Cattone nos ha dejado luego de una vida en el Per\u00fa\u00bb"},"content":{"rendered":"\n<p><strong>(Aeronoticias)<\/strong> Osvaldo Cattone fue actor, director y productor de teatro argentino, quien radicaba en Lima, Per\u00fa. El pueblo peruano lo adopt\u00f3 hace muchos a\u00f1os y \u00e9l se sent\u00eda un peruano m\u00e1s de coraz\u00f3n, pese a ser argentino de nacimiento.<\/p>\n\n\n\n<p>En el ambiente teatral conquist\u00f3 autores, directores, actores y todo lo relacionado con el arte, por su don de gente y su llegada a todos los \u00e1mbitos.<\/p>\n\n\n\n<p>En Lima fue un personaje muy apreciado, se gan\u00f3 a los actores, autores, directores y hasta los trabajadores del teatro eran sus fans, de tal manera que eso lo hizo un personaje que se apropi\u00f3 de la afici\u00f3n al teatro, se gan\u00f3 la simpat\u00eda y el aprecio de todos sus compa\u00f1eros, trabajadores y p\u00fablico.<\/p>\n\n\n\n<p>Enumerar sus grandes \u00e9xitos ser\u00eda demasiado grande, pero sus temporadas duraron siempre como m\u00ednimo de 8 meses a 1 a\u00f1o, porque el \u00e9xito era tal, que \u00e9l dec\u00eda lo siguiente: \u00abque pena quitarla antes\u00bb.<\/p>\n\n\n\n<p>Cabe resaltar, que \u00e9l era muy honesto y fiel con todos sus amigos, compa\u00f1eros y trabajadores.<\/p>\n\n\n\n<p>Amelia Benci, Regina Alcover, Lola Vilar e Yvonne Frayssinet, son algunas de las actrices que m\u00e1s trabajaron con \u00e9l a lo largo de su carrera teatral.<\/p>\n\n\n\n<p>Cabe indicar, que Lima tuvo el honor de tener teatro permanente en el Marsano gracias a Osvaldo, quien arregl\u00f3 el teatro y lo puso de moda al estilo de Nueva York o el mismo Buenos Aires. Adem\u00e1s, lo coloc\u00f3 en un sitial que no ten\u00edamos hasta antes de su llegada y se esforz\u00f3 enormemente para estar al nivel de las obras internacionales.<\/p>\n\n\n\n<p>Catonne nos deja un gran vac\u00edo dif\u00edcil de llenar; el Marsano queda hu\u00e9rfano de padre, quien fue su mayor exponente como actor, director y empresario.<\/p>\n\n\n\n<p>\u00a1Descansa en paz querido Osvaldo, amigo entra\u00f1able!<\/p>\n\n\n\n<p><strong><em>Por: Elsa Samanez Alarc\u00f3n <\/em><\/strong><br><\/p>\n\n\n\n<p><\/p>\n","protected":false},"excerpt":{"rendered":"<p>(Aeronoticias) Osvaldo Cattone fue actor, director y productor de teatro argentino, quien radicaba en Lima, Per\u00fa. El pueblo peruano lo adopt\u00f3 hace muchos a\u00f1os y \u00e9l se sent\u00eda un peruano m\u00e1s de coraz\u00f3n, pese a ser argentino de nacimiento. En el ambiente teatral conquist\u00f3 autores, directores, actores y todo lo relacionado con el arte, por [&hellip;]<\/p>\n","protected":false},"author":3,"featured_media":69131,"comment_status":"open","ping_status":"open","sticky":false,"template":"","format":"standard","meta":{"tdm_status":"","tdm_grid_status":"","footnotes":""},"categories":[18],"tags":[],"class_list":{"0":"post-69123","1":"post","2":"type-post","3":"status-publish","4":"format-standard","5":"has-post-thumbnail","7":"category-institucionales"},"yoast_head":"<!-- This site is optimized with the Yoast SEO plugin v25.1 - https:\/\/yoast.com\/wordpress\/plugins\/seo\/ -->\n<title>Elsa Samanez: &quot;Osvaldo Cattone nos ha dejado luego de una vida en el Per\u00fa&quot;<\/title>\n<meta name=\"description\" content=\"Osvaldo donde deja la suya, contando con el cari\u00f1o de todo el pa\u00eds.\" \/>\n<meta name=\"robots\" content=\"index, follow, max-snippet:-1, max-image-preview:large, max-video-preview:-1\" \/>\n<link rel=\"canonical\" href=\"https:\/\/aeronoticias.com.pe\/noticiero\/institucionales\/elsa-samanez-osvaldo-cattone-nos-ha-dejado-luego-de-una-vida-en-el-peru\/\" \/>\n<meta property=\"og:locale\" content=\"es_ES\" \/>\n<meta property=\"og:type\" content=\"article\" \/>\n<meta property=\"og:title\" content=\"Elsa Samanez: &quot;Osvaldo Cattone nos ha dejado luego de una vida en el Per\u00fa&quot;\" \/>\n<meta property=\"og:description\" content=\"Osvaldo donde deja la suya, contando con el cari\u00f1o de todo el pa\u00eds.\" \/>\n<meta property=\"og:url\" content=\"https:\/\/aeronoticias.com.pe\/noticiero\/institucionales\/elsa-samanez-osvaldo-cattone-nos-ha-dejado-luego-de-una-vida-en-el-peru\/\" \/>\n<meta property=\"og:site_name\" content=\"Aeronoticias.com.pe\" \/>\n<meta property=\"article:publisher\" content=\"https:\/\/www.facebook.com\/Aeronoticias.com.pe\/\" \/>\n<meta property=\"article:published_time\" content=\"2021-02-08T17:00:29+00:00\" \/>\n<meta property=\"article:modified_time\" content=\"2021-02-08T21:55:38+00:00\" \/>\n<meta property=\"og:image\" content=\"https:\/\/aeronoticias.com.pe\/noticiero\/wp-content\/uploads\/2021\/02\/elsayosvaldo.jpg\" \/>\n\t<meta property=\"og:image:width\" content=\"1072\" \/>\n\t<meta property=\"og:image:height\" content=\"1440\" \/>\n\t<meta property=\"og:image:type\" content=\"image\/jpeg\" \/>\n<meta name=\"author\" content=\"Redacci\u00f3n\" \/>\n<meta name=\"twitter:card\" content=\"summary_large_image\" \/>\n<meta name=\"twitter:creator\" content=\"@aeronoticias\" \/>\n<meta name=\"twitter:site\" content=\"@aeronoticias\" \/>\n<meta name=\"twitter:label1\" content=\"Escrito por\" \/>\n\t<meta name=\"twitter:data1\" content=\"Redacci\u00f3n\" \/>\n\t<meta name=\"twitter:label2\" content=\"Tiempo de lectura\" \/>\n\t<meta name=\"twitter:data2\" content=\"2 minutos\" \/>\n<script type=\"application\/ld+json\" class=\"yoast-schema-graph\">{\"@context\":\"https:\/\/schema.org\",\"@graph\":[{\"@type\":\"WebPage\",\"@id\":\"https:\/\/aeronoticias.com.pe\/noticiero\/institucionales\/elsa-samanez-osvaldo-cattone-nos-ha-dejado-luego-de-una-vida-en-el-peru\/\",\"url\":\"https:\/\/aeronoticias.com.pe\/noticiero\/institucionales\/elsa-samanez-osvaldo-cattone-nos-ha-dejado-luego-de-una-vida-en-el-peru\/\",\"name\":\"Elsa Samanez: \\\"Osvaldo Cattone nos ha dejado luego de una vida en el Per\u00fa\\\"\",\"isPartOf\":{\"@id\":\"https:\/\/aeronoticias.com.pe\/noticiero\/#website\"},\"primaryImageOfPage\":{\"@id\":\"https:\/\/aeronoticias.com.pe\/noticiero\/institucionales\/elsa-samanez-osvaldo-cattone-nos-ha-dejado-luego-de-una-vida-en-el-peru\/#primaryimage\"},\"image\":{\"@id\":\"https:\/\/aeronoticias.com.pe\/noticiero\/institucionales\/elsa-samanez-osvaldo-cattone-nos-ha-dejado-luego-de-una-vida-en-el-peru\/#primaryimage\"},\"thumbnailUrl\":\"https:\/\/aeronoticias.com.pe\/noticiero\/wp-content\/uploads\/2021\/02\/elsayosvaldo.jpg\",\"datePublished\":\"2021-02-08T17:00:29+00:00\",\"dateModified\":\"2021-02-08T21:55:38+00:00\",\"author\":{\"@id\":\"https:\/\/aeronoticias.com.pe\/noticiero\/#\/schema\/person\/16212a617c73f78916b13194154243bd\"},\"description\":\"Osvaldo donde deja la suya, contando con el cari\u00f1o de todo el pa\u00eds.\",\"breadcrumb\":{\"@id\":\"https:\/\/aeronoticias.com.pe\/noticiero\/institucionales\/elsa-samanez-osvaldo-cattone-nos-ha-dejado-luego-de-una-vida-en-el-peru\/#breadcrumb\"},\"inLanguage\":\"es\",\"potentialAction\":[{\"@type\":\"ReadAction\",\"target\":[\"https:\/\/aeronoticias.com.pe\/noticiero\/institucionales\/elsa-samanez-osvaldo-cattone-nos-ha-dejado-luego-de-una-vida-en-el-peru\/\"]}]},{\"@type\":\"ImageObject\",\"inLanguage\":\"es\",\"@id\":\"https:\/\/aeronoticias.com.pe\/noticiero\/institucionales\/elsa-samanez-osvaldo-cattone-nos-ha-dejado-luego-de-una-vida-en-el-peru\/#primaryimage\",\"url\":\"https:\/\/aeronoticias.com.pe\/noticiero\/wp-content\/uploads\/2021\/02\/elsayosvaldo.jpg\",\"contentUrl\":\"https:\/\/aeronoticias.com.pe\/noticiero\/wp-content\/uploads\/2021\/02\/elsayosvaldo.jpg\",\"width\":1072,\"height\":1440,\"caption\":\"Osvaldo Cattone (+) y Elsa Samanez, su Relacionista P\u00fablica durante 20 a\u00f1os, en el Tetro Marsano. (A\u00f1o 2017)\"},{\"@type\":\"BreadcrumbList\",\"@id\":\"https:\/\/aeronoticias.com.pe\/noticiero\/institucionales\/elsa-samanez-osvaldo-cattone-nos-ha-dejado-luego-de-una-vida-en-el-peru\/#breadcrumb\",\"itemListElement\":[{\"@type\":\"ListItem\",\"position\":1,\"name\":\"Portada\",\"item\":\"https:\/\/aeronoticias.com.pe\/noticiero\/\"},{\"@type\":\"ListItem\",\"position\":2,\"name\":\"Elsa Samanez: \u00abOsvaldo Cattone nos ha dejado luego de una vida en el Per\u00fa\u00bb\"}]},{\"@type\":\"WebSite\",\"@id\":\"https:\/\/aeronoticias.com.pe\/noticiero\/#website\",\"url\":\"https:\/\/aeronoticias.com.pe\/noticiero\/\",\"name\":\"Aeronoticias.com.pe\",\"description\":\"Noticias de tranporte aereo, turismo, hoteles, gastronomia, actualidad, internacional\",\"potentialAction\":[{\"@type\":\"SearchAction\",\"target\":{\"@type\":\"EntryPoint\",\"urlTemplate\":\"https:\/\/aeronoticias.com.pe\/noticiero\/?s={search_term_string}\"},\"query-input\":{\"@type\":\"PropertyValueSpecification\",\"valueRequired\":true,\"valueName\":\"search_term_string\"}}],\"inLanguage\":\"es\"},{\"@type\":\"Person\",\"@id\":\"https:\/\/aeronoticias.com.pe\/noticiero\/#\/schema\/person\/16212a617c73f78916b13194154243bd\",\"name\":\"Redacci\u00f3n\",\"sameAs\":[\"http:\/\/Redacci\u00f3n\"],\"url\":\"https:\/\/aeronoticias.com.pe\/noticiero\/author\/celeste\/\"}]}<\/script>\n<!-- \/ Yoast SEO plugin. -->","yoast_head_json":{"title":"Elsa Samanez: \"Osvaldo Cattone nos ha dejado luego de una vida en el Per\u00fa\"","description":"Osvaldo donde deja la suya, contando con el cari\u00f1o de todo el pa\u00eds.","robots":{"index":"index","follow":"follow","max-snippet":"max-snippet:-1","max-image-preview":"max-image-preview:large","max-video-preview":"max-video-preview:-1"},"canonical":"https:\/\/aeronoticias.com.pe\/noticiero\/institucionales\/elsa-samanez-osvaldo-cattone-nos-ha-dejado-luego-de-una-vida-en-el-peru\/","og_locale":"es_ES","og_type":"article","og_title":"Elsa Samanez: \"Osvaldo Cattone nos ha dejado luego de una vida en el Per\u00fa\"","og_description":"Osvaldo donde deja la suya, contando con el cari\u00f1o de todo el pa\u00eds.","og_url":"https:\/\/aeronoticias.com.pe\/noticiero\/institucionales\/elsa-samanez-osvaldo-cattone-nos-ha-dejado-luego-de-una-vida-en-el-peru\/","og_site_name":"Aeronoticias.com.pe","article_publisher":"https:\/\/www.facebook.com\/Aeronoticias.com.pe\/","article_published_time":"2021-02-08T17:00:29+00:00","article_modified_time":"2021-02-08T21:55:38+00:00","og_image":[{"width":1072,"height":1440,"url":"https:\/\/aeronoticias.com.pe\/noticiero\/wp-content\/uploads\/2021\/02\/elsayosvaldo.jpg","type":"image\/jpeg"}],"author":"Redacci\u00f3n","twitter_card":"summary_large_image","twitter_creator":"@aeronoticias","twitter_site":"@aeronoticias","twitter_misc":{"Escrito por":"Redacci\u00f3n","Tiempo de lectura":"2 minutos"},"schema":{"@context":"https:\/\/schema.org","@graph":[{"@type":"WebPage","@id":"https:\/\/aeronoticias.com.pe\/noticiero\/institucionales\/elsa-samanez-osvaldo-cattone-nos-ha-dejado-luego-de-una-vida-en-el-peru\/","url":"https:\/\/aeronoticias.com.pe\/noticiero\/institucionales\/elsa-samanez-osvaldo-cattone-nos-ha-dejado-luego-de-una-vida-en-el-peru\/","name":"Elsa Samanez: \"Osvaldo Cattone nos ha dejado luego de una vida en el Per\u00fa\"","isPartOf":{"@id":"https:\/\/aeronoticias.com.pe\/noticiero\/#website"},"primaryImageOfPage":{"@id":"https:\/\/aeronoticias.com.pe\/noticiero\/institucionales\/elsa-samanez-osvaldo-cattone-nos-ha-dejado-luego-de-una-vida-en-el-peru\/#primaryimage"},"image":{"@id":"https:\/\/aeronoticias.com.pe\/noticiero\/institucionales\/elsa-samanez-osvaldo-cattone-nos-ha-dejado-luego-de-una-vida-en-el-peru\/#primaryimage"},"thumbnailUrl":"https:\/\/aeronoticias.com.pe\/noticiero\/wp-content\/uploads\/2021\/02\/elsayosvaldo.jpg","datePublished":"2021-02-08T17:00:29+00:00","dateModified":"2021-02-08T21:55:38+00:00","author":{"@id":"https:\/\/aeronoticias.com.pe\/noticiero\/#\/schema\/person\/16212a617c73f78916b13194154243bd"},"description":"Osvaldo donde deja la suya, contando con el cari\u00f1o de todo el pa\u00eds.","breadcrumb":{"@id":"https:\/\/aeronoticias.com.pe\/noticiero\/institucionales\/elsa-samanez-osvaldo-cattone-nos-ha-dejado-luego-de-una-vida-en-el-peru\/#breadcrumb"},"inLanguage":"es","potentialAction":[{"@type":"ReadAction","target":["https:\/\/aeronoticias.com.pe\/noticiero\/institucionales\/elsa-samanez-osvaldo-cattone-nos-ha-dejado-luego-de-una-vida-en-el-peru\/"]}]},{"@type":"ImageObject","inLanguage":"es","@id":"https:\/\/aeronoticias.com.pe\/noticiero\/institucionales\/elsa-samanez-osvaldo-cattone-nos-ha-dejado-luego-de-una-vida-en-el-peru\/#primaryimage","url":"https:\/\/aeronoticias.com.pe\/noticiero\/wp-content\/uploads\/2021\/02\/elsayosvaldo.jpg","contentUrl":"https:\/\/aeronoticias.com.pe\/noticiero\/wp-content\/uploads\/2021\/02\/elsayosvaldo.jpg","width":1072,"height":1440,"caption":"Osvaldo Cattone (+) y Elsa Samanez, su Relacionista P\u00fablica durante 20 a\u00f1os, en el Tetro Marsano. (A\u00f1o 2017)"},{"@type":"BreadcrumbList","@id":"https:\/\/aeronoticias.com.pe\/noticiero\/institucionales\/elsa-samanez-osvaldo-cattone-nos-ha-dejado-luego-de-una-vida-en-el-peru\/#breadcrumb","itemListElement":[{"@type":"ListItem","position":1,"name":"Portada","item":"https:\/\/aeronoticias.com.pe\/noticiero\/"},{"@type":"ListItem","position":2,"name":"Elsa Samanez: \u00abOsvaldo Cattone nos ha dejado luego de una vida en el Per\u00fa\u00bb"}]},{"@type":"WebSite","@id":"https:\/\/aeronoticias.com.pe\/noticiero\/#website","url":"https:\/\/aeronoticias.com.pe\/noticiero\/","name":"Aeronoticias.com.pe","description":"Noticias de tranporte aereo, turismo, hoteles, gastronomia, actualidad, internacional","potentialAction":[{"@type":"SearchAction","target":{"@type":"EntryPoint","urlTemplate":"https:\/\/aeronoticias.com.pe\/noticiero\/?s={search_term_string}"},"query-input":{"@type":"PropertyValueSpecification","valueRequired":true,"valueName":"search_term_string"}}],"inLanguage":"es"},{"@type":"Person","@id":"https:\/\/aeronoticias.com.pe\/noticiero\/#\/schema\/person\/16212a617c73f78916b13194154243bd","name":"Redacci\u00f3n","sameAs":["http:\/\/Redacci\u00f3n"],"url":"https:\/\/aeronoticias.com.pe\/noticiero\/author\/celeste\/"}]}},"_links":{"self":[{"href":"https:\/\/aeronoticias.com.pe\/noticiero\/wp-json\/wp\/v2\/posts\/69123","targetHints":{"allow":["GET"]}}],"collection":[{"href":"https:\/\/aeronoticias.com.pe\/noticiero\/wp-json\/wp\/v2\/posts"}],"about":[{"href":"https:\/\/aeronoticias.com.pe\/noticiero\/wp-json\/wp\/v2\/types\/post"}],"author":[{"embeddable":true,"href":"https:\/\/aeronoticias.com.pe\/noticiero\/wp-json\/wp\/v2\/users\/3"}],"replies":[{"embeddable":true,"href":"https:\/\/aeronoticias.com.pe\/noticiero\/wp-json\/wp\/v2\/comments?post=69123"}],"version-history":[{"count":0,"href":"https:\/\/aeronoticias.com.pe\/noticiero\/wp-json\/wp\/v2\/posts\/69123\/revisions"}],"wp:featuredmedia":[{"embeddable":true,"href":"https:\/\/aeronoticias.com.pe\/noticiero\/wp-json\/wp\/v2\/media\/69131"}],"wp:attachment":[{"href":"https:\/\/aeronoticias.com.pe\/noticiero\/wp-json\/wp\/v2\/media?parent=69123"}],"wp:term":[{"taxonomy":"category","embeddable":true,"href":"https:\/\/aeronoticias.com.pe\/noticiero\/wp-json\/wp\/v2\/categories?post=69123"},{"taxonomy":"post_tag","embeddable":true,"href":"https:\/\/aeronoticias.com.pe\/noticiero\/wp-json\/wp\/v2\/tags?post=69123"}],"curies":[{"name":"wp","href":"https:\/\/api.w.org\/{rel}","templated":true}]}}