{"id":69150,"date":"2021-02-08T14:34:58","date_gmt":"2021-02-08T19:34:58","guid":{"rendered":"https:\/\/aeronoticias.com.pe\/noticiero\/?p=69150"},"modified":"2021-02-08T14:41:10","modified_gmt":"2021-02-08T19:41:10","slug":"julian-palacin-de-acuerdo-con-eliminacion-de-inmunidad-parlamentaria","status":"publish","type":"post","link":"https:\/\/aeronoticias.com.pe\/noticiero\/politica\/julian-palacin-de-acuerdo-con-eliminacion-de-inmunidad-parlamentaria\/","title":{"rendered":"Juli\u00e1n Palac\u00edn de acuerdo con eliminaci\u00f3n de inmunidad parlamentaria"},"content":{"rendered":"\n<p><strong>(Fuente: Portada Hispana) <\/strong>En reciente entrevista publicada por el diario El Comercio, Juli\u00e1n Palac\u00edn, candidato al Congreso por Lima Metropolitana por el partido Per\u00fa Libre, manifest\u00f3 estar de acuerdo con la eliminaci\u00f3n de la inmunidad parlamentaria.<\/p>\n\n\n\n<p>A la pregunta: \u00ab\u00bfEst\u00e1 de acuerdo con la reforma del Congreso que elimina la inmunidad parlamentaria?\u00bb, Juli\u00e1n Palac\u00edn se\u00f1al\u00f3 que \u00abla reforma que elimina la inmunidad parlamentaria es un claro mensaje para aquellos pol\u00edticos que a\u00fan tienen cuentas que arreglar con la justicia y que pretenden eludirla vali\u00e9ndose de su condici\u00f3n de congresistas. Esta reforma es un gran paso para el Per\u00fa y los peruanos\u00bb.<\/p>\n\n\n\n<figure class=\"wp-block-gallery columns-1 is-cropped wp-block-gallery-1 is-layout-flex wp-block-gallery-is-layout-flex\"><ul class=\"blocks-gallery-grid\"><li class=\"blocks-gallery-item\"><figure><img loading=\"lazy\" decoding=\"async\" width=\"1024\" height=\"739\" src=\"https:\/\/aeronoticias.com.pe\/noticiero\/wp-content\/uploads\/2021\/02\/piqueoelectoral-1024x739.jpg\" alt=\"\" data-id=\"69154\" data-full-url=\"https:\/\/aeronoticias.com.pe\/noticiero\/wp-content\/uploads\/2021\/02\/piqueoelectoral.jpg\" data-link=\"https:\/\/aeronoticias.com.pe\/noticiero\/?attachment_id=69154\" class=\"wp-image-69154\" srcset=\"https:\/\/aeronoticias.com.pe\/noticiero\/wp-content\/uploads\/2021\/02\/piqueoelectoral-1024x739.jpg 1024w, https:\/\/aeronoticias.com.pe\/noticiero\/wp-content\/uploads\/2021\/02\/piqueoelectoral-300x216.jpg 300w, https:\/\/aeronoticias.com.pe\/noticiero\/wp-content\/uploads\/2021\/02\/piqueoelectoral-768x554.jpg 768w, https:\/\/aeronoticias.com.pe\/noticiero\/wp-content\/uploads\/2021\/02\/piqueoelectoral-150x108.jpg 150w, https:\/\/aeronoticias.com.pe\/noticiero\/wp-content\/uploads\/2021\/02\/piqueoelectoral-696x502.jpg 696w, https:\/\/aeronoticias.com.pe\/noticiero\/wp-content\/uploads\/2021\/02\/piqueoelectoral-1068x771.jpg 1068w, https:\/\/aeronoticias.com.pe\/noticiero\/wp-content\/uploads\/2021\/02\/piqueoelectoral.jpg 1440w\" sizes=\"auto, (max-width: 1024px) 100vw, 1024px\" \/><\/figure><\/li><\/ul><figcaption class=\"blocks-gallery-caption\"><strong><em>Fuente: Diario El Comercio, secci\u00f3n Pol\u00edtica, domingo 7 de febrero del 2021<\/em><\/strong>.<\/figcaption><\/figure>\n\n\n\n<p>Por otro lado Juli\u00e1n Palac\u00edn mostr\u00f3 su desconcierto por la demora en la adquisici\u00f3n de las vacunas contra el covid-19. \u00ab\u00bfPor qu\u00e9 pa\u00edses como Argentina o Chile han adquirido con mucha anticipaci\u00f3n las vacunas contra la pandemia y por qu\u00e9 en el Per\u00fa nos estamos demorando tanto?\u00bb, pregunt\u00f3.<\/p>\n\n\n\n<p>\u00abEl Per\u00fa necesita soberan\u00eda, contar con infraestructura aeroportuaria y una l\u00ednea de bandera propia. No hay trabajo porque no tenemos infraestructura propia\u00bb, explic\u00f3.<\/p>\n\n\n\n<p>\u00abSi no tenemos autonom\u00eda para hacer un vuelo China \u2013 Per\u00fa o Rusia \u2013 Per\u00fa c\u00f3mo vamos a poder enfrentar emergencias como la pandemia. Hoy m\u00e1s que nunca los peruanos necesitamos estar unidos\u00bb, enfatiz\u00f3.<\/p>\n\n\n\n<p><strong><em>Fuente: <a href=\"https:\/\/www.portadahispana.com\/2021\/02\/julian-palacin-de-acuerdo-con-eliminacion-de-inmunidad-parlamentaria\/?fbclid=IwAR27nyw4N9hIv45PK1HtMA8IYWbIMQS8mmX8O-HLbd_j6vc0lGcXVVbmaxI\" target=\"_blank\" rel=\"noreferrer noopener\">Portada Hispana<\/a><\/em><\/strong><\/p>\n","protected":false},"excerpt":{"rendered":"<p>(Fuente: Portada Hispana) En reciente entrevista publicada por el diario El Comercio, Juli\u00e1n Palac\u00edn, candidato al Congreso por Lima Metropolitana por el partido Per\u00fa Libre, manifest\u00f3 estar de acuerdo con la eliminaci\u00f3n de la inmunidad parlamentaria. A la pregunta: \u00ab\u00bfEst\u00e1 de acuerdo con la reforma del Congreso que elimina la inmunidad parlamentaria?\u00bb, Juli\u00e1n Palac\u00edn se\u00f1al\u00f3 [&hellip;]<\/p>\n","protected":false},"author":3,"featured_media":69156,"comment_status":"open","ping_status":"open","sticky":false,"template":"","format":"standard","meta":{"tdm_status":"","tdm_grid_status":"","footnotes":""},"categories":[38,36],"tags":[170,171,1188,1156],"class_list":{"0":"post-69150","1":"post","2":"type-post","3":"status-publish","4":"format-standard","5":"has-post-thumbnail","7":"category-nacionales","8":"category-politica","9":"tag-congresodelarepublica","10":"tag-congresoperu","11":"tag-julian-palacin-2","12":"tag-perulibre"},"yoast_head":"<!-- This site is optimized with the Yoast SEO plugin v25.1 - https:\/\/yoast.com\/wordpress\/plugins\/seo\/ -->\n<title>Juli\u00e1n Palac\u00edn de acuerdo con eliminaci\u00f3n de inmunidad parlamentaria<\/title>\n<meta name=\"description\" content=\"En reciente entrevista publicada por el diario El Comercio, Juli\u00e1n Palac\u00edn, candidato al Congreso por Lima Metropolitana por el partido Per\u00fa Libre, manifest\u00f3 estar de acuerdo con la eliminaci\u00f3n de la inmunidad parlamentaria.\" \/>\n<meta name=\"robots\" content=\"index, follow, max-snippet:-1, max-image-preview:large, max-video-preview:-1\" \/>\n<link rel=\"canonical\" href=\"https:\/\/aeronoticias.com.pe\/noticiero\/politica\/julian-palacin-de-acuerdo-con-eliminacion-de-inmunidad-parlamentaria\/\" \/>\n<meta property=\"og:locale\" content=\"es_ES\" \/>\n<meta property=\"og:type\" content=\"article\" \/>\n<meta property=\"og:title\" content=\"Juli\u00e1n Palac\u00edn de acuerdo con eliminaci\u00f3n de inmunidad parlamentaria\" \/>\n<meta property=\"og:description\" content=\"En reciente entrevista publicada por el diario El Comercio, Juli\u00e1n Palac\u00edn, candidato al Congreso por Lima Metropolitana por el partido Per\u00fa Libre, manifest\u00f3 estar de acuerdo con la eliminaci\u00f3n de la inmunidad parlamentaria.\" \/>\n<meta property=\"og:url\" content=\"https:\/\/aeronoticias.com.pe\/noticiero\/politica\/julian-palacin-de-acuerdo-con-eliminacion-de-inmunidad-parlamentaria\/\" \/>\n<meta property=\"og:site_name\" content=\"Aeronoticias.com.pe\" \/>\n<meta property=\"article:publisher\" content=\"https:\/\/www.facebook.com\/Aeronoticias.com.pe\/\" \/>\n<meta property=\"article:published_time\" content=\"2021-02-08T19:34:58+00:00\" \/>\n<meta property=\"article:modified_time\" content=\"2021-02-08T19:41:10+00:00\" \/>\n<meta property=\"og:image\" content=\"https:\/\/aeronoticias.com.pe\/noticiero\/wp-content\/uploads\/2021\/02\/phispana-japalcin.jpg\" \/>\n\t<meta property=\"og:image:width\" content=\"1179\" \/>\n\t<meta property=\"og:image:height\" content=\"659\" \/>\n\t<meta property=\"og:image:type\" content=\"image\/jpeg\" \/>\n<meta name=\"author\" content=\"Redacci\u00f3n\" \/>\n<meta name=\"twitter:card\" content=\"summary_large_image\" \/>\n<meta name=\"twitter:creator\" content=\"@aeronoticias\" \/>\n<meta name=\"twitter:site\" content=\"@aeronoticias\" \/>\n<meta name=\"twitter:label1\" content=\"Escrito por\" \/>\n\t<meta name=\"twitter:data1\" content=\"Redacci\u00f3n\" \/>\n\t<meta name=\"twitter:label2\" content=\"Tiempo de lectura\" \/>\n\t<meta name=\"twitter:data2\" content=\"1 minuto\" \/>\n<script type=\"application\/ld+json\" class=\"yoast-schema-graph\">{\"@context\":\"https:\/\/schema.org\",\"@graph\":[{\"@type\":\"WebPage\",\"@id\":\"https:\/\/aeronoticias.com.pe\/noticiero\/politica\/julian-palacin-de-acuerdo-con-eliminacion-de-inmunidad-parlamentaria\/\",\"url\":\"https:\/\/aeronoticias.com.pe\/noticiero\/politica\/julian-palacin-de-acuerdo-con-eliminacion-de-inmunidad-parlamentaria\/\",\"name\":\"Juli\u00e1n Palac\u00edn de acuerdo con eliminaci\u00f3n de inmunidad parlamentaria\",\"isPartOf\":{\"@id\":\"https:\/\/aeronoticias.com.pe\/noticiero\/#website\"},\"primaryImageOfPage\":{\"@id\":\"https:\/\/aeronoticias.com.pe\/noticiero\/politica\/julian-palacin-de-acuerdo-con-eliminacion-de-inmunidad-parlamentaria\/#primaryimage\"},\"image\":{\"@id\":\"https:\/\/aeronoticias.com.pe\/noticiero\/politica\/julian-palacin-de-acuerdo-con-eliminacion-de-inmunidad-parlamentaria\/#primaryimage\"},\"thumbnailUrl\":\"https:\/\/aeronoticias.com.pe\/noticiero\/wp-content\/uploads\/2021\/02\/phispana-japalcin.jpg\",\"datePublished\":\"2021-02-08T19:34:58+00:00\",\"dateModified\":\"2021-02-08T19:41:10+00:00\",\"author\":{\"@id\":\"https:\/\/aeronoticias.com.pe\/noticiero\/#\/schema\/person\/16212a617c73f78916b13194154243bd\"},\"description\":\"En reciente entrevista publicada por el diario El Comercio, Juli\u00e1n Palac\u00edn, candidato al Congreso por Lima Metropolitana por el partido Per\u00fa Libre, manifest\u00f3 estar de acuerdo con la eliminaci\u00f3n de la inmunidad parlamentaria.\",\"breadcrumb\":{\"@id\":\"https:\/\/aeronoticias.com.pe\/noticiero\/politica\/julian-palacin-de-acuerdo-con-eliminacion-de-inmunidad-parlamentaria\/#breadcrumb\"},\"inLanguage\":\"es\",\"potentialAction\":[{\"@type\":\"ReadAction\",\"target\":[\"https:\/\/aeronoticias.com.pe\/noticiero\/politica\/julian-palacin-de-acuerdo-con-eliminacion-de-inmunidad-parlamentaria\/\"]}]},{\"@type\":\"ImageObject\",\"inLanguage\":\"es\",\"@id\":\"https:\/\/aeronoticias.com.pe\/noticiero\/politica\/julian-palacin-de-acuerdo-con-eliminacion-de-inmunidad-parlamentaria\/#primaryimage\",\"url\":\"https:\/\/aeronoticias.com.pe\/noticiero\/wp-content\/uploads\/2021\/02\/phispana-japalcin.jpg\",\"contentUrl\":\"https:\/\/aeronoticias.com.pe\/noticiero\/wp-content\/uploads\/2021\/02\/phispana-japalcin.jpg\",\"width\":1179,\"height\":659},{\"@type\":\"BreadcrumbList\",\"@id\":\"https:\/\/aeronoticias.com.pe\/noticiero\/politica\/julian-palacin-de-acuerdo-con-eliminacion-de-inmunidad-parlamentaria\/#breadcrumb\",\"itemListElement\":[{\"@type\":\"ListItem\",\"position\":1,\"name\":\"Portada\",\"item\":\"https:\/\/aeronoticias.com.pe\/noticiero\/\"},{\"@type\":\"ListItem\",\"position\":2,\"name\":\"Juli\u00e1n Palac\u00edn de acuerdo con eliminaci\u00f3n de inmunidad parlamentaria\"}]},{\"@type\":\"WebSite\",\"@id\":\"https:\/\/aeronoticias.com.pe\/noticiero\/#website\",\"url\":\"https:\/\/aeronoticias.com.pe\/noticiero\/\",\"name\":\"Aeronoticias.com.pe\",\"description\":\"Noticias de tranporte aereo, turismo, hoteles, gastronomia, actualidad, internacional\",\"potentialAction\":[{\"@type\":\"SearchAction\",\"target\":{\"@type\":\"EntryPoint\",\"urlTemplate\":\"https:\/\/aeronoticias.com.pe\/noticiero\/?s={search_term_string}\"},\"query-input\":{\"@type\":\"PropertyValueSpecification\",\"valueRequired\":true,\"valueName\":\"search_term_string\"}}],\"inLanguage\":\"es\"},{\"@type\":\"Person\",\"@id\":\"https:\/\/aeronoticias.com.pe\/noticiero\/#\/schema\/person\/16212a617c73f78916b13194154243bd\",\"name\":\"Redacci\u00f3n\",\"sameAs\":[\"http:\/\/Redacci\u00f3n\"],\"url\":\"https:\/\/aeronoticias.com.pe\/noticiero\/author\/celeste\/\"}]}<\/script>\n<!-- \/ Yoast SEO plugin. -->","yoast_head_json":{"title":"Juli\u00e1n Palac\u00edn de acuerdo con eliminaci\u00f3n de inmunidad parlamentaria","description":"En reciente entrevista publicada por el diario El Comercio, Juli\u00e1n Palac\u00edn, candidato al Congreso por Lima Metropolitana por el partido Per\u00fa Libre, manifest\u00f3 estar de acuerdo con la eliminaci\u00f3n de la inmunidad parlamentaria.","robots":{"index":"index","follow":"follow","max-snippet":"max-snippet:-1","max-image-preview":"max-image-preview:large","max-video-preview":"max-video-preview:-1"},"canonical":"https:\/\/aeronoticias.com.pe\/noticiero\/politica\/julian-palacin-de-acuerdo-con-eliminacion-de-inmunidad-parlamentaria\/","og_locale":"es_ES","og_type":"article","og_title":"Juli\u00e1n Palac\u00edn de acuerdo con eliminaci\u00f3n de inmunidad parlamentaria","og_description":"En reciente entrevista publicada por el diario El Comercio, Juli\u00e1n Palac\u00edn, candidato al Congreso por Lima Metropolitana por el partido Per\u00fa Libre, manifest\u00f3 estar de acuerdo con la eliminaci\u00f3n de la inmunidad parlamentaria.","og_url":"https:\/\/aeronoticias.com.pe\/noticiero\/politica\/julian-palacin-de-acuerdo-con-eliminacion-de-inmunidad-parlamentaria\/","og_site_name":"Aeronoticias.com.pe","article_publisher":"https:\/\/www.facebook.com\/Aeronoticias.com.pe\/","article_published_time":"2021-02-08T19:34:58+00:00","article_modified_time":"2021-02-08T19:41:10+00:00","og_image":[{"width":1179,"height":659,"url":"https:\/\/aeronoticias.com.pe\/noticiero\/wp-content\/uploads\/2021\/02\/phispana-japalcin.jpg","type":"image\/jpeg"}],"author":"Redacci\u00f3n","twitter_card":"summary_large_image","twitter_creator":"@aeronoticias","twitter_site":"@aeronoticias","twitter_misc":{"Escrito por":"Redacci\u00f3n","Tiempo de lectura":"1 minuto"},"schema":{"@context":"https:\/\/schema.org","@graph":[{"@type":"WebPage","@id":"https:\/\/aeronoticias.com.pe\/noticiero\/politica\/julian-palacin-de-acuerdo-con-eliminacion-de-inmunidad-parlamentaria\/","url":"https:\/\/aeronoticias.com.pe\/noticiero\/politica\/julian-palacin-de-acuerdo-con-eliminacion-de-inmunidad-parlamentaria\/","name":"Juli\u00e1n Palac\u00edn de acuerdo con eliminaci\u00f3n de inmunidad parlamentaria","isPartOf":{"@id":"https:\/\/aeronoticias.com.pe\/noticiero\/#website"},"primaryImageOfPage":{"@id":"https:\/\/aeronoticias.com.pe\/noticiero\/politica\/julian-palacin-de-acuerdo-con-eliminacion-de-inmunidad-parlamentaria\/#primaryimage"},"image":{"@id":"https:\/\/aeronoticias.com.pe\/noticiero\/politica\/julian-palacin-de-acuerdo-con-eliminacion-de-inmunidad-parlamentaria\/#primaryimage"},"thumbnailUrl":"https:\/\/aeronoticias.com.pe\/noticiero\/wp-content\/uploads\/2021\/02\/phispana-japalcin.jpg","datePublished":"2021-02-08T19:34:58+00:00","dateModified":"2021-02-08T19:41:10+00:00","author":{"@id":"https:\/\/aeronoticias.com.pe\/noticiero\/#\/schema\/person\/16212a617c73f78916b13194154243bd"},"description":"En reciente entrevista publicada por el diario El Comercio, Juli\u00e1n Palac\u00edn, candidato al Congreso por Lima Metropolitana por el partido Per\u00fa Libre, manifest\u00f3 estar de acuerdo con la eliminaci\u00f3n de la inmunidad parlamentaria.","breadcrumb":{"@id":"https:\/\/aeronoticias.com.pe\/noticiero\/politica\/julian-palacin-de-acuerdo-con-eliminacion-de-inmunidad-parlamentaria\/#breadcrumb"},"inLanguage":"es","potentialAction":[{"@type":"ReadAction","target":["https:\/\/aeronoticias.com.pe\/noticiero\/politica\/julian-palacin-de-acuerdo-con-eliminacion-de-inmunidad-parlamentaria\/"]}]},{"@type":"ImageObject","inLanguage":"es","@id":"https:\/\/aeronoticias.com.pe\/noticiero\/politica\/julian-palacin-de-acuerdo-con-eliminacion-de-inmunidad-parlamentaria\/#primaryimage","url":"https:\/\/aeronoticias.com.pe\/noticiero\/wp-content\/uploads\/2021\/02\/phispana-japalcin.jpg","contentUrl":"https:\/\/aeronoticias.com.pe\/noticiero\/wp-content\/uploads\/2021\/02\/phispana-japalcin.jpg","width":1179,"height":659},{"@type":"BreadcrumbList","@id":"https:\/\/aeronoticias.com.pe\/noticiero\/politica\/julian-palacin-de-acuerdo-con-eliminacion-de-inmunidad-parlamentaria\/#breadcrumb","itemListElement":[{"@type":"ListItem","position":1,"name":"Portada","item":"https:\/\/aeronoticias.com.pe\/noticiero\/"},{"@type":"ListItem","position":2,"name":"Juli\u00e1n Palac\u00edn de acuerdo con eliminaci\u00f3n de inmunidad parlamentaria"}]},{"@type":"WebSite","@id":"https:\/\/aeronoticias.com.pe\/noticiero\/#website","url":"https:\/\/aeronoticias.com.pe\/noticiero\/","name":"Aeronoticias.com.pe","description":"Noticias de tranporte aereo, turismo, hoteles, gastronomia, actualidad, internacional","potentialAction":[{"@type":"SearchAction","target":{"@type":"EntryPoint","urlTemplate":"https:\/\/aeronoticias.com.pe\/noticiero\/?s={search_term_string}"},"query-input":{"@type":"PropertyValueSpecification","valueRequired":true,"valueName":"search_term_string"}}],"inLanguage":"es"},{"@type":"Person","@id":"https:\/\/aeronoticias.com.pe\/noticiero\/#\/schema\/person\/16212a617c73f78916b13194154243bd","name":"Redacci\u00f3n","sameAs":["http:\/\/Redacci\u00f3n"],"url":"https:\/\/aeronoticias.com.pe\/noticiero\/author\/celeste\/"}]}},"_links":{"self":[{"href":"https:\/\/aeronoticias.com.pe\/noticiero\/wp-json\/wp\/v2\/posts\/69150","targetHints":{"allow":["GET"]}}],"collection":[{"href":"https:\/\/aeronoticias.com.pe\/noticiero\/wp-json\/wp\/v2\/posts"}],"about":[{"href":"https:\/\/aeronoticias.com.pe\/noticiero\/wp-json\/wp\/v2\/types\/post"}],"author":[{"embeddable":true,"href":"https:\/\/aeronoticias.com.pe\/noticiero\/wp-json\/wp\/v2\/users\/3"}],"replies":[{"embeddable":true,"href":"https:\/\/aeronoticias.com.pe\/noticiero\/wp-json\/wp\/v2\/comments?post=69150"}],"version-history":[{"count":0,"href":"https:\/\/aeronoticias.com.pe\/noticiero\/wp-json\/wp\/v2\/posts\/69150\/revisions"}],"wp:featuredmedia":[{"embeddable":true,"href":"https:\/\/aeronoticias.com.pe\/noticiero\/wp-json\/wp\/v2\/media\/69156"}],"wp:attachment":[{"href":"https:\/\/aeronoticias.com.pe\/noticiero\/wp-json\/wp\/v2\/media?parent=69150"}],"wp:term":[{"taxonomy":"category","embeddable":true,"href":"https:\/\/aeronoticias.com.pe\/noticiero\/wp-json\/wp\/v2\/categories?post=69150"},{"taxonomy":"post_tag","embeddable":true,"href":"https:\/\/aeronoticias.com.pe\/noticiero\/wp-json\/wp\/v2\/tags?post=69150"}],"curies":[{"name":"wp","href":"https:\/\/api.w.org\/{rel}","templated":true}]}}