{"id":69164,"date":"2021-02-09T10:22:18","date_gmt":"2021-02-09T15:22:18","guid":{"rendered":"https:\/\/aeronoticias.com.pe\/noticiero\/?p=69164"},"modified":"2021-02-09T10:37:06","modified_gmt":"2021-02-09T15:37:06","slug":"julian-palacin-priorizara-el-desarrollo-del-turismo-para-crear-2-millones-de-puestos-de-trabajo-2021-2026","status":"publish","type":"post","link":"https:\/\/aeronoticias.com.pe\/noticiero\/turismo\/julian-palacin-priorizara-el-desarrollo-del-turismo-para-crear-2-millones-de-puestos-de-trabajo-2021-2026\/","title":{"rendered":"Juli\u00e1n Palacin priorizar\u00e1 el desarrollo del Turismo para crear 2 millones de puestos de trabajo 2021-2026"},"content":{"rendered":"\n<p><strong>(Aeronoticias)<\/strong> El candidato al Congreso de la Rep\u00fablica por Per\u00fa Libre representado por el L\u00e1piz con el N\u00ba 7 por Lima, Julian Palacin, expres\u00f3 que lleva la propuesta de una nueva pol\u00edtica a\u00e9rea internacional que incorpore el socialismo a la aviaci\u00f3n, es decir, las tarifas a\u00e9reas de bajo costo que liderar\u00e1 nuestra L\u00ednea A\u00e9rea de Bandera ALPERU<a href=\"https:\/\/aeronoticias.com.pe\/noticiero\/julian-palacin-comision-de-transportes-del-congreso-aprobo-proyecto-que-crea-la-linea-aerea-de-bandera-del-peru\/\" target=\"_blank\" rel=\"noreferrer noopener\"> Juli\u00e1n Palacin: Comisi\u00f3n de Transportes del Congreso aprob\u00f3 Proyecto que crea la L\u00ednea A\u00e9rea de Bandera del Per\u00fa <\/a>y todas las empresas de Aviaci\u00f3n del mundo que deseen competir para que el mercado peruano de turismo receptivo crezca hacia el 2026 con la llegada de 10 millones de turistas anuales al Per\u00fa.<\/p>\n\n\n\n<p>\u00abSostenemos que el Gobierno deber\u00e1 tomar las medidas necesarias, no solo para que el Per\u00fa tenga su L\u00ednea A\u00e9rea de Bandera ALPERU con capital p\u00fablico-privado, para que el mercado aerocomercial peruano sea m\u00e1s abierto y de mayor competencia sobre todo para abaratar y ampliar la integraci\u00f3n de los pueblos y Regiones olvidados del Per\u00fa, sino que adem\u00e1s debemos integrar estos pueblos con los mercados internacionales para exportar nuestros productos de agroexportaci\u00f3n y agropecuarios\u00bb.<\/p>\n\n\n\n<figure class=\"wp-block-image size-large\"><img loading=\"lazy\" decoding=\"async\" width=\"1024\" height=\"468\" src=\"https:\/\/aeronoticias.com.pe\/noticiero\/wp-content\/uploads\/2020\/10\/librolineaereabandera-1024x468.jpg\" alt=\"\" class=\"wp-image-63572\" srcset=\"https:\/\/aeronoticias.com.pe\/noticiero\/wp-content\/uploads\/2020\/10\/librolineaereabandera-1024x468.jpg 1024w, https:\/\/aeronoticias.com.pe\/noticiero\/wp-content\/uploads\/2020\/10\/librolineaereabandera-300x137.jpg 300w, https:\/\/aeronoticias.com.pe\/noticiero\/wp-content\/uploads\/2020\/10\/librolineaereabandera-768x351.jpg 768w, https:\/\/aeronoticias.com.pe\/noticiero\/wp-content\/uploads\/2020\/10\/librolineaereabandera-150x69.jpg 150w, https:\/\/aeronoticias.com.pe\/noticiero\/wp-content\/uploads\/2020\/10\/librolineaereabandera-696x318.jpg 696w, https:\/\/aeronoticias.com.pe\/noticiero\/wp-content\/uploads\/2020\/10\/librolineaereabandera-1068x488.jpg 1068w, https:\/\/aeronoticias.com.pe\/noticiero\/wp-content\/uploads\/2020\/10\/librolineaereabandera.jpg 1258w\" sizes=\"auto, (max-width: 1024px) 100vw, 1024px\" \/><\/figure>\n\n\n\n<p>Los 15 millones de peruanos que utilizan anualmente el transporte terrestre como medio de transportaci\u00f3n por una tarifa igual o similar, podr\u00e1n transportarse ahorrando tiempo en nuestra L\u00ednea A\u00e9rea de Bandera y en sus competidoras, para ello el Dictamen de la Comisi\u00f3n de Transportes del Congreso de la Rep\u00fablica del Per\u00fa, N\u00ba 6153-2020, que crea la L\u00ednea A\u00e9rea de Bandera de bajo costo, ya traz\u00f3 la hoja de ruta jur\u00eddica y pol\u00edtica, diciendo en la pag. 17 que se inspira en el Libro \u00abL\u00ednea A\u00e9rea de Bandera de bajo costo\u00bb ediciones www.aeronoticias.com.pe de Juli\u00e1n Palcin <a href=\"https:\/\/es.scribd.com\/doc\/192155127\/Linea-Aerea-de-Bandera\" target=\"_blank\" rel=\"noreferrer noopener\">VER LIBRO<\/a>, que es el instrumento acad\u00e9mico de las pr\u00f3ximas d\u00e9cadas de estos grandes objetivos nacionales. <a href=\"https:\/\/aeronoticias.com.pe\/noticiero\/wp-content\/uploads\/2021\/02\/493138221-Predictamen-Linea-Aerea-Final-Version-Final.pdf\" target=\"_blank\" rel=\"noreferrer noopener\">VER PREDICAMTEN<\/a>.<\/p>\n\n\n\n<figure class=\"wp-block-embed-youtube wp-block-embed is-type-video is-provider-youtube wp-embed-aspect-4-3 wp-has-aspect-ratio\"><div class=\"wp-block-embed__wrapper\">\n<div class=\"youtube-embed\" data-video_id=\"fI8bpIN8YM0\"><iframe loading=\"lazy\" title=\"T\u00e9cnica y jur\u00eddicamente si es factible Aeropuerto Internacional del Chinchero (25\/10\/2012)\" width=\"696\" height=\"522\" src=\"https:\/\/www.youtube.com\/embed\/fI8bpIN8YM0?feature=oembed&#038;enablejsapi=1&#038;enablejsapi=1\" frameborder=\"0\" allow=\"accelerometer; autoplay; clipboard-write; encrypted-media; gyroscope; picture-in-picture\" allowfullscreen><\/iframe><\/div>\n<\/div><\/figure>\n\n\n\n<p>Este objetivo se lograr\u00e1, dijo el Abogado Palacin, experto en Derecho A\u00e9reo y Miembro del Instituto Peruano de Derecho A\u00e9reo (IPDA), en raz\u00f3n a que apoyaremos y fiscalizaremos para que en el 2024 se termine de construir el Aeropuerto Internacional de Chinchero en el Cusco, que permitir\u00e1 la llegada de 6 millones de turistas anuales a la Macrorregi\u00f3n Sur y m\u00e1s de 10 mil millones de d\u00f3lares por ingresos adicionales por turismo y adem\u00e1s, se exigir\u00e1 que se termine la construcci\u00f3n de la segunda pista y el nuevo Terminal de pasajeros y  la Torre de Control del Aeropuerto Internacional Jorge Ch\u00e1vez, lo que permitir\u00e1 aumentar el turismo receptivo que tambi\u00e9n llegar\u00e1 directamente hacia Lima.<\/p>\n\n\n\n<p>Como lo ha manifestado el Estudio Palacin en el 2012, t\u00e9cnica y jur\u00eddicamente si es factible la construcci\u00f3n del Aeropuerto Internacional de Chinchero, que ahora cobra vigencia por el Pleno del Consejo Regional del Cusco que respalda  la ejecuci\u00f3n del Proyecto.<\/p>\n\n\n\n<p>El candidato al Congreso con el N\u00ba 7 por Lima por el L\u00e1piz de Per\u00fa Libre, dijo que el Per\u00fa tiene una deuda hist\u00f3rica con el Cusco y que el Estudio Jur\u00eddico Palacin ya en el 2012 se pronunci\u00f3 apoyando la construcci\u00f3n del Aeropuerto Internacional de Chinchero y el tiempo nos ha dado la raz\u00f3n, hoy no tienen fundamento jur\u00eddico las observaciones de la Contralor\u00eda General de la Rep\u00fablica que ya han sido absueltas, y  en relaci\u00f3n a los procedimientos de vuelo, afirmamos que nada permite decir que el Aeropuerto no sea operable aerocomercialmente y que su factibilidad, operatividad y seguridad qued\u00f3 demostrada en el 2014 en el \u00abEstudio de Preinversi\u00f3n a nivel de Factibilidad\u00bb, adem\u00e1s de los estudios de los especialistas de KAC, que confirmaron la factibilidad y seguridad de las operaciones aeroportuarias.<\/p>\n\n\n\n<figure class=\"wp-block-image size-large\"><img loading=\"lazy\" decoding=\"async\" width=\"812\" height=\"1024\" src=\"https:\/\/aeronoticias.com.pe\/noticiero\/wp-content\/uploads\/2021\/02\/Comunicadogobcusco-812x1024.jpg\" alt=\"\" class=\"wp-image-69179\" srcset=\"https:\/\/aeronoticias.com.pe\/noticiero\/wp-content\/uploads\/2021\/02\/Comunicadogobcusco-812x1024.jpg 812w, https:\/\/aeronoticias.com.pe\/noticiero\/wp-content\/uploads\/2021\/02\/Comunicadogobcusco-238x300.jpg 238w, https:\/\/aeronoticias.com.pe\/noticiero\/wp-content\/uploads\/2021\/02\/Comunicadogobcusco-768x969.jpg 768w, https:\/\/aeronoticias.com.pe\/noticiero\/wp-content\/uploads\/2021\/02\/Comunicadogobcusco-150x189.jpg 150w, https:\/\/aeronoticias.com.pe\/noticiero\/wp-content\/uploads\/2021\/02\/Comunicadogobcusco-300x378.jpg 300w, https:\/\/aeronoticias.com.pe\/noticiero\/wp-content\/uploads\/2021\/02\/Comunicadogobcusco-696x878.jpg 696w, https:\/\/aeronoticias.com.pe\/noticiero\/wp-content\/uploads\/2021\/02\/Comunicadogobcusco-1068x1347.jpg 1068w, https:\/\/aeronoticias.com.pe\/noticiero\/wp-content\/uploads\/2021\/02\/Comunicadogobcusco.jpg 1080w\" sizes=\"auto, (max-width: 812px) 100vw, 812px\" \/><\/figure>\n\n\n\n<p>Per\u00fa Libre apoyar\u00e1 la dinamizaci\u00f3n de la econom\u00eda de Lima y la Macrorregi\u00f3n Sur-Cusco con el apoyo a que se termine la construcci\u00f3n del Aeropuerto Internacional de Chinchero y con las obras pendientes en el Aeropuerto Internacional Jorge Ch\u00e1vez (AIJCH), adem\u00e1s de la internacionalizaci\u00f3n del Aeropuerto de Pisco, en donde se har\u00e1n las gestiones para convertirlo en la primera infraestructura aeroportuaria low-cost del Per\u00fa, para desarrollar la infraestructura hotelera de la Bah\u00eda de Paracas, y la interconexi\u00f3n con las L\u00edneas de Nasca y Machu Picchu y el mundo; estas pol\u00edticas de transporte a\u00e9reo internacional y turismo impulsadas por Per\u00fa Libre permitir\u00e1 la creaci\u00f3n de 2 millones de puestos de trabajo por a\u00f1o e ingresos por 10 mil millones de d\u00f3lares anuales, beneficiando a la a la econom\u00eda peruana, dijo Juli\u00e1n Palacin, candidato de Per\u00fa Libre al Congreso de la Rep\u00fablica con el N\u00ba 7 por Lima.<\/p>\n\n\n\n<p>Por \u00faltimo dijo Juli\u00e1n Palacin, nuestra posici\u00f3n es para que lo que producen las l\u00edneas a\u00e9reas internacionales que utilizan las rutas del Per\u00fa y que vuelan con los derechos de tr\u00e1fico, Soberan\u00eda del Per\u00fa, se inviertan en el Per\u00fa, que ahora con la presencia de la L\u00ednea A\u00e9rea de Bandera de bajo costo, permitir\u00e1 una revoluci\u00f3n tur\u00edstica para que el Per\u00fa del 2050 el Peru reciba 30 millones de turistas anuales y este fen\u00f3meno nos ayude a derrotar la pobreza en el Per\u00fa.<\/p>\n\n\n\n<p><a href=\"https:\/\/aeronoticias.com.pe\/noticiero\/peru-libre-apoya-la-construccion-del-aeropuerto-internacional-de-chinchero-en-cusco\/\" target=\"_blank\" rel=\"noreferrer noopener\">Per\u00fa Libre apoya la construcci\u00f3n del Aeropuerto Internacional de Chinchero en Cusco<\/a><\/p>\n\n\n\n<p><a href=\"https:\/\/aeronoticias.com.pe\/noticiero\/julian-palacin-peru-libre-luchara-por-la-recuperacion-de-la-soberania-aerea\/\" target=\"_blank\" rel=\"noreferrer noopener\">Juli\u00e1n Palacin: Per\u00fa Libre luchar\u00e1 por la recuperaci\u00f3n de la Soberan\u00eda A\u00e9rea<\/a><\/p>\n\n\n\n<p><a href=\"https:\/\/aeronoticias.com.pe\/noticiero\/julian-palacin-candidato-al-congreso-con-el-no-7-por-lima-por-peru-libre-apoya-proyecto-de-ley-que-crea-la-linea-aerea-de-bandera-del-peru\/\" target=\"_blank\" rel=\"noreferrer noopener\">Juli\u00e1n Palacin, candidato al Congreso con el N\u00ba 7 por Lima por Per\u00fa Libre, apoya Proyecto de Ley que crea la L\u00ednea A\u00e9rea de Bandera del Per\u00fa<\/a><\/p>\n\n\n\n<p><a href=\"https:\/\/aeronoticias.com.pe\/noticiero\/peru-libre-defendera-el-derecho-de-tener-una-linea-aerea-de-bandera-que-invierta-y-cree-puestos-de-trabajo-en-el-peru\/\" target=\"_blank\" rel=\"noreferrer noopener\">Per\u00fa Libre defender\u00e1 el derecho de tener una L\u00ednea A\u00e9rea de Bandera, que invierta y cree puestos de trabajo en el Per\u00fa<\/a><\/p>\n\n\n\n<p><a href=\"https:\/\/aeronoticias.com.pe\/noticiero\/julian-palacin-peru-libre-exige-que-lap-cumpla-obligaciones-de-inversion-en-el-aeropuerto-internacional-jorge-chavez\/\" target=\"_blank\" rel=\"noreferrer noopener\">Juli\u00e1n Palacin: \u00abPer\u00fa Libre exige que LAP cumpla obligaciones de Inversi\u00f3n en el Aeropuerto Internacional Jorge Ch\u00e1vez\u00bb<\/a><\/p>\n\n\n\n<p><a href=\"https:\/\/aeronoticias.com.pe\/noticiero\/julian-palacin-peru-libre-defendera-la-soberania-aerea-del-peru\/\" target=\"_blank\" rel=\"noreferrer noopener\">Juli\u00e1n Palacin: Per\u00fa Libre defender\u00e1 la Soberan\u00eda A\u00e9rea del Per\u00fa<\/a><\/p>\n\n\n\n<p><a href=\"https:\/\/aeronoticias.com.pe\/noticiero\/julian-palacin-peru-libre-pide-que-el-ministerio-de-transportes-deniegue-suspension-de-obligaciones-de-lap-en-el-contrato-de-concesion-del-aeropuerto-internacional-jorge-chavez\/\" target=\"_blank\" rel=\"noreferrer noopener\">Juli\u00e1n Palacin: Per\u00fa Libre pide que el Ministerio de Transportes deniegue suspensi\u00f3n de obligaciones de LAP en el Contrato de Concesi\u00f3n del AIJCH<\/a><\/p>\n\n\n\n<p><a href=\"https:\/\/aeronoticias.com.pe\/noticiero\/julian-palacin-lima-debio-tener-la-2da-pista-y-el-nuevo-terminal-del-aeropuerto-internacional-jorge-chavez-este-2020\/\" target=\"_blank\" rel=\"noreferrer noopener\">Juli\u00e1n Palacin: Lima debi\u00f3 tener la 2da pista y el nuevo terminal del Aeropuerto Internacional Jorge Ch\u00e1vez este 2020<\/a><\/p>\n","protected":false},"excerpt":{"rendered":"<p>(Aeronoticias) El candidato al Congreso de la Rep\u00fablica por Per\u00fa Libre representado por el L\u00e1piz con el N\u00ba 7 por Lima, Julian Palacin, expres\u00f3 que lleva la propuesta de una nueva pol\u00edtica a\u00e9rea internacional que incorpore el socialismo a la aviaci\u00f3n, es decir, las tarifas a\u00e9reas de bajo costo que liderar\u00e1 nuestra L\u00ednea A\u00e9rea de [&hellip;]<\/p>\n","protected":false},"author":3,"featured_media":69215,"comment_status":"open","ping_status":"open","sticky":false,"template":"","format":"standard","meta":{"tdm_status":"","tdm_grid_status":"","footnotes":""},"categories":[9,31],"tags":[170,171,373,1188,1252,1156],"class_list":{"0":"post-69164","1":"post","2":"type-post","3":"status-publish","4":"format-standard","5":"has-post-thumbnail","7":"category-turismo","8":"category-31","9":"tag-congresodelarepublica","10":"tag-congresoperu","11":"tag-cusco","12":"tag-julian-palacin-2","13":"tag-nasca","14":"tag-perulibre"},"yoast_head":"<!-- This site is optimized with the Yoast SEO plugin v25.1 - https:\/\/yoast.com\/wordpress\/plugins\/seo\/ -->\n<title>Juli\u00e1n Palacin priorizar\u00e1 el desarrollo del Turismo para crear 2 millones de puestos de trabajo 2021-2026<\/title>\n<meta name=\"description\" content=\"Per\u00fa Libre fiscalizar\u00e1 que se construya el Aeropuerto Internacional de Chinchero, la segunda pista y el nuevo Terminal del Aeropuerto Internacional Jorge Ch\u00e1vez y que el Aeropuerto de Pisco se convierta en el primer low-cost de Am\u00e9rica Latina.\" \/>\n<meta name=\"robots\" content=\"index, follow, max-snippet:-1, max-image-preview:large, max-video-preview:-1\" \/>\n<link rel=\"canonical\" href=\"https:\/\/aeronoticias.com.pe\/noticiero\/turismo\/julian-palacin-priorizara-el-desarrollo-del-turismo-para-crear-2-millones-de-puestos-de-trabajo-2021-2026\/\" \/>\n<meta property=\"og:locale\" content=\"es_ES\" \/>\n<meta property=\"og:type\" content=\"article\" \/>\n<meta property=\"og:title\" content=\"Juli\u00e1n Palacin priorizar\u00e1 el desarrollo del Turismo para crear 2 millones de puestos de trabajo 2021-2026\" \/>\n<meta property=\"og:description\" content=\"Per\u00fa Libre fiscalizar\u00e1 que se construya el Aeropuerto Internacional de Chinchero, la segunda pista y el nuevo Terminal del Aeropuerto Internacional Jorge Ch\u00e1vez y que el Aeropuerto de Pisco se convierta en el primer low-cost de Am\u00e9rica Latina.\" \/>\n<meta property=\"og:url\" content=\"https:\/\/aeronoticias.com.pe\/noticiero\/turismo\/julian-palacin-priorizara-el-desarrollo-del-turismo-para-crear-2-millones-de-puestos-de-trabajo-2021-2026\/\" \/>\n<meta property=\"og:site_name\" content=\"Aeronoticias.com.pe\" \/>\n<meta property=\"article:publisher\" content=\"https:\/\/www.facebook.com\/Aeronoticias.com.pe\/\" \/>\n<meta property=\"article:published_time\" content=\"2021-02-09T15:22:18+00:00\" \/>\n<meta property=\"article:modified_time\" content=\"2021-02-09T15:37:06+00:00\" \/>\n<meta property=\"og:image\" content=\"https:\/\/aeronoticias.com.pe\/noticiero\/wp-content\/uploads\/2021\/02\/jpalacin-lnasca.jpg\" \/>\n\t<meta property=\"og:image:width\" content=\"1491\" \/>\n\t<meta property=\"og:image:height\" content=\"684\" \/>\n\t<meta property=\"og:image:type\" content=\"image\/jpeg\" \/>\n<meta name=\"author\" content=\"Redacci\u00f3n\" \/>\n<meta name=\"twitter:card\" content=\"summary_large_image\" \/>\n<meta name=\"twitter:creator\" content=\"@aeronoticias\" \/>\n<meta name=\"twitter:site\" content=\"@aeronoticias\" \/>\n<meta name=\"twitter:label1\" content=\"Escrito por\" \/>\n\t<meta name=\"twitter:data1\" content=\"Redacci\u00f3n\" \/>\n\t<meta name=\"twitter:label2\" content=\"Tiempo de lectura\" \/>\n\t<meta name=\"twitter:data2\" content=\"5 minutos\" \/>\n<script type=\"application\/ld+json\" class=\"yoast-schema-graph\">{\"@context\":\"https:\/\/schema.org\",\"@graph\":[{\"@type\":\"WebPage\",\"@id\":\"https:\/\/aeronoticias.com.pe\/noticiero\/turismo\/julian-palacin-priorizara-el-desarrollo-del-turismo-para-crear-2-millones-de-puestos-de-trabajo-2021-2026\/\",\"url\":\"https:\/\/aeronoticias.com.pe\/noticiero\/turismo\/julian-palacin-priorizara-el-desarrollo-del-turismo-para-crear-2-millones-de-puestos-de-trabajo-2021-2026\/\",\"name\":\"Juli\u00e1n Palacin priorizar\u00e1 el desarrollo del Turismo para crear 2 millones de puestos de trabajo 2021-2026\",\"isPartOf\":{\"@id\":\"https:\/\/aeronoticias.com.pe\/noticiero\/#website\"},\"primaryImageOfPage\":{\"@id\":\"https:\/\/aeronoticias.com.pe\/noticiero\/turismo\/julian-palacin-priorizara-el-desarrollo-del-turismo-para-crear-2-millones-de-puestos-de-trabajo-2021-2026\/#primaryimage\"},\"image\":{\"@id\":\"https:\/\/aeronoticias.com.pe\/noticiero\/turismo\/julian-palacin-priorizara-el-desarrollo-del-turismo-para-crear-2-millones-de-puestos-de-trabajo-2021-2026\/#primaryimage\"},\"thumbnailUrl\":\"https:\/\/aeronoticias.com.pe\/noticiero\/wp-content\/uploads\/2021\/02\/jpalacin-lnasca.jpg\",\"datePublished\":\"2021-02-09T15:22:18+00:00\",\"dateModified\":\"2021-02-09T15:37:06+00:00\",\"author\":{\"@id\":\"https:\/\/aeronoticias.com.pe\/noticiero\/#\/schema\/person\/16212a617c73f78916b13194154243bd\"},\"description\":\"Per\u00fa Libre fiscalizar\u00e1 que se construya el Aeropuerto Internacional de Chinchero, la segunda pista y el nuevo Terminal del Aeropuerto Internacional Jorge Ch\u00e1vez y que el Aeropuerto de Pisco se convierta en el primer low-cost de Am\u00e9rica Latina.\",\"breadcrumb\":{\"@id\":\"https:\/\/aeronoticias.com.pe\/noticiero\/turismo\/julian-palacin-priorizara-el-desarrollo-del-turismo-para-crear-2-millones-de-puestos-de-trabajo-2021-2026\/#breadcrumb\"},\"inLanguage\":\"es\",\"potentialAction\":[{\"@type\":\"ReadAction\",\"target\":[\"https:\/\/aeronoticias.com.pe\/noticiero\/turismo\/julian-palacin-priorizara-el-desarrollo-del-turismo-para-crear-2-millones-de-puestos-de-trabajo-2021-2026\/\"]}]},{\"@type\":\"ImageObject\",\"inLanguage\":\"es\",\"@id\":\"https:\/\/aeronoticias.com.pe\/noticiero\/turismo\/julian-palacin-priorizara-el-desarrollo-del-turismo-para-crear-2-millones-de-puestos-de-trabajo-2021-2026\/#primaryimage\",\"url\":\"https:\/\/aeronoticias.com.pe\/noticiero\/wp-content\/uploads\/2021\/02\/jpalacin-lnasca.jpg\",\"contentUrl\":\"https:\/\/aeronoticias.com.pe\/noticiero\/wp-content\/uploads\/2021\/02\/jpalacin-lnasca.jpg\",\"width\":1491,\"height\":684},{\"@type\":\"BreadcrumbList\",\"@id\":\"https:\/\/aeronoticias.com.pe\/noticiero\/turismo\/julian-palacin-priorizara-el-desarrollo-del-turismo-para-crear-2-millones-de-puestos-de-trabajo-2021-2026\/#breadcrumb\",\"itemListElement\":[{\"@type\":\"ListItem\",\"position\":1,\"name\":\"Portada\",\"item\":\"https:\/\/aeronoticias.com.pe\/noticiero\/\"},{\"@type\":\"ListItem\",\"position\":2,\"name\":\"Juli\u00e1n Palacin priorizar\u00e1 el desarrollo del Turismo para crear 2 millones de puestos de trabajo 2021-2026\"}]},{\"@type\":\"WebSite\",\"@id\":\"https:\/\/aeronoticias.com.pe\/noticiero\/#website\",\"url\":\"https:\/\/aeronoticias.com.pe\/noticiero\/\",\"name\":\"Aeronoticias.com.pe\",\"description\":\"Noticias de tranporte aereo, turismo, hoteles, gastronomia, actualidad, internacional\",\"potentialAction\":[{\"@type\":\"SearchAction\",\"target\":{\"@type\":\"EntryPoint\",\"urlTemplate\":\"https:\/\/aeronoticias.com.pe\/noticiero\/?s={search_term_string}\"},\"query-input\":{\"@type\":\"PropertyValueSpecification\",\"valueRequired\":true,\"valueName\":\"search_term_string\"}}],\"inLanguage\":\"es\"},{\"@type\":\"Person\",\"@id\":\"https:\/\/aeronoticias.com.pe\/noticiero\/#\/schema\/person\/16212a617c73f78916b13194154243bd\",\"name\":\"Redacci\u00f3n\",\"sameAs\":[\"http:\/\/Redacci\u00f3n\"],\"url\":\"https:\/\/aeronoticias.com.pe\/noticiero\/author\/celeste\/\"}]}<\/script>\n<!-- \/ Yoast SEO plugin. -->","yoast_head_json":{"title":"Juli\u00e1n Palacin priorizar\u00e1 el desarrollo del Turismo para crear 2 millones de puestos de trabajo 2021-2026","description":"Per\u00fa Libre fiscalizar\u00e1 que se construya el Aeropuerto Internacional de Chinchero, la segunda pista y el nuevo Terminal del Aeropuerto Internacional Jorge Ch\u00e1vez y que el Aeropuerto de Pisco se convierta en el primer low-cost de Am\u00e9rica Latina.","robots":{"index":"index","follow":"follow","max-snippet":"max-snippet:-1","max-image-preview":"max-image-preview:large","max-video-preview":"max-video-preview:-1"},"canonical":"https:\/\/aeronoticias.com.pe\/noticiero\/turismo\/julian-palacin-priorizara-el-desarrollo-del-turismo-para-crear-2-millones-de-puestos-de-trabajo-2021-2026\/","og_locale":"es_ES","og_type":"article","og_title":"Juli\u00e1n Palacin priorizar\u00e1 el desarrollo del Turismo para crear 2 millones de puestos de trabajo 2021-2026","og_description":"Per\u00fa Libre fiscalizar\u00e1 que se construya el Aeropuerto Internacional de Chinchero, la segunda pista y el nuevo Terminal del Aeropuerto Internacional Jorge Ch\u00e1vez y que el Aeropuerto de Pisco se convierta en el primer low-cost de Am\u00e9rica Latina.","og_url":"https:\/\/aeronoticias.com.pe\/noticiero\/turismo\/julian-palacin-priorizara-el-desarrollo-del-turismo-para-crear-2-millones-de-puestos-de-trabajo-2021-2026\/","og_site_name":"Aeronoticias.com.pe","article_publisher":"https:\/\/www.facebook.com\/Aeronoticias.com.pe\/","article_published_time":"2021-02-09T15:22:18+00:00","article_modified_time":"2021-02-09T15:37:06+00:00","og_image":[{"width":1491,"height":684,"url":"https:\/\/aeronoticias.com.pe\/noticiero\/wp-content\/uploads\/2021\/02\/jpalacin-lnasca.jpg","type":"image\/jpeg"}],"author":"Redacci\u00f3n","twitter_card":"summary_large_image","twitter_creator":"@aeronoticias","twitter_site":"@aeronoticias","twitter_misc":{"Escrito por":"Redacci\u00f3n","Tiempo de lectura":"5 minutos"},"schema":{"@context":"https:\/\/schema.org","@graph":[{"@type":"WebPage","@id":"https:\/\/aeronoticias.com.pe\/noticiero\/turismo\/julian-palacin-priorizara-el-desarrollo-del-turismo-para-crear-2-millones-de-puestos-de-trabajo-2021-2026\/","url":"https:\/\/aeronoticias.com.pe\/noticiero\/turismo\/julian-palacin-priorizara-el-desarrollo-del-turismo-para-crear-2-millones-de-puestos-de-trabajo-2021-2026\/","name":"Juli\u00e1n Palacin priorizar\u00e1 el desarrollo del Turismo para crear 2 millones de puestos de trabajo 2021-2026","isPartOf":{"@id":"https:\/\/aeronoticias.com.pe\/noticiero\/#website"},"primaryImageOfPage":{"@id":"https:\/\/aeronoticias.com.pe\/noticiero\/turismo\/julian-palacin-priorizara-el-desarrollo-del-turismo-para-crear-2-millones-de-puestos-de-trabajo-2021-2026\/#primaryimage"},"image":{"@id":"https:\/\/aeronoticias.com.pe\/noticiero\/turismo\/julian-palacin-priorizara-el-desarrollo-del-turismo-para-crear-2-millones-de-puestos-de-trabajo-2021-2026\/#primaryimage"},"thumbnailUrl":"https:\/\/aeronoticias.com.pe\/noticiero\/wp-content\/uploads\/2021\/02\/jpalacin-lnasca.jpg","datePublished":"2021-02-09T15:22:18+00:00","dateModified":"2021-02-09T15:37:06+00:00","author":{"@id":"https:\/\/aeronoticias.com.pe\/noticiero\/#\/schema\/person\/16212a617c73f78916b13194154243bd"},"description":"Per\u00fa Libre fiscalizar\u00e1 que se construya el Aeropuerto Internacional de Chinchero, la segunda pista y el nuevo Terminal del Aeropuerto Internacional Jorge Ch\u00e1vez y que el Aeropuerto de Pisco se convierta en el primer low-cost de Am\u00e9rica Latina.","breadcrumb":{"@id":"https:\/\/aeronoticias.com.pe\/noticiero\/turismo\/julian-palacin-priorizara-el-desarrollo-del-turismo-para-crear-2-millones-de-puestos-de-trabajo-2021-2026\/#breadcrumb"},"inLanguage":"es","potentialAction":[{"@type":"ReadAction","target":["https:\/\/aeronoticias.com.pe\/noticiero\/turismo\/julian-palacin-priorizara-el-desarrollo-del-turismo-para-crear-2-millones-de-puestos-de-trabajo-2021-2026\/"]}]},{"@type":"ImageObject","inLanguage":"es","@id":"https:\/\/aeronoticias.com.pe\/noticiero\/turismo\/julian-palacin-priorizara-el-desarrollo-del-turismo-para-crear-2-millones-de-puestos-de-trabajo-2021-2026\/#primaryimage","url":"https:\/\/aeronoticias.com.pe\/noticiero\/wp-content\/uploads\/2021\/02\/jpalacin-lnasca.jpg","contentUrl":"https:\/\/aeronoticias.com.pe\/noticiero\/wp-content\/uploads\/2021\/02\/jpalacin-lnasca.jpg","width":1491,"height":684},{"@type":"BreadcrumbList","@id":"https:\/\/aeronoticias.com.pe\/noticiero\/turismo\/julian-palacin-priorizara-el-desarrollo-del-turismo-para-crear-2-millones-de-puestos-de-trabajo-2021-2026\/#breadcrumb","itemListElement":[{"@type":"ListItem","position":1,"name":"Portada","item":"https:\/\/aeronoticias.com.pe\/noticiero\/"},{"@type":"ListItem","position":2,"name":"Juli\u00e1n Palacin priorizar\u00e1 el desarrollo del Turismo para crear 2 millones de puestos de trabajo 2021-2026"}]},{"@type":"WebSite","@id":"https:\/\/aeronoticias.com.pe\/noticiero\/#website","url":"https:\/\/aeronoticias.com.pe\/noticiero\/","name":"Aeronoticias.com.pe","description":"Noticias de tranporte aereo, turismo, hoteles, gastronomia, actualidad, internacional","potentialAction":[{"@type":"SearchAction","target":{"@type":"EntryPoint","urlTemplate":"https:\/\/aeronoticias.com.pe\/noticiero\/?s={search_term_string}"},"query-input":{"@type":"PropertyValueSpecification","valueRequired":true,"valueName":"search_term_string"}}],"inLanguage":"es"},{"@type":"Person","@id":"https:\/\/aeronoticias.com.pe\/noticiero\/#\/schema\/person\/16212a617c73f78916b13194154243bd","name":"Redacci\u00f3n","sameAs":["http:\/\/Redacci\u00f3n"],"url":"https:\/\/aeronoticias.com.pe\/noticiero\/author\/celeste\/"}]}},"_links":{"self":[{"href":"https:\/\/aeronoticias.com.pe\/noticiero\/wp-json\/wp\/v2\/posts\/69164","targetHints":{"allow":["GET"]}}],"collection":[{"href":"https:\/\/aeronoticias.com.pe\/noticiero\/wp-json\/wp\/v2\/posts"}],"about":[{"href":"https:\/\/aeronoticias.com.pe\/noticiero\/wp-json\/wp\/v2\/types\/post"}],"author":[{"embeddable":true,"href":"https:\/\/aeronoticias.com.pe\/noticiero\/wp-json\/wp\/v2\/users\/3"}],"replies":[{"embeddable":true,"href":"https:\/\/aeronoticias.com.pe\/noticiero\/wp-json\/wp\/v2\/comments?post=69164"}],"version-history":[{"count":0,"href":"https:\/\/aeronoticias.com.pe\/noticiero\/wp-json\/wp\/v2\/posts\/69164\/revisions"}],"wp:featuredmedia":[{"embeddable":true,"href":"https:\/\/aeronoticias.com.pe\/noticiero\/wp-json\/wp\/v2\/media\/69215"}],"wp:attachment":[{"href":"https:\/\/aeronoticias.com.pe\/noticiero\/wp-json\/wp\/v2\/media?parent=69164"}],"wp:term":[{"taxonomy":"category","embeddable":true,"href":"https:\/\/aeronoticias.com.pe\/noticiero\/wp-json\/wp\/v2\/categories?post=69164"},{"taxonomy":"post_tag","embeddable":true,"href":"https:\/\/aeronoticias.com.pe\/noticiero\/wp-json\/wp\/v2\/tags?post=69164"}],"curies":[{"name":"wp","href":"https:\/\/api.w.org\/{rel}","templated":true}]}}