{"id":6932,"date":"2009-11-19T16:17:38","date_gmt":"2009-11-19T16:17:38","guid":{"rendered":"http:\/\/desarrollo.mcvicious.com\/aero2020\/2009\/11\/19\/onu-las-mujeres-son-las-mas-afectadas-por-el-cambio-climatico\/"},"modified":"2009-11-19T16:17:38","modified_gmt":"2009-11-19T16:17:38","slug":"onu-las-mujeres-son-las-mas-afectadas-por-el-cambio-climatico","status":"publish","type":"post","link":"https:\/\/aeronoticias.com.pe\/noticiero\/ultimas\/1\/onu-las-mujeres-son-las-mas-afectadas-por-el-cambio-climatico\/","title":{"rendered":"ONU: las mujeres son las m\u00e1s afectadas por el cambio clim\u00e1tico"},"content":{"rendered":"<div style=\"text-align: justify\">Las mujeres, especialmente aquellas que viven en pa\u00edses en v\u00edas de desarrollo, son afectadas por el impacto del cambio clim\u00e1tico, hecho que frecuentemente es opacado por los objetivos y las promesas de los l\u00edderes mundiales, dijo un nuevo reporte del Fondo de Poblaci\u00f3n de las Naciones Unidas (FNUAP) publicado hoy mi\u00e9rcoles en la sede de la ONU.\u00a0Con el prop\u00f3sito de resaltar la brecha que existe entre los ricos y pobres, as\u00ed como las desigualdades entre hombres y mujeres, el reporte titulado \u00abEl Estado de la Poblaci\u00f3n Mundial 2009\u00bb, une la relaci\u00f3n de la din\u00e1mica poblacional, la salud reproductiva y el cambio clim\u00e1tico de cara a los impredecibles eventos climatol\u00f3gicos.<\/div>\n<div style=\"text-align: justify\">\n<div style=\"text-align: center\"><img decoding=\"async\" src=\"images\/stories\/09\/11\/191109\/cambioclimatico.jpg\" border=\"0\" alt=\"ONU: LAS MUJERES SON LAS M\u00c1S AFECTADAS POR EL CAMBIO CLIM\u00c1TICO\" title=\"ONU: LAS MUJERES SON LAS M\u00c1S AFECTADAS POR EL CAMBIO CLIM\u00c1TICO\" \/><\/div>\n<\/div>\n<div style=\"text-align: justify\">\u00abLas mujeres en pa\u00edses pobres se encuentran dentro de las m\u00e1s afectadas por el cambio clim\u00e1tico -principalmente porque es m\u00e1s probable que ellas vivan en la pobreza que los hombres y por lo tanto es m\u00e1s probable que tengan menos recursos para lidiar con los efectos del cambio clim\u00e1tico\u00bb, dijo el editor Richard Kollodge, en el lanzamiento del reporte en la sede de la ONU en Nueva York.\u00a0El reporte dice que ya que las mujeres tienen un papel predominante en la fuerza de trabajo agr\u00edcola, en caso de se presenten sequ\u00edas o intensas lluvias, las mujeres se ven forzadas a luchar m\u00e1s fuerte para obtener agua, comida y energ\u00eda para sus hogares.\u00a0<\/div>\n<div style=\"text-align: justify\"><\/div>\n<div style=\"text-align: justify\">Las mujeres, particularmetne en pa\u00edses pobres, son afectadas de manera diferente que los hombres. Las mujeres se encuentran dentro de la poblaci\u00f3n m\u00e1s vulnerable frente al cambio clim\u00e1tico, en parte porque en muchos pa\u00edses ellas constituyen la mayor parte de la fuerza de trabajo agr\u00edcola y porque ellas tienden a no tener acceso a tantas oportunidades para ganar dinero en comparaci\u00f3n con los hombres, dijo Safifyre Cagar, director de la divisi\u00f3n de Relaciones Internacionales y Externas del FNUAP.<\/div>\n<div style=\"text-align: justify\"><\/div>\n<div style=\"text-align: justify\">Frecuentemente las ni\u00f1as tienen que abandonar la escuela para compartir esta responsabilidad, hecho que contribuye al ciclo de la pobreza y la desigualdad &#8211; y que \u00absocava el capital social\u00bb necesario para combatir el cambio clim\u00e1tico, dijo el reporte.\u00a0Para prevenir que las 3.400 millones de mujeres y ni\u00f1as resulten afectadas por la peor parte del cambio clim\u00e1tico, Kollodge subray\u00f3 la necesidad \u00abde dar poder a las mujeres para que lidien con los cambios del clima\u00bb para que as\u00ed se \u00abconviertan en agentes de cambio positivo\u00bb.<\/div>\n<div style=\"text-align: justify\"><\/div>\n<div style=\"text-align: justify\">El acceso al cuidado de la salud reproductiva, incluyendo la planeaci\u00f3n familiar, provocar\u00e1 que las tasas de fertilidad disminuyan, lo cual contribuye a reducir las emisiones de gases de efecto invernadero en un periodo de tiempo, dijo el reporte.\u00a0El organismo de la ONU ayuda a pa\u00edses, seg\u00fan lo soliciten, a mejorar la salud reproductiva y los servicios de planeaci\u00f3n familiar en base a la elecci\u00f3n individual y a formular pol\u00edticas poblacionales para apoyar los esfuerzos en favor de un desarrollo sustentable.\u00a0<\/div>\n<div style=\"text-align: justify\"><\/div>\n","protected":false},"excerpt":{"rendered":"<p>Las mujeres, especialmente aquellas que viven en pa\u00edses en v\u00edas de desarrollo, son afectadas por el impacto del cambio clim\u00e1tico, hecho que frecuentemente es opacado por los objetivos y las promesas de los l\u00edderes mundiales, dijo un nuevo reporte del Fondo de Poblaci\u00f3n de las Naciones Unidas (FNUAP) publicado hoy mi\u00e9rcoles en la sede de [&hellip;]<\/p>\n","protected":false},"author":1,"featured_media":0,"comment_status":"open","ping_status":"open","sticky":false,"template":"","format":"standard","meta":{"tdm_status":"","tdm_grid_status":"","footnotes":""},"categories":[30],"tags":[],"class_list":{"0":"post-6932","1":"post","2":"type-post","3":"status-publish","4":"format-standard","6":"category-30"},"yoast_head":"<!-- This site is optimized with the Yoast SEO plugin v25.1 - https:\/\/yoast.com\/wordpress\/plugins\/seo\/ -->\n<title>ONU: las mujeres son las m\u00e1s afectadas por el cambio clim\u00e1tico<\/title>\n<meta name=\"description\" content=\"Portal de noticias del Per\u00fa sobre el transporte a\u00e9reo, aviaci\u00f3n, turismo, hoteleria, actualidad.\" \/>\n<meta name=\"robots\" content=\"index, follow, max-snippet:-1, max-image-preview:large, max-video-preview:-1\" \/>\n<link rel=\"canonical\" href=\"https:\/\/aeronoticias.com.pe\/noticiero\/ultimas\/1\/onu-las-mujeres-son-las-mas-afectadas-por-el-cambio-climatico\/\" \/>\n<meta property=\"og:locale\" content=\"es_ES\" \/>\n<meta property=\"og:type\" content=\"article\" \/>\n<meta property=\"og:title\" content=\"ONU: las mujeres son las m\u00e1s afectadas por el cambio clim\u00e1tico\" \/>\n<meta property=\"og:description\" content=\"Portal de noticias del Per\u00fa sobre el transporte a\u00e9reo, aviaci\u00f3n, turismo, hoteleria, actualidad.\" \/>\n<meta property=\"og:url\" content=\"https:\/\/aeronoticias.com.pe\/noticiero\/ultimas\/1\/onu-las-mujeres-son-las-mas-afectadas-por-el-cambio-climatico\/\" \/>\n<meta property=\"og:site_name\" content=\"Aeronoticias.com.pe\" \/>\n<meta property=\"article:publisher\" content=\"https:\/\/www.facebook.com\/Aeronoticias.com.pe\/\" \/>\n<meta property=\"article:published_time\" content=\"2009-11-19T16:17:38+00:00\" \/>\n<meta name=\"author\" content=\"Redacci\u00f3n Aeronoticias\" \/>\n<meta name=\"twitter:card\" content=\"summary_large_image\" \/>\n<meta name=\"twitter:creator\" content=\"@aeronoticias\" \/>\n<meta name=\"twitter:site\" content=\"@aeronoticias\" \/>\n<meta name=\"twitter:label1\" content=\"Escrito por\" \/>\n\t<meta name=\"twitter:data1\" content=\"Redacci\u00f3n Aeronoticias\" \/>\n\t<meta name=\"twitter:label2\" content=\"Tiempo de lectura\" \/>\n\t<meta name=\"twitter:data2\" content=\"3 minutos\" \/>\n<script type=\"application\/ld+json\" class=\"yoast-schema-graph\">{\"@context\":\"https:\/\/schema.org\",\"@graph\":[{\"@type\":\"WebPage\",\"@id\":\"https:\/\/aeronoticias.com.pe\/noticiero\/ultimas\/1\/onu-las-mujeres-son-las-mas-afectadas-por-el-cambio-climatico\/\",\"url\":\"https:\/\/aeronoticias.com.pe\/noticiero\/ultimas\/1\/onu-las-mujeres-son-las-mas-afectadas-por-el-cambio-climatico\/\",\"name\":\"ONU: las mujeres son las m\u00e1s afectadas por el cambio clim\u00e1tico\",\"isPartOf\":{\"@id\":\"https:\/\/aeronoticias.com.pe\/noticiero\/#website\"},\"datePublished\":\"2009-11-19T16:17:38+00:00\",\"author\":{\"@id\":\"https:\/\/aeronoticias.com.pe\/noticiero\/#\/schema\/person\/fc1e5d578f4b62ba1cf7ac2bba1170a0\"},\"description\":\"Portal de noticias del Per\u00fa sobre el transporte a\u00e9reo, aviaci\u00f3n, turismo, hoteleria, actualidad.\",\"breadcrumb\":{\"@id\":\"https:\/\/aeronoticias.com.pe\/noticiero\/ultimas\/1\/onu-las-mujeres-son-las-mas-afectadas-por-el-cambio-climatico\/#breadcrumb\"},\"inLanguage\":\"es\",\"potentialAction\":[{\"@type\":\"ReadAction\",\"target\":[\"https:\/\/aeronoticias.com.pe\/noticiero\/ultimas\/1\/onu-las-mujeres-son-las-mas-afectadas-por-el-cambio-climatico\/\"]}]},{\"@type\":\"BreadcrumbList\",\"@id\":\"https:\/\/aeronoticias.com.pe\/noticiero\/ultimas\/1\/onu-las-mujeres-son-las-mas-afectadas-por-el-cambio-climatico\/#breadcrumb\",\"itemListElement\":[{\"@type\":\"ListItem\",\"position\":1,\"name\":\"Portada\",\"item\":\"https:\/\/aeronoticias.com.pe\/noticiero\/\"},{\"@type\":\"ListItem\",\"position\":2,\"name\":\"ONU: las mujeres son las m\u00e1s afectadas por el cambio clim\u00e1tico\"}]},{\"@type\":\"WebSite\",\"@id\":\"https:\/\/aeronoticias.com.pe\/noticiero\/#website\",\"url\":\"https:\/\/aeronoticias.com.pe\/noticiero\/\",\"name\":\"Aeronoticias.com.pe\",\"description\":\"Noticias de tranporte aereo, turismo, hoteles, gastronomia, actualidad, internacional\",\"potentialAction\":[{\"@type\":\"SearchAction\",\"target\":{\"@type\":\"EntryPoint\",\"urlTemplate\":\"https:\/\/aeronoticias.com.pe\/noticiero\/?s={search_term_string}\"},\"query-input\":{\"@type\":\"PropertyValueSpecification\",\"valueRequired\":true,\"valueName\":\"search_term_string\"}}],\"inLanguage\":\"es\"},{\"@type\":\"Person\",\"@id\":\"https:\/\/aeronoticias.com.pe\/noticiero\/#\/schema\/person\/fc1e5d578f4b62ba1cf7ac2bba1170a0\",\"name\":\"Redacci\u00f3n Aeronoticias\",\"url\":\"https:\/\/aeronoticias.com.pe\/noticiero\/author\/piloto\/\"}]}<\/script>\n<!-- \/ Yoast SEO plugin. -->","yoast_head_json":{"title":"ONU: las mujeres son las m\u00e1s afectadas por el cambio clim\u00e1tico","description":"Portal de noticias del Per\u00fa sobre el transporte a\u00e9reo, aviaci\u00f3n, turismo, hoteleria, actualidad.","robots":{"index":"index","follow":"follow","max-snippet":"max-snippet:-1","max-image-preview":"max-image-preview:large","max-video-preview":"max-video-preview:-1"},"canonical":"https:\/\/aeronoticias.com.pe\/noticiero\/ultimas\/1\/onu-las-mujeres-son-las-mas-afectadas-por-el-cambio-climatico\/","og_locale":"es_ES","og_type":"article","og_title":"ONU: las mujeres son las m\u00e1s afectadas por el cambio clim\u00e1tico","og_description":"Portal de noticias del Per\u00fa sobre el transporte a\u00e9reo, aviaci\u00f3n, turismo, hoteleria, actualidad.","og_url":"https:\/\/aeronoticias.com.pe\/noticiero\/ultimas\/1\/onu-las-mujeres-son-las-mas-afectadas-por-el-cambio-climatico\/","og_site_name":"Aeronoticias.com.pe","article_publisher":"https:\/\/www.facebook.com\/Aeronoticias.com.pe\/","article_published_time":"2009-11-19T16:17:38+00:00","author":"Redacci\u00f3n Aeronoticias","twitter_card":"summary_large_image","twitter_creator":"@aeronoticias","twitter_site":"@aeronoticias","twitter_misc":{"Escrito por":"Redacci\u00f3n Aeronoticias","Tiempo de lectura":"3 minutos"},"schema":{"@context":"https:\/\/schema.org","@graph":[{"@type":"WebPage","@id":"https:\/\/aeronoticias.com.pe\/noticiero\/ultimas\/1\/onu-las-mujeres-son-las-mas-afectadas-por-el-cambio-climatico\/","url":"https:\/\/aeronoticias.com.pe\/noticiero\/ultimas\/1\/onu-las-mujeres-son-las-mas-afectadas-por-el-cambio-climatico\/","name":"ONU: las mujeres son las m\u00e1s afectadas por el cambio clim\u00e1tico","isPartOf":{"@id":"https:\/\/aeronoticias.com.pe\/noticiero\/#website"},"datePublished":"2009-11-19T16:17:38+00:00","author":{"@id":"https:\/\/aeronoticias.com.pe\/noticiero\/#\/schema\/person\/fc1e5d578f4b62ba1cf7ac2bba1170a0"},"description":"Portal de noticias del Per\u00fa sobre el transporte a\u00e9reo, aviaci\u00f3n, turismo, hoteleria, actualidad.","breadcrumb":{"@id":"https:\/\/aeronoticias.com.pe\/noticiero\/ultimas\/1\/onu-las-mujeres-son-las-mas-afectadas-por-el-cambio-climatico\/#breadcrumb"},"inLanguage":"es","potentialAction":[{"@type":"ReadAction","target":["https:\/\/aeronoticias.com.pe\/noticiero\/ultimas\/1\/onu-las-mujeres-son-las-mas-afectadas-por-el-cambio-climatico\/"]}]},{"@type":"BreadcrumbList","@id":"https:\/\/aeronoticias.com.pe\/noticiero\/ultimas\/1\/onu-las-mujeres-son-las-mas-afectadas-por-el-cambio-climatico\/#breadcrumb","itemListElement":[{"@type":"ListItem","position":1,"name":"Portada","item":"https:\/\/aeronoticias.com.pe\/noticiero\/"},{"@type":"ListItem","position":2,"name":"ONU: las mujeres son las m\u00e1s afectadas por el cambio clim\u00e1tico"}]},{"@type":"WebSite","@id":"https:\/\/aeronoticias.com.pe\/noticiero\/#website","url":"https:\/\/aeronoticias.com.pe\/noticiero\/","name":"Aeronoticias.com.pe","description":"Noticias de tranporte aereo, turismo, hoteles, gastronomia, actualidad, internacional","potentialAction":[{"@type":"SearchAction","target":{"@type":"EntryPoint","urlTemplate":"https:\/\/aeronoticias.com.pe\/noticiero\/?s={search_term_string}"},"query-input":{"@type":"PropertyValueSpecification","valueRequired":true,"valueName":"search_term_string"}}],"inLanguage":"es"},{"@type":"Person","@id":"https:\/\/aeronoticias.com.pe\/noticiero\/#\/schema\/person\/fc1e5d578f4b62ba1cf7ac2bba1170a0","name":"Redacci\u00f3n Aeronoticias","url":"https:\/\/aeronoticias.com.pe\/noticiero\/author\/piloto\/"}]}},"_links":{"self":[{"href":"https:\/\/aeronoticias.com.pe\/noticiero\/wp-json\/wp\/v2\/posts\/6932","targetHints":{"allow":["GET"]}}],"collection":[{"href":"https:\/\/aeronoticias.com.pe\/noticiero\/wp-json\/wp\/v2\/posts"}],"about":[{"href":"https:\/\/aeronoticias.com.pe\/noticiero\/wp-json\/wp\/v2\/types\/post"}],"author":[{"embeddable":true,"href":"https:\/\/aeronoticias.com.pe\/noticiero\/wp-json\/wp\/v2\/users\/1"}],"replies":[{"embeddable":true,"href":"https:\/\/aeronoticias.com.pe\/noticiero\/wp-json\/wp\/v2\/comments?post=6932"}],"version-history":[{"count":0,"href":"https:\/\/aeronoticias.com.pe\/noticiero\/wp-json\/wp\/v2\/posts\/6932\/revisions"}],"wp:attachment":[{"href":"https:\/\/aeronoticias.com.pe\/noticiero\/wp-json\/wp\/v2\/media?parent=6932"}],"wp:term":[{"taxonomy":"category","embeddable":true,"href":"https:\/\/aeronoticias.com.pe\/noticiero\/wp-json\/wp\/v2\/categories?post=6932"},{"taxonomy":"post_tag","embeddable":true,"href":"https:\/\/aeronoticias.com.pe\/noticiero\/wp-json\/wp\/v2\/tags?post=6932"}],"curies":[{"name":"wp","href":"https:\/\/api.w.org\/{rel}","templated":true}]}}