{"id":69322,"date":"2021-02-10T08:34:00","date_gmt":"2021-02-10T13:34:00","guid":{"rendered":"https:\/\/aeronoticias.com.pe\/noticiero\/?p=69322"},"modified":"2021-02-11T08:37:33","modified_gmt":"2021-02-11T13:37:33","slug":"united-acelerara-desarrollo-de-aviones-electricos","status":"publish","type":"post","link":"https:\/\/aeronoticias.com.pe\/noticiero\/transporte-aereo\/united-acelerara-desarrollo-de-aviones-electricos\/","title":{"rendered":"United acelerar\u00e1 desarrollo de aviones el\u00e9ctricos"},"content":{"rendered":"\n<p><strong>(Aeronoticias)<\/strong>.- United Airlines\u00a0complet\u00f3 un acuerdo para trabajar con la startup de aviones el\u00e9ctricos,\u00a0Archer Aviation, como parte de sus esfuerzos por\u00a0adoptar tecnolog\u00edas emergentes para la descarbonizaci\u00f3n\u00a0de los viajes a\u00e9reos.\u00a0<\/p>\n\n\n\n<p>Por medio de un comunicado, la aerol\u00ednea especific\u00f3 que el acuerdo depende de que la empresa&nbsp;<strong>demuestre que su aeronave puede cumplir con sus requisitos<\/strong>&nbsp;operativos y comerciales.&nbsp;<\/p>\n\n\n\n<p>Archer mantiene un proyecto de av<strong>i\u00f3n el\u00e9ctrico de despegue y aterrizaje vertical<\/strong>&nbsp;(<strong>eVTOL<\/strong>), dise\u00f1ado para viajar hasta 60 millas con una sola carga y velocidades de 150 millas por hora; estar\u00eda disponible para presentarse a finales de a\u00f1o y&nbsp;<strong>comenzar\u00eda su fabricaci\u00f3n&nbsp;en 2023<\/strong>. Los primeros vuelos comerciales se deber\u00edan de dar en 2024.<\/p>\n\n\n\n<p>\u201cEste acuerdo representa mucho m\u00e1s que un simple trato comercial para nuestra aeronave, sino m\u00e1s bien el comienzo de una relaci\u00f3n que creemos\u00a0<strong>acelerar\u00e1 nuestro cronograma de comercializaci\u00f3n<\/strong>\u00a0como resultado de la orientaci\u00f3n estrat\u00e9gica de United en torno a la certificaci\u00f3n, las operaciones y el mantenimiento de la Administraci\u00f3n Federal de Aviaci\u00f3n\u201d,\u00a0<strong>declar\u00f3 Brett Adcock, CEO de Archer.<\/strong><\/p>\n\n\n\n<p>United tiene la intenci\u00f3n de utilizar los taxis a\u00e9reos para&nbsp;<strong>transportar clientes desde y hacia sus aeropuertos centrales<\/strong>, as\u00ed como para permitir los desplazamientos en avi\u00f3n por zonas metropolitanas.&nbsp;<\/p>\n\n\n\n<p>La compa\u00f1\u00eda desarrolladora de taxis a\u00e9reos&nbsp;<strong>espera recibir 1.1 mil millones de d\u00f3lares en ingresos brutos<\/strong>, incluidos&nbsp;<strong>600 mdd en inversi\u00f3n privada<\/strong>&nbsp;en capital p\u00fablico, de inversionistas como la aerol\u00ednea, Stellantis, Exor, Baron Capital Group, entre otros.&nbsp;<\/p>\n\n\n\n<p>A la par de ello, Archer mantendr\u00e1\u00a0<strong>cerca de 500 millones de d\u00f3lares en efectivo en fideicomiso.<\/strong><\/p>\n\n\n\n<p>Fuente: <strong><em>A21<\/em><\/strong>.<\/p>\n","protected":false},"excerpt":{"rendered":"<p>(Aeronoticias).- United Airlines\u00a0complet\u00f3 un acuerdo para trabajar con la startup de aviones el\u00e9ctricos,\u00a0Archer Aviation, como parte de sus esfuerzos por\u00a0adoptar tecnolog\u00edas emergentes para la descarbonizaci\u00f3n\u00a0de los viajes a\u00e9reos.\u00a0 Por medio de un comunicado, la aerol\u00ednea especific\u00f3 que el acuerdo depende de que la empresa&nbsp;demuestre que su aeronave puede cumplir con sus requisitos&nbsp;operativos y comerciales.&nbsp; Archer [&hellip;]<\/p>\n","protected":false},"author":4,"featured_media":66784,"comment_status":"open","ping_status":"open","sticky":false,"template":"","format":"standard","meta":{"tdm_status":"","tdm_grid_status":"","footnotes":""},"categories":[32,11],"tags":[163,159],"class_list":{"0":"post-69322","1":"post","2":"type-post","3":"status-publish","4":"format-standard","5":"has-post-thumbnail","7":"category-internacional","8":"category-transporte-aereo","9":"tag-coronavirus","10":"tag-united-airlines"},"yoast_head":"<!-- This site is optimized with the Yoast SEO plugin v25.1 - https:\/\/yoast.com\/wordpress\/plugins\/seo\/ -->\n<title>United acelerar\u00e1 desarrollo de aviones el\u00e9ctricos<\/title>\n<meta name=\"description\" content=\"Portal de noticias del Per\u00fa sobre el transporte a\u00e9reo, aviaci\u00f3n, turismo, hoteleria, actualidad.\" \/>\n<meta name=\"robots\" content=\"index, follow, max-snippet:-1, max-image-preview:large, max-video-preview:-1\" \/>\n<link rel=\"canonical\" href=\"https:\/\/aeronoticias.com.pe\/noticiero\/transporte-aereo\/united-acelerara-desarrollo-de-aviones-electricos\/\" \/>\n<meta property=\"og:locale\" content=\"es_ES\" \/>\n<meta property=\"og:type\" content=\"article\" \/>\n<meta property=\"og:title\" content=\"United acelerar\u00e1 desarrollo de aviones el\u00e9ctricos\" \/>\n<meta property=\"og:description\" content=\"Portal de noticias del Per\u00fa sobre el transporte a\u00e9reo, aviaci\u00f3n, turismo, hoteleria, actualidad.\" \/>\n<meta property=\"og:url\" content=\"https:\/\/aeronoticias.com.pe\/noticiero\/transporte-aereo\/united-acelerara-desarrollo-de-aviones-electricos\/\" \/>\n<meta property=\"og:site_name\" content=\"Aeronoticias.com.pe\" \/>\n<meta property=\"article:publisher\" content=\"https:\/\/www.facebook.com\/Aeronoticias.com.pe\/\" \/>\n<meta property=\"article:published_time\" content=\"2021-02-10T13:34:00+00:00\" \/>\n<meta property=\"article:modified_time\" content=\"2021-02-11T13:37:33+00:00\" \/>\n<meta property=\"og:image\" content=\"https:\/\/aeronoticias.com.pe\/noticiero\/wp-content\/uploads\/2019\/04\/united_boeing-787.jpg\" \/>\n\t<meta property=\"og:image:width\" content=\"1280\" \/>\n\t<meta property=\"og:image:height\" content=\"720\" \/>\n\t<meta property=\"og:image:type\" content=\"image\/jpeg\" \/>\n<meta name=\"author\" content=\"Jefrey Cuya\" \/>\n<meta name=\"twitter:card\" content=\"summary_large_image\" \/>\n<meta name=\"twitter:creator\" content=\"@aeronoticias\" \/>\n<meta name=\"twitter:site\" content=\"@aeronoticias\" \/>\n<meta name=\"twitter:label1\" content=\"Escrito por\" \/>\n\t<meta name=\"twitter:data1\" content=\"Jefrey Cuya\" \/>\n\t<meta name=\"twitter:label2\" content=\"Tiempo de lectura\" \/>\n\t<meta name=\"twitter:data2\" content=\"1 minuto\" \/>\n<script type=\"application\/ld+json\" class=\"yoast-schema-graph\">{\"@context\":\"https:\/\/schema.org\",\"@graph\":[{\"@type\":\"WebPage\",\"@id\":\"https:\/\/aeronoticias.com.pe\/noticiero\/transporte-aereo\/united-acelerara-desarrollo-de-aviones-electricos\/\",\"url\":\"https:\/\/aeronoticias.com.pe\/noticiero\/transporte-aereo\/united-acelerara-desarrollo-de-aviones-electricos\/\",\"name\":\"United acelerar\u00e1 desarrollo de aviones el\u00e9ctricos\",\"isPartOf\":{\"@id\":\"https:\/\/aeronoticias.com.pe\/noticiero\/#website\"},\"primaryImageOfPage\":{\"@id\":\"https:\/\/aeronoticias.com.pe\/noticiero\/transporte-aereo\/united-acelerara-desarrollo-de-aviones-electricos\/#primaryimage\"},\"image\":{\"@id\":\"https:\/\/aeronoticias.com.pe\/noticiero\/transporte-aereo\/united-acelerara-desarrollo-de-aviones-electricos\/#primaryimage\"},\"thumbnailUrl\":\"https:\/\/aeronoticias.com.pe\/noticiero\/wp-content\/uploads\/2019\/04\/united_boeing-787.jpg\",\"datePublished\":\"2021-02-10T13:34:00+00:00\",\"dateModified\":\"2021-02-11T13:37:33+00:00\",\"author\":{\"@id\":\"https:\/\/aeronoticias.com.pe\/noticiero\/#\/schema\/person\/9ef7422a13b22ab480ffc29639f442b0\"},\"description\":\"Portal de noticias del Per\u00fa sobre el transporte a\u00e9reo, aviaci\u00f3n, turismo, hoteleria, actualidad.\",\"breadcrumb\":{\"@id\":\"https:\/\/aeronoticias.com.pe\/noticiero\/transporte-aereo\/united-acelerara-desarrollo-de-aviones-electricos\/#breadcrumb\"},\"inLanguage\":\"es\",\"potentialAction\":[{\"@type\":\"ReadAction\",\"target\":[\"https:\/\/aeronoticias.com.pe\/noticiero\/transporte-aereo\/united-acelerara-desarrollo-de-aviones-electricos\/\"]}]},{\"@type\":\"ImageObject\",\"inLanguage\":\"es\",\"@id\":\"https:\/\/aeronoticias.com.pe\/noticiero\/transporte-aereo\/united-acelerara-desarrollo-de-aviones-electricos\/#primaryimage\",\"url\":\"https:\/\/aeronoticias.com.pe\/noticiero\/wp-content\/uploads\/2019\/04\/united_boeing-787.jpg\",\"contentUrl\":\"https:\/\/aeronoticias.com.pe\/noticiero\/wp-content\/uploads\/2019\/04\/united_boeing-787.jpg\",\"width\":1280,\"height\":720},{\"@type\":\"BreadcrumbList\",\"@id\":\"https:\/\/aeronoticias.com.pe\/noticiero\/transporte-aereo\/united-acelerara-desarrollo-de-aviones-electricos\/#breadcrumb\",\"itemListElement\":[{\"@type\":\"ListItem\",\"position\":1,\"name\":\"Portada\",\"item\":\"https:\/\/aeronoticias.com.pe\/noticiero\/\"},{\"@type\":\"ListItem\",\"position\":2,\"name\":\"United acelerar\u00e1 desarrollo de aviones el\u00e9ctricos\"}]},{\"@type\":\"WebSite\",\"@id\":\"https:\/\/aeronoticias.com.pe\/noticiero\/#website\",\"url\":\"https:\/\/aeronoticias.com.pe\/noticiero\/\",\"name\":\"Aeronoticias.com.pe\",\"description\":\"Noticias de tranporte aereo, turismo, hoteles, gastronomia, actualidad, internacional\",\"potentialAction\":[{\"@type\":\"SearchAction\",\"target\":{\"@type\":\"EntryPoint\",\"urlTemplate\":\"https:\/\/aeronoticias.com.pe\/noticiero\/?s={search_term_string}\"},\"query-input\":{\"@type\":\"PropertyValueSpecification\",\"valueRequired\":true,\"valueName\":\"search_term_string\"}}],\"inLanguage\":\"es\"},{\"@type\":\"Person\",\"@id\":\"https:\/\/aeronoticias.com.pe\/noticiero\/#\/schema\/person\/9ef7422a13b22ab480ffc29639f442b0\",\"name\":\"Jefrey Cuya\",\"url\":\"https:\/\/aeronoticias.com.pe\/noticiero\/author\/jefreycuya\/\"}]}<\/script>\n<!-- \/ Yoast SEO plugin. -->","yoast_head_json":{"title":"United acelerar\u00e1 desarrollo de aviones el\u00e9ctricos","description":"Portal de noticias del Per\u00fa sobre el transporte a\u00e9reo, aviaci\u00f3n, turismo, hoteleria, actualidad.","robots":{"index":"index","follow":"follow","max-snippet":"max-snippet:-1","max-image-preview":"max-image-preview:large","max-video-preview":"max-video-preview:-1"},"canonical":"https:\/\/aeronoticias.com.pe\/noticiero\/transporte-aereo\/united-acelerara-desarrollo-de-aviones-electricos\/","og_locale":"es_ES","og_type":"article","og_title":"United acelerar\u00e1 desarrollo de aviones el\u00e9ctricos","og_description":"Portal de noticias del Per\u00fa sobre el transporte a\u00e9reo, aviaci\u00f3n, turismo, hoteleria, actualidad.","og_url":"https:\/\/aeronoticias.com.pe\/noticiero\/transporte-aereo\/united-acelerara-desarrollo-de-aviones-electricos\/","og_site_name":"Aeronoticias.com.pe","article_publisher":"https:\/\/www.facebook.com\/Aeronoticias.com.pe\/","article_published_time":"2021-02-10T13:34:00+00:00","article_modified_time":"2021-02-11T13:37:33+00:00","og_image":[{"width":1280,"height":720,"url":"https:\/\/aeronoticias.com.pe\/noticiero\/wp-content\/uploads\/2019\/04\/united_boeing-787.jpg","type":"image\/jpeg"}],"author":"Jefrey Cuya","twitter_card":"summary_large_image","twitter_creator":"@aeronoticias","twitter_site":"@aeronoticias","twitter_misc":{"Escrito por":"Jefrey Cuya","Tiempo de lectura":"1 minuto"},"schema":{"@context":"https:\/\/schema.org","@graph":[{"@type":"WebPage","@id":"https:\/\/aeronoticias.com.pe\/noticiero\/transporte-aereo\/united-acelerara-desarrollo-de-aviones-electricos\/","url":"https:\/\/aeronoticias.com.pe\/noticiero\/transporte-aereo\/united-acelerara-desarrollo-de-aviones-electricos\/","name":"United acelerar\u00e1 desarrollo de aviones el\u00e9ctricos","isPartOf":{"@id":"https:\/\/aeronoticias.com.pe\/noticiero\/#website"},"primaryImageOfPage":{"@id":"https:\/\/aeronoticias.com.pe\/noticiero\/transporte-aereo\/united-acelerara-desarrollo-de-aviones-electricos\/#primaryimage"},"image":{"@id":"https:\/\/aeronoticias.com.pe\/noticiero\/transporte-aereo\/united-acelerara-desarrollo-de-aviones-electricos\/#primaryimage"},"thumbnailUrl":"https:\/\/aeronoticias.com.pe\/noticiero\/wp-content\/uploads\/2019\/04\/united_boeing-787.jpg","datePublished":"2021-02-10T13:34:00+00:00","dateModified":"2021-02-11T13:37:33+00:00","author":{"@id":"https:\/\/aeronoticias.com.pe\/noticiero\/#\/schema\/person\/9ef7422a13b22ab480ffc29639f442b0"},"description":"Portal de noticias del Per\u00fa sobre el transporte a\u00e9reo, aviaci\u00f3n, turismo, hoteleria, actualidad.","breadcrumb":{"@id":"https:\/\/aeronoticias.com.pe\/noticiero\/transporte-aereo\/united-acelerara-desarrollo-de-aviones-electricos\/#breadcrumb"},"inLanguage":"es","potentialAction":[{"@type":"ReadAction","target":["https:\/\/aeronoticias.com.pe\/noticiero\/transporte-aereo\/united-acelerara-desarrollo-de-aviones-electricos\/"]}]},{"@type":"ImageObject","inLanguage":"es","@id":"https:\/\/aeronoticias.com.pe\/noticiero\/transporte-aereo\/united-acelerara-desarrollo-de-aviones-electricos\/#primaryimage","url":"https:\/\/aeronoticias.com.pe\/noticiero\/wp-content\/uploads\/2019\/04\/united_boeing-787.jpg","contentUrl":"https:\/\/aeronoticias.com.pe\/noticiero\/wp-content\/uploads\/2019\/04\/united_boeing-787.jpg","width":1280,"height":720},{"@type":"BreadcrumbList","@id":"https:\/\/aeronoticias.com.pe\/noticiero\/transporte-aereo\/united-acelerara-desarrollo-de-aviones-electricos\/#breadcrumb","itemListElement":[{"@type":"ListItem","position":1,"name":"Portada","item":"https:\/\/aeronoticias.com.pe\/noticiero\/"},{"@type":"ListItem","position":2,"name":"United acelerar\u00e1 desarrollo de aviones el\u00e9ctricos"}]},{"@type":"WebSite","@id":"https:\/\/aeronoticias.com.pe\/noticiero\/#website","url":"https:\/\/aeronoticias.com.pe\/noticiero\/","name":"Aeronoticias.com.pe","description":"Noticias de tranporte aereo, turismo, hoteles, gastronomia, actualidad, internacional","potentialAction":[{"@type":"SearchAction","target":{"@type":"EntryPoint","urlTemplate":"https:\/\/aeronoticias.com.pe\/noticiero\/?s={search_term_string}"},"query-input":{"@type":"PropertyValueSpecification","valueRequired":true,"valueName":"search_term_string"}}],"inLanguage":"es"},{"@type":"Person","@id":"https:\/\/aeronoticias.com.pe\/noticiero\/#\/schema\/person\/9ef7422a13b22ab480ffc29639f442b0","name":"Jefrey Cuya","url":"https:\/\/aeronoticias.com.pe\/noticiero\/author\/jefreycuya\/"}]}},"_links":{"self":[{"href":"https:\/\/aeronoticias.com.pe\/noticiero\/wp-json\/wp\/v2\/posts\/69322","targetHints":{"allow":["GET"]}}],"collection":[{"href":"https:\/\/aeronoticias.com.pe\/noticiero\/wp-json\/wp\/v2\/posts"}],"about":[{"href":"https:\/\/aeronoticias.com.pe\/noticiero\/wp-json\/wp\/v2\/types\/post"}],"author":[{"embeddable":true,"href":"https:\/\/aeronoticias.com.pe\/noticiero\/wp-json\/wp\/v2\/users\/4"}],"replies":[{"embeddable":true,"href":"https:\/\/aeronoticias.com.pe\/noticiero\/wp-json\/wp\/v2\/comments?post=69322"}],"version-history":[{"count":0,"href":"https:\/\/aeronoticias.com.pe\/noticiero\/wp-json\/wp\/v2\/posts\/69322\/revisions"}],"wp:featuredmedia":[{"embeddable":true,"href":"https:\/\/aeronoticias.com.pe\/noticiero\/wp-json\/wp\/v2\/media\/66784"}],"wp:attachment":[{"href":"https:\/\/aeronoticias.com.pe\/noticiero\/wp-json\/wp\/v2\/media?parent=69322"}],"wp:term":[{"taxonomy":"category","embeddable":true,"href":"https:\/\/aeronoticias.com.pe\/noticiero\/wp-json\/wp\/v2\/categories?post=69322"},{"taxonomy":"post_tag","embeddable":true,"href":"https:\/\/aeronoticias.com.pe\/noticiero\/wp-json\/wp\/v2\/tags?post=69322"}],"curies":[{"name":"wp","href":"https:\/\/api.w.org\/{rel}","templated":true}]}}