{"id":69327,"date":"2021-02-11T10:30:20","date_gmt":"2021-02-11T15:30:20","guid":{"rendered":"https:\/\/aeronoticias.com.pe\/noticiero\/?p=69327"},"modified":"2021-02-12T10:09:39","modified_gmt":"2021-02-12T15:09:39","slug":"julian-palacin-de-peru-libre-defendera-derechos-de-los-mil-trabajadores-peruanos-de-avianca-peru","status":"publish","type":"post","link":"https:\/\/aeronoticias.com.pe\/noticiero\/nacionales\/julian-palacin-de-peru-libre-defendera-derechos-de-los-mil-trabajadores-peruanos-de-avianca-peru\/","title":{"rendered":"Juli\u00e1n Palacin de Per\u00fa Libre defender\u00e1 derechos de los mil trabajadores peruanos de Avianca Per\u00fa"},"content":{"rendered":"\n<p><strong>(Aeronoticias)<\/strong> El candidato al Congreso de la Rep\u00fablica por Lima Metropolitana de Per\u00fa Libre representado por el L\u00e1piz, Juli\u00e1n Palacin con el N\u00ba 7, expres\u00f3 que de recibir la confianza de los electores de Lima, desde el Poder Legislativo, fiscalizar\u00e1 para que el Ministerio de Transportes (MTC) del Per\u00fa, cumpla con su obligaci\u00f3n de exigir que se paguen m\u00e1s de 100 millones de d\u00f3lares que debe AVIANCA HOLDING a mil trabajadores peruanos y sus familias, que significan m\u00e1s de 5 mil personas agraviadas. <\/p>\n\n\n\n<p>Debemos recordar, dijo Juli\u00e1n Palacin, que el 3 de setiembre del 2019 nos visit\u00f3 en el Estudio Jur\u00eddico Palacin Abogados, el Capit\u00e1n Erick Mory Dobertin, Secretario General del Sindicato de Pilotos (SIPTRA) de AVIANCA PERU y nos consult\u00f3 jur\u00eddicamente el problema por el que estaba atravesando AVIANCA PERU y en forma totalmente ad honorem, porque era una causa social y de profundo contenido humano, le redactamos en 11 p\u00e1ginas la Carta que ingres\u00f3 al Ministerio de Transportes (MTC) E-272386-2019, en donde aconsejamos legalmente que se opongan al Memorandum de entendimiento Per\u00fa-Colombia que era ilegal e inconstitucional, en raz\u00f3n a que se le otorgaba a Colombia  las quintas libertades sin reciprocidad y se les posibilitaba con este acuerdo cerrar AVIANCA PERU y quedarse como AVIANCA HOLDING con el mercado de m\u00e1s de mil millones de d\u00f3lares anuales en venta de billetes de pasaje.<\/p>\n\n\n\n<figure class=\"wp-block-image size-large\"><img loading=\"lazy\" decoding=\"async\" width=\"1020\" height=\"1020\" src=\"https:\/\/aeronoticias.com.pe\/noticiero\/wp-content\/uploads\/2021\/02\/jpalacin-turismo.jpg\" alt=\"\" class=\"wp-image-69392\" srcset=\"https:\/\/aeronoticias.com.pe\/noticiero\/wp-content\/uploads\/2021\/02\/jpalacin-turismo.jpg 1020w, https:\/\/aeronoticias.com.pe\/noticiero\/wp-content\/uploads\/2021\/02\/jpalacin-turismo-300x300.jpg 300w, https:\/\/aeronoticias.com.pe\/noticiero\/wp-content\/uploads\/2021\/02\/jpalacin-turismo-150x150.jpg 150w, https:\/\/aeronoticias.com.pe\/noticiero\/wp-content\/uploads\/2021\/02\/jpalacin-turismo-768x768.jpg 768w, https:\/\/aeronoticias.com.pe\/noticiero\/wp-content\/uploads\/2021\/02\/jpalacin-turismo-696x696.jpg 696w\" sizes=\"auto, (max-width: 1020px) 100vw, 1020px\" \/><\/figure>\n\n\n\n<p>El <a href=\"http:\/\/www.estudiojuridicopalacin.com\/\" target=\"_blank\" rel=\"noreferrer noopener\">Estudio Jur\u00eddico Palacin Abogados<\/a>, en ese documento dec\u00eda que el Ministerio de Transportes deb\u00eda entender que TRANS AMERICAN ARILINES hoy AVIANCA PERU, fundada hace m\u00e1s de 19 a\u00f1os era una empresa de papel, en donde todos los Ministros de Transportes les otorgaba las rutas internacionales del Per\u00fa sin exigirle inversi\u00f3n econ\u00f3mica, real y efectiva en nuestro pa\u00eds, es decir, nunca tuvo una aeronave de su propiedad y con matr\u00edcula peruana, no tendr\u00eda bienes inmuebles y no acreditar\u00eda capacidad econ\u00f3mica financiera, para garantizar en esa fecha el pago de 20 millones de d\u00f3lares de los beneficios sociales de los trabajadores de AVIANCA PERU y dijimos en esa fecha 2019, que en caso de cierre los trabajadores de AVIANCA PERU no tendr\u00edan bienes que embargar, nos adelantamos a lo que iba a pasar y era una clara responsabilidad constitucional de los Ministros de Transportes, en el supuesto de que cierren AVIANCA PERU y AVIANCA COLOMBIA, no cumpla con los derechos laborales de los trabajadores peruanos. <a href=\"https:\/\/aeronoticias.com.pe\/noticiero\/wp-content\/uploads\/2021\/02\/CARTA-SIPTRA-AL-MTC.pdf\" target=\"_blank\" rel=\"noreferrer noopener\">VER CARTA DEL SITPRA<\/a> redactada por el <a href=\"http:\/\/www.estudiojuridicopalacin.com\/\" target=\"_blank\" rel=\"noreferrer noopener\">Estudio Jur\u00eddico Palacin Abogados<\/a>.<\/p>\n\n\n\n<p>Aconsejamos al Sindicato SIPTRA en el 2019 a embargar una aeronave de AVIANCA HOLDING y se nos invit\u00f3 a dar una Conferencia ante todos los pilotos de AVIANCA PERU en el Aeroclub del Per\u00fa en la Molina, estuvimos ah\u00ed apoyando a los trabajadores, pero el llamado anti-poder sindical de AVIANCA COLOMBIA los neutraliz\u00f3 y no hicieron absolutamente nada con la hoja de ruta que recomendamos, hab\u00eda que trabar una medida cautelar.<\/p>\n\n\n\n<p>Meses despu\u00e9s, AVIANCA PERU cerr\u00f3, incumpliendo con el pago de los derechos laborales a sus trabajadores y sus familias, y el Ministerio de Transportes le permiti\u00f3 reexportar un aproximado de 4 millones de d\u00f3lares en repuestos, que hubieran servido para pagar al 4% de la deuda actual a favor de los trabajadores peruanos.<\/p>\n\n\n\n<p>La Ley de Aeron\u00e1utica Civil del Per\u00fa, Ley 27261, exige a todos los operadores aercomerciales peruanos, como ser\u00eda el caso de TRANS AMERICAN AIRLINES que le alquilaba las rutas a AVIANCA COLOMBIA,  deb\u00edan operar con capacidad econ\u00f3mica financiera, sin embargo, como decimos en el documento SIPTRA que publicamos y que fue redactado por nuestro Estudio, el Ministerio de Transportes durante 19 a\u00f1os, permiti\u00f3 que opere una empresa de papel, es decir, inexistente sin bienes muebles e inmuebles, especialmente aeronaves propias de nacionalidad y matr\u00edcula peruana, es decir, algo similar a lo que ocurrir\u00eda con LAN PERU, les otorgaron las rutas del Per\u00fa sin exigirle inversi\u00f3n real y efectiva en nuestro pa\u00eds, no hubo nada que embargar y lo m\u00e1s grave es que en el Acta Administrativa de Entendimiento con Colombia de julio del 2019, se viol\u00f3 el Art. 56 y 57 de la Constituci\u00f3n y el Art. 98 de la Ley 27261 y los Art. 12, 216 al 229 del Reglamento de la Ley 27261 y lejos de planificar una relaci\u00f3n a\u00e9rea con Colombia en terceras y cuartas libertades en el Acuerdo administrativo a\u00e9reo Per\u00fa-Colombia de julio del 2019, se le otorgaron las quintas libertades entonces AVIANCA COLOMBIA ya pod\u00eda cerrar AVIANCA PERU y quedarse con el mercado.<\/p>\n\n\n\n<p>Lo que ya pasaba en el Per\u00fa durante 2 d\u00e9cadas es explicado en el 2017 por el Presidente del Instituto Peruano de Derecho A\u00e9reo (IPDA), Juli\u00e1n Palacin Fern\u00e1ndez, en la entrevista con Milagros Leiva en el programa \u00abTodo se Sabe\u00bb de Canal 10 (RPP), el 21 de febrero del 2017.<\/p>\n\n\n\n<figure class=\"wp-block-embed-youtube wp-block-embed is-type-video is-provider-youtube wp-embed-aspect-4-3 wp-has-aspect-ratio\"><div class=\"wp-block-embed__wrapper\">\n<div class=\"youtube-embed\" data-video_id=\"C5RpiHPoRmA\"><iframe loading=\"lazy\" title=\"Juli\u00e1n Palac\u00edn F. en  RPP - Programa: &quot;TODO SE SABE&quot; de Milagros Leiva  emitido el  21.02.17\" width=\"696\" height=\"522\" src=\"https:\/\/www.youtube.com\/embed\/C5RpiHPoRmA?feature=oembed&#038;enablejsapi=1&#038;enablejsapi=1\" frameborder=\"0\" allow=\"accelerometer; autoplay; clipboard-write; encrypted-media; gyroscope; picture-in-picture\" allowfullscreen><\/iframe><\/div>\n<\/div><\/figure>\n\n\n\n<p><strong>Nuestra solidaridad con los trabajadores de AVIANCA PERU fallecidos y que requieren tratamientos m\u00e9dicos y algunos quimioterapia<\/strong><\/p>\n\n\n\n<p>El abandono de AVIANCA PERU fue total con todas las familias de los trabajadores peruanos, los dejaron a su suerte, despu\u00e9s de haber facturado miles de millones de d\u00f3lares en el Per\u00fa, se burlaron de nuestro pa\u00eds y con el apoyo de sus autoridades que nunca vieron nada, se llevaron hasta los repuestos de aviaci\u00f3n y no hubo nada que embargar. <\/p>\n\n\n\n<p>Conocemos el caso de los trabajadores fallecidos y otros que necesitan tratamientos, quimioterapias, que ya no cuentan con el seguro m\u00e9dico y cuyas familias sufren, mientras el Estado a trav\u00e9s del MTC, responsable, no hace absolutamente nada.<\/p>\n\n\n\n<p><strong>La posici\u00f3n de Juli\u00e1n Palacin, si fuera elegido Congresista por Lima Metropolitana marcando el L\u00e1piz de Per\u00fa Libre y escribiendo el N\u00ba 7<\/strong><\/p>\n\n\n\n<p>En el 2019, acompa\u00f1amos al Sindicato SIPTRA  de AVIANCA PERU a la Comisi\u00f3n de Transportes del Congreso de la Rep\u00fablica y el Jurista Juli\u00e1n Palacin Fern\u00e1ndez hizo una exposici\u00f3n, en donde se solicit\u00f3 que se oficie al Ministerio de Transportes para ordene al Procurador P\u00fablico del MTC que presente una medida cautelar de embargo contra cualquier aeronave de AVIANCA que sobrevuele el espacio a\u00e9reo peruano, con la finalidad de garantizar los derechos laborales de los trabajadores peruanos de AVIANCA PERU, pero los Congresistas de ese Parlamento que fue disuelto, defendieron a AVIANCA y no hicieron nada; <strong>bueno ahora existe la posibilidad de que la ciudad de Lima elija al Abogado Juli\u00e1n Palacin Guti\u00e9rrez, Socio del Estudio Palacin, especialista en asuntos de Aviaci\u00f3n marcando el L\u00e1piz de Per\u00fa Libre y escribiendo el N\u00ba 7 en voto preferencial por Lima, para que se plantee al Poder Legislativo que fiscalice que el Ministerio de Transportes interponga esta medida cautelar y obligue a AVIANCA HOLDING a pagar los adeudos laborales pendientes, adem\u00e1s del da\u00f1o moral que le ha originado a mil trabajadores peruanos, que con sus familias son m\u00e1s de 5 mil personas que sufren y piden justicia.<\/strong><\/p>\n\n\n\n<p>Al respecto el candidato al Congreso, Juli\u00e1n Palacin,<strong> dijo que el Ministerio de Transportes ten\u00eda que actuar en defensa de los trabajadores de AVIANCA PERU, ya que nadie se dio cuenta en 19 a\u00f1os que TRANS AMERICAN AIRLINES, que le alquilaba las rutas a TACA y luego a AVIANCA PERU nunca tuvo capacidad econ\u00f3mica financiera y cerr\u00f3, dejando en la calle a todos los trabajadores peruanos; nosotros desde Per\u00fa Libre defendemos los derechos de los trabajadores aeron\u00e1uticos peruanos de AVIANCA PERU y pediremos que el MTC embargue un avi\u00f3n de AVIANCA HOLDING que sobrevuela el espacio a\u00e9reo peruano.<\/strong><\/p>\n\n\n\n<p><a href=\"https:\/\/aeronoticias.com.pe\/noticiero\/peru-libre-con-julian-palacin-respaldan-construccion-del-aeropuerto-internacional-de-chinchero-en-cusco\/\" target=\"_blank\" rel=\"noreferrer noopener\">Per\u00fa Libre con Juli\u00e1n Palacin, respaldan construcci\u00f3n del Aeropuerto Internacional de Chinchero en Cusco<\/a><\/p>\n\n\n\n<p><a href=\"https:\/\/aeronoticias.com.pe\/noticiero\/julian-palacin-priorizara-el-desarrollo-del-turismo-para-crear-2-millones-de-puestos-de-trabajo-2021-2026\/\" target=\"_blank\" rel=\"noreferrer noopener\">Juli\u00e1n Palacin priorizar\u00e1 el desarrollo del Turismo para crear 2 millones de puestos de trabajo 2021-2026<\/a><\/p>\n\n\n\n<p><a href=\"https:\/\/www.youtube.com\/watch?v=fI8bpIN8YM0&amp;feature=emb_title\" target=\"_blank\" rel=\"noreferrer noopener\">T\u00e9cnica y jur\u00eddicamente si es factible Aeropuerto Internacional del Chinchero (25\/10\/2012)<\/a><\/p>\n\n\n\n<p><a href=\"https:\/\/aeronoticias.com.pe\/noticiero\/peru-libre-apoya-la-construccion-del-aeropuerto-internacional-de-chinchero-en-cusco\/\" target=\"_blank\" rel=\"noreferrer noopener\">Per\u00fa Libre apoya la construcci\u00f3n del Aeropuerto Internacional de Chinchero en Cusco<\/a><\/p>\n\n\n\n<p><a href=\"https:\/\/aeronoticias.com.pe\/noticiero\/julian-palacin-peru-libre-luchara-por-la-recuperacion-de-la-soberania-aerea\/\" target=\"_blank\" rel=\"noreferrer noopener\">Juli\u00e1n Palacin: Per\u00fa Libre luchar\u00e1 por la recuperaci\u00f3n de la Soberan\u00eda A\u00e9rea<\/a><\/p>\n\n\n\n<p><a href=\"https:\/\/aeronoticias.com.pe\/noticiero\/julian-palacin-candidato-al-congreso-con-el-no-7-por-lima-por-peru-libre-apoya-proyecto-de-ley-que-crea-la-linea-aerea-de-bandera-del-peru\/\" target=\"_blank\" rel=\"noreferrer noopener\">Juli\u00e1n Palacin, candidato al Congreso con el N\u00ba 7 por Lima por Per\u00fa Libre, apoya Proyecto de Ley que crea la L\u00ednea A\u00e9rea de Bandera del Per\u00fa<\/a><\/p>\n\n\n\n<p><a href=\"https:\/\/aeronoticias.com.pe\/noticiero\/peru-libre-defendera-el-derecho-de-tener-una-linea-aerea-de-bandera-que-invierta-y-cree-puestos-de-trabajo-en-el-peru\/\" target=\"_blank\" rel=\"noreferrer noopener\">Per\u00fa Libre defender\u00e1 el derecho de tener una L\u00ednea A\u00e9rea de Bandera, que invierta y cree puestos de trabajo en el Per\u00fa<\/a><\/p>\n\n\n\n<p><a href=\"https:\/\/aeronoticias.com.pe\/noticiero\/julian-palacin-peru-libre-exige-que-lap-cumpla-obligaciones-de-inversion-en-el-aeropuerto-internacional-jorge-chavez\/\" target=\"_blank\" rel=\"noreferrer noopener\">Juli\u00e1n Palacin: \u00abPer\u00fa Libre exige que LAP cumpla obligaciones de Inversi\u00f3n en el Aeropuerto Internacional Jorge Ch\u00e1vez\u00bb<\/a><\/p>\n\n\n\n<p><a href=\"https:\/\/aeronoticias.com.pe\/noticiero\/julian-palacin-peru-libre-defendera-la-soberania-aerea-del-peru\/\" target=\"_blank\" rel=\"noreferrer noopener\">Juli\u00e1n Palacin: Per\u00fa Libre defender\u00e1 la Soberan\u00eda A\u00e9rea del Per\u00fa<\/a><\/p>\n\n\n\n<p><a href=\"https:\/\/aeronoticias.com.pe\/noticiero\/julian-palacin-peru-libre-pide-que-el-ministerio-de-transportes-deniegue-suspension-de-obligaciones-de-lap-en-el-contrato-de-concesion-del-aeropuerto-internacional-jorge-chavez\/\" target=\"_blank\" rel=\"noreferrer noopener\">Juli\u00e1n Palacin: Per\u00fa Libre pide que el Ministerio de Transportes deniegue suspensi\u00f3n de obligaciones de LAP en el Contrato de Concesi\u00f3n del AIJCH<\/a><\/p>\n\n\n\n<p><a href=\"https:\/\/aeronoticias.com.pe\/noticiero\/julian-palacin-lima-debio-tener-la-2da-pista-y-el-nuevo-terminal-del-aeropuerto-internacional-jorge-chavez-este-2020\/\" target=\"_blank\" rel=\"noreferrer noopener\">Juli\u00e1n Palacin: Lima debi\u00f3 tener la 2da pista y el nuevo terminal del Aeropuerto Internacional Jorge Ch\u00e1vez este 2020<\/a><\/p>\n","protected":false},"excerpt":{"rendered":"<p>(Aeronoticias) El candidato al Congreso de la Rep\u00fablica por Lima Metropolitana de Per\u00fa Libre representado por el L\u00e1piz, Juli\u00e1n Palacin con el N\u00ba 7, expres\u00f3 que de recibir la confianza de los electores de Lima, desde el Poder Legislativo, fiscalizar\u00e1 para que el Ministerio de Transportes (MTC) del Per\u00fa, cumpla con su obligaci\u00f3n de exigir [&hellip;]<\/p>\n","protected":false},"author":3,"featured_media":69390,"comment_status":"open","ping_status":"open","sticky":false,"template":"","format":"standard","meta":{"tdm_status":"","tdm_grid_status":"","footnotes":""},"categories":[38,36],"tags":[158,170,171,1188,1156],"class_list":{"0":"post-69327","1":"post","2":"type-post","3":"status-publish","4":"format-standard","5":"has-post-thumbnail","7":"category-nacionales","8":"category-politica","9":"tag-avianca-peru","10":"tag-congresodelarepublica","11":"tag-congresoperu","12":"tag-julian-palacin-2","13":"tag-perulibre"},"yoast_head":"<!-- This site is optimized with the Yoast SEO plugin v25.1 - https:\/\/yoast.com\/wordpress\/plugins\/seo\/ -->\n<title>Juli\u00e1n Palacin de Per\u00fa Libre defender\u00e1 derechos de los mil trabajadores peruanos de Avianca Per\u00fa<\/title>\n<meta name=\"description\" content=\"El candidato al Congreso de la Rep\u00fablica por Lima Metropolitana de Per\u00fa Libre representado por el L\u00e1piz, Juli\u00e1n Palacin con el N\u00ba 7, pedir\u00e1 embargo de aeronaves de AVIANCA HOLDING que sobrevuelen el espacio a\u00e9reo peruano.\" \/>\n<meta name=\"robots\" content=\"index, follow, max-snippet:-1, max-image-preview:large, max-video-preview:-1\" \/>\n<link rel=\"canonical\" href=\"https:\/\/aeronoticias.com.pe\/noticiero\/nacionales\/julian-palacin-de-peru-libre-defendera-derechos-de-los-mil-trabajadores-peruanos-de-avianca-peru\/\" \/>\n<meta property=\"og:locale\" content=\"es_ES\" \/>\n<meta property=\"og:type\" content=\"article\" \/>\n<meta property=\"og:title\" content=\"Juli\u00e1n Palacin de Per\u00fa Libre defender\u00e1 derechos de los mil trabajadores peruanos de Avianca Per\u00fa\" \/>\n<meta property=\"og:description\" content=\"El candidato al Congreso de la Rep\u00fablica por Lima Metropolitana de Per\u00fa Libre representado por el L\u00e1piz, Juli\u00e1n Palacin con el N\u00ba 7, pedir\u00e1 embargo de aeronaves de AVIANCA HOLDING que sobrevuelen el espacio a\u00e9reo peruano.\" \/>\n<meta property=\"og:url\" content=\"https:\/\/aeronoticias.com.pe\/noticiero\/nacionales\/julian-palacin-de-peru-libre-defendera-derechos-de-los-mil-trabajadores-peruanos-de-avianca-peru\/\" \/>\n<meta property=\"og:site_name\" content=\"Aeronoticias.com.pe\" \/>\n<meta property=\"article:publisher\" content=\"https:\/\/www.facebook.com\/Aeronoticias.com.pe\/\" \/>\n<meta property=\"article:published_time\" content=\"2021-02-11T15:30:20+00:00\" \/>\n<meta property=\"article:modified_time\" content=\"2021-02-12T15:09:39+00:00\" \/>\n<meta property=\"og:image\" content=\"https:\/\/aeronoticias.com.pe\/noticiero\/wp-content\/uploads\/2021\/02\/jpalacin-avianca.jpg\" \/>\n\t<meta property=\"og:image:width\" content=\"1488\" \/>\n\t<meta property=\"og:image:height\" content=\"653\" \/>\n\t<meta property=\"og:image:type\" content=\"image\/jpeg\" \/>\n<meta name=\"author\" content=\"Redacci\u00f3n\" \/>\n<meta name=\"twitter:card\" content=\"summary_large_image\" \/>\n<meta name=\"twitter:creator\" content=\"@aeronoticias\" \/>\n<meta name=\"twitter:site\" content=\"@aeronoticias\" \/>\n<meta name=\"twitter:label1\" content=\"Escrito por\" \/>\n\t<meta name=\"twitter:data1\" content=\"Redacci\u00f3n\" \/>\n\t<meta name=\"twitter:label2\" content=\"Tiempo de lectura\" \/>\n\t<meta name=\"twitter:data2\" content=\"7 minutos\" \/>\n<script type=\"application\/ld+json\" class=\"yoast-schema-graph\">{\"@context\":\"https:\/\/schema.org\",\"@graph\":[{\"@type\":\"WebPage\",\"@id\":\"https:\/\/aeronoticias.com.pe\/noticiero\/nacionales\/julian-palacin-de-peru-libre-defendera-derechos-de-los-mil-trabajadores-peruanos-de-avianca-peru\/\",\"url\":\"https:\/\/aeronoticias.com.pe\/noticiero\/nacionales\/julian-palacin-de-peru-libre-defendera-derechos-de-los-mil-trabajadores-peruanos-de-avianca-peru\/\",\"name\":\"Juli\u00e1n Palacin de Per\u00fa Libre defender\u00e1 derechos de los mil trabajadores peruanos de Avianca Per\u00fa\",\"isPartOf\":{\"@id\":\"https:\/\/aeronoticias.com.pe\/noticiero\/#website\"},\"primaryImageOfPage\":{\"@id\":\"https:\/\/aeronoticias.com.pe\/noticiero\/nacionales\/julian-palacin-de-peru-libre-defendera-derechos-de-los-mil-trabajadores-peruanos-de-avianca-peru\/#primaryimage\"},\"image\":{\"@id\":\"https:\/\/aeronoticias.com.pe\/noticiero\/nacionales\/julian-palacin-de-peru-libre-defendera-derechos-de-los-mil-trabajadores-peruanos-de-avianca-peru\/#primaryimage\"},\"thumbnailUrl\":\"https:\/\/aeronoticias.com.pe\/noticiero\/wp-content\/uploads\/2021\/02\/jpalacin-avianca.jpg\",\"datePublished\":\"2021-02-11T15:30:20+00:00\",\"dateModified\":\"2021-02-12T15:09:39+00:00\",\"author\":{\"@id\":\"https:\/\/aeronoticias.com.pe\/noticiero\/#\/schema\/person\/16212a617c73f78916b13194154243bd\"},\"description\":\"El candidato al Congreso de la Rep\u00fablica por Lima Metropolitana de Per\u00fa Libre representado por el L\u00e1piz, Juli\u00e1n Palacin con el N\u00ba 7, pedir\u00e1 embargo de aeronaves de AVIANCA HOLDING que sobrevuelen el espacio a\u00e9reo peruano.\",\"breadcrumb\":{\"@id\":\"https:\/\/aeronoticias.com.pe\/noticiero\/nacionales\/julian-palacin-de-peru-libre-defendera-derechos-de-los-mil-trabajadores-peruanos-de-avianca-peru\/#breadcrumb\"},\"inLanguage\":\"es\",\"potentialAction\":[{\"@type\":\"ReadAction\",\"target\":[\"https:\/\/aeronoticias.com.pe\/noticiero\/nacionales\/julian-palacin-de-peru-libre-defendera-derechos-de-los-mil-trabajadores-peruanos-de-avianca-peru\/\"]}]},{\"@type\":\"ImageObject\",\"inLanguage\":\"es\",\"@id\":\"https:\/\/aeronoticias.com.pe\/noticiero\/nacionales\/julian-palacin-de-peru-libre-defendera-derechos-de-los-mil-trabajadores-peruanos-de-avianca-peru\/#primaryimage\",\"url\":\"https:\/\/aeronoticias.com.pe\/noticiero\/wp-content\/uploads\/2021\/02\/jpalacin-avianca.jpg\",\"contentUrl\":\"https:\/\/aeronoticias.com.pe\/noticiero\/wp-content\/uploads\/2021\/02\/jpalacin-avianca.jpg\",\"width\":1488,\"height\":653},{\"@type\":\"BreadcrumbList\",\"@id\":\"https:\/\/aeronoticias.com.pe\/noticiero\/nacionales\/julian-palacin-de-peru-libre-defendera-derechos-de-los-mil-trabajadores-peruanos-de-avianca-peru\/#breadcrumb\",\"itemListElement\":[{\"@type\":\"ListItem\",\"position\":1,\"name\":\"Portada\",\"item\":\"https:\/\/aeronoticias.com.pe\/noticiero\/\"},{\"@type\":\"ListItem\",\"position\":2,\"name\":\"Juli\u00e1n Palacin de Per\u00fa Libre defender\u00e1 derechos de los mil trabajadores peruanos de Avianca Per\u00fa\"}]},{\"@type\":\"WebSite\",\"@id\":\"https:\/\/aeronoticias.com.pe\/noticiero\/#website\",\"url\":\"https:\/\/aeronoticias.com.pe\/noticiero\/\",\"name\":\"Aeronoticias.com.pe\",\"description\":\"Noticias de tranporte aereo, turismo, hoteles, gastronomia, actualidad, internacional\",\"potentialAction\":[{\"@type\":\"SearchAction\",\"target\":{\"@type\":\"EntryPoint\",\"urlTemplate\":\"https:\/\/aeronoticias.com.pe\/noticiero\/?s={search_term_string}\"},\"query-input\":{\"@type\":\"PropertyValueSpecification\",\"valueRequired\":true,\"valueName\":\"search_term_string\"}}],\"inLanguage\":\"es\"},{\"@type\":\"Person\",\"@id\":\"https:\/\/aeronoticias.com.pe\/noticiero\/#\/schema\/person\/16212a617c73f78916b13194154243bd\",\"name\":\"Redacci\u00f3n\",\"sameAs\":[\"http:\/\/Redacci\u00f3n\"],\"url\":\"https:\/\/aeronoticias.com.pe\/noticiero\/author\/celeste\/\"}]}<\/script>\n<!-- \/ Yoast SEO plugin. -->","yoast_head_json":{"title":"Juli\u00e1n Palacin de Per\u00fa Libre defender\u00e1 derechos de los mil trabajadores peruanos de Avianca Per\u00fa","description":"El candidato al Congreso de la Rep\u00fablica por Lima Metropolitana de Per\u00fa Libre representado por el L\u00e1piz, Juli\u00e1n Palacin con el N\u00ba 7, pedir\u00e1 embargo de aeronaves de AVIANCA HOLDING que sobrevuelen el espacio a\u00e9reo peruano.","robots":{"index":"index","follow":"follow","max-snippet":"max-snippet:-1","max-image-preview":"max-image-preview:large","max-video-preview":"max-video-preview:-1"},"canonical":"https:\/\/aeronoticias.com.pe\/noticiero\/nacionales\/julian-palacin-de-peru-libre-defendera-derechos-de-los-mil-trabajadores-peruanos-de-avianca-peru\/","og_locale":"es_ES","og_type":"article","og_title":"Juli\u00e1n Palacin de Per\u00fa Libre defender\u00e1 derechos de los mil trabajadores peruanos de Avianca Per\u00fa","og_description":"El candidato al Congreso de la Rep\u00fablica por Lima Metropolitana de Per\u00fa Libre representado por el L\u00e1piz, Juli\u00e1n Palacin con el N\u00ba 7, pedir\u00e1 embargo de aeronaves de AVIANCA HOLDING que sobrevuelen el espacio a\u00e9reo peruano.","og_url":"https:\/\/aeronoticias.com.pe\/noticiero\/nacionales\/julian-palacin-de-peru-libre-defendera-derechos-de-los-mil-trabajadores-peruanos-de-avianca-peru\/","og_site_name":"Aeronoticias.com.pe","article_publisher":"https:\/\/www.facebook.com\/Aeronoticias.com.pe\/","article_published_time":"2021-02-11T15:30:20+00:00","article_modified_time":"2021-02-12T15:09:39+00:00","og_image":[{"width":1488,"height":653,"url":"https:\/\/aeronoticias.com.pe\/noticiero\/wp-content\/uploads\/2021\/02\/jpalacin-avianca.jpg","type":"image\/jpeg"}],"author":"Redacci\u00f3n","twitter_card":"summary_large_image","twitter_creator":"@aeronoticias","twitter_site":"@aeronoticias","twitter_misc":{"Escrito por":"Redacci\u00f3n","Tiempo de lectura":"7 minutos"},"schema":{"@context":"https:\/\/schema.org","@graph":[{"@type":"WebPage","@id":"https:\/\/aeronoticias.com.pe\/noticiero\/nacionales\/julian-palacin-de-peru-libre-defendera-derechos-de-los-mil-trabajadores-peruanos-de-avianca-peru\/","url":"https:\/\/aeronoticias.com.pe\/noticiero\/nacionales\/julian-palacin-de-peru-libre-defendera-derechos-de-los-mil-trabajadores-peruanos-de-avianca-peru\/","name":"Juli\u00e1n Palacin de Per\u00fa Libre defender\u00e1 derechos de los mil trabajadores peruanos de Avianca Per\u00fa","isPartOf":{"@id":"https:\/\/aeronoticias.com.pe\/noticiero\/#website"},"primaryImageOfPage":{"@id":"https:\/\/aeronoticias.com.pe\/noticiero\/nacionales\/julian-palacin-de-peru-libre-defendera-derechos-de-los-mil-trabajadores-peruanos-de-avianca-peru\/#primaryimage"},"image":{"@id":"https:\/\/aeronoticias.com.pe\/noticiero\/nacionales\/julian-palacin-de-peru-libre-defendera-derechos-de-los-mil-trabajadores-peruanos-de-avianca-peru\/#primaryimage"},"thumbnailUrl":"https:\/\/aeronoticias.com.pe\/noticiero\/wp-content\/uploads\/2021\/02\/jpalacin-avianca.jpg","datePublished":"2021-02-11T15:30:20+00:00","dateModified":"2021-02-12T15:09:39+00:00","author":{"@id":"https:\/\/aeronoticias.com.pe\/noticiero\/#\/schema\/person\/16212a617c73f78916b13194154243bd"},"description":"El candidato al Congreso de la Rep\u00fablica por Lima Metropolitana de Per\u00fa Libre representado por el L\u00e1piz, Juli\u00e1n Palacin con el N\u00ba 7, pedir\u00e1 embargo de aeronaves de AVIANCA HOLDING que sobrevuelen el espacio a\u00e9reo peruano.","breadcrumb":{"@id":"https:\/\/aeronoticias.com.pe\/noticiero\/nacionales\/julian-palacin-de-peru-libre-defendera-derechos-de-los-mil-trabajadores-peruanos-de-avianca-peru\/#breadcrumb"},"inLanguage":"es","potentialAction":[{"@type":"ReadAction","target":["https:\/\/aeronoticias.com.pe\/noticiero\/nacionales\/julian-palacin-de-peru-libre-defendera-derechos-de-los-mil-trabajadores-peruanos-de-avianca-peru\/"]}]},{"@type":"ImageObject","inLanguage":"es","@id":"https:\/\/aeronoticias.com.pe\/noticiero\/nacionales\/julian-palacin-de-peru-libre-defendera-derechos-de-los-mil-trabajadores-peruanos-de-avianca-peru\/#primaryimage","url":"https:\/\/aeronoticias.com.pe\/noticiero\/wp-content\/uploads\/2021\/02\/jpalacin-avianca.jpg","contentUrl":"https:\/\/aeronoticias.com.pe\/noticiero\/wp-content\/uploads\/2021\/02\/jpalacin-avianca.jpg","width":1488,"height":653},{"@type":"BreadcrumbList","@id":"https:\/\/aeronoticias.com.pe\/noticiero\/nacionales\/julian-palacin-de-peru-libre-defendera-derechos-de-los-mil-trabajadores-peruanos-de-avianca-peru\/#breadcrumb","itemListElement":[{"@type":"ListItem","position":1,"name":"Portada","item":"https:\/\/aeronoticias.com.pe\/noticiero\/"},{"@type":"ListItem","position":2,"name":"Juli\u00e1n Palacin de Per\u00fa Libre defender\u00e1 derechos de los mil trabajadores peruanos de Avianca Per\u00fa"}]},{"@type":"WebSite","@id":"https:\/\/aeronoticias.com.pe\/noticiero\/#website","url":"https:\/\/aeronoticias.com.pe\/noticiero\/","name":"Aeronoticias.com.pe","description":"Noticias de tranporte aereo, turismo, hoteles, gastronomia, actualidad, internacional","potentialAction":[{"@type":"SearchAction","target":{"@type":"EntryPoint","urlTemplate":"https:\/\/aeronoticias.com.pe\/noticiero\/?s={search_term_string}"},"query-input":{"@type":"PropertyValueSpecification","valueRequired":true,"valueName":"search_term_string"}}],"inLanguage":"es"},{"@type":"Person","@id":"https:\/\/aeronoticias.com.pe\/noticiero\/#\/schema\/person\/16212a617c73f78916b13194154243bd","name":"Redacci\u00f3n","sameAs":["http:\/\/Redacci\u00f3n"],"url":"https:\/\/aeronoticias.com.pe\/noticiero\/author\/celeste\/"}]}},"_links":{"self":[{"href":"https:\/\/aeronoticias.com.pe\/noticiero\/wp-json\/wp\/v2\/posts\/69327","targetHints":{"allow":["GET"]}}],"collection":[{"href":"https:\/\/aeronoticias.com.pe\/noticiero\/wp-json\/wp\/v2\/posts"}],"about":[{"href":"https:\/\/aeronoticias.com.pe\/noticiero\/wp-json\/wp\/v2\/types\/post"}],"author":[{"embeddable":true,"href":"https:\/\/aeronoticias.com.pe\/noticiero\/wp-json\/wp\/v2\/users\/3"}],"replies":[{"embeddable":true,"href":"https:\/\/aeronoticias.com.pe\/noticiero\/wp-json\/wp\/v2\/comments?post=69327"}],"version-history":[{"count":0,"href":"https:\/\/aeronoticias.com.pe\/noticiero\/wp-json\/wp\/v2\/posts\/69327\/revisions"}],"wp:featuredmedia":[{"embeddable":true,"href":"https:\/\/aeronoticias.com.pe\/noticiero\/wp-json\/wp\/v2\/media\/69390"}],"wp:attachment":[{"href":"https:\/\/aeronoticias.com.pe\/noticiero\/wp-json\/wp\/v2\/media?parent=69327"}],"wp:term":[{"taxonomy":"category","embeddable":true,"href":"https:\/\/aeronoticias.com.pe\/noticiero\/wp-json\/wp\/v2\/categories?post=69327"},{"taxonomy":"post_tag","embeddable":true,"href":"https:\/\/aeronoticias.com.pe\/noticiero\/wp-json\/wp\/v2\/tags?post=69327"}],"curies":[{"name":"wp","href":"https:\/\/api.w.org\/{rel}","templated":true}]}}