{"id":69396,"date":"2021-02-11T07:50:00","date_gmt":"2021-02-11T12:50:00","guid":{"rendered":"https:\/\/aeronoticias.com.pe\/noticiero\/?p=69396"},"modified":"2021-02-11T19:55:23","modified_gmt":"2021-02-12T00:55:23","slug":"star-peru-suspende-sus-operaciones-por-extension-de-cuarentena","status":"publish","type":"post","link":"https:\/\/aeronoticias.com.pe\/noticiero\/transporte-aereo\/star-peru-suspende-sus-operaciones-por-extension-de-cuarentena\/","title":{"rendered":"Star Per\u00fa suspende sus operaciones por extensi\u00f3n de cuarentena"},"content":{"rendered":"\n<p><strong>(Aeronoticias)<\/strong>.- A pesar de un 2020 bastante complicado, este a\u00f1o tuvo un inicio prometedor para Star Peru, la cuarta aerol\u00ednea qu\u00e9 m\u00e1s pasajeros transporta a nivel local. No obstante, la ampliaci\u00f3n de la cuarentena los devolvi\u00f3 de golpe a los tiempos m\u00e1s graves de la pandemia.<\/p>\n\n\n\n<p>En medio de todo el descalabro, se escuchan rumores de quiebra y sobre un cierre de operaciones.<\/p>\n\n\n\n<p>Al respecto, el gerente general de la empresa, Carlos Carmona, indic\u00f3 a este diario: \u00abVenimos de una primera ola muy grave y de un a\u00f1o nefasto. Ha sido una situaci\u00f3n muy complicada y, ahora, \u00bfme voy a poner a volar para perder plata? Pues no\u00bb.<\/p>\n\n\n\n<p>Carmona explic\u00f3 qu\u00e9 lo primero qu\u00e9 hicieron tras el anuncio de la cuarentena focalizada, fue pasar de diez vuelos diarios a entre uno y dos. Esta semana, sin embargo, la aerolinea decidi\u00f3 suspender sus operaciones hasta nuevo aviso.<\/p>\n\n\n\n<p>La turbulencia causada por la nueva cuarentena hizo qu\u00e9 en la primera semana de febrero sus ventas cayeran en 80% y sin se\u00f1ales de revertir esa tendencia.<\/p>\n\n\n\n<p>Fuente: <strong><em>Grupo El Comercio<\/em><\/strong>.<\/p>\n","protected":false},"excerpt":{"rendered":"<p>(Aeronoticias).- A pesar de un 2020 bastante complicado, este a\u00f1o tuvo un inicio prometedor para Star Peru, la cuarta aerol\u00ednea qu\u00e9 m\u00e1s pasajeros transporta a nivel local. No obstante, la ampliaci\u00f3n de la cuarentena los devolvi\u00f3 de golpe a los tiempos m\u00e1s graves de la pandemia. En medio de todo el descalabro, se escuchan rumores [&hellip;]<\/p>\n","protected":false},"author":4,"featured_media":69397,"comment_status":"open","ping_status":"open","sticky":false,"template":"","format":"standard","meta":{"tdm_status":"","tdm_grid_status":"","footnotes":""},"categories":[51,11],"tags":[273,1041],"class_list":{"0":"post-69396","1":"post","2":"type-post","3":"status-publish","4":"format-standard","5":"has-post-thumbnail","7":"category-nacional","8":"category-transporte-aereo","9":"tag-cuarentena","10":"tag-star-peru"},"yoast_head":"<!-- This site is optimized with the Yoast SEO plugin v25.1 - https:\/\/yoast.com\/wordpress\/plugins\/seo\/ -->\n<title>Star Per\u00fa suspende sus operaciones por extensi\u00f3n de cuarentena<\/title>\n<meta name=\"description\" content=\"Portal de noticias del Per\u00fa sobre el transporte a\u00e9reo, aviaci\u00f3n, turismo, hoteleria, actualidad.\" \/>\n<meta name=\"robots\" content=\"index, follow, max-snippet:-1, max-image-preview:large, max-video-preview:-1\" \/>\n<link rel=\"canonical\" href=\"https:\/\/aeronoticias.com.pe\/noticiero\/transporte-aereo\/star-peru-suspende-sus-operaciones-por-extension-de-cuarentena\/\" \/>\n<meta property=\"og:locale\" content=\"es_ES\" \/>\n<meta property=\"og:type\" content=\"article\" \/>\n<meta property=\"og:title\" content=\"Star Per\u00fa suspende sus operaciones por extensi\u00f3n de cuarentena\" \/>\n<meta property=\"og:description\" content=\"Portal de noticias del Per\u00fa sobre el transporte a\u00e9reo, aviaci\u00f3n, turismo, hoteleria, actualidad.\" \/>\n<meta property=\"og:url\" content=\"https:\/\/aeronoticias.com.pe\/noticiero\/transporte-aereo\/star-peru-suspende-sus-operaciones-por-extension-de-cuarentena\/\" \/>\n<meta property=\"og:site_name\" content=\"Aeronoticias.com.pe\" \/>\n<meta property=\"article:publisher\" content=\"https:\/\/www.facebook.com\/Aeronoticias.com.pe\/\" \/>\n<meta property=\"article:published_time\" content=\"2021-02-11T12:50:00+00:00\" \/>\n<meta property=\"article:modified_time\" content=\"2021-02-12T00:55:23+00:00\" \/>\n<meta property=\"og:image\" content=\"https:\/\/aeronoticias.com.pe\/noticiero\/wp-content\/uploads\/2021\/02\/images-72-e1613758897753.jpeg\" \/>\n\t<meta property=\"og:image:width\" content=\"639\" \/>\n\t<meta property=\"og:image:height\" content=\"480\" \/>\n\t<meta property=\"og:image:type\" content=\"image\/jpeg\" \/>\n<meta name=\"author\" content=\"Jefrey Cuya\" \/>\n<meta name=\"twitter:card\" content=\"summary_large_image\" \/>\n<meta name=\"twitter:creator\" content=\"@aeronoticias\" \/>\n<meta name=\"twitter:site\" content=\"@aeronoticias\" \/>\n<meta name=\"twitter:label1\" content=\"Escrito por\" \/>\n\t<meta name=\"twitter:data1\" content=\"Jefrey Cuya\" \/>\n\t<meta name=\"twitter:label2\" content=\"Tiempo de lectura\" \/>\n\t<meta name=\"twitter:data2\" content=\"1 minuto\" \/>\n<script type=\"application\/ld+json\" class=\"yoast-schema-graph\">{\"@context\":\"https:\/\/schema.org\",\"@graph\":[{\"@type\":\"WebPage\",\"@id\":\"https:\/\/aeronoticias.com.pe\/noticiero\/transporte-aereo\/star-peru-suspende-sus-operaciones-por-extension-de-cuarentena\/\",\"url\":\"https:\/\/aeronoticias.com.pe\/noticiero\/transporte-aereo\/star-peru-suspende-sus-operaciones-por-extension-de-cuarentena\/\",\"name\":\"Star Per\u00fa suspende sus operaciones por extensi\u00f3n de cuarentena\",\"isPartOf\":{\"@id\":\"https:\/\/aeronoticias.com.pe\/noticiero\/#website\"},\"primaryImageOfPage\":{\"@id\":\"https:\/\/aeronoticias.com.pe\/noticiero\/transporte-aereo\/star-peru-suspende-sus-operaciones-por-extension-de-cuarentena\/#primaryimage\"},\"image\":{\"@id\":\"https:\/\/aeronoticias.com.pe\/noticiero\/transporte-aereo\/star-peru-suspende-sus-operaciones-por-extension-de-cuarentena\/#primaryimage\"},\"thumbnailUrl\":\"https:\/\/aeronoticias.com.pe\/noticiero\/wp-content\/uploads\/2021\/02\/images-72-e1613758897753.jpeg\",\"datePublished\":\"2021-02-11T12:50:00+00:00\",\"dateModified\":\"2021-02-12T00:55:23+00:00\",\"author\":{\"@id\":\"https:\/\/aeronoticias.com.pe\/noticiero\/#\/schema\/person\/9ef7422a13b22ab480ffc29639f442b0\"},\"description\":\"Portal de noticias del Per\u00fa sobre el transporte a\u00e9reo, aviaci\u00f3n, turismo, hoteleria, actualidad.\",\"breadcrumb\":{\"@id\":\"https:\/\/aeronoticias.com.pe\/noticiero\/transporte-aereo\/star-peru-suspende-sus-operaciones-por-extension-de-cuarentena\/#breadcrumb\"},\"inLanguage\":\"es\",\"potentialAction\":[{\"@type\":\"ReadAction\",\"target\":[\"https:\/\/aeronoticias.com.pe\/noticiero\/transporte-aereo\/star-peru-suspende-sus-operaciones-por-extension-de-cuarentena\/\"]}]},{\"@type\":\"ImageObject\",\"inLanguage\":\"es\",\"@id\":\"https:\/\/aeronoticias.com.pe\/noticiero\/transporte-aereo\/star-peru-suspende-sus-operaciones-por-extension-de-cuarentena\/#primaryimage\",\"url\":\"https:\/\/aeronoticias.com.pe\/noticiero\/wp-content\/uploads\/2021\/02\/images-72-e1613758897753.jpeg\",\"contentUrl\":\"https:\/\/aeronoticias.com.pe\/noticiero\/wp-content\/uploads\/2021\/02\/images-72-e1613758897753.jpeg\",\"width\":639,\"height\":480,\"caption\":\"Avion Air Bus\"},{\"@type\":\"BreadcrumbList\",\"@id\":\"https:\/\/aeronoticias.com.pe\/noticiero\/transporte-aereo\/star-peru-suspende-sus-operaciones-por-extension-de-cuarentena\/#breadcrumb\",\"itemListElement\":[{\"@type\":\"ListItem\",\"position\":1,\"name\":\"Portada\",\"item\":\"https:\/\/aeronoticias.com.pe\/noticiero\/\"},{\"@type\":\"ListItem\",\"position\":2,\"name\":\"Star Per\u00fa suspende sus operaciones por extensi\u00f3n de cuarentena\"}]},{\"@type\":\"WebSite\",\"@id\":\"https:\/\/aeronoticias.com.pe\/noticiero\/#website\",\"url\":\"https:\/\/aeronoticias.com.pe\/noticiero\/\",\"name\":\"Aeronoticias.com.pe\",\"description\":\"Noticias de tranporte aereo, turismo, hoteles, gastronomia, actualidad, internacional\",\"potentialAction\":[{\"@type\":\"SearchAction\",\"target\":{\"@type\":\"EntryPoint\",\"urlTemplate\":\"https:\/\/aeronoticias.com.pe\/noticiero\/?s={search_term_string}\"},\"query-input\":{\"@type\":\"PropertyValueSpecification\",\"valueRequired\":true,\"valueName\":\"search_term_string\"}}],\"inLanguage\":\"es\"},{\"@type\":\"Person\",\"@id\":\"https:\/\/aeronoticias.com.pe\/noticiero\/#\/schema\/person\/9ef7422a13b22ab480ffc29639f442b0\",\"name\":\"Jefrey Cuya\",\"url\":\"https:\/\/aeronoticias.com.pe\/noticiero\/author\/jefreycuya\/\"}]}<\/script>\n<!-- \/ Yoast SEO plugin. -->","yoast_head_json":{"title":"Star Per\u00fa suspende sus operaciones por extensi\u00f3n de cuarentena","description":"Portal de noticias del Per\u00fa sobre el transporte a\u00e9reo, aviaci\u00f3n, turismo, hoteleria, actualidad.","robots":{"index":"index","follow":"follow","max-snippet":"max-snippet:-1","max-image-preview":"max-image-preview:large","max-video-preview":"max-video-preview:-1"},"canonical":"https:\/\/aeronoticias.com.pe\/noticiero\/transporte-aereo\/star-peru-suspende-sus-operaciones-por-extension-de-cuarentena\/","og_locale":"es_ES","og_type":"article","og_title":"Star Per\u00fa suspende sus operaciones por extensi\u00f3n de cuarentena","og_description":"Portal de noticias del Per\u00fa sobre el transporte a\u00e9reo, aviaci\u00f3n, turismo, hoteleria, actualidad.","og_url":"https:\/\/aeronoticias.com.pe\/noticiero\/transporte-aereo\/star-peru-suspende-sus-operaciones-por-extension-de-cuarentena\/","og_site_name":"Aeronoticias.com.pe","article_publisher":"https:\/\/www.facebook.com\/Aeronoticias.com.pe\/","article_published_time":"2021-02-11T12:50:00+00:00","article_modified_time":"2021-02-12T00:55:23+00:00","og_image":[{"width":639,"height":480,"url":"https:\/\/aeronoticias.com.pe\/noticiero\/wp-content\/uploads\/2021\/02\/images-72-e1613758897753.jpeg","type":"image\/jpeg"}],"author":"Jefrey Cuya","twitter_card":"summary_large_image","twitter_creator":"@aeronoticias","twitter_site":"@aeronoticias","twitter_misc":{"Escrito por":"Jefrey Cuya","Tiempo de lectura":"1 minuto"},"schema":{"@context":"https:\/\/schema.org","@graph":[{"@type":"WebPage","@id":"https:\/\/aeronoticias.com.pe\/noticiero\/transporte-aereo\/star-peru-suspende-sus-operaciones-por-extension-de-cuarentena\/","url":"https:\/\/aeronoticias.com.pe\/noticiero\/transporte-aereo\/star-peru-suspende-sus-operaciones-por-extension-de-cuarentena\/","name":"Star Per\u00fa suspende sus operaciones por extensi\u00f3n de cuarentena","isPartOf":{"@id":"https:\/\/aeronoticias.com.pe\/noticiero\/#website"},"primaryImageOfPage":{"@id":"https:\/\/aeronoticias.com.pe\/noticiero\/transporte-aereo\/star-peru-suspende-sus-operaciones-por-extension-de-cuarentena\/#primaryimage"},"image":{"@id":"https:\/\/aeronoticias.com.pe\/noticiero\/transporte-aereo\/star-peru-suspende-sus-operaciones-por-extension-de-cuarentena\/#primaryimage"},"thumbnailUrl":"https:\/\/aeronoticias.com.pe\/noticiero\/wp-content\/uploads\/2021\/02\/images-72-e1613758897753.jpeg","datePublished":"2021-02-11T12:50:00+00:00","dateModified":"2021-02-12T00:55:23+00:00","author":{"@id":"https:\/\/aeronoticias.com.pe\/noticiero\/#\/schema\/person\/9ef7422a13b22ab480ffc29639f442b0"},"description":"Portal de noticias del Per\u00fa sobre el transporte a\u00e9reo, aviaci\u00f3n, turismo, hoteleria, actualidad.","breadcrumb":{"@id":"https:\/\/aeronoticias.com.pe\/noticiero\/transporte-aereo\/star-peru-suspende-sus-operaciones-por-extension-de-cuarentena\/#breadcrumb"},"inLanguage":"es","potentialAction":[{"@type":"ReadAction","target":["https:\/\/aeronoticias.com.pe\/noticiero\/transporte-aereo\/star-peru-suspende-sus-operaciones-por-extension-de-cuarentena\/"]}]},{"@type":"ImageObject","inLanguage":"es","@id":"https:\/\/aeronoticias.com.pe\/noticiero\/transporte-aereo\/star-peru-suspende-sus-operaciones-por-extension-de-cuarentena\/#primaryimage","url":"https:\/\/aeronoticias.com.pe\/noticiero\/wp-content\/uploads\/2021\/02\/images-72-e1613758897753.jpeg","contentUrl":"https:\/\/aeronoticias.com.pe\/noticiero\/wp-content\/uploads\/2021\/02\/images-72-e1613758897753.jpeg","width":639,"height":480,"caption":"Avion Air Bus"},{"@type":"BreadcrumbList","@id":"https:\/\/aeronoticias.com.pe\/noticiero\/transporte-aereo\/star-peru-suspende-sus-operaciones-por-extension-de-cuarentena\/#breadcrumb","itemListElement":[{"@type":"ListItem","position":1,"name":"Portada","item":"https:\/\/aeronoticias.com.pe\/noticiero\/"},{"@type":"ListItem","position":2,"name":"Star Per\u00fa suspende sus operaciones por extensi\u00f3n de cuarentena"}]},{"@type":"WebSite","@id":"https:\/\/aeronoticias.com.pe\/noticiero\/#website","url":"https:\/\/aeronoticias.com.pe\/noticiero\/","name":"Aeronoticias.com.pe","description":"Noticias de tranporte aereo, turismo, hoteles, gastronomia, actualidad, internacional","potentialAction":[{"@type":"SearchAction","target":{"@type":"EntryPoint","urlTemplate":"https:\/\/aeronoticias.com.pe\/noticiero\/?s={search_term_string}"},"query-input":{"@type":"PropertyValueSpecification","valueRequired":true,"valueName":"search_term_string"}}],"inLanguage":"es"},{"@type":"Person","@id":"https:\/\/aeronoticias.com.pe\/noticiero\/#\/schema\/person\/9ef7422a13b22ab480ffc29639f442b0","name":"Jefrey Cuya","url":"https:\/\/aeronoticias.com.pe\/noticiero\/author\/jefreycuya\/"}]}},"_links":{"self":[{"href":"https:\/\/aeronoticias.com.pe\/noticiero\/wp-json\/wp\/v2\/posts\/69396","targetHints":{"allow":["GET"]}}],"collection":[{"href":"https:\/\/aeronoticias.com.pe\/noticiero\/wp-json\/wp\/v2\/posts"}],"about":[{"href":"https:\/\/aeronoticias.com.pe\/noticiero\/wp-json\/wp\/v2\/types\/post"}],"author":[{"embeddable":true,"href":"https:\/\/aeronoticias.com.pe\/noticiero\/wp-json\/wp\/v2\/users\/4"}],"replies":[{"embeddable":true,"href":"https:\/\/aeronoticias.com.pe\/noticiero\/wp-json\/wp\/v2\/comments?post=69396"}],"version-history":[{"count":0,"href":"https:\/\/aeronoticias.com.pe\/noticiero\/wp-json\/wp\/v2\/posts\/69396\/revisions"}],"wp:featuredmedia":[{"embeddable":true,"href":"https:\/\/aeronoticias.com.pe\/noticiero\/wp-json\/wp\/v2\/media\/69397"}],"wp:attachment":[{"href":"https:\/\/aeronoticias.com.pe\/noticiero\/wp-json\/wp\/v2\/media?parent=69396"}],"wp:term":[{"taxonomy":"category","embeddable":true,"href":"https:\/\/aeronoticias.com.pe\/noticiero\/wp-json\/wp\/v2\/categories?post=69396"},{"taxonomy":"post_tag","embeddable":true,"href":"https:\/\/aeronoticias.com.pe\/noticiero\/wp-json\/wp\/v2\/tags?post=69396"}],"curies":[{"name":"wp","href":"https:\/\/api.w.org\/{rel}","templated":true}]}}