{"id":6952,"date":"2009-11-19T21:22:28","date_gmt":"2009-11-19T21:22:28","guid":{"rendered":"http:\/\/desarrollo.mcvicious.com\/aero2020\/2009\/11\/19\/expo-pymetic-2009-evento-de-tecnologia-para-las-pymes-del-peru-america-latina-y-el-caribe\/"},"modified":"2009-11-19T21:22:28","modified_gmt":"2009-11-19T21:22:28","slug":"expo-pymetic-2009-evento-de-tecnologia-para-las-pymes-del-peru-america-latina-y-el-caribe","status":"publish","type":"post","link":"https:\/\/aeronoticias.com.pe\/noticiero\/27\/expo-pymetic-2009-evento-de-tecnologia-para-las-pymes-del-peru-america-latina-y-el-caribe\/","title":{"rendered":"Expo Pymetic 2009: evento de tecnolog\u00eda para las Pymes del Per\u00fa Am\u00e9rica latina y el Caribe"},"content":{"rendered":"<p align=\"justify\">Noviembre del 2009, El BID, el FOMIN y la C\u00e1mara de Comercio de Lima, llevaron a cabo con gran \u00e9xito el evento denominado \u201cExpo Pymetic 2009\u201d, durante los d\u00edas 12 y 13 del presente mes, evento en el que se congregaron m\u00e1s de 60 empresas TI nacionales y extranjeras, y se cont\u00f3 con la asistencia de cerca de 3 mil visitantes. <\/p>\n<p>Esta reuni\u00f3n tecnol\u00f3gica se realiz\u00f3 con el prop\u00f3sito de ofrecer a los representantes de las\u00a0 peque\u00f1as y medianas empresas de Am\u00e9rica Latina y el Caribe (ALC) y de nuestro pa\u00eds, las herramientas y soluciones tecnol\u00f3gicas existentes en el mercado para contribuir en el crecimiento de las mismas, en esta oportunidad se incluyo una muestra de 20 de los proyectos del Cl\u00faster financiados por el FOMIN.<\/p>\n<div style=\"text-align: center\"><img decoding=\"async\" src=\"images\/stories\/09\/11\/191109\/pymes.jpg\" border=\"0\" alt=\"EXPO PYMETIC 2009: EVENTO DE TECNOLOG\u00cdA PARA LAS PYMES DEL PER\u00da AM\u00c9RICA LATINA Y EL CARIBE \" title=\"EXPO PYMETIC 2009: EVENTO DE TECNOLOG\u00cdA PARA LAS PYMES DEL PER\u00da AM\u00c9RICA LATINA Y EL CARIBE \" \/><\/div>\n<p>Dentro de las empresas peruanas que asistieron tenemos a: Licencias On Line, Tecnosys, Microsoft, En Hacke, D\u2019vinci, Techno Park Idi, EFT Group, One Bit, Contasis, Concytec, Winet Per\u00fa, Advance Per\u00fa, entre otras y se cont\u00f3 con la presencia de asociaciones extranjeras representantes de: Ecuador, Uruguay, Colombia, Bolivia, Brasil, Argentina, Venezuela, Costa Rica, Chile, USA, M\u00e9xico y Espa\u00f1a.\u00a0\u00a0\u00a0\u00a0 <\/p>\n<p>Expo Pymetic 2009 se realiz\u00f3 bajo la coordinaci\u00f3n del Programa de Apoyo a la Competitividad de la Industria de Software (PACIS), encabezado por Alfredo Taboada, con el aval de la C\u00e1mara de Comercio de Lima. Para nosotros ha sido muy importante contar con la difusi\u00f3n y comercializaci\u00f3n de soluciones y servicios de TIC dirigidos a las PYME en Am\u00e9rica Latina y el Caribe en nuestro pa\u00eds. Queremos agradecer a las Empresas y personalidades que nos brindaron todo su apoyo incondicional para la realizaci\u00f3n de este magno evento, mencionaba Taboada. <\/p>\n<p>&nbsp;<\/p>\n<div align=\"justify\">El mismo que culmin\u00f3 con impactante desfile de prendas de moda a cargo de grupos artesanales de Puno, quienes trabajan con la ONG ENTORNO, mostrando tejidos peruanos en fibra de alpaca, la colecci\u00f3n que se present\u00f3 fue modelada anteriormente por nuestra Miss Mundo, Mar\u00eda Julia (Maju) Mantilla.<\/div>\n<p>&nbsp;<\/p>\n","protected":false},"excerpt":{"rendered":"<p>Noviembre del 2009, El BID, el FOMIN y la C\u00e1mara de Comercio de Lima, llevaron a cabo con gran \u00e9xito el evento denominado \u201cExpo Pymetic 2009\u201d, durante los d\u00edas 12 y 13 del presente mes, evento en el que se congregaron m\u00e1s de 60 empresas TI nacionales y extranjeras, y se cont\u00f3 con la asistencia [&hellip;]<\/p>\n","protected":false},"author":1,"featured_media":0,"comment_status":"open","ping_status":"open","sticky":false,"template":"","format":"standard","meta":{"tdm_status":"","tdm_grid_status":"","footnotes":""},"categories":[35],"tags":[],"class_list":{"0":"post-6952","1":"post","2":"type-post","3":"status-publish","4":"format-standard","6":"category-35"},"yoast_head":"<!-- This site is optimized with the Yoast SEO plugin v25.1 - https:\/\/yoast.com\/wordpress\/plugins\/seo\/ -->\n<title>Expo Pymetic 2009: evento de tecnolog\u00eda para las Pymes del Per\u00fa Am\u00e9rica latina y el Caribe<\/title>\n<meta name=\"description\" content=\"Portal de noticias del Per\u00fa sobre el transporte a\u00e9reo, aviaci\u00f3n, turismo, hoteleria, actualidad.\" \/>\n<meta name=\"robots\" content=\"index, follow, max-snippet:-1, max-image-preview:large, max-video-preview:-1\" \/>\n<link rel=\"canonical\" href=\"https:\/\/aeronoticias.com.pe\/noticiero\/27\/expo-pymetic-2009-evento-de-tecnologia-para-las-pymes-del-peru-america-latina-y-el-caribe\/\" \/>\n<meta property=\"og:locale\" content=\"es_ES\" \/>\n<meta property=\"og:type\" content=\"article\" \/>\n<meta property=\"og:title\" content=\"Expo Pymetic 2009: evento de tecnolog\u00eda para las Pymes del Per\u00fa Am\u00e9rica latina y el Caribe\" \/>\n<meta property=\"og:description\" content=\"Portal de noticias del Per\u00fa sobre el transporte a\u00e9reo, aviaci\u00f3n, turismo, hoteleria, actualidad.\" \/>\n<meta property=\"og:url\" content=\"https:\/\/aeronoticias.com.pe\/noticiero\/27\/expo-pymetic-2009-evento-de-tecnologia-para-las-pymes-del-peru-america-latina-y-el-caribe\/\" \/>\n<meta property=\"og:site_name\" content=\"Aeronoticias.com.pe\" \/>\n<meta property=\"article:publisher\" content=\"https:\/\/www.facebook.com\/Aeronoticias.com.pe\/\" \/>\n<meta property=\"article:published_time\" content=\"2009-11-19T21:22:28+00:00\" \/>\n<meta name=\"author\" content=\"Redacci\u00f3n Aeronoticias\" \/>\n<meta name=\"twitter:card\" content=\"summary_large_image\" \/>\n<meta name=\"twitter:creator\" content=\"@aeronoticias\" \/>\n<meta name=\"twitter:site\" content=\"@aeronoticias\" \/>\n<meta name=\"twitter:label1\" content=\"Escrito por\" \/>\n\t<meta name=\"twitter:data1\" content=\"Redacci\u00f3n Aeronoticias\" \/>\n\t<meta name=\"twitter:label2\" content=\"Tiempo de lectura\" \/>\n\t<meta name=\"twitter:data2\" content=\"2 minutos\" \/>\n<script type=\"application\/ld+json\" class=\"yoast-schema-graph\">{\"@context\":\"https:\/\/schema.org\",\"@graph\":[{\"@type\":\"WebPage\",\"@id\":\"https:\/\/aeronoticias.com.pe\/noticiero\/27\/expo-pymetic-2009-evento-de-tecnologia-para-las-pymes-del-peru-america-latina-y-el-caribe\/\",\"url\":\"https:\/\/aeronoticias.com.pe\/noticiero\/27\/expo-pymetic-2009-evento-de-tecnologia-para-las-pymes-del-peru-america-latina-y-el-caribe\/\",\"name\":\"Expo Pymetic 2009: evento de tecnolog\u00eda para las Pymes del Per\u00fa Am\u00e9rica latina y el Caribe\",\"isPartOf\":{\"@id\":\"https:\/\/aeronoticias.com.pe\/noticiero\/#website\"},\"datePublished\":\"2009-11-19T21:22:28+00:00\",\"author\":{\"@id\":\"https:\/\/aeronoticias.com.pe\/noticiero\/#\/schema\/person\/fc1e5d578f4b62ba1cf7ac2bba1170a0\"},\"description\":\"Portal de noticias del Per\u00fa sobre el transporte a\u00e9reo, aviaci\u00f3n, turismo, hoteleria, actualidad.\",\"breadcrumb\":{\"@id\":\"https:\/\/aeronoticias.com.pe\/noticiero\/27\/expo-pymetic-2009-evento-de-tecnologia-para-las-pymes-del-peru-america-latina-y-el-caribe\/#breadcrumb\"},\"inLanguage\":\"es\",\"potentialAction\":[{\"@type\":\"ReadAction\",\"target\":[\"https:\/\/aeronoticias.com.pe\/noticiero\/27\/expo-pymetic-2009-evento-de-tecnologia-para-las-pymes-del-peru-america-latina-y-el-caribe\/\"]}]},{\"@type\":\"BreadcrumbList\",\"@id\":\"https:\/\/aeronoticias.com.pe\/noticiero\/27\/expo-pymetic-2009-evento-de-tecnologia-para-las-pymes-del-peru-america-latina-y-el-caribe\/#breadcrumb\",\"itemListElement\":[{\"@type\":\"ListItem\",\"position\":1,\"name\":\"Portada\",\"item\":\"https:\/\/aeronoticias.com.pe\/noticiero\/\"},{\"@type\":\"ListItem\",\"position\":2,\"name\":\"Expo Pymetic 2009: evento de tecnolog\u00eda para las Pymes del Per\u00fa Am\u00e9rica latina y el Caribe\"}]},{\"@type\":\"WebSite\",\"@id\":\"https:\/\/aeronoticias.com.pe\/noticiero\/#website\",\"url\":\"https:\/\/aeronoticias.com.pe\/noticiero\/\",\"name\":\"Aeronoticias.com.pe\",\"description\":\"Noticias de tranporte aereo, turismo, hoteles, gastronomia, actualidad, internacional\",\"potentialAction\":[{\"@type\":\"SearchAction\",\"target\":{\"@type\":\"EntryPoint\",\"urlTemplate\":\"https:\/\/aeronoticias.com.pe\/noticiero\/?s={search_term_string}\"},\"query-input\":{\"@type\":\"PropertyValueSpecification\",\"valueRequired\":true,\"valueName\":\"search_term_string\"}}],\"inLanguage\":\"es\"},{\"@type\":\"Person\",\"@id\":\"https:\/\/aeronoticias.com.pe\/noticiero\/#\/schema\/person\/fc1e5d578f4b62ba1cf7ac2bba1170a0\",\"name\":\"Redacci\u00f3n Aeronoticias\",\"url\":\"https:\/\/aeronoticias.com.pe\/noticiero\/author\/piloto\/\"}]}<\/script>\n<!-- \/ Yoast SEO plugin. -->","yoast_head_json":{"title":"Expo Pymetic 2009: evento de tecnolog\u00eda para las Pymes del Per\u00fa Am\u00e9rica latina y el Caribe","description":"Portal de noticias del Per\u00fa sobre el transporte a\u00e9reo, aviaci\u00f3n, turismo, hoteleria, actualidad.","robots":{"index":"index","follow":"follow","max-snippet":"max-snippet:-1","max-image-preview":"max-image-preview:large","max-video-preview":"max-video-preview:-1"},"canonical":"https:\/\/aeronoticias.com.pe\/noticiero\/27\/expo-pymetic-2009-evento-de-tecnologia-para-las-pymes-del-peru-america-latina-y-el-caribe\/","og_locale":"es_ES","og_type":"article","og_title":"Expo Pymetic 2009: evento de tecnolog\u00eda para las Pymes del Per\u00fa Am\u00e9rica latina y el Caribe","og_description":"Portal de noticias del Per\u00fa sobre el transporte a\u00e9reo, aviaci\u00f3n, turismo, hoteleria, actualidad.","og_url":"https:\/\/aeronoticias.com.pe\/noticiero\/27\/expo-pymetic-2009-evento-de-tecnologia-para-las-pymes-del-peru-america-latina-y-el-caribe\/","og_site_name":"Aeronoticias.com.pe","article_publisher":"https:\/\/www.facebook.com\/Aeronoticias.com.pe\/","article_published_time":"2009-11-19T21:22:28+00:00","author":"Redacci\u00f3n Aeronoticias","twitter_card":"summary_large_image","twitter_creator":"@aeronoticias","twitter_site":"@aeronoticias","twitter_misc":{"Escrito por":"Redacci\u00f3n Aeronoticias","Tiempo de lectura":"2 minutos"},"schema":{"@context":"https:\/\/schema.org","@graph":[{"@type":"WebPage","@id":"https:\/\/aeronoticias.com.pe\/noticiero\/27\/expo-pymetic-2009-evento-de-tecnologia-para-las-pymes-del-peru-america-latina-y-el-caribe\/","url":"https:\/\/aeronoticias.com.pe\/noticiero\/27\/expo-pymetic-2009-evento-de-tecnologia-para-las-pymes-del-peru-america-latina-y-el-caribe\/","name":"Expo Pymetic 2009: evento de tecnolog\u00eda para las Pymes del Per\u00fa Am\u00e9rica latina y el Caribe","isPartOf":{"@id":"https:\/\/aeronoticias.com.pe\/noticiero\/#website"},"datePublished":"2009-11-19T21:22:28+00:00","author":{"@id":"https:\/\/aeronoticias.com.pe\/noticiero\/#\/schema\/person\/fc1e5d578f4b62ba1cf7ac2bba1170a0"},"description":"Portal de noticias del Per\u00fa sobre el transporte a\u00e9reo, aviaci\u00f3n, turismo, hoteleria, actualidad.","breadcrumb":{"@id":"https:\/\/aeronoticias.com.pe\/noticiero\/27\/expo-pymetic-2009-evento-de-tecnologia-para-las-pymes-del-peru-america-latina-y-el-caribe\/#breadcrumb"},"inLanguage":"es","potentialAction":[{"@type":"ReadAction","target":["https:\/\/aeronoticias.com.pe\/noticiero\/27\/expo-pymetic-2009-evento-de-tecnologia-para-las-pymes-del-peru-america-latina-y-el-caribe\/"]}]},{"@type":"BreadcrumbList","@id":"https:\/\/aeronoticias.com.pe\/noticiero\/27\/expo-pymetic-2009-evento-de-tecnologia-para-las-pymes-del-peru-america-latina-y-el-caribe\/#breadcrumb","itemListElement":[{"@type":"ListItem","position":1,"name":"Portada","item":"https:\/\/aeronoticias.com.pe\/noticiero\/"},{"@type":"ListItem","position":2,"name":"Expo Pymetic 2009: evento de tecnolog\u00eda para las Pymes del Per\u00fa Am\u00e9rica latina y el Caribe"}]},{"@type":"WebSite","@id":"https:\/\/aeronoticias.com.pe\/noticiero\/#website","url":"https:\/\/aeronoticias.com.pe\/noticiero\/","name":"Aeronoticias.com.pe","description":"Noticias de tranporte aereo, turismo, hoteles, gastronomia, actualidad, internacional","potentialAction":[{"@type":"SearchAction","target":{"@type":"EntryPoint","urlTemplate":"https:\/\/aeronoticias.com.pe\/noticiero\/?s={search_term_string}"},"query-input":{"@type":"PropertyValueSpecification","valueRequired":true,"valueName":"search_term_string"}}],"inLanguage":"es"},{"@type":"Person","@id":"https:\/\/aeronoticias.com.pe\/noticiero\/#\/schema\/person\/fc1e5d578f4b62ba1cf7ac2bba1170a0","name":"Redacci\u00f3n Aeronoticias","url":"https:\/\/aeronoticias.com.pe\/noticiero\/author\/piloto\/"}]}},"_links":{"self":[{"href":"https:\/\/aeronoticias.com.pe\/noticiero\/wp-json\/wp\/v2\/posts\/6952","targetHints":{"allow":["GET"]}}],"collection":[{"href":"https:\/\/aeronoticias.com.pe\/noticiero\/wp-json\/wp\/v2\/posts"}],"about":[{"href":"https:\/\/aeronoticias.com.pe\/noticiero\/wp-json\/wp\/v2\/types\/post"}],"author":[{"embeddable":true,"href":"https:\/\/aeronoticias.com.pe\/noticiero\/wp-json\/wp\/v2\/users\/1"}],"replies":[{"embeddable":true,"href":"https:\/\/aeronoticias.com.pe\/noticiero\/wp-json\/wp\/v2\/comments?post=6952"}],"version-history":[{"count":0,"href":"https:\/\/aeronoticias.com.pe\/noticiero\/wp-json\/wp\/v2\/posts\/6952\/revisions"}],"wp:attachment":[{"href":"https:\/\/aeronoticias.com.pe\/noticiero\/wp-json\/wp\/v2\/media?parent=6952"}],"wp:term":[{"taxonomy":"category","embeddable":true,"href":"https:\/\/aeronoticias.com.pe\/noticiero\/wp-json\/wp\/v2\/categories?post=6952"},{"taxonomy":"post_tag","embeddable":true,"href":"https:\/\/aeronoticias.com.pe\/noticiero\/wp-json\/wp\/v2\/tags?post=6952"}],"curies":[{"name":"wp","href":"https:\/\/api.w.org\/{rel}","templated":true}]}}