{"id":6953,"date":"2009-11-19T23:30:35","date_gmt":"2009-11-19T23:30:35","guid":{"rendered":"http:\/\/desarrollo.mcvicious.com\/aero2020\/2009\/11\/19\/congreso-peruano-pide-investigar-a-pilotos-de-la-fach\/"},"modified":"2009-11-19T23:30:35","modified_gmt":"2009-11-19T23:30:35","slug":"congreso-peruano-pide-investigar-a-pilotos-de-la-fach","status":"publish","type":"post","link":"https:\/\/aeronoticias.com.pe\/noticiero\/internacionales\/congreso-peruano-pide-investigar-a-pilotos-de-la-fach\/","title":{"rendered":"Congreso peruano pide investigar a pilotos de la FACH"},"content":{"rendered":"<div align=\"justify\">Luego que el presidente del Instituto Peruano de Derecho A\u00e9reo, Juli\u00e1n Palacin Fern\u00e1ndez pida que se investigue a los pilotos de la Fuerza A\u00e9rea Chilena que habr\u00edan estado trabajando en el Per\u00fa en forma ilegal, es decir sin carnet de extranjer\u00eda y volando en todo el territorio nacional, lo que habr\u00eda originado posibles actos de espionaje desde el espacio a\u00e9reo desde donde se pueden monitorear las zonas prohibidas o restringidas por razones de seguridad nacional, el d\u00eda de hoy en el diario Expreso en la p\u00e1gina 8, se\u00a0 publica el art\u00edculo \u201cPiden investigar a LAN PER\u00da y a sus pilotos\u201d por las posibles secuelas del espionaje chileno.<\/p>\n<p>Efectivamente la bancada de Alianza Parlamentaria AP y del partido nacionalista pidieron investigar a los pilotos de LAN PER\u00da ante la posibilidad de que pudieran haber estado realizando actividades de espionaje.<\/p>\n<p><\/p>\n<div style=\"text-align: center\"><img loading=\"lazy\" decoding=\"async\" src=\"images\/stories\/09\/11\/191109\/foinquinos-otarola.jpg\" border=\"0\" width=\"400\" height=\"280\" \/><\/div>\n<\/div>\n<div align=\"center\">\u00a0<em>Congresista Jorge Foinquinos y congresista Freddy Otarola piden investigar a pilotos chilenos de la FACH, que volaron en LAN sin carnet de extranjer\u00eda<\/em><\/div>\n<div align=\"justify\">En el 2007 la congresista Mercedes Cabanillas y el congresista Juvenal Ordo\u00f1ez solicitaron una consultor\u00eda al presidente del Instituto Peruano de Derecho A\u00e9reo, Juli\u00e1n Palacin Fern\u00e1ndez respecto al Convenio A\u00e9reo Bilateral Per\u00fa Chile y el estatus jur\u00eddico de los pilotos chilenos que volaban en el espacio a\u00e9reo peruano.<\/p>\n<p>Ambos congresistas le solicitaron un informe a la ministra de transportes Ver\u00f3nica Zavala Lombardi a quien le pidieron el n\u00famero de carnet de extranjer\u00eda de los 93 pilotos chilenos que estaban volando en el espacio a\u00e9reo peruano y grande fue la sorpresa cuando la ministra Zavala contest\u00f3 diciendo que dichos pilotos s\u00f3lo ten\u00edan pasaporte, es decir a confesi\u00f3n de parte relevo de pruebas, la ex ministra confes\u00f3 que hab\u00eda permitido que pilotos de la Fuerza A\u00e9rea Chilena operen ilegalmente en el espacio a\u00e9reo peruano.<\/p>\n<p>En la comisi\u00f3n de defensa este informe se empantan\u00f3 y no se hizo nada ahora ha llegado el momento de citar a Ver\u00f3nica Zavala Lombardi y a Carlos Puga Pomareda para que expliquen las razones por las que permitieron que pilotos de la Fuerza A\u00e9rea Chilena operen en LAN sin carnet de extranjer\u00eda.<\/p>\n<p><strong>Aeronoticias<\/strong> recomienda al Congreso de la Rep\u00fablica que este caso que involucra la seguridad y defensa nacional por la gravedad y connotaci\u00f3n sea puesto en conocimiento del procurador p\u00fablico y que se busque la mejor asesor\u00eda en derecho a\u00e9reo internacional para denunciar penalmente a aquellos funcionarios p\u00fablicos o ex funcionarios que fueran responsables de permitir que pilotos de la fuerza a\u00e9rea chilena puedan haber operado ilegalmente en el espacio a\u00e9reo peruano, lo que es sin lugar a dudas un caso tanto o m\u00e1s grave que el del delito de espionaje del traidor V\u00edctor Ariza.<\/div>\n","protected":false},"excerpt":{"rendered":"<p>Luego que el presidente del Instituto Peruano de Derecho A\u00e9reo, Juli\u00e1n Palacin Fern\u00e1ndez pida que se investigue a los pilotos de la Fuerza A\u00e9rea Chilena que habr\u00edan estado trabajando en el Per\u00fa en forma ilegal, es decir sin carnet de extranjer\u00eda y volando en todo el territorio nacional, lo que habr\u00eda originado posibles actos de [&hellip;]<\/p>\n","protected":false},"author":1,"featured_media":0,"comment_status":"open","ping_status":"open","sticky":false,"template":"","format":"standard","meta":{"tdm_status":"","tdm_grid_status":"","footnotes":""},"categories":[34],"tags":[],"class_list":{"0":"post-6953","1":"post","2":"type-post","3":"status-publish","4":"format-standard","6":"category-internacionales"},"yoast_head":"<!-- This site is optimized with the Yoast SEO plugin v25.1 - https:\/\/yoast.com\/wordpress\/plugins\/seo\/ -->\n<title>Congreso peruano pide investigar a pilotos de la FACH<\/title>\n<meta name=\"description\" content=\"Portal de noticias del Per\u00fa sobre el transporte a\u00e9reo, aviaci\u00f3n, turismo, hoteleria, actualidad.\" \/>\n<meta name=\"robots\" content=\"index, follow, max-snippet:-1, max-image-preview:large, max-video-preview:-1\" \/>\n<link rel=\"canonical\" href=\"https:\/\/aeronoticias.com.pe\/noticiero\/internacionales\/congreso-peruano-pide-investigar-a-pilotos-de-la-fach\/\" \/>\n<meta property=\"og:locale\" content=\"es_ES\" \/>\n<meta property=\"og:type\" content=\"article\" \/>\n<meta property=\"og:title\" content=\"Congreso peruano pide investigar a pilotos de la FACH\" \/>\n<meta property=\"og:description\" content=\"Portal de noticias del Per\u00fa sobre el transporte a\u00e9reo, aviaci\u00f3n, turismo, hoteleria, actualidad.\" \/>\n<meta property=\"og:url\" content=\"https:\/\/aeronoticias.com.pe\/noticiero\/internacionales\/congreso-peruano-pide-investigar-a-pilotos-de-la-fach\/\" \/>\n<meta property=\"og:site_name\" content=\"Aeronoticias.com.pe\" \/>\n<meta property=\"article:publisher\" content=\"https:\/\/www.facebook.com\/Aeronoticias.com.pe\/\" \/>\n<meta property=\"article:published_time\" content=\"2009-11-19T23:30:35+00:00\" \/>\n<meta name=\"author\" content=\"Redacci\u00f3n Aeronoticias\" \/>\n<meta name=\"twitter:card\" content=\"summary_large_image\" \/>\n<meta name=\"twitter:creator\" content=\"@aeronoticias\" \/>\n<meta name=\"twitter:site\" content=\"@aeronoticias\" \/>\n<meta name=\"twitter:label1\" content=\"Escrito por\" \/>\n\t<meta name=\"twitter:data1\" content=\"Redacci\u00f3n Aeronoticias\" \/>\n\t<meta name=\"twitter:label2\" content=\"Tiempo de lectura\" \/>\n\t<meta name=\"twitter:data2\" content=\"2 minutos\" \/>\n<script type=\"application\/ld+json\" class=\"yoast-schema-graph\">{\"@context\":\"https:\/\/schema.org\",\"@graph\":[{\"@type\":\"WebPage\",\"@id\":\"https:\/\/aeronoticias.com.pe\/noticiero\/internacionales\/congreso-peruano-pide-investigar-a-pilotos-de-la-fach\/\",\"url\":\"https:\/\/aeronoticias.com.pe\/noticiero\/internacionales\/congreso-peruano-pide-investigar-a-pilotos-de-la-fach\/\",\"name\":\"Congreso peruano pide investigar a pilotos de la FACH\",\"isPartOf\":{\"@id\":\"https:\/\/aeronoticias.com.pe\/noticiero\/#website\"},\"datePublished\":\"2009-11-19T23:30:35+00:00\",\"author\":{\"@id\":\"https:\/\/aeronoticias.com.pe\/noticiero\/#\/schema\/person\/fc1e5d578f4b62ba1cf7ac2bba1170a0\"},\"description\":\"Portal de noticias del Per\u00fa sobre el transporte a\u00e9reo, aviaci\u00f3n, turismo, hoteleria, actualidad.\",\"breadcrumb\":{\"@id\":\"https:\/\/aeronoticias.com.pe\/noticiero\/internacionales\/congreso-peruano-pide-investigar-a-pilotos-de-la-fach\/#breadcrumb\"},\"inLanguage\":\"es\",\"potentialAction\":[{\"@type\":\"ReadAction\",\"target\":[\"https:\/\/aeronoticias.com.pe\/noticiero\/internacionales\/congreso-peruano-pide-investigar-a-pilotos-de-la-fach\/\"]}]},{\"@type\":\"BreadcrumbList\",\"@id\":\"https:\/\/aeronoticias.com.pe\/noticiero\/internacionales\/congreso-peruano-pide-investigar-a-pilotos-de-la-fach\/#breadcrumb\",\"itemListElement\":[{\"@type\":\"ListItem\",\"position\":1,\"name\":\"Portada\",\"item\":\"https:\/\/aeronoticias.com.pe\/noticiero\/\"},{\"@type\":\"ListItem\",\"position\":2,\"name\":\"Congreso peruano pide investigar a pilotos de la FACH\"}]},{\"@type\":\"WebSite\",\"@id\":\"https:\/\/aeronoticias.com.pe\/noticiero\/#website\",\"url\":\"https:\/\/aeronoticias.com.pe\/noticiero\/\",\"name\":\"Aeronoticias.com.pe\",\"description\":\"Noticias de tranporte aereo, turismo, hoteles, gastronomia, actualidad, internacional\",\"potentialAction\":[{\"@type\":\"SearchAction\",\"target\":{\"@type\":\"EntryPoint\",\"urlTemplate\":\"https:\/\/aeronoticias.com.pe\/noticiero\/?s={search_term_string}\"},\"query-input\":{\"@type\":\"PropertyValueSpecification\",\"valueRequired\":true,\"valueName\":\"search_term_string\"}}],\"inLanguage\":\"es\"},{\"@type\":\"Person\",\"@id\":\"https:\/\/aeronoticias.com.pe\/noticiero\/#\/schema\/person\/fc1e5d578f4b62ba1cf7ac2bba1170a0\",\"name\":\"Redacci\u00f3n Aeronoticias\",\"url\":\"https:\/\/aeronoticias.com.pe\/noticiero\/author\/piloto\/\"}]}<\/script>\n<!-- \/ Yoast SEO plugin. -->","yoast_head_json":{"title":"Congreso peruano pide investigar a pilotos de la FACH","description":"Portal de noticias del Per\u00fa sobre el transporte a\u00e9reo, aviaci\u00f3n, turismo, hoteleria, actualidad.","robots":{"index":"index","follow":"follow","max-snippet":"max-snippet:-1","max-image-preview":"max-image-preview:large","max-video-preview":"max-video-preview:-1"},"canonical":"https:\/\/aeronoticias.com.pe\/noticiero\/internacionales\/congreso-peruano-pide-investigar-a-pilotos-de-la-fach\/","og_locale":"es_ES","og_type":"article","og_title":"Congreso peruano pide investigar a pilotos de la FACH","og_description":"Portal de noticias del Per\u00fa sobre el transporte a\u00e9reo, aviaci\u00f3n, turismo, hoteleria, actualidad.","og_url":"https:\/\/aeronoticias.com.pe\/noticiero\/internacionales\/congreso-peruano-pide-investigar-a-pilotos-de-la-fach\/","og_site_name":"Aeronoticias.com.pe","article_publisher":"https:\/\/www.facebook.com\/Aeronoticias.com.pe\/","article_published_time":"2009-11-19T23:30:35+00:00","author":"Redacci\u00f3n Aeronoticias","twitter_card":"summary_large_image","twitter_creator":"@aeronoticias","twitter_site":"@aeronoticias","twitter_misc":{"Escrito por":"Redacci\u00f3n Aeronoticias","Tiempo de lectura":"2 minutos"},"schema":{"@context":"https:\/\/schema.org","@graph":[{"@type":"WebPage","@id":"https:\/\/aeronoticias.com.pe\/noticiero\/internacionales\/congreso-peruano-pide-investigar-a-pilotos-de-la-fach\/","url":"https:\/\/aeronoticias.com.pe\/noticiero\/internacionales\/congreso-peruano-pide-investigar-a-pilotos-de-la-fach\/","name":"Congreso peruano pide investigar a pilotos de la FACH","isPartOf":{"@id":"https:\/\/aeronoticias.com.pe\/noticiero\/#website"},"datePublished":"2009-11-19T23:30:35+00:00","author":{"@id":"https:\/\/aeronoticias.com.pe\/noticiero\/#\/schema\/person\/fc1e5d578f4b62ba1cf7ac2bba1170a0"},"description":"Portal de noticias del Per\u00fa sobre el transporte a\u00e9reo, aviaci\u00f3n, turismo, hoteleria, actualidad.","breadcrumb":{"@id":"https:\/\/aeronoticias.com.pe\/noticiero\/internacionales\/congreso-peruano-pide-investigar-a-pilotos-de-la-fach\/#breadcrumb"},"inLanguage":"es","potentialAction":[{"@type":"ReadAction","target":["https:\/\/aeronoticias.com.pe\/noticiero\/internacionales\/congreso-peruano-pide-investigar-a-pilotos-de-la-fach\/"]}]},{"@type":"BreadcrumbList","@id":"https:\/\/aeronoticias.com.pe\/noticiero\/internacionales\/congreso-peruano-pide-investigar-a-pilotos-de-la-fach\/#breadcrumb","itemListElement":[{"@type":"ListItem","position":1,"name":"Portada","item":"https:\/\/aeronoticias.com.pe\/noticiero\/"},{"@type":"ListItem","position":2,"name":"Congreso peruano pide investigar a pilotos de la FACH"}]},{"@type":"WebSite","@id":"https:\/\/aeronoticias.com.pe\/noticiero\/#website","url":"https:\/\/aeronoticias.com.pe\/noticiero\/","name":"Aeronoticias.com.pe","description":"Noticias de tranporte aereo, turismo, hoteles, gastronomia, actualidad, internacional","potentialAction":[{"@type":"SearchAction","target":{"@type":"EntryPoint","urlTemplate":"https:\/\/aeronoticias.com.pe\/noticiero\/?s={search_term_string}"},"query-input":{"@type":"PropertyValueSpecification","valueRequired":true,"valueName":"search_term_string"}}],"inLanguage":"es"},{"@type":"Person","@id":"https:\/\/aeronoticias.com.pe\/noticiero\/#\/schema\/person\/fc1e5d578f4b62ba1cf7ac2bba1170a0","name":"Redacci\u00f3n Aeronoticias","url":"https:\/\/aeronoticias.com.pe\/noticiero\/author\/piloto\/"}]}},"_links":{"self":[{"href":"https:\/\/aeronoticias.com.pe\/noticiero\/wp-json\/wp\/v2\/posts\/6953","targetHints":{"allow":["GET"]}}],"collection":[{"href":"https:\/\/aeronoticias.com.pe\/noticiero\/wp-json\/wp\/v2\/posts"}],"about":[{"href":"https:\/\/aeronoticias.com.pe\/noticiero\/wp-json\/wp\/v2\/types\/post"}],"author":[{"embeddable":true,"href":"https:\/\/aeronoticias.com.pe\/noticiero\/wp-json\/wp\/v2\/users\/1"}],"replies":[{"embeddable":true,"href":"https:\/\/aeronoticias.com.pe\/noticiero\/wp-json\/wp\/v2\/comments?post=6953"}],"version-history":[{"count":0,"href":"https:\/\/aeronoticias.com.pe\/noticiero\/wp-json\/wp\/v2\/posts\/6953\/revisions"}],"wp:attachment":[{"href":"https:\/\/aeronoticias.com.pe\/noticiero\/wp-json\/wp\/v2\/media?parent=6953"}],"wp:term":[{"taxonomy":"category","embeddable":true,"href":"https:\/\/aeronoticias.com.pe\/noticiero\/wp-json\/wp\/v2\/categories?post=6953"},{"taxonomy":"post_tag","embeddable":true,"href":"https:\/\/aeronoticias.com.pe\/noticiero\/wp-json\/wp\/v2\/tags?post=6953"}],"curies":[{"name":"wp","href":"https:\/\/api.w.org\/{rel}","templated":true}]}}