{"id":6956,"date":"2009-11-20T11:09:44","date_gmt":"2009-11-20T11:09:44","guid":{"rendered":"http:\/\/desarrollo.mcvicious.com\/aero2020\/2009\/11\/20\/velazques-quesquen-ministro-de-relaciones-exteriores-y-25-presidentes-regionales-abordan-tema-de-espionaje-chileno\/"},"modified":"2009-11-20T11:09:44","modified_gmt":"2009-11-20T11:09:44","slug":"velazques-quesquen-ministro-de-relaciones-exteriores-y-25-presidentes-regionales-abordan-tema-de-espionaje-chileno","status":"publish","type":"post","link":"https:\/\/aeronoticias.com.pe\/noticiero\/internacionales\/velazques-quesquen-ministro-de-relaciones-exteriores-y-25-presidentes-regionales-abordan-tema-de-espionaje-chileno\/","title":{"rendered":"Velasquez Quesqu\u00e9n, ministro de relaciones exteriores y 25 presidentes regionales abordan tema de espionaje chileno"},"content":{"rendered":"<div align=\"justify\">El Presidente del Consejo de Ministros, Javier Vel\u00e1squez Quesqu\u00e9n, se re\u00fane hoy con los 25 Presidentes Regionales y el Ministro de Relaciones Exteriores, Jos\u00e9 Antonio Garc\u00eda Belaunde, con quienes abordar\u00e1 el tema referido al espionaje militar de Chile contra el Per\u00fa.<\/p>\n<p>La reuni\u00f3n se desarrollar\u00e1 a las 10:15 horas en la Sala del Acuerdo Nacional, de la Presidencia del Consejo de Ministros.<\/p>\n<div style=\"text-align: center\"><img decoding=\"async\" src=\"images\/stories\/09\/11\/201109\/quesquen.jpg\" border=\"0\" alt=\"VELASQUEZ QUESQU\u00c9N, MINISTRO DE RELACIONES EXTERIORES Y 25 PRESIDENTES REGIONALES ABORDAN TEMA DE ESPIONAJE CHILENO\" title=\"VELASQUEZ QUESQU\u00c9N, MINISTRO DE RELACIONES EXTERIORES Y 25 PRESIDENTES REGIONALES ABORDAN TEMA DE ESPIONAJE CHILENO\" \/><\/div>\n<p><strong>Aeronoticias<\/strong> considera que es necesaria la opini\u00f3n del fuero nacional en un contexto en el que se ha ofendido la pol\u00edtica de un pa\u00eds como el Per\u00fa con acciones delictivas absolutamente denigrantes e ilegales, ya que las pr\u00e1cticas del espionaje son la prueba m\u00e1s viva que Chile est\u00e1 amedrentado ante el crecimiento peruano, y est\u00e1 utilizando pol\u00edticas erradas para con los pa\u00edses hermanos.<\/div>\n<div><\/div>\n","protected":false},"excerpt":{"rendered":"<p>El Presidente del Consejo de Ministros, Javier Vel\u00e1squez Quesqu\u00e9n, se re\u00fane hoy con los 25 Presidentes Regionales y el Ministro de Relaciones Exteriores, Jos\u00e9 Antonio Garc\u00eda Belaunde, con quienes abordar\u00e1 el tema referido al espionaje militar de Chile contra el Per\u00fa. La reuni\u00f3n se desarrollar\u00e1 a las 10:15 horas en la Sala del Acuerdo Nacional, [&hellip;]<\/p>\n","protected":false},"author":1,"featured_media":0,"comment_status":"open","ping_status":"open","sticky":false,"template":"","format":"standard","meta":{"tdm_status":"","tdm_grid_status":"","footnotes":""},"categories":[34],"tags":[],"class_list":{"0":"post-6956","1":"post","2":"type-post","3":"status-publish","4":"format-standard","6":"category-internacionales"},"yoast_head":"<!-- This site is optimized with the Yoast SEO plugin v25.1 - https:\/\/yoast.com\/wordpress\/plugins\/seo\/ -->\n<title>Velasquez Quesqu\u00e9n, ministro de relaciones exteriores y 25 presidentes regionales abordan tema de espionaje chileno<\/title>\n<meta name=\"description\" content=\"Portal de noticias del Per\u00fa sobre el transporte a\u00e9reo, aviaci\u00f3n, turismo, hoteleria, actualidad.\" \/>\n<meta name=\"robots\" content=\"index, follow, max-snippet:-1, max-image-preview:large, max-video-preview:-1\" \/>\n<link rel=\"canonical\" href=\"https:\/\/aeronoticias.com.pe\/noticiero\/internacionales\/velazques-quesquen-ministro-de-relaciones-exteriores-y-25-presidentes-regionales-abordan-tema-de-espionaje-chileno\/\" \/>\n<meta property=\"og:locale\" content=\"es_ES\" \/>\n<meta property=\"og:type\" content=\"article\" \/>\n<meta property=\"og:title\" content=\"Velasquez Quesqu\u00e9n, ministro de relaciones exteriores y 25 presidentes regionales abordan tema de espionaje chileno\" \/>\n<meta property=\"og:description\" content=\"Portal de noticias del Per\u00fa sobre el transporte a\u00e9reo, aviaci\u00f3n, turismo, hoteleria, actualidad.\" \/>\n<meta property=\"og:url\" content=\"https:\/\/aeronoticias.com.pe\/noticiero\/internacionales\/velazques-quesquen-ministro-de-relaciones-exteriores-y-25-presidentes-regionales-abordan-tema-de-espionaje-chileno\/\" \/>\n<meta property=\"og:site_name\" content=\"Aeronoticias.com.pe\" \/>\n<meta property=\"article:publisher\" content=\"https:\/\/www.facebook.com\/Aeronoticias.com.pe\/\" \/>\n<meta property=\"article:published_time\" content=\"2009-11-20T11:09:44+00:00\" \/>\n<meta name=\"author\" content=\"Redacci\u00f3n Aeronoticias\" \/>\n<meta name=\"twitter:card\" content=\"summary_large_image\" \/>\n<meta name=\"twitter:creator\" content=\"@aeronoticias\" \/>\n<meta name=\"twitter:site\" content=\"@aeronoticias\" \/>\n<meta name=\"twitter:label1\" content=\"Escrito por\" \/>\n\t<meta name=\"twitter:data1\" content=\"Redacci\u00f3n Aeronoticias\" \/>\n\t<meta name=\"twitter:label2\" content=\"Tiempo de lectura\" \/>\n\t<meta name=\"twitter:data2\" content=\"1 minuto\" \/>\n<script type=\"application\/ld+json\" class=\"yoast-schema-graph\">{\"@context\":\"https:\/\/schema.org\",\"@graph\":[{\"@type\":\"WebPage\",\"@id\":\"https:\/\/aeronoticias.com.pe\/noticiero\/internacionales\/velazques-quesquen-ministro-de-relaciones-exteriores-y-25-presidentes-regionales-abordan-tema-de-espionaje-chileno\/\",\"url\":\"https:\/\/aeronoticias.com.pe\/noticiero\/internacionales\/velazques-quesquen-ministro-de-relaciones-exteriores-y-25-presidentes-regionales-abordan-tema-de-espionaje-chileno\/\",\"name\":\"Velasquez Quesqu\u00e9n, ministro de relaciones exteriores y 25 presidentes regionales abordan tema de espionaje chileno\",\"isPartOf\":{\"@id\":\"https:\/\/aeronoticias.com.pe\/noticiero\/#website\"},\"datePublished\":\"2009-11-20T11:09:44+00:00\",\"author\":{\"@id\":\"https:\/\/aeronoticias.com.pe\/noticiero\/#\/schema\/person\/fc1e5d578f4b62ba1cf7ac2bba1170a0\"},\"description\":\"Portal de noticias del Per\u00fa sobre el transporte a\u00e9reo, aviaci\u00f3n, turismo, hoteleria, actualidad.\",\"breadcrumb\":{\"@id\":\"https:\/\/aeronoticias.com.pe\/noticiero\/internacionales\/velazques-quesquen-ministro-de-relaciones-exteriores-y-25-presidentes-regionales-abordan-tema-de-espionaje-chileno\/#breadcrumb\"},\"inLanguage\":\"es\",\"potentialAction\":[{\"@type\":\"ReadAction\",\"target\":[\"https:\/\/aeronoticias.com.pe\/noticiero\/internacionales\/velazques-quesquen-ministro-de-relaciones-exteriores-y-25-presidentes-regionales-abordan-tema-de-espionaje-chileno\/\"]}]},{\"@type\":\"BreadcrumbList\",\"@id\":\"https:\/\/aeronoticias.com.pe\/noticiero\/internacionales\/velazques-quesquen-ministro-de-relaciones-exteriores-y-25-presidentes-regionales-abordan-tema-de-espionaje-chileno\/#breadcrumb\",\"itemListElement\":[{\"@type\":\"ListItem\",\"position\":1,\"name\":\"Portada\",\"item\":\"https:\/\/aeronoticias.com.pe\/noticiero\/\"},{\"@type\":\"ListItem\",\"position\":2,\"name\":\"Velasquez Quesqu\u00e9n, ministro de relaciones exteriores y 25 presidentes regionales abordan tema de espionaje chileno\"}]},{\"@type\":\"WebSite\",\"@id\":\"https:\/\/aeronoticias.com.pe\/noticiero\/#website\",\"url\":\"https:\/\/aeronoticias.com.pe\/noticiero\/\",\"name\":\"Aeronoticias.com.pe\",\"description\":\"Noticias de tranporte aereo, turismo, hoteles, gastronomia, actualidad, internacional\",\"potentialAction\":[{\"@type\":\"SearchAction\",\"target\":{\"@type\":\"EntryPoint\",\"urlTemplate\":\"https:\/\/aeronoticias.com.pe\/noticiero\/?s={search_term_string}\"},\"query-input\":{\"@type\":\"PropertyValueSpecification\",\"valueRequired\":true,\"valueName\":\"search_term_string\"}}],\"inLanguage\":\"es\"},{\"@type\":\"Person\",\"@id\":\"https:\/\/aeronoticias.com.pe\/noticiero\/#\/schema\/person\/fc1e5d578f4b62ba1cf7ac2bba1170a0\",\"name\":\"Redacci\u00f3n Aeronoticias\",\"url\":\"https:\/\/aeronoticias.com.pe\/noticiero\/author\/piloto\/\"}]}<\/script>\n<!-- \/ Yoast SEO plugin. -->","yoast_head_json":{"title":"Velasquez Quesqu\u00e9n, ministro de relaciones exteriores y 25 presidentes regionales abordan tema de espionaje chileno","description":"Portal de noticias del Per\u00fa sobre el transporte a\u00e9reo, aviaci\u00f3n, turismo, hoteleria, actualidad.","robots":{"index":"index","follow":"follow","max-snippet":"max-snippet:-1","max-image-preview":"max-image-preview:large","max-video-preview":"max-video-preview:-1"},"canonical":"https:\/\/aeronoticias.com.pe\/noticiero\/internacionales\/velazques-quesquen-ministro-de-relaciones-exteriores-y-25-presidentes-regionales-abordan-tema-de-espionaje-chileno\/","og_locale":"es_ES","og_type":"article","og_title":"Velasquez Quesqu\u00e9n, ministro de relaciones exteriores y 25 presidentes regionales abordan tema de espionaje chileno","og_description":"Portal de noticias del Per\u00fa sobre el transporte a\u00e9reo, aviaci\u00f3n, turismo, hoteleria, actualidad.","og_url":"https:\/\/aeronoticias.com.pe\/noticiero\/internacionales\/velazques-quesquen-ministro-de-relaciones-exteriores-y-25-presidentes-regionales-abordan-tema-de-espionaje-chileno\/","og_site_name":"Aeronoticias.com.pe","article_publisher":"https:\/\/www.facebook.com\/Aeronoticias.com.pe\/","article_published_time":"2009-11-20T11:09:44+00:00","author":"Redacci\u00f3n Aeronoticias","twitter_card":"summary_large_image","twitter_creator":"@aeronoticias","twitter_site":"@aeronoticias","twitter_misc":{"Escrito por":"Redacci\u00f3n Aeronoticias","Tiempo de lectura":"1 minuto"},"schema":{"@context":"https:\/\/schema.org","@graph":[{"@type":"WebPage","@id":"https:\/\/aeronoticias.com.pe\/noticiero\/internacionales\/velazques-quesquen-ministro-de-relaciones-exteriores-y-25-presidentes-regionales-abordan-tema-de-espionaje-chileno\/","url":"https:\/\/aeronoticias.com.pe\/noticiero\/internacionales\/velazques-quesquen-ministro-de-relaciones-exteriores-y-25-presidentes-regionales-abordan-tema-de-espionaje-chileno\/","name":"Velasquez Quesqu\u00e9n, ministro de relaciones exteriores y 25 presidentes regionales abordan tema de espionaje chileno","isPartOf":{"@id":"https:\/\/aeronoticias.com.pe\/noticiero\/#website"},"datePublished":"2009-11-20T11:09:44+00:00","author":{"@id":"https:\/\/aeronoticias.com.pe\/noticiero\/#\/schema\/person\/fc1e5d578f4b62ba1cf7ac2bba1170a0"},"description":"Portal de noticias del Per\u00fa sobre el transporte a\u00e9reo, aviaci\u00f3n, turismo, hoteleria, actualidad.","breadcrumb":{"@id":"https:\/\/aeronoticias.com.pe\/noticiero\/internacionales\/velazques-quesquen-ministro-de-relaciones-exteriores-y-25-presidentes-regionales-abordan-tema-de-espionaje-chileno\/#breadcrumb"},"inLanguage":"es","potentialAction":[{"@type":"ReadAction","target":["https:\/\/aeronoticias.com.pe\/noticiero\/internacionales\/velazques-quesquen-ministro-de-relaciones-exteriores-y-25-presidentes-regionales-abordan-tema-de-espionaje-chileno\/"]}]},{"@type":"BreadcrumbList","@id":"https:\/\/aeronoticias.com.pe\/noticiero\/internacionales\/velazques-quesquen-ministro-de-relaciones-exteriores-y-25-presidentes-regionales-abordan-tema-de-espionaje-chileno\/#breadcrumb","itemListElement":[{"@type":"ListItem","position":1,"name":"Portada","item":"https:\/\/aeronoticias.com.pe\/noticiero\/"},{"@type":"ListItem","position":2,"name":"Velasquez Quesqu\u00e9n, ministro de relaciones exteriores y 25 presidentes regionales abordan tema de espionaje chileno"}]},{"@type":"WebSite","@id":"https:\/\/aeronoticias.com.pe\/noticiero\/#website","url":"https:\/\/aeronoticias.com.pe\/noticiero\/","name":"Aeronoticias.com.pe","description":"Noticias de tranporte aereo, turismo, hoteles, gastronomia, actualidad, internacional","potentialAction":[{"@type":"SearchAction","target":{"@type":"EntryPoint","urlTemplate":"https:\/\/aeronoticias.com.pe\/noticiero\/?s={search_term_string}"},"query-input":{"@type":"PropertyValueSpecification","valueRequired":true,"valueName":"search_term_string"}}],"inLanguage":"es"},{"@type":"Person","@id":"https:\/\/aeronoticias.com.pe\/noticiero\/#\/schema\/person\/fc1e5d578f4b62ba1cf7ac2bba1170a0","name":"Redacci\u00f3n Aeronoticias","url":"https:\/\/aeronoticias.com.pe\/noticiero\/author\/piloto\/"}]}},"_links":{"self":[{"href":"https:\/\/aeronoticias.com.pe\/noticiero\/wp-json\/wp\/v2\/posts\/6956","targetHints":{"allow":["GET"]}}],"collection":[{"href":"https:\/\/aeronoticias.com.pe\/noticiero\/wp-json\/wp\/v2\/posts"}],"about":[{"href":"https:\/\/aeronoticias.com.pe\/noticiero\/wp-json\/wp\/v2\/types\/post"}],"author":[{"embeddable":true,"href":"https:\/\/aeronoticias.com.pe\/noticiero\/wp-json\/wp\/v2\/users\/1"}],"replies":[{"embeddable":true,"href":"https:\/\/aeronoticias.com.pe\/noticiero\/wp-json\/wp\/v2\/comments?post=6956"}],"version-history":[{"count":0,"href":"https:\/\/aeronoticias.com.pe\/noticiero\/wp-json\/wp\/v2\/posts\/6956\/revisions"}],"wp:attachment":[{"href":"https:\/\/aeronoticias.com.pe\/noticiero\/wp-json\/wp\/v2\/media?parent=6956"}],"wp:term":[{"taxonomy":"category","embeddable":true,"href":"https:\/\/aeronoticias.com.pe\/noticiero\/wp-json\/wp\/v2\/categories?post=6956"},{"taxonomy":"post_tag","embeddable":true,"href":"https:\/\/aeronoticias.com.pe\/noticiero\/wp-json\/wp\/v2\/tags?post=6956"}],"curies":[{"name":"wp","href":"https:\/\/api.w.org\/{rel}","templated":true}]}}