{"id":69706,"date":"2021-02-18T10:58:14","date_gmt":"2021-02-18T15:58:14","guid":{"rendered":"https:\/\/aeronoticias.com.pe\/noticiero\/?p=69706"},"modified":"2021-02-19T09:04:28","modified_gmt":"2021-02-19T14:04:28","slug":"un-millon-de-peruanos-con-seguro-privado-perjudicados-con-decision-de-ministro-de-salud-de-impedir-importacion-de-vacunas-del-sector-privado","status":"publish","type":"post","link":"https:\/\/aeronoticias.com.pe\/noticiero\/nacionales\/un-millon-de-peruanos-con-seguro-privado-perjudicados-con-decision-de-ministro-de-salud-de-impedir-importacion-de-vacunas-del-sector-privado\/","title":{"rendered":"Casi 4 millones de peruanos con seguro privado, perjudicados con decisi\u00f3n del Ministro de Salud, de impedir importaci\u00f3n de vacunas del sector Privado"},"content":{"rendered":"\n<p><strong>(Aeronoticias)<\/strong> Juli\u00e1n Palac\u00edn, candidato al Congreso de la Rep\u00fablica por Lima Metropolitana con el N\u00ba 7 de Per\u00fa Libre, exigi\u00f3 que en defensa de la salud y la vida de casi cuatro mill\u00f3nes de peruanos se liberalice la importaci\u00f3n de vacunas contra el COVID-19, para que los Gobiernos Regionales y el sector Privado, especialmente las Compa\u00f1\u00edas de Seguros y Reaseguros, puedan importar vacunas.<\/p>\n\n\n\n<p>\u201cExijo al Gobierno que se liberalice la importaci\u00f3n de vacunas contra el COVID-19 porque casi 4 millones de personas est\u00e1n siendo perjudicadas por esta decisi\u00f3n antinconstitucional del Gobierno y las victimas de estas malas deciciones podr\u00edan demandar judicialmente al Estado que est\u00e1 interfiriendo constitucionalmente los Contratos de Seguros, violando el Art. 62 de la Constituci\u00f3n. Las vacunas deben liberalizarse para que los Gobiernos Regionales y el sector Privado, especialmente las Compa\u00f1\u00edas de Seguros, puedan importar vacunas\u201d, afirm\u00f3 Juli\u00e1n Palac\u00edn.<\/p>\n\n\n\n<p>\u201cLa pandemia en esta segunda ola es mucho m\u00e1s letal, la mortalidad del virus sigue en aumento, millones de peruanos est\u00e1n en peligro porque familias enteras est\u00e1n falleciendo debido a la alta capacidad de contagio de la enfermedad, el sector privado puede ayudar a vacunar a la poblaci\u00f3n con mayor rapidez, sin embargo el Gobierno lo impide retrasando la inmunizaci\u00f3n de la poblaci\u00f3n peruana\u201d, se\u00f1al\u00f3 Juli\u00e1n Palac\u00edn quien es Abogado de profesi\u00f3n y Perito de Seguros de la Superitendencia de Banca y Seguros (SBS).<\/p>\n\n\n\n<figure class=\"wp-block-image size-large\"><img loading=\"lazy\" decoding=\"async\" width=\"448\" height=\"306\" src=\"https:\/\/aeronoticias.com.pe\/noticiero\/wp-content\/uploads\/2021\/01\/IMG-20210101-WA0022.jpg\" alt=\"\" class=\"wp-image-68202\" srcset=\"https:\/\/aeronoticias.com.pe\/noticiero\/wp-content\/uploads\/2021\/01\/IMG-20210101-WA0022.jpg 448w, https:\/\/aeronoticias.com.pe\/noticiero\/wp-content\/uploads\/2021\/01\/IMG-20210101-WA0022-300x205.jpg 300w, https:\/\/aeronoticias.com.pe\/noticiero\/wp-content\/uploads\/2021\/01\/IMG-20210101-WA0022-150x102.jpg 150w, https:\/\/aeronoticias.com.pe\/noticiero\/wp-content\/uploads\/2021\/01\/IMG-20210101-WA0022-218x150.jpg 218w\" sizes=\"auto, (max-width: 448px) 100vw, 448px\" \/><\/figure>\n\n\n\n<p>\u201cHace unos d\u00edas me pronunci\u00e9 al respecto pidiendo al Presidente Sagasti, que apoye esta posici\u00f3n, que est\u00e1 respaldada por el grupo acad\u00e9mico de Juristas independientes de la Facultad de Derecho y Ciencia Pol\u00edtica de la Universidad Nacional Mayor de San Marcos\u201d, indic\u00f3 Juli\u00e1n Palac\u00edn, candidato al Congreso de la Rep\u00fablica con el N\u00ba 7 de Per\u00fa Libre por Lima Metropolitana.<\/p>\n\n\n\n<p>VER PRONUNCIAMIENTO: <a href=\"https:\/\/aeronoticias.com.pe\/noticiero\/julian-palacin-de-peru-libre-exige-a-sagasti-se-liberalice-la-importacion-de-vacunas\/\" target=\"_blank\" rel=\"noreferrer noopener\">Juli\u00e1n Palacin de Per\u00fa Libre exige a Sagasti se liberalice la importaci\u00f3n de vacunas<\/a><\/p>\n\n\n\n<p><strong>\u201cEl sector privado puede vacunar con mayor rapidez y eficacia que el Estado, lo que el Estado demora 2 a\u00f1os el sector privado lo puede hacer en 15 d\u00edas\u00bb,  el sector privado tiene m\u00e1s de 1 mill\u00f3n de asegurados, de los que dependen casi 4 millones de personas en seguros de salud perjudicadas con esta decisi\u00f3n absurda del Gobierno<\/strong>. La curva del COVID-19 sigue en aumento y a diferencia de la primera ola, las Regiones que ahora est\u00e1n siendo m\u00e1s afectadas son las de la Costa, Sierra y Centro del pa\u00eds, en este mes de febrero habr\u00e1 17,728 v\u00edctimas mortales m\u00e1s y entre marzo y abril un aproximado de 50 mil muertos. Un paciente en cama UCI significa 350 mil nuevos soles de gastos para el Estado o para el sector Privado \u00abaseguradoras\u00bb, en consecuencia, se tiene que prevenir y vacunar a toda la poblaci\u00f3n lo antes posible\u201d, afirm\u00f3 Juli\u00e1n Palac\u00edn, candidato al Congreso por Lima Metropolitana.<\/p>\n\n\n\n<p>\u201cLa Constituci\u00f3n Pol\u00edtica en el Art. 62 establece que los t\u00e9rminos contractuales no pueden ser modificados por Leyes u otras disposiciones de otra clase, existen aproximadamente m\u00e1s de 1 mill\u00f3n y medio de P\u00f3lizas de Seguros de Salud EPS y otro mill\u00f3n de P\u00f3lizas de Seguro privadas contratados por particulares con Compa\u00f1\u00edas de Seguros, quienes estar\u00edan obligados a vacunar a los beneficiarios inmediatamente, de conformidad a la Ley del Contrato de Seguro, Ley 29946, pero no lo hacen porque el Estado no les autoriza importar vacunas y estamos hablando aproximadamente de cuatro mill\u00f3nes de peruanos, que ya podr\u00edan haber estado vacunados, entonces la pregunta es \u00bfCu\u00e1ntos de ellos murieron por esta decisi\u00f3n estatista del Estado, que le viola sus derechos constitucionales?\u201d, explic\u00f3 el candidato al Congreso por Per\u00fa Libre, Juli\u00e1n Palac\u00edn.<\/p>\n\n\n\n<p>\u201cLo mismo sucede con los Gobiernos Regionales y las empresas privadas, que afectan su productividad porque su personal no est\u00e1 vacunado y en muchos casos muere, porque las decisiones del Gobierno no est\u00e1n bien tomadas\u201d, indic\u00f3.<\/p>\n\n\n\n<figure class=\"wp-block-image size-large\"><img loading=\"lazy\" decoding=\"async\" width=\"580\" height=\"330\" src=\"https:\/\/aeronoticias.com.pe\/noticiero\/wp-content\/uploads\/2021\/02\/cade.jpg\" alt=\"\" class=\"wp-image-69753\" srcset=\"https:\/\/aeronoticias.com.pe\/noticiero\/wp-content\/uploads\/2021\/02\/cade.jpg 580w, https:\/\/aeronoticias.com.pe\/noticiero\/wp-content\/uploads\/2021\/02\/cade-300x171.jpg 300w, https:\/\/aeronoticias.com.pe\/noticiero\/wp-content\/uploads\/2021\/02\/cade-150x85.jpg 150w\" sizes=\"auto, (max-width: 580px) 100vw, 580px\" \/><\/figure>\n\n\n\n<p><strong>NO COMPARTIMOS LA POSICION DE VERONIKA MENDOZA EN EL DEBATE CADE , QUE SE OPONE A LA PARTICIPACION DEL SECTOR PRIVADO<\/strong><\/p>\n\n\n\n<p>\u201cEn el <a href=\"https:\/\/www.youtube.com\/watch?v=aIXyb0I4oUI\" target=\"_blank\" rel=\"noreferrer noopener\">Debate presidencial en Cade Ejecutivos<\/a>, la candidata de Juntos por el Per\u00fa, Ver\u00f3nika Mendoza, apoyando la tesis del Gobierno morado de Francisco Sagasti y su Ministro de Salud Oscar Ugarte, se opuso a que el sector Privado y los Gobiernos Regionales importen libremente las vacunas para cumplir con sus asegurados y con trabajadores de empresas privadas y empleados de los Gobiernos Regionales; invoc\u00f3 el argumento de un supuesto lucro demostrando un desconocimiento en el tema constitucional en materia de Seguros, ya que cuatro mill\u00f3nes de peruanos exigen al Gobierno que no afecte los t\u00e9rminos contractuales de los Contratos de Seguros que obligar\u00eda a las Compa\u00f1\u00edas de Seguros a trav\u00e9s de cl\u00ednicas privadas, a brindar a sus asegurados la vacuna contra el COVID-19\u201d, afirm\u00f3 Juli\u00e1n Palac\u00edn, candidato al Congreso por Lima con el N7 de Per\u00fa Libre.<\/p>\n\n\n\n<p>\u201cLa Ley 29946, Ley del Contrato de Seguro, establece derechos a favor de casi 4 mill\u00f3nes de asegurados que Veronika Mendoza no puede desconocer, no se hace pol\u00edtica con la salud y la vida de estos 4 mill\u00f3nes de peruanos que ya estar\u00edan vacunados, si no fuera por la decisi\u00f3n absurda y que pone en peligro la vida de muchas personas que habr\u00eda decidido tomar el cuestionado Ministro de Salud morado, Oscar Ugarte, siguiendo la tesis de Veronika Mendoza\u201d, puntualiz\u00f3 Juli\u00e1n Palac\u00edn Guti\u00e9rrez, candidato al Congreso de la Rep\u00fablica por Lima con el N\u00ba 7 de Per\u00fa Libre.<\/p>\n\n\n\n<p>\u201cImpedir que los Gobiernos Regionales y el sector Privado a trav\u00e9s de las Compa\u00f1\u00edas de Seguros y Reaseguros, importen vacunas para salvar la vida en pocos d\u00edas de sus asegurados, dependientes y trabajadores, originar\u00e1 m\u00e1s muertos y sufrimiento en muchas de las familias peruanas\u201d, dijo Juli\u00e1n Palac\u00edn.<\/p>\n\n\n\n<p>\u201cNo s\u00e9 cu\u00e1l es la motivaci\u00f3n para tomar tan desacertada decisi\u00f3n que podr\u00eda originar responsabilidad civil del Estado frente a las familias aseguradas, que adem\u00e1s, se le vencen sus P\u00f3lizas de Seguros de Salud sin recibir la vacuna y con la posibilidad de contagiarse y morir. Me dirijo al presidente Francisco Sagasti y a su Ministro Oscar Ugarte y a los Ministros de Estado para que recapaciten, apliquen el Art. 118 Inciso 19 de la Constituci\u00f3n y permitan la liberalizaci\u00f3n de la importaci\u00f3n de vacunas a favor del sector Privado y de los Gobiernos Regionales\u201d, indic\u00f3 Juli\u00e1n Palac\u00edn Guti\u00e9rrez, candidato al Congreso de la Rep\u00fablica por Lima por el L\u00e1piz de Per\u00fa Libre con el N\u00ba 7.<\/p>\n\n\n\n<p>Por \u00faltimo, fuentes diplom\u00e1ticas nos dicen que existe posibilidad de traer las vacunas en 10 d\u00edas, quiere decir que el sector privado en marzo y abril puede vacunar a 4 millones de peruanos, seg\u00fan lo dijo el representante de la vacuna rusa en el programa de Phillip Butters en Willax TV (Canal 16), mientras el Estado hace su trabajo, lo importante es que si el Estado peruano no respeta la Constituci\u00f3n y autoriza al sector privado y a los Gobiernos Regionales a importar en 10 d\u00edas las vacunas, los herederos de sus v\u00edctimas que podr\u00edan ser miles de personas aseguradas que pudieron vacunarse ya, podr\u00edan demandar por su responsabilidad civil al Estado y los Funcionarios P\u00fablicos solidariamente responsables, con impedir con un tema jur\u00eddicamente tan sencillo, respetando y cumpliendo la Constituci\u00f3n Pol\u00edtica del Per\u00fa, dijo Juli\u00e1n Palacin, candidato al Congreso de la Rep\u00fablica por Lima en Per\u00fa Libre con el N\u00ba 7 del L\u00e1piz.<\/p>\n\n\n\n<p><\/p>\n\n\n\n<p><a href=\"https:\/\/aeronoticias.com.pe\/noticiero\/julian-palacin-investigara-el-trafico-ilegal-de-vacunas-chinas-durante-gobierno-de-vizcarra\/\" target=\"_blank\" rel=\"noreferrer noopener\">Juli\u00e1n Palac\u00edn investigar\u00e1 el tr\u00e1fico ilegal de vacunas chinas durante gobierno de Vizcarra<\/a><\/p>\n\n\n\n<p><a href=\"https:\/\/aeronoticias.com.pe\/noticiero\/julian-palacin-electores-tienen-que-sepultar-en-las-elecciones-del-11-de-abril-del-2021-a-los-partidos-politicos-y-a-sus-candidatos-responsables-de-esta-crisis-moral-que-vive-el-peru\/\" target=\"_blank\" rel=\"noreferrer noopener\">Juli\u00e1n Palacin: Peruanos tenemos que sepultar en las elecciones del 11 de abril del 2021 a los partidos pol\u00edticos y a sus candidatos responsables de esta crisis moral que vive el Per\u00fa<\/a><\/p>\n\n\n\n<p><a href=\"https:\/\/aeronoticias.com.pe\/noticiero\/julian-palacin-pide-a-sagasti-garantice-el-oxigeno-para-que-no-sigan-muriendo-miles-de-peruanos\/\" target=\"_blank\" rel=\"noreferrer noopener\">Juli\u00e1n Palacin pide a Sagasti garantice el ox\u00edgeno para que no sigan muriendo miles de peruanos<\/a><\/p>\n\n\n\n<p><a href=\"https:\/\/aeronoticias.com.pe\/noticiero\/julian-palacin-se-cumplen-dos-decadas-de-concesion-del-aeropuerto-internacional-jorge-chavez-y-no-se-construyo-la-segunda-pista-y-el-nuevo-terminal\/\" target=\"_blank\" rel=\"noreferrer noopener\">Juli\u00e1n Palacin: Se cumplen dos d\u00e9cadas de concesi\u00f3n del Aeropuerto Internacional Jorge Ch\u00e1vez y no se construy\u00f3 la segunda pista y el nuevo terminal<\/a><\/p>\n\n\n\n<p><a href=\"https:\/\/aeronoticias.com.pe\/noticiero\/julian-palacin-exige-abastecer-mercado-nacional-de-oxigeno-medicinal-con-importacion-libre-de-impuestos\/\" target=\"_blank\" rel=\"noreferrer noopener\">Juli\u00e1n Palac\u00edn exige abastecer mercado nacional de ox\u00edgeno medicinal con importaci\u00f3n libre de impuestos<\/a><\/p>\n\n\n\n<p><a href=\"https:\/\/aeronoticias.com.pe\/noticiero\/julian-palacin-los-peruanos-no-tenemos-por-que-celebrar-los-20-anos-de-concesion-del-aeropuerto-jorge-chavez\/\" target=\"_blank\" rel=\"noreferrer noopener\">Juli\u00e1n Palac\u00edn: Los peruanos no tenemos por qu\u00e9 celebrar los 20 a\u00f1os de concesi\u00f3n del Aeropuerto Jorge Ch\u00e1vez<\/a><\/p>\n\n\n\n<p><a href=\"https:\/\/aeronoticias.com.pe\/noticiero\/presidente-sagasti-da-la-razon-a-julian-palacin-oxigeno-se-transportara-en-aviones-hercules\/\" target=\"_blank\" rel=\"noreferrer noopener\">Presidente Sagasti da la raz\u00f3n a Juli\u00e1n Palac\u00edn: Ox\u00edgeno se transportar\u00e1 en aviones H\u00e9rcules<\/a><\/p>\n\n\n\n<p><a href=\"https:\/\/aeronoticias.com.pe\/noticiero\/julian-palacin-de-peru-libre-propone-sancion-etica-con-los-nombres-de-los-funcionarios-publicos-antieticos-que-se-vacunaron\/\" target=\"_blank\" rel=\"noreferrer noopener\">Juli\u00e1n Palacin de Per\u00fa Libre, propone sanci\u00f3n \u00e9tica contra los Funcionarios P\u00fablicos anti\u00e9ticos que se vacunaron irregularmente<\/a><\/p>\n\n\n\n<p><a href=\"https:\/\/aeronoticias.com.pe\/noticiero\/julian-palacin-le-dice-sagasti-que-puede-traer-las-40-toneladas-semanales-de-oxigeno-chileno-en-los-hercules-de-la-fap\/\" target=\"_blank\" rel=\"noreferrer noopener\">Juli\u00e1n Palacin le dice a Sagasti que puede traer las 40 toneladas semanales de ox\u00edgeno chileno en los H\u00e9rcules de la FAP<\/a><\/p>\n\n\n\n<p><a href=\"https:\/\/aeronoticias.com.pe\/noticiero\/julian-palacin-de-peru-libre-exige-a-sagasti-se-liberalice-la-importacion-de-vacunas\/\" target=\"_blank\" rel=\"noreferrer noopener\">Juli\u00e1n Palacin de Per\u00fa Libre exige a Sagasti se liberalice la importaci\u00f3n de vacunas<\/a><\/p>\n\n\n\n<p><a href=\"https:\/\/aeronoticias.com.pe\/noticiero\/peru-libre-con-julian-palacin-apoyan-que-el-aeropuerto-de-pisco-se-convierta-en-el-primer-low-cost-del-peru\/\" target=\"_blank\" rel=\"noreferrer noopener\">Per\u00fa Libre con Juli\u00e1n Palacin apoyan que el Aeropuerto de Pisco se convierta en el primer low-cost del Per\u00fa<\/a><\/p>\n\n\n\n<p><a href=\"https:\/\/aeronoticias.com.pe\/noticiero\/julian-palacin-de-peru-libre-propondra-construccion-del-aeropuerto-internacional-de-pacasmayo\/\" target=\"_blank\" rel=\"noreferrer noopener\">Juli\u00e1n Palacin de Per\u00fa Libre propondr\u00e1 construcci\u00f3n del Aeropuerto Internacional de Pacasmayo<\/a><\/p>\n\n\n\n<p><a href=\"https:\/\/aeronoticias.com.pe\/noticiero\/julian-palacin-de-peru-libre-propondra-construccion-del-aeropuerto-internacional-de-pacasmayo\/\" target=\"_blank\" rel=\"noreferrer noopener\">Juli\u00e1n Palacin de Per\u00fa Libre propondr\u00e1 construcci\u00f3n del Aeropuerto Internacional de Pacasmayo<\/a><\/p>\n\n\n\n<p><a href=\"https:\/\/aeronoticias.com.pe\/noticiero\/julian-palacin-de-peru-libre-defendera-derechos-de-los-mil-trabajadores-peruanos-de-avianca-peru\/\" target=\"_blank\" rel=\"noreferrer noopener\">Juli\u00e1n Palacin de Per\u00fa Libre defender\u00e1 derechos de los mil trabajadores peruanos de Avianca Per\u00fa<\/a><\/p>\n\n\n\n<p><a href=\"https:\/\/aeronoticias.com.pe\/noticiero\/peru-libre-con-julian-palacin-respaldan-construccion-del-aeropuerto-internacional-de-chinchero-en-cusco\/\" target=\"_blank\" rel=\"noreferrer noopener\">Per\u00fa Libre con Juli\u00e1n Palacin, respaldan construcci\u00f3n del Aeropuerto Internacional de Chinchero en Cusco<\/a><\/p>\n\n\n\n<p><a href=\"https:\/\/aeronoticias.com.pe\/noticiero\/julian-palacin-priorizara-el-desarrollo-del-turismo-para-crear-2-millones-de-puestos-de-trabajo-2021-2026\/\" target=\"_blank\" rel=\"noreferrer noopener\">Juli\u00e1n Palacin priorizar\u00e1 el desarrollo del Turismo para crear 2 millones de puestos de trabajo 2021-2026<\/a><\/p>\n\n\n\n<p><a href=\"https:\/\/aeronoticias.com.pe\/noticiero\/peru-libre-apoya-la-construccion-del-aeropuerto-internacional-de-chinchero-en-cusco\/\" target=\"_blank\" rel=\"noreferrer noopener\">Per\u00fa Libre apoya la construcci\u00f3n del Aeropuerto Internacional de Chinchero en Cusco<\/a><\/p>\n\n\n\n<p><a href=\"https:\/\/aeronoticias.com.pe\/noticiero\/julian-palacin-peru-libre-luchara-por-la-recuperacion-de-la-soberania-aerea\/\" target=\"_blank\" rel=\"noreferrer noopener\">Juli\u00e1n Palacin: Per\u00fa Libre luchar\u00e1 por la recuperaci\u00f3n de la Soberan\u00eda A\u00e9rea<\/a><\/p>\n\n\n\n<p><a href=\"https:\/\/aeronoticias.com.pe\/noticiero\/julian-palacin-candidato-al-congreso-con-el-no-7-por-lima-por-peru-libre-apoya-proyecto-de-ley-que-crea-la-linea-aerea-de-bandera-del-peru\/\" target=\"_blank\" rel=\"noreferrer noopener\">Juli\u00e1n Palacin, candidato al Congreso con el N\u00ba 7 por Lima por Per\u00fa Libre, apoya Proyecto de Ley que crea la L\u00ednea A\u00e9rea de Bandera del Per\u00fa<\/a><\/p>\n\n\n\n<p><a href=\"https:\/\/aeronoticias.com.pe\/noticiero\/peru-libre-defendera-el-derecho-de-tener-una-linea-aerea-de-bandera-que-invierta-y-cree-puestos-de-trabajo-en-el-peru\/\" target=\"_blank\" rel=\"noreferrer noopener\">Per\u00fa Libre defender\u00e1 el derecho de tener una L\u00ednea A\u00e9rea de Bandera, que invierta y cree puestos de trabajo en el Per\u00fa<\/a><\/p>\n\n\n\n<p><a href=\"https:\/\/aeronoticias.com.pe\/noticiero\/julian-palacin-peru-libre-exige-que-lap-cumpla-obligaciones-de-inversion-en-el-aeropuerto-internacional-jorge-chavez\/\" target=\"_blank\" rel=\"noreferrer noopener\">Juli\u00e1n Palacin: \u00abPer\u00fa Libre exige que LAP cumpla obligaciones de Inversi\u00f3n en el Aeropuerto Internacional Jorge Ch\u00e1vez\u00bb<\/a><\/p>\n\n\n\n<p><a href=\"https:\/\/aeronoticias.com.pe\/noticiero\/julian-palacin-peru-libre-defendera-la-soberania-aerea-del-peru\/\" target=\"_blank\" rel=\"noreferrer noopener\">Juli\u00e1n Palacin: Per\u00fa Libre defender\u00e1 la Soberan\u00eda A\u00e9rea del Per\u00fa<\/a><\/p>\n\n\n\n<p><a href=\"https:\/\/aeronoticias.com.pe\/noticiero\/julian-palacin-peru-libre-pide-que-el-ministerio-de-transportes-deniegue-suspension-de-obligaciones-de-lap-en-el-contrato-de-concesion-del-aeropuerto-internacional-jorge-chavez\/\" target=\"_blank\" rel=\"noreferrer noopener\">Juli\u00e1n Palacin: Per\u00fa Libre pide que el Ministerio de Transportes deniegue suspensi\u00f3n de obligaciones de LAP en el Contrato de Concesi\u00f3n del AIJCH<\/a><\/p>\n\n\n\n<p><a href=\"https:\/\/aeronoticias.com.pe\/noticiero\/julian-palacin-lima-debio-tener-la-2da-pista-y-el-nuevo-terminal-del-aeropuerto-internacional-jorge-chavez-este-2020\/\" target=\"_blank\" rel=\"noreferrer noopener\">Juli\u00e1n Palacin: Lima debi\u00f3 tener la 2da pista y el nuevo terminal del Aeropuerto Internacional Jorge Ch\u00e1vez este 2020<\/a><\/p>\n\n\n\n<p><\/p>\n","protected":false},"excerpt":{"rendered":"<p>(Aeronoticias) Juli\u00e1n Palac\u00edn, candidato al Congreso de la Rep\u00fablica por Lima Metropolitana con el N\u00ba 7 de Per\u00fa Libre, exigi\u00f3 que en defensa de la salud y la vida de casi cuatro mill\u00f3nes de peruanos se liberalice la importaci\u00f3n de vacunas contra el COVID-19, para que los Gobiernos Regionales y el sector Privado, especialmente las [&hellip;]<\/p>\n","protected":false},"author":3,"featured_media":69692,"comment_status":"open","ping_status":"open","sticky":false,"template":"","format":"standard","meta":{"tdm_status":"","tdm_grid_status":"","footnotes":""},"categories":[38,37],"tags":[170,171,1188,1156],"class_list":{"0":"post-69706","1":"post","2":"type-post","3":"status-publish","4":"format-standard","5":"has-post-thumbnail","7":"category-nacionales","8":"category-salud","9":"tag-congresodelarepublica","10":"tag-congresoperu","11":"tag-julian-palacin-2","12":"tag-perulibre"},"yoast_head":"<!-- This site is optimized with the Yoast SEO plugin v25.1 - https:\/\/yoast.com\/wordpress\/plugins\/seo\/ -->\n<title>Casi 4 millones de peruanos con seguro privado, perjudicados con decisi\u00f3n del Ministro de Salud, de impedir importaci\u00f3n de vacunas del sector Privado<\/title>\n<meta name=\"description\" content=\"\u201cEl Estado est\u00e1 demorando la inmunizaci\u00f3n de la poblaci\u00f3n peruana porque el sector privado puede ayudar a vacunar a una mayor cantidad de peruanos cuando la mortalidad de la pandemia sigue en un aumento exponencial\u201d.\" \/>\n<meta name=\"robots\" content=\"index, follow, max-snippet:-1, max-image-preview:large, max-video-preview:-1\" \/>\n<link rel=\"canonical\" href=\"https:\/\/aeronoticias.com.pe\/noticiero\/nacionales\/un-millon-de-peruanos-con-seguro-privado-perjudicados-con-decision-de-ministro-de-salud-de-impedir-importacion-de-vacunas-del-sector-privado\/\" \/>\n<meta property=\"og:locale\" content=\"es_ES\" \/>\n<meta property=\"og:type\" content=\"article\" \/>\n<meta property=\"og:title\" content=\"Casi 4 millones de peruanos con seguro privado, perjudicados con decisi\u00f3n del Ministro de Salud, de impedir importaci\u00f3n de vacunas del sector Privado\" \/>\n<meta property=\"og:description\" content=\"\u201cEl Estado est\u00e1 demorando la inmunizaci\u00f3n de la poblaci\u00f3n peruana porque el sector privado puede ayudar a vacunar a una mayor cantidad de peruanos cuando la mortalidad de la pandemia sigue en un aumento exponencial\u201d.\" \/>\n<meta property=\"og:url\" content=\"https:\/\/aeronoticias.com.pe\/noticiero\/nacionales\/un-millon-de-peruanos-con-seguro-privado-perjudicados-con-decision-de-ministro-de-salud-de-impedir-importacion-de-vacunas-del-sector-privado\/\" \/>\n<meta property=\"og:site_name\" content=\"Aeronoticias.com.pe\" \/>\n<meta property=\"article:publisher\" content=\"https:\/\/www.facebook.com\/Aeronoticias.com.pe\/\" \/>\n<meta property=\"article:published_time\" content=\"2021-02-18T15:58:14+00:00\" \/>\n<meta property=\"article:modified_time\" content=\"2021-02-19T14:04:28+00:00\" \/>\n<meta property=\"og:image\" content=\"https:\/\/aeronoticias.com.pe\/noticiero\/wp-content\/uploads\/2021\/02\/jpalacingutierrez-1.png\" \/>\n\t<meta property=\"og:image:width\" content=\"1019\" \/>\n\t<meta property=\"og:image:height\" content=\"1019\" \/>\n\t<meta property=\"og:image:type\" content=\"image\/png\" \/>\n<meta name=\"author\" content=\"Redacci\u00f3n\" \/>\n<meta name=\"twitter:card\" content=\"summary_large_image\" \/>\n<meta name=\"twitter:creator\" content=\"@aeronoticias\" \/>\n<meta name=\"twitter:site\" content=\"@aeronoticias\" \/>\n<meta name=\"twitter:label1\" content=\"Escrito por\" \/>\n\t<meta name=\"twitter:data1\" content=\"Redacci\u00f3n\" \/>\n\t<meta name=\"twitter:label2\" content=\"Tiempo de lectura\" \/>\n\t<meta name=\"twitter:data2\" content=\"9 minutos\" \/>\n<script type=\"application\/ld+json\" class=\"yoast-schema-graph\">{\"@context\":\"https:\/\/schema.org\",\"@graph\":[{\"@type\":\"WebPage\",\"@id\":\"https:\/\/aeronoticias.com.pe\/noticiero\/nacionales\/un-millon-de-peruanos-con-seguro-privado-perjudicados-con-decision-de-ministro-de-salud-de-impedir-importacion-de-vacunas-del-sector-privado\/\",\"url\":\"https:\/\/aeronoticias.com.pe\/noticiero\/nacionales\/un-millon-de-peruanos-con-seguro-privado-perjudicados-con-decision-de-ministro-de-salud-de-impedir-importacion-de-vacunas-del-sector-privado\/\",\"name\":\"Casi 4 millones de peruanos con seguro privado, perjudicados con decisi\u00f3n del Ministro de Salud, de impedir importaci\u00f3n de vacunas del sector Privado\",\"isPartOf\":{\"@id\":\"https:\/\/aeronoticias.com.pe\/noticiero\/#website\"},\"primaryImageOfPage\":{\"@id\":\"https:\/\/aeronoticias.com.pe\/noticiero\/nacionales\/un-millon-de-peruanos-con-seguro-privado-perjudicados-con-decision-de-ministro-de-salud-de-impedir-importacion-de-vacunas-del-sector-privado\/#primaryimage\"},\"image\":{\"@id\":\"https:\/\/aeronoticias.com.pe\/noticiero\/nacionales\/un-millon-de-peruanos-con-seguro-privado-perjudicados-con-decision-de-ministro-de-salud-de-impedir-importacion-de-vacunas-del-sector-privado\/#primaryimage\"},\"thumbnailUrl\":\"https:\/\/aeronoticias.com.pe\/noticiero\/wp-content\/uploads\/2021\/02\/jpalacingutierrez-1.png\",\"datePublished\":\"2021-02-18T15:58:14+00:00\",\"dateModified\":\"2021-02-19T14:04:28+00:00\",\"author\":{\"@id\":\"https:\/\/aeronoticias.com.pe\/noticiero\/#\/schema\/person\/16212a617c73f78916b13194154243bd\"},\"description\":\"\u201cEl Estado est\u00e1 demorando la inmunizaci\u00f3n de la poblaci\u00f3n peruana porque el sector privado puede ayudar a vacunar a una mayor cantidad de peruanos cuando la mortalidad de la pandemia sigue en un aumento exponencial\u201d.\",\"breadcrumb\":{\"@id\":\"https:\/\/aeronoticias.com.pe\/noticiero\/nacionales\/un-millon-de-peruanos-con-seguro-privado-perjudicados-con-decision-de-ministro-de-salud-de-impedir-importacion-de-vacunas-del-sector-privado\/#breadcrumb\"},\"inLanguage\":\"es\",\"potentialAction\":[{\"@type\":\"ReadAction\",\"target\":[\"https:\/\/aeronoticias.com.pe\/noticiero\/nacionales\/un-millon-de-peruanos-con-seguro-privado-perjudicados-con-decision-de-ministro-de-salud-de-impedir-importacion-de-vacunas-del-sector-privado\/\"]}]},{\"@type\":\"ImageObject\",\"inLanguage\":\"es\",\"@id\":\"https:\/\/aeronoticias.com.pe\/noticiero\/nacionales\/un-millon-de-peruanos-con-seguro-privado-perjudicados-con-decision-de-ministro-de-salud-de-impedir-importacion-de-vacunas-del-sector-privado\/#primaryimage\",\"url\":\"https:\/\/aeronoticias.com.pe\/noticiero\/wp-content\/uploads\/2021\/02\/jpalacingutierrez-1.png\",\"contentUrl\":\"https:\/\/aeronoticias.com.pe\/noticiero\/wp-content\/uploads\/2021\/02\/jpalacingutierrez-1.png\",\"width\":1019,\"height\":1019},{\"@type\":\"BreadcrumbList\",\"@id\":\"https:\/\/aeronoticias.com.pe\/noticiero\/nacionales\/un-millon-de-peruanos-con-seguro-privado-perjudicados-con-decision-de-ministro-de-salud-de-impedir-importacion-de-vacunas-del-sector-privado\/#breadcrumb\",\"itemListElement\":[{\"@type\":\"ListItem\",\"position\":1,\"name\":\"Portada\",\"item\":\"https:\/\/aeronoticias.com.pe\/noticiero\/\"},{\"@type\":\"ListItem\",\"position\":2,\"name\":\"Casi 4 millones de peruanos con seguro privado, perjudicados con decisi\u00f3n del Ministro de Salud, de impedir importaci\u00f3n de vacunas del sector Privado\"}]},{\"@type\":\"WebSite\",\"@id\":\"https:\/\/aeronoticias.com.pe\/noticiero\/#website\",\"url\":\"https:\/\/aeronoticias.com.pe\/noticiero\/\",\"name\":\"Aeronoticias.com.pe\",\"description\":\"Noticias de tranporte aereo, turismo, hoteles, gastronomia, actualidad, internacional\",\"potentialAction\":[{\"@type\":\"SearchAction\",\"target\":{\"@type\":\"EntryPoint\",\"urlTemplate\":\"https:\/\/aeronoticias.com.pe\/noticiero\/?s={search_term_string}\"},\"query-input\":{\"@type\":\"PropertyValueSpecification\",\"valueRequired\":true,\"valueName\":\"search_term_string\"}}],\"inLanguage\":\"es\"},{\"@type\":\"Person\",\"@id\":\"https:\/\/aeronoticias.com.pe\/noticiero\/#\/schema\/person\/16212a617c73f78916b13194154243bd\",\"name\":\"Redacci\u00f3n\",\"sameAs\":[\"http:\/\/Redacci\u00f3n\"],\"url\":\"https:\/\/aeronoticias.com.pe\/noticiero\/author\/celeste\/\"}]}<\/script>\n<!-- \/ Yoast SEO plugin. -->","yoast_head_json":{"title":"Casi 4 millones de peruanos con seguro privado, perjudicados con decisi\u00f3n del Ministro de Salud, de impedir importaci\u00f3n de vacunas del sector Privado","description":"\u201cEl Estado est\u00e1 demorando la inmunizaci\u00f3n de la poblaci\u00f3n peruana porque el sector privado puede ayudar a vacunar a una mayor cantidad de peruanos cuando la mortalidad de la pandemia sigue en un aumento exponencial\u201d.","robots":{"index":"index","follow":"follow","max-snippet":"max-snippet:-1","max-image-preview":"max-image-preview:large","max-video-preview":"max-video-preview:-1"},"canonical":"https:\/\/aeronoticias.com.pe\/noticiero\/nacionales\/un-millon-de-peruanos-con-seguro-privado-perjudicados-con-decision-de-ministro-de-salud-de-impedir-importacion-de-vacunas-del-sector-privado\/","og_locale":"es_ES","og_type":"article","og_title":"Casi 4 millones de peruanos con seguro privado, perjudicados con decisi\u00f3n del Ministro de Salud, de impedir importaci\u00f3n de vacunas del sector Privado","og_description":"\u201cEl Estado est\u00e1 demorando la inmunizaci\u00f3n de la poblaci\u00f3n peruana porque el sector privado puede ayudar a vacunar a una mayor cantidad de peruanos cuando la mortalidad de la pandemia sigue en un aumento exponencial\u201d.","og_url":"https:\/\/aeronoticias.com.pe\/noticiero\/nacionales\/un-millon-de-peruanos-con-seguro-privado-perjudicados-con-decision-de-ministro-de-salud-de-impedir-importacion-de-vacunas-del-sector-privado\/","og_site_name":"Aeronoticias.com.pe","article_publisher":"https:\/\/www.facebook.com\/Aeronoticias.com.pe\/","article_published_time":"2021-02-18T15:58:14+00:00","article_modified_time":"2021-02-19T14:04:28+00:00","og_image":[{"width":1019,"height":1019,"url":"https:\/\/aeronoticias.com.pe\/noticiero\/wp-content\/uploads\/2021\/02\/jpalacingutierrez-1.png","type":"image\/png"}],"author":"Redacci\u00f3n","twitter_card":"summary_large_image","twitter_creator":"@aeronoticias","twitter_site":"@aeronoticias","twitter_misc":{"Escrito por":"Redacci\u00f3n","Tiempo de lectura":"9 minutos"},"schema":{"@context":"https:\/\/schema.org","@graph":[{"@type":"WebPage","@id":"https:\/\/aeronoticias.com.pe\/noticiero\/nacionales\/un-millon-de-peruanos-con-seguro-privado-perjudicados-con-decision-de-ministro-de-salud-de-impedir-importacion-de-vacunas-del-sector-privado\/","url":"https:\/\/aeronoticias.com.pe\/noticiero\/nacionales\/un-millon-de-peruanos-con-seguro-privado-perjudicados-con-decision-de-ministro-de-salud-de-impedir-importacion-de-vacunas-del-sector-privado\/","name":"Casi 4 millones de peruanos con seguro privado, perjudicados con decisi\u00f3n del Ministro de Salud, de impedir importaci\u00f3n de vacunas del sector Privado","isPartOf":{"@id":"https:\/\/aeronoticias.com.pe\/noticiero\/#website"},"primaryImageOfPage":{"@id":"https:\/\/aeronoticias.com.pe\/noticiero\/nacionales\/un-millon-de-peruanos-con-seguro-privado-perjudicados-con-decision-de-ministro-de-salud-de-impedir-importacion-de-vacunas-del-sector-privado\/#primaryimage"},"image":{"@id":"https:\/\/aeronoticias.com.pe\/noticiero\/nacionales\/un-millon-de-peruanos-con-seguro-privado-perjudicados-con-decision-de-ministro-de-salud-de-impedir-importacion-de-vacunas-del-sector-privado\/#primaryimage"},"thumbnailUrl":"https:\/\/aeronoticias.com.pe\/noticiero\/wp-content\/uploads\/2021\/02\/jpalacingutierrez-1.png","datePublished":"2021-02-18T15:58:14+00:00","dateModified":"2021-02-19T14:04:28+00:00","author":{"@id":"https:\/\/aeronoticias.com.pe\/noticiero\/#\/schema\/person\/16212a617c73f78916b13194154243bd"},"description":"\u201cEl Estado est\u00e1 demorando la inmunizaci\u00f3n de la poblaci\u00f3n peruana porque el sector privado puede ayudar a vacunar a una mayor cantidad de peruanos cuando la mortalidad de la pandemia sigue en un aumento exponencial\u201d.","breadcrumb":{"@id":"https:\/\/aeronoticias.com.pe\/noticiero\/nacionales\/un-millon-de-peruanos-con-seguro-privado-perjudicados-con-decision-de-ministro-de-salud-de-impedir-importacion-de-vacunas-del-sector-privado\/#breadcrumb"},"inLanguage":"es","potentialAction":[{"@type":"ReadAction","target":["https:\/\/aeronoticias.com.pe\/noticiero\/nacionales\/un-millon-de-peruanos-con-seguro-privado-perjudicados-con-decision-de-ministro-de-salud-de-impedir-importacion-de-vacunas-del-sector-privado\/"]}]},{"@type":"ImageObject","inLanguage":"es","@id":"https:\/\/aeronoticias.com.pe\/noticiero\/nacionales\/un-millon-de-peruanos-con-seguro-privado-perjudicados-con-decision-de-ministro-de-salud-de-impedir-importacion-de-vacunas-del-sector-privado\/#primaryimage","url":"https:\/\/aeronoticias.com.pe\/noticiero\/wp-content\/uploads\/2021\/02\/jpalacingutierrez-1.png","contentUrl":"https:\/\/aeronoticias.com.pe\/noticiero\/wp-content\/uploads\/2021\/02\/jpalacingutierrez-1.png","width":1019,"height":1019},{"@type":"BreadcrumbList","@id":"https:\/\/aeronoticias.com.pe\/noticiero\/nacionales\/un-millon-de-peruanos-con-seguro-privado-perjudicados-con-decision-de-ministro-de-salud-de-impedir-importacion-de-vacunas-del-sector-privado\/#breadcrumb","itemListElement":[{"@type":"ListItem","position":1,"name":"Portada","item":"https:\/\/aeronoticias.com.pe\/noticiero\/"},{"@type":"ListItem","position":2,"name":"Casi 4 millones de peruanos con seguro privado, perjudicados con decisi\u00f3n del Ministro de Salud, de impedir importaci\u00f3n de vacunas del sector Privado"}]},{"@type":"WebSite","@id":"https:\/\/aeronoticias.com.pe\/noticiero\/#website","url":"https:\/\/aeronoticias.com.pe\/noticiero\/","name":"Aeronoticias.com.pe","description":"Noticias de tranporte aereo, turismo, hoteles, gastronomia, actualidad, internacional","potentialAction":[{"@type":"SearchAction","target":{"@type":"EntryPoint","urlTemplate":"https:\/\/aeronoticias.com.pe\/noticiero\/?s={search_term_string}"},"query-input":{"@type":"PropertyValueSpecification","valueRequired":true,"valueName":"search_term_string"}}],"inLanguage":"es"},{"@type":"Person","@id":"https:\/\/aeronoticias.com.pe\/noticiero\/#\/schema\/person\/16212a617c73f78916b13194154243bd","name":"Redacci\u00f3n","sameAs":["http:\/\/Redacci\u00f3n"],"url":"https:\/\/aeronoticias.com.pe\/noticiero\/author\/celeste\/"}]}},"_links":{"self":[{"href":"https:\/\/aeronoticias.com.pe\/noticiero\/wp-json\/wp\/v2\/posts\/69706","targetHints":{"allow":["GET"]}}],"collection":[{"href":"https:\/\/aeronoticias.com.pe\/noticiero\/wp-json\/wp\/v2\/posts"}],"about":[{"href":"https:\/\/aeronoticias.com.pe\/noticiero\/wp-json\/wp\/v2\/types\/post"}],"author":[{"embeddable":true,"href":"https:\/\/aeronoticias.com.pe\/noticiero\/wp-json\/wp\/v2\/users\/3"}],"replies":[{"embeddable":true,"href":"https:\/\/aeronoticias.com.pe\/noticiero\/wp-json\/wp\/v2\/comments?post=69706"}],"version-history":[{"count":0,"href":"https:\/\/aeronoticias.com.pe\/noticiero\/wp-json\/wp\/v2\/posts\/69706\/revisions"}],"wp:featuredmedia":[{"embeddable":true,"href":"https:\/\/aeronoticias.com.pe\/noticiero\/wp-json\/wp\/v2\/media\/69692"}],"wp:attachment":[{"href":"https:\/\/aeronoticias.com.pe\/noticiero\/wp-json\/wp\/v2\/media?parent=69706"}],"wp:term":[{"taxonomy":"category","embeddable":true,"href":"https:\/\/aeronoticias.com.pe\/noticiero\/wp-json\/wp\/v2\/categories?post=69706"},{"taxonomy":"post_tag","embeddable":true,"href":"https:\/\/aeronoticias.com.pe\/noticiero\/wp-json\/wp\/v2\/tags?post=69706"}],"curies":[{"name":"wp","href":"https:\/\/api.w.org\/{rel}","templated":true}]}}