{"id":69746,"date":"2021-02-18T08:45:30","date_gmt":"2021-02-18T13:45:30","guid":{"rendered":"https:\/\/aeronoticias.com.pe\/noticiero\/?p=69746"},"modified":"2021-02-19T09:05:39","modified_gmt":"2021-02-19T14:05:39","slug":"julian-palacin-investigara-el-trafico-ilegal-de-vacunas-chinas-durante-gobierno-de-vizcarra","status":"publish","type":"post","link":"https:\/\/aeronoticias.com.pe\/noticiero\/nacionales\/julian-palacin-investigara-el-trafico-ilegal-de-vacunas-chinas-durante-gobierno-de-vizcarra\/","title":{"rendered":"Juli\u00e1n Palac\u00edn investigar\u00e1 el tr\u00e1fico ilegal de vacunas chinas durante gobierno de Vizcarra"},"content":{"rendered":"\n<p><strong>(Portada Hispana)<\/strong> Juli\u00e1n Palac\u00edn, candidato al Congreso de la Rep\u00fablica por Lima Metropolitana con el N\u00ba 7 de Per\u00fa Libre, se\u00f1al\u00f3 que la pr\u00f3xima Legislatura debe investigar el tr\u00e1fico ilegal de vacunas chinas durante gobierno de Vizcarra.<\/p>\n\n\n\n<p>\u201cEn la pr\u00f3xima Legislatura del Congreso de la Rep\u00fablica, si los ciudadanos de Lima me dan la confianza y marcan el L\u00e1piz de Per\u00fa Libre y el N\u00ba 7 y me eligen Congresista de la Rep\u00fablica, impulsar\u00e9 la creaci\u00f3n de una Comisi\u00f3n Investigadora que esclarezca el tr\u00e1fico ilegal de vacunas chinas que ha tenido lugar en el gobierno de Mart\u00edn Vizcarra\u201d, afirm\u00f3 Juli\u00e1n Palac\u00edn.<\/p>\n\n\n\n<p>\u201cLo que ha sucedido es un esc\u00e1ndalo porque inicialmente la vacuna que estaba gestionando el Estado peruano era la vacuna rusa Sputnik, de haberse concretado esta operaci\u00f3n la vacunaci\u00f3n en el Per\u00fa hubiese comenzado a fines del 2020 y a estas alturas ya estar\u00eda avanzada en un 60% de la poblaci\u00f3n peruana, sin embargo en pleno proceso de negociaci\u00f3n entre el gobierno de Vizcarra y Rusia la compra de la vacuna Sputnik se cae y se cambia por la alternativa china de Sinopharm, hay indicios de graves irregularidades en esta negociaci\u00f3n que ser\u00e1n investigadas por Per\u00fa Libre en la pr\u00f3xima Legislatura\u201d, indic\u00f3 Juli\u00e1n Palac\u00edn, candidato al Congreso de la Rep\u00fablica con el N\u00ba 7 de Per\u00fa Libre por Lima Metropolitana.<\/p>\n\n\n\n<p>\u201cLa vacuna rusa Sputnik tiene una eficacia de 92% que es mayor que la eficacia de la vacuna china, esto ya ha sido comprobado por laboratorios internacionales. Tenemos graves denuncias de un supuesto direccionamiento irregular en la compra de las vacunas chinas por parte del gobierno de Vizcarra, se habr\u00eda favorecido ilegalmente la propuesta china\u201d, afirm\u00f3 Juli\u00e1n Palac\u00edn, candidato al Congreso por Lima Metropolitana.<\/p>\n\n\n\n<p>\u201cEn plena primera ola el gobierno ruso ofreci\u00f3 a la entonces ministra de Salud Pilar Mazzetti abastecer al Per\u00fa en tres meses con 20 millones de dosis de la vacuna Sputnik, sin embargo esta propuesta habr\u00eda sido rechazada por el MINSA y Ministerio de Relaciones Exteriores, precisamente los ministerios implicados en el esc\u00e1ndalo de las vacunas inoculadas irregularmente. Realmente hay indicios de hechos de corrupci\u00f3n en estas negociaciones\u201d, explic\u00f3 el candidato al Congreso por Per\u00fa Libre, Juli\u00e1n Palac\u00edn.<\/p>\n\n\n\n<p>\u201cLa oferta del gobierno ruso resultaba de lejos m\u00e1s conveniente para el Per\u00fa desde todo punto de vista, costos, efectividad y respaldo internacional. La propuesta rusa planteaba un costo de 38 d\u00f3lares por las dos dosis adem\u00e1s de un seguro para la cobertura de probables efectos adversos. Adem\u00e1s a mediados del 2020, la ministra Pilar Mazzetti declar\u00f3 a la prensa nacional que el Per\u00fa s\u00f3lo comprar\u00eda vacunas probadas por la FDA de EEUU, lo cual sucedi\u00f3 meses despu\u00e9s con la vacuna rusa Sputnik, sin embargo la vacuna china no est\u00e1 aprobada por la OMS ni por ning\u00fan organismo internacional pero ya se est\u00e1 aplicando en Per\u00fa, y solo tiene 73% de eficacia, habiendo pagado el Per\u00fa 20 millones de d\u00f3lares por 1 mill\u00f3n de vacunas chinas\u201d, puntualiz\u00f3 Juli\u00e1n Palac\u00edn Guti\u00e9rrez, candidato al Congreso de la Rep\u00fablica por Lima con el N\u00ba 7 de Per\u00fa Libre.<\/p>\n\n\n\n<p>\u201cSi se hubiese concretado la compra de la vacuna Sputnik para esta fecha 20 millones de peruanos ya estar\u00edan vacunados, el 60% de la poblaci\u00f3n evitando los miles de fallecidos, pero cuando se iba a concretar la adquisici\u00f3n de la vacuna rusa empez\u00f3 una campa\u00f1a de desprestigio en su contra por un supuesto inconveniente en la cadena de refrigeraci\u00f3n cuando tiene la mayor efectividad en relaci\u00f3n a otras vacunas con un 92 % de efectividad y la vacuna china un 79% de efectividad\u201d, dijo Juli\u00e1n Palac\u00edn.<\/p>\n\n\n\n<p>\u201cLa adquisici\u00f3n de vacunas chinas Sinopharm por parte del gobierno peruano es muy oscura y no a\u00fan no se ha hecho p\u00fablica todav\u00eda cu\u00e1ntas vacunas se chinas se han comprado, no se conoce a detalle ese contrato y se sabe que ya habr\u00eda llegado un segundo lote\u201d, se\u00f1al\u00f3 Juli\u00e1n Palac\u00edn, candidato al Congreso por Lima Metropolitana.<\/p>\n\n\n\n<p>\u201cM\u00e9xico, Paraguay, Colombia, Brasil, Venezuela, Argentina, Bolivia, Chile ya han adquirido la vacuna rusa, incluso Rusia ha propuesto la instalaci\u00f3n de una planta en Am\u00e9rica Latina para la fabricaci\u00f3n de la vacuna Sputnik\u201d, coment\u00f3 Juli\u00e1n Palac\u00edn.<\/p>\n\n\n\n<p>\u201cEstos indicios de irregularidades en la gesti\u00f3n escandalosa de las vacunas por parte del gobierno de Vizcarra deben investigarse porque est\u00e1 quedando en claro c\u00f3mo la corrupci\u00f3n resulta m\u00e1s letal que la pandemia\u201d sentenci\u00f3 Juli\u00e1n Palac\u00edn Guti\u00e9rrez, candidato al Congreso de la Rep\u00fablica por Lima por el L\u00e1piz de Per\u00fa Libre con el N\u00ba 7 por Lima Metropolitana.<\/p>\n\n\n\n<p><strong>(Fuente: Portada Hispana)<\/strong><\/p>\n\n\n\n<p><a href=\"https:\/\/aeronoticias.com.pe\/noticiero\/julian-palacin-electores-tienen-que-sepultar-en-las-elecciones-del-11-de-abril-del-2021-a-los-partidos-politicos-y-a-sus-candidatos-responsables-de-esta-crisis-moral-que-vive-el-peru\/\" target=\"_blank\" rel=\"noreferrer noopener\">Juli\u00e1n Palacin: Peruanos tenemos que sepultar en las elecciones del 11 de abril del 2021 a los partidos pol\u00edticos y a sus candidatos responsables de esta crisis moral que vive el Per\u00fa<\/a><\/p>\n\n\n\n<p><a href=\"https:\/\/aeronoticias.com.pe\/noticiero\/julian-palacin-pide-a-sagasti-garantice-el-oxigeno-para-que-no-sigan-muriendo-miles-de-peruanos\/\" target=\"_blank\" rel=\"noreferrer noopener\">Juli\u00e1n Palacin pide a Sagasti garantice el ox\u00edgeno para que no sigan muriendo miles de peruanos<\/a><\/p>\n\n\n\n<p><a href=\"https:\/\/aeronoticias.com.pe\/noticiero\/julian-palacin-se-cumplen-dos-decadas-de-concesion-del-aeropuerto-internacional-jorge-chavez-y-no-se-construyo-la-segunda-pista-y-el-nuevo-terminal\/\" target=\"_blank\" rel=\"noreferrer noopener\">Juli\u00e1n Palacin: Se cumplen dos d\u00e9cadas de concesi\u00f3n del Aeropuerto Internacional Jorge Ch\u00e1vez y no se construy\u00f3 la segunda pista y el nuevo terminal<\/a><\/p>\n\n\n\n<p><a href=\"https:\/\/aeronoticias.com.pe\/noticiero\/julian-palacin-exige-abastecer-mercado-nacional-de-oxigeno-medicinal-con-importacion-libre-de-impuestos\/\" target=\"_blank\" rel=\"noreferrer noopener\">Juli\u00e1n Palac\u00edn exige abastecer mercado nacional de ox\u00edgeno medicinal con importaci\u00f3n libre de impuestos<\/a><\/p>\n\n\n\n<p><a href=\"https:\/\/aeronoticias.com.pe\/noticiero\/julian-palacin-los-peruanos-no-tenemos-por-que-celebrar-los-20-anos-de-concesion-del-aeropuerto-jorge-chavez\/\" target=\"_blank\" rel=\"noreferrer noopener\">Juli\u00e1n Palac\u00edn: Los peruanos no tenemos por qu\u00e9 celebrar los 20 a\u00f1os de concesi\u00f3n del Aeropuerto Jorge Ch\u00e1vez<\/a><\/p>\n\n\n\n<p><a href=\"https:\/\/aeronoticias.com.pe\/noticiero\/presidente-sagasti-da-la-razon-a-julian-palacin-oxigeno-se-transportara-en-aviones-hercules\/\" target=\"_blank\" rel=\"noreferrer noopener\">Presidente Sagasti da la raz\u00f3n a Juli\u00e1n Palac\u00edn: Ox\u00edgeno se transportar\u00e1 en aviones H\u00e9rcules<\/a><\/p>\n\n\n\n<p><a href=\"https:\/\/aeronoticias.com.pe\/noticiero\/julian-palacin-de-peru-libre-propone-sancion-etica-con-los-nombres-de-los-funcionarios-publicos-antieticos-que-se-vacunaron\/\" target=\"_blank\" rel=\"noreferrer noopener\">Juli\u00e1n Palacin de Per\u00fa Libre, propone sanci\u00f3n \u00e9tica contra los Funcionarios P\u00fablicos anti\u00e9ticos que se vacunaron irregularmente<\/a><\/p>\n\n\n\n<p><a href=\"https:\/\/aeronoticias.com.pe\/noticiero\/julian-palacin-le-dice-sagasti-que-puede-traer-las-40-toneladas-semanales-de-oxigeno-chileno-en-los-hercules-de-la-fap\/\" target=\"_blank\" rel=\"noreferrer noopener\">Juli\u00e1n Palacin le dice a Sagasti que puede traer las 40 toneladas semanales de ox\u00edgeno chileno en los H\u00e9rcules de la FAP<\/a><\/p>\n\n\n\n<p><a href=\"https:\/\/aeronoticias.com.pe\/noticiero\/julian-palacin-de-peru-libre-exige-a-sagasti-se-liberalice-la-importacion-de-vacunas\/\" target=\"_blank\" rel=\"noreferrer noopener\">Juli\u00e1n Palacin de Per\u00fa Libre exige a Sagasti se liberalice la importaci\u00f3n de vacunas<\/a><\/p>\n\n\n\n<p><a href=\"https:\/\/aeronoticias.com.pe\/noticiero\/peru-libre-con-julian-palacin-apoyan-que-el-aeropuerto-de-pisco-se-convierta-en-el-primer-low-cost-del-peru\/\" target=\"_blank\" rel=\"noreferrer noopener\">Per\u00fa Libre con Juli\u00e1n Palacin apoyan que el Aeropuerto de Pisco se convierta en el primer low-cost del Per\u00fa<\/a><\/p>\n\n\n\n<p><a href=\"https:\/\/aeronoticias.com.pe\/noticiero\/julian-palacin-de-peru-libre-propondra-construccion-del-aeropuerto-internacional-de-pacasmayo\/\" target=\"_blank\" rel=\"noreferrer noopener\">Juli\u00e1n Palacin de Per\u00fa Libre propondr\u00e1 construcci\u00f3n del Aeropuerto Internacional de Pacasmayo<\/a><\/p>\n\n\n\n<p><a href=\"https:\/\/aeronoticias.com.pe\/noticiero\/julian-palacin-de-peru-libre-propondra-construccion-del-aeropuerto-internacional-de-pacasmayo\/\" target=\"_blank\" rel=\"noreferrer noopener\">Juli\u00e1n Palacin de Per\u00fa Libre propondr\u00e1 construcci\u00f3n del Aeropuerto Internacional de Pacasmayo<\/a><\/p>\n\n\n\n<p><a href=\"https:\/\/aeronoticias.com.pe\/noticiero\/julian-palacin-de-peru-libre-defendera-derechos-de-los-mil-trabajadores-peruanos-de-avianca-peru\/\" target=\"_blank\" rel=\"noreferrer noopener\">Juli\u00e1n Palacin de Per\u00fa Libre defender\u00e1 derechos de los mil trabajadores peruanos de Avianca Per\u00fa<\/a><\/p>\n\n\n\n<p><a href=\"https:\/\/aeronoticias.com.pe\/noticiero\/peru-libre-con-julian-palacin-respaldan-construccion-del-aeropuerto-internacional-de-chinchero-en-cusco\/\" target=\"_blank\" rel=\"noreferrer noopener\">Per\u00fa Libre con Juli\u00e1n Palacin, respaldan construcci\u00f3n del Aeropuerto Internacional de Chinchero en Cusco<\/a><\/p>\n\n\n\n<p><a href=\"https:\/\/aeronoticias.com.pe\/noticiero\/julian-palacin-priorizara-el-desarrollo-del-turismo-para-crear-2-millones-de-puestos-de-trabajo-2021-2026\/\" target=\"_blank\" rel=\"noreferrer noopener\">Juli\u00e1n Palacin priorizar\u00e1 el desarrollo del Turismo para crear 2 millones de puestos de trabajo 2021-2026<\/a><\/p>\n\n\n\n<p><a href=\"https:\/\/aeronoticias.com.pe\/noticiero\/peru-libre-apoya-la-construccion-del-aeropuerto-internacional-de-chinchero-en-cusco\/\" target=\"_blank\" rel=\"noreferrer noopener\">Per\u00fa Libre apoya la construcci\u00f3n del Aeropuerto Internacional de Chinchero en Cusco<\/a><\/p>\n\n\n\n<p><a href=\"https:\/\/aeronoticias.com.pe\/noticiero\/julian-palacin-peru-libre-luchara-por-la-recuperacion-de-la-soberania-aerea\/\" target=\"_blank\" rel=\"noreferrer noopener\">Juli\u00e1n Palacin: Per\u00fa Libre luchar\u00e1 por la recuperaci\u00f3n de la Soberan\u00eda A\u00e9rea<\/a><\/p>\n\n\n\n<p><a href=\"https:\/\/aeronoticias.com.pe\/noticiero\/julian-palacin-candidato-al-congreso-con-el-no-7-por-lima-por-peru-libre-apoya-proyecto-de-ley-que-crea-la-linea-aerea-de-bandera-del-peru\/\" target=\"_blank\" rel=\"noreferrer noopener\">Juli\u00e1n Palacin, candidato al Congreso con el N\u00ba 7 por Lima por Per\u00fa Libre, apoya Proyecto de Ley que crea la L\u00ednea A\u00e9rea de Bandera del Per\u00fa<\/a><\/p>\n\n\n\n<p><a href=\"https:\/\/aeronoticias.com.pe\/noticiero\/peru-libre-defendera-el-derecho-de-tener-una-linea-aerea-de-bandera-que-invierta-y-cree-puestos-de-trabajo-en-el-peru\/\" target=\"_blank\" rel=\"noreferrer noopener\">Per\u00fa Libre defender\u00e1 el derecho de tener una L\u00ednea A\u00e9rea de Bandera, que invierta y cree puestos de trabajo en el Per\u00fa<\/a><\/p>\n\n\n\n<p><a href=\"https:\/\/aeronoticias.com.pe\/noticiero\/julian-palacin-peru-libre-exige-que-lap-cumpla-obligaciones-de-inversion-en-el-aeropuerto-internacional-jorge-chavez\/\" target=\"_blank\" rel=\"noreferrer noopener\">Juli\u00e1n Palacin: \u00abPer\u00fa Libre exige que LAP cumpla obligaciones de Inversi\u00f3n en el Aeropuerto Internacional Jorge Ch\u00e1vez\u00bb<\/a><\/p>\n\n\n\n<p><a href=\"https:\/\/aeronoticias.com.pe\/noticiero\/julian-palacin-peru-libre-defendera-la-soberania-aerea-del-peru\/\" target=\"_blank\" rel=\"noreferrer noopener\">Juli\u00e1n Palacin: Per\u00fa Libre defender\u00e1 la Soberan\u00eda A\u00e9rea del Per\u00fa<\/a><\/p>\n\n\n\n<p><a href=\"https:\/\/aeronoticias.com.pe\/noticiero\/julian-palacin-peru-libre-pide-que-el-ministerio-de-transportes-deniegue-suspension-de-obligaciones-de-lap-en-el-contrato-de-concesion-del-aeropuerto-internacional-jorge-chavez\/\" target=\"_blank\" rel=\"noreferrer noopener\">Juli\u00e1n Palacin: Per\u00fa Libre pide que el Ministerio de Transportes deniegue suspensi\u00f3n de obligaciones de LAP en el Contrato de Concesi\u00f3n del AIJCH<\/a><\/p>\n\n\n\n<p><a href=\"https:\/\/aeronoticias.com.pe\/noticiero\/julian-palacin-lima-debio-tener-la-2da-pista-y-el-nuevo-terminal-del-aeropuerto-internacional-jorge-chavez-este-2020\/\" target=\"_blank\" rel=\"noreferrer noopener\">Juli\u00e1n Palacin: Lima debi\u00f3 tener la 2da pista y el nuevo terminal del Aeropuerto Internacional Jorge Ch\u00e1vez este 2020<\/a><\/p>\n","protected":false},"excerpt":{"rendered":"<p>(Portada Hispana) Juli\u00e1n Palac\u00edn, candidato al Congreso de la Rep\u00fablica por Lima Metropolitana con el N\u00ba 7 de Per\u00fa Libre, se\u00f1al\u00f3 que la pr\u00f3xima Legislatura debe investigar el tr\u00e1fico ilegal de vacunas chinas durante gobierno de Vizcarra. \u201cEn la pr\u00f3xima Legislatura del Congreso de la Rep\u00fablica, si los ciudadanos de Lima me dan la confianza [&hellip;]<\/p>\n","protected":false},"author":3,"featured_media":69751,"comment_status":"open","ping_status":"open","sticky":false,"template":"","format":"standard","meta":{"tdm_status":"","tdm_grid_status":"","footnotes":""},"categories":[38,37],"tags":[],"class_list":{"0":"post-69746","1":"post","2":"type-post","3":"status-publish","4":"format-standard","5":"has-post-thumbnail","7":"category-nacionales","8":"category-salud"},"yoast_head":"<!-- This site is optimized with the Yoast SEO plugin v25.1 - https:\/\/yoast.com\/wordpress\/plugins\/seo\/ -->\n<title>Juli\u00e1n Palac\u00edn investigar\u00e1 el tr\u00e1fico ilegal de vacunas chinas durante gobierno de Vizcarra<\/title>\n<meta name=\"description\" content=\"\u00abCon la escandalosa gesti\u00f3n de la compra de vacunas del gobierno de Vizcarra est\u00e1 quedando en claro c\u00f3mo la corrupci\u00f3n resulta m\u00e1s letal que la pandemia\u00bb\" \/>\n<meta name=\"robots\" content=\"index, follow, max-snippet:-1, max-image-preview:large, max-video-preview:-1\" \/>\n<link rel=\"canonical\" href=\"https:\/\/aeronoticias.com.pe\/noticiero\/nacionales\/julian-palacin-investigara-el-trafico-ilegal-de-vacunas-chinas-durante-gobierno-de-vizcarra\/\" \/>\n<meta property=\"og:locale\" content=\"es_ES\" \/>\n<meta property=\"og:type\" content=\"article\" \/>\n<meta property=\"og:title\" content=\"Juli\u00e1n Palac\u00edn investigar\u00e1 el tr\u00e1fico ilegal de vacunas chinas durante gobierno de Vizcarra\" \/>\n<meta property=\"og:description\" content=\"\u00abCon la escandalosa gesti\u00f3n de la compra de vacunas del gobierno de Vizcarra est\u00e1 quedando en claro c\u00f3mo la corrupci\u00f3n resulta m\u00e1s letal que la pandemia\u00bb\" \/>\n<meta property=\"og:url\" content=\"https:\/\/aeronoticias.com.pe\/noticiero\/nacionales\/julian-palacin-investigara-el-trafico-ilegal-de-vacunas-chinas-durante-gobierno-de-vizcarra\/\" \/>\n<meta property=\"og:site_name\" content=\"Aeronoticias.com.pe\" \/>\n<meta property=\"article:publisher\" content=\"https:\/\/www.facebook.com\/Aeronoticias.com.pe\/\" \/>\n<meta property=\"article:published_time\" content=\"2021-02-18T13:45:30+00:00\" \/>\n<meta property=\"article:modified_time\" content=\"2021-02-19T14:05:39+00:00\" \/>\n<meta property=\"og:image\" content=\"https:\/\/aeronoticias.com.pe\/noticiero\/wp-content\/uploads\/2021\/02\/jpalacin-congreso.jpg\" \/>\n\t<meta property=\"og:image:width\" content=\"2000\" \/>\n\t<meta property=\"og:image:height\" content=\"806\" \/>\n\t<meta property=\"og:image:type\" content=\"image\/jpeg\" \/>\n<meta name=\"author\" content=\"Redacci\u00f3n\" \/>\n<meta name=\"twitter:card\" content=\"summary_large_image\" \/>\n<meta name=\"twitter:creator\" content=\"@aeronoticias\" \/>\n<meta name=\"twitter:site\" content=\"@aeronoticias\" \/>\n<meta name=\"twitter:label1\" content=\"Escrito por\" \/>\n\t<meta name=\"twitter:data1\" content=\"Redacci\u00f3n\" \/>\n\t<meta name=\"twitter:label2\" content=\"Tiempo de lectura\" \/>\n\t<meta name=\"twitter:data2\" content=\"6 minutos\" \/>\n<script type=\"application\/ld+json\" class=\"yoast-schema-graph\">{\"@context\":\"https:\/\/schema.org\",\"@graph\":[{\"@type\":\"WebPage\",\"@id\":\"https:\/\/aeronoticias.com.pe\/noticiero\/nacionales\/julian-palacin-investigara-el-trafico-ilegal-de-vacunas-chinas-durante-gobierno-de-vizcarra\/\",\"url\":\"https:\/\/aeronoticias.com.pe\/noticiero\/nacionales\/julian-palacin-investigara-el-trafico-ilegal-de-vacunas-chinas-durante-gobierno-de-vizcarra\/\",\"name\":\"Juli\u00e1n Palac\u00edn investigar\u00e1 el tr\u00e1fico ilegal de vacunas chinas durante gobierno de Vizcarra\",\"isPartOf\":{\"@id\":\"https:\/\/aeronoticias.com.pe\/noticiero\/#website\"},\"primaryImageOfPage\":{\"@id\":\"https:\/\/aeronoticias.com.pe\/noticiero\/nacionales\/julian-palacin-investigara-el-trafico-ilegal-de-vacunas-chinas-durante-gobierno-de-vizcarra\/#primaryimage\"},\"image\":{\"@id\":\"https:\/\/aeronoticias.com.pe\/noticiero\/nacionales\/julian-palacin-investigara-el-trafico-ilegal-de-vacunas-chinas-durante-gobierno-de-vizcarra\/#primaryimage\"},\"thumbnailUrl\":\"https:\/\/aeronoticias.com.pe\/noticiero\/wp-content\/uploads\/2021\/02\/jpalacin-congreso.jpg\",\"datePublished\":\"2021-02-18T13:45:30+00:00\",\"dateModified\":\"2021-02-19T14:05:39+00:00\",\"author\":{\"@id\":\"https:\/\/aeronoticias.com.pe\/noticiero\/#\/schema\/person\/16212a617c73f78916b13194154243bd\"},\"description\":\"\u00abCon la escandalosa gesti\u00f3n de la compra de vacunas del gobierno de Vizcarra est\u00e1 quedando en claro c\u00f3mo la corrupci\u00f3n resulta m\u00e1s letal que la pandemia\u00bb\",\"breadcrumb\":{\"@id\":\"https:\/\/aeronoticias.com.pe\/noticiero\/nacionales\/julian-palacin-investigara-el-trafico-ilegal-de-vacunas-chinas-durante-gobierno-de-vizcarra\/#breadcrumb\"},\"inLanguage\":\"es\",\"potentialAction\":[{\"@type\":\"ReadAction\",\"target\":[\"https:\/\/aeronoticias.com.pe\/noticiero\/nacionales\/julian-palacin-investigara-el-trafico-ilegal-de-vacunas-chinas-durante-gobierno-de-vizcarra\/\"]}]},{\"@type\":\"ImageObject\",\"inLanguage\":\"es\",\"@id\":\"https:\/\/aeronoticias.com.pe\/noticiero\/nacionales\/julian-palacin-investigara-el-trafico-ilegal-de-vacunas-chinas-durante-gobierno-de-vizcarra\/#primaryimage\",\"url\":\"https:\/\/aeronoticias.com.pe\/noticiero\/wp-content\/uploads\/2021\/02\/jpalacin-congreso.jpg\",\"contentUrl\":\"https:\/\/aeronoticias.com.pe\/noticiero\/wp-content\/uploads\/2021\/02\/jpalacin-congreso.jpg\",\"width\":2000,\"height\":806},{\"@type\":\"BreadcrumbList\",\"@id\":\"https:\/\/aeronoticias.com.pe\/noticiero\/nacionales\/julian-palacin-investigara-el-trafico-ilegal-de-vacunas-chinas-durante-gobierno-de-vizcarra\/#breadcrumb\",\"itemListElement\":[{\"@type\":\"ListItem\",\"position\":1,\"name\":\"Portada\",\"item\":\"https:\/\/aeronoticias.com.pe\/noticiero\/\"},{\"@type\":\"ListItem\",\"position\":2,\"name\":\"Juli\u00e1n Palac\u00edn investigar\u00e1 el tr\u00e1fico ilegal de vacunas chinas durante gobierno de Vizcarra\"}]},{\"@type\":\"WebSite\",\"@id\":\"https:\/\/aeronoticias.com.pe\/noticiero\/#website\",\"url\":\"https:\/\/aeronoticias.com.pe\/noticiero\/\",\"name\":\"Aeronoticias.com.pe\",\"description\":\"Noticias de tranporte aereo, turismo, hoteles, gastronomia, actualidad, internacional\",\"potentialAction\":[{\"@type\":\"SearchAction\",\"target\":{\"@type\":\"EntryPoint\",\"urlTemplate\":\"https:\/\/aeronoticias.com.pe\/noticiero\/?s={search_term_string}\"},\"query-input\":{\"@type\":\"PropertyValueSpecification\",\"valueRequired\":true,\"valueName\":\"search_term_string\"}}],\"inLanguage\":\"es\"},{\"@type\":\"Person\",\"@id\":\"https:\/\/aeronoticias.com.pe\/noticiero\/#\/schema\/person\/16212a617c73f78916b13194154243bd\",\"name\":\"Redacci\u00f3n\",\"sameAs\":[\"http:\/\/Redacci\u00f3n\"],\"url\":\"https:\/\/aeronoticias.com.pe\/noticiero\/author\/celeste\/\"}]}<\/script>\n<!-- \/ Yoast SEO plugin. -->","yoast_head_json":{"title":"Juli\u00e1n Palac\u00edn investigar\u00e1 el tr\u00e1fico ilegal de vacunas chinas durante gobierno de Vizcarra","description":"\u00abCon la escandalosa gesti\u00f3n de la compra de vacunas del gobierno de Vizcarra est\u00e1 quedando en claro c\u00f3mo la corrupci\u00f3n resulta m\u00e1s letal que la pandemia\u00bb","robots":{"index":"index","follow":"follow","max-snippet":"max-snippet:-1","max-image-preview":"max-image-preview:large","max-video-preview":"max-video-preview:-1"},"canonical":"https:\/\/aeronoticias.com.pe\/noticiero\/nacionales\/julian-palacin-investigara-el-trafico-ilegal-de-vacunas-chinas-durante-gobierno-de-vizcarra\/","og_locale":"es_ES","og_type":"article","og_title":"Juli\u00e1n Palac\u00edn investigar\u00e1 el tr\u00e1fico ilegal de vacunas chinas durante gobierno de Vizcarra","og_description":"\u00abCon la escandalosa gesti\u00f3n de la compra de vacunas del gobierno de Vizcarra est\u00e1 quedando en claro c\u00f3mo la corrupci\u00f3n resulta m\u00e1s letal que la pandemia\u00bb","og_url":"https:\/\/aeronoticias.com.pe\/noticiero\/nacionales\/julian-palacin-investigara-el-trafico-ilegal-de-vacunas-chinas-durante-gobierno-de-vizcarra\/","og_site_name":"Aeronoticias.com.pe","article_publisher":"https:\/\/www.facebook.com\/Aeronoticias.com.pe\/","article_published_time":"2021-02-18T13:45:30+00:00","article_modified_time":"2021-02-19T14:05:39+00:00","og_image":[{"width":2000,"height":806,"url":"https:\/\/aeronoticias.com.pe\/noticiero\/wp-content\/uploads\/2021\/02\/jpalacin-congreso.jpg","type":"image\/jpeg"}],"author":"Redacci\u00f3n","twitter_card":"summary_large_image","twitter_creator":"@aeronoticias","twitter_site":"@aeronoticias","twitter_misc":{"Escrito por":"Redacci\u00f3n","Tiempo de lectura":"6 minutos"},"schema":{"@context":"https:\/\/schema.org","@graph":[{"@type":"WebPage","@id":"https:\/\/aeronoticias.com.pe\/noticiero\/nacionales\/julian-palacin-investigara-el-trafico-ilegal-de-vacunas-chinas-durante-gobierno-de-vizcarra\/","url":"https:\/\/aeronoticias.com.pe\/noticiero\/nacionales\/julian-palacin-investigara-el-trafico-ilegal-de-vacunas-chinas-durante-gobierno-de-vizcarra\/","name":"Juli\u00e1n Palac\u00edn investigar\u00e1 el tr\u00e1fico ilegal de vacunas chinas durante gobierno de Vizcarra","isPartOf":{"@id":"https:\/\/aeronoticias.com.pe\/noticiero\/#website"},"primaryImageOfPage":{"@id":"https:\/\/aeronoticias.com.pe\/noticiero\/nacionales\/julian-palacin-investigara-el-trafico-ilegal-de-vacunas-chinas-durante-gobierno-de-vizcarra\/#primaryimage"},"image":{"@id":"https:\/\/aeronoticias.com.pe\/noticiero\/nacionales\/julian-palacin-investigara-el-trafico-ilegal-de-vacunas-chinas-durante-gobierno-de-vizcarra\/#primaryimage"},"thumbnailUrl":"https:\/\/aeronoticias.com.pe\/noticiero\/wp-content\/uploads\/2021\/02\/jpalacin-congreso.jpg","datePublished":"2021-02-18T13:45:30+00:00","dateModified":"2021-02-19T14:05:39+00:00","author":{"@id":"https:\/\/aeronoticias.com.pe\/noticiero\/#\/schema\/person\/16212a617c73f78916b13194154243bd"},"description":"\u00abCon la escandalosa gesti\u00f3n de la compra de vacunas del gobierno de Vizcarra est\u00e1 quedando en claro c\u00f3mo la corrupci\u00f3n resulta m\u00e1s letal que la pandemia\u00bb","breadcrumb":{"@id":"https:\/\/aeronoticias.com.pe\/noticiero\/nacionales\/julian-palacin-investigara-el-trafico-ilegal-de-vacunas-chinas-durante-gobierno-de-vizcarra\/#breadcrumb"},"inLanguage":"es","potentialAction":[{"@type":"ReadAction","target":["https:\/\/aeronoticias.com.pe\/noticiero\/nacionales\/julian-palacin-investigara-el-trafico-ilegal-de-vacunas-chinas-durante-gobierno-de-vizcarra\/"]}]},{"@type":"ImageObject","inLanguage":"es","@id":"https:\/\/aeronoticias.com.pe\/noticiero\/nacionales\/julian-palacin-investigara-el-trafico-ilegal-de-vacunas-chinas-durante-gobierno-de-vizcarra\/#primaryimage","url":"https:\/\/aeronoticias.com.pe\/noticiero\/wp-content\/uploads\/2021\/02\/jpalacin-congreso.jpg","contentUrl":"https:\/\/aeronoticias.com.pe\/noticiero\/wp-content\/uploads\/2021\/02\/jpalacin-congreso.jpg","width":2000,"height":806},{"@type":"BreadcrumbList","@id":"https:\/\/aeronoticias.com.pe\/noticiero\/nacionales\/julian-palacin-investigara-el-trafico-ilegal-de-vacunas-chinas-durante-gobierno-de-vizcarra\/#breadcrumb","itemListElement":[{"@type":"ListItem","position":1,"name":"Portada","item":"https:\/\/aeronoticias.com.pe\/noticiero\/"},{"@type":"ListItem","position":2,"name":"Juli\u00e1n Palac\u00edn investigar\u00e1 el tr\u00e1fico ilegal de vacunas chinas durante gobierno de Vizcarra"}]},{"@type":"WebSite","@id":"https:\/\/aeronoticias.com.pe\/noticiero\/#website","url":"https:\/\/aeronoticias.com.pe\/noticiero\/","name":"Aeronoticias.com.pe","description":"Noticias de tranporte aereo, turismo, hoteles, gastronomia, actualidad, internacional","potentialAction":[{"@type":"SearchAction","target":{"@type":"EntryPoint","urlTemplate":"https:\/\/aeronoticias.com.pe\/noticiero\/?s={search_term_string}"},"query-input":{"@type":"PropertyValueSpecification","valueRequired":true,"valueName":"search_term_string"}}],"inLanguage":"es"},{"@type":"Person","@id":"https:\/\/aeronoticias.com.pe\/noticiero\/#\/schema\/person\/16212a617c73f78916b13194154243bd","name":"Redacci\u00f3n","sameAs":["http:\/\/Redacci\u00f3n"],"url":"https:\/\/aeronoticias.com.pe\/noticiero\/author\/celeste\/"}]}},"_links":{"self":[{"href":"https:\/\/aeronoticias.com.pe\/noticiero\/wp-json\/wp\/v2\/posts\/69746","targetHints":{"allow":["GET"]}}],"collection":[{"href":"https:\/\/aeronoticias.com.pe\/noticiero\/wp-json\/wp\/v2\/posts"}],"about":[{"href":"https:\/\/aeronoticias.com.pe\/noticiero\/wp-json\/wp\/v2\/types\/post"}],"author":[{"embeddable":true,"href":"https:\/\/aeronoticias.com.pe\/noticiero\/wp-json\/wp\/v2\/users\/3"}],"replies":[{"embeddable":true,"href":"https:\/\/aeronoticias.com.pe\/noticiero\/wp-json\/wp\/v2\/comments?post=69746"}],"version-history":[{"count":0,"href":"https:\/\/aeronoticias.com.pe\/noticiero\/wp-json\/wp\/v2\/posts\/69746\/revisions"}],"wp:featuredmedia":[{"embeddable":true,"href":"https:\/\/aeronoticias.com.pe\/noticiero\/wp-json\/wp\/v2\/media\/69751"}],"wp:attachment":[{"href":"https:\/\/aeronoticias.com.pe\/noticiero\/wp-json\/wp\/v2\/media?parent=69746"}],"wp:term":[{"taxonomy":"category","embeddable":true,"href":"https:\/\/aeronoticias.com.pe\/noticiero\/wp-json\/wp\/v2\/categories?post=69746"},{"taxonomy":"post_tag","embeddable":true,"href":"https:\/\/aeronoticias.com.pe\/noticiero\/wp-json\/wp\/v2\/tags?post=69746"}],"curies":[{"name":"wp","href":"https:\/\/api.w.org\/{rel}","templated":true}]}}