{"id":6977,"date":"2009-11-20T16:30:26","date_gmt":"2009-11-20T16:30:26","guid":{"rendered":"http:\/\/desarrollo.mcvicious.com\/aero2020\/2009\/11\/20\/ex-premier-solari-afirma-que-chile-ha-dinamitado-cuerdas-separadas\/"},"modified":"2009-11-20T16:30:26","modified_gmt":"2009-11-20T16:30:26","slug":"ex-premier-solari-afirma-que-chile-ha-dinamitado-cuerdas-separadas","status":"publish","type":"post","link":"https:\/\/aeronoticias.com.pe\/noticiero\/nacionales\/ex-premier-solari-afirma-que-chile-ha-dinamitado-cuerdas-separadas\/","title":{"rendered":"Ex premier Solari afirma que Chile ha dinamitado cuerdas separadas"},"content":{"rendered":"<div align=\"justify\">Desde la ciudad de Arequipa, donde se llevan a cabo las importantes sesiones sobre el mundo empresarial peruano bajo el t\u00edtulo de CADE-2009, el ex Premier Luis Solari sentenci\u00f3 que \u201cChile ha dinamitado las llamadas cuerdas separada\u201c con que se proyectaban llevar adelante las relaciones comerciales con el Per\u00fa, al protagonizar el espionaje que ha escandalizado a toda la regi\u00f3n sudamericana.<\/p>\n<p>A\u00f1adi\u00f3 que con esa mal\u00e9vola intenci\u00f3n, de hurgar en los secretos de la defensa nacional del Per\u00fa, Chile no s\u00f3lo ha puesto en descubierto su verdadero rostro si no que ha malogrado el futuro de las buenas relaciones comerciales que empezaban a florecer para beneficio de sus respectivos pueblos y ahora corresponde a su gobierno enmendar esta torpeza internacional.<\/p>\n<div style=\"text-align: center\"><img decoding=\"async\" src=\"images\/stories\/09\/11\/201109\/LuisSolari.jpg\" border=\"0\" alt=\"EX PREMIER SOLARI AFIRMA QUE CHILE HA DINAMITADO CUERDAS SEPARADAS\" title=\"EX PREMIER SOLARI AFIRMA QUE CHILE HA DINAMITADO CUERDAS SEPARADAS\" \/><\/div>\n<p>Dijo tambi\u00e9n que esta correcci\u00f3n en la pol\u00edtica exterior chilena habr\u00eda que esperarla por iniciativa del nuevo gobierno chileno que saldr\u00e1 luego de las elecciones presidenciales que se llevar\u00e1n a cabo en dicho vecino pa\u00eds el pr\u00f3ximo mes.<\/p>\n<p>Solari declar\u00f3 a trav\u00e9s de la l\u00ednea telef\u00f3nica para Radio Programas del Per\u00fa (RPP) en la ma\u00f1ana de hoy, entrevistado por Ra\u00fal Vargas, director del mencionado y muy sintonizado espacio period\u00edstico peruano.<\/div>\n","protected":false},"excerpt":{"rendered":"<p>Desde la ciudad de Arequipa, donde se llevan a cabo las importantes sesiones sobre el mundo empresarial peruano bajo el t\u00edtulo de CADE-2009, el ex Premier Luis Solari sentenci\u00f3 que \u201cChile ha dinamitado las llamadas cuerdas separada\u201c con que se proyectaban llevar adelante las relaciones comerciales con el Per\u00fa, al protagonizar el espionaje que ha [&hellip;]<\/p>\n","protected":false},"author":1,"featured_media":0,"comment_status":"open","ping_status":"open","sticky":false,"template":"","format":"standard","meta":{"tdm_status":"","tdm_grid_status":"","footnotes":""},"categories":[38],"tags":[],"class_list":{"0":"post-6977","1":"post","2":"type-post","3":"status-publish","4":"format-standard","6":"category-nacionales"},"yoast_head":"<!-- This site is optimized with the Yoast SEO plugin v25.1 - https:\/\/yoast.com\/wordpress\/plugins\/seo\/ -->\n<title>Ex premier Solari afirma que Chile ha dinamitado cuerdas separadas<\/title>\n<meta name=\"description\" content=\"Portal de noticias del Per\u00fa sobre el transporte a\u00e9reo, aviaci\u00f3n, turismo, hoteleria, actualidad.\" \/>\n<meta name=\"robots\" content=\"index, follow, max-snippet:-1, max-image-preview:large, max-video-preview:-1\" \/>\n<link rel=\"canonical\" href=\"https:\/\/aeronoticias.com.pe\/noticiero\/nacionales\/ex-premier-solari-afirma-que-chile-ha-dinamitado-cuerdas-separadas\/\" \/>\n<meta property=\"og:locale\" content=\"es_ES\" \/>\n<meta property=\"og:type\" content=\"article\" \/>\n<meta property=\"og:title\" content=\"Ex premier Solari afirma que Chile ha dinamitado cuerdas separadas\" \/>\n<meta property=\"og:description\" content=\"Portal de noticias del Per\u00fa sobre el transporte a\u00e9reo, aviaci\u00f3n, turismo, hoteleria, actualidad.\" \/>\n<meta property=\"og:url\" content=\"https:\/\/aeronoticias.com.pe\/noticiero\/nacionales\/ex-premier-solari-afirma-que-chile-ha-dinamitado-cuerdas-separadas\/\" \/>\n<meta property=\"og:site_name\" content=\"Aeronoticias.com.pe\" \/>\n<meta property=\"article:publisher\" content=\"https:\/\/www.facebook.com\/Aeronoticias.com.pe\/\" \/>\n<meta property=\"article:published_time\" content=\"2009-11-20T16:30:26+00:00\" \/>\n<meta name=\"author\" content=\"Redacci\u00f3n Aeronoticias\" \/>\n<meta name=\"twitter:card\" content=\"summary_large_image\" \/>\n<meta name=\"twitter:creator\" content=\"@aeronoticias\" \/>\n<meta name=\"twitter:site\" content=\"@aeronoticias\" \/>\n<meta name=\"twitter:label1\" content=\"Escrito por\" \/>\n\t<meta name=\"twitter:data1\" content=\"Redacci\u00f3n Aeronoticias\" \/>\n\t<meta name=\"twitter:label2\" content=\"Tiempo de lectura\" \/>\n\t<meta name=\"twitter:data2\" content=\"1 minuto\" \/>\n<script type=\"application\/ld+json\" class=\"yoast-schema-graph\">{\"@context\":\"https:\/\/schema.org\",\"@graph\":[{\"@type\":\"WebPage\",\"@id\":\"https:\/\/aeronoticias.com.pe\/noticiero\/nacionales\/ex-premier-solari-afirma-que-chile-ha-dinamitado-cuerdas-separadas\/\",\"url\":\"https:\/\/aeronoticias.com.pe\/noticiero\/nacionales\/ex-premier-solari-afirma-que-chile-ha-dinamitado-cuerdas-separadas\/\",\"name\":\"Ex premier Solari afirma que Chile ha dinamitado cuerdas separadas\",\"isPartOf\":{\"@id\":\"https:\/\/aeronoticias.com.pe\/noticiero\/#website\"},\"datePublished\":\"2009-11-20T16:30:26+00:00\",\"author\":{\"@id\":\"https:\/\/aeronoticias.com.pe\/noticiero\/#\/schema\/person\/fc1e5d578f4b62ba1cf7ac2bba1170a0\"},\"description\":\"Portal de noticias del Per\u00fa sobre el transporte a\u00e9reo, aviaci\u00f3n, turismo, hoteleria, actualidad.\",\"breadcrumb\":{\"@id\":\"https:\/\/aeronoticias.com.pe\/noticiero\/nacionales\/ex-premier-solari-afirma-que-chile-ha-dinamitado-cuerdas-separadas\/#breadcrumb\"},\"inLanguage\":\"es\",\"potentialAction\":[{\"@type\":\"ReadAction\",\"target\":[\"https:\/\/aeronoticias.com.pe\/noticiero\/nacionales\/ex-premier-solari-afirma-que-chile-ha-dinamitado-cuerdas-separadas\/\"]}]},{\"@type\":\"BreadcrumbList\",\"@id\":\"https:\/\/aeronoticias.com.pe\/noticiero\/nacionales\/ex-premier-solari-afirma-que-chile-ha-dinamitado-cuerdas-separadas\/#breadcrumb\",\"itemListElement\":[{\"@type\":\"ListItem\",\"position\":1,\"name\":\"Portada\",\"item\":\"https:\/\/aeronoticias.com.pe\/noticiero\/\"},{\"@type\":\"ListItem\",\"position\":2,\"name\":\"Ex premier Solari afirma que Chile ha dinamitado cuerdas separadas\"}]},{\"@type\":\"WebSite\",\"@id\":\"https:\/\/aeronoticias.com.pe\/noticiero\/#website\",\"url\":\"https:\/\/aeronoticias.com.pe\/noticiero\/\",\"name\":\"Aeronoticias.com.pe\",\"description\":\"Noticias de tranporte aereo, turismo, hoteles, gastronomia, actualidad, internacional\",\"potentialAction\":[{\"@type\":\"SearchAction\",\"target\":{\"@type\":\"EntryPoint\",\"urlTemplate\":\"https:\/\/aeronoticias.com.pe\/noticiero\/?s={search_term_string}\"},\"query-input\":{\"@type\":\"PropertyValueSpecification\",\"valueRequired\":true,\"valueName\":\"search_term_string\"}}],\"inLanguage\":\"es\"},{\"@type\":\"Person\",\"@id\":\"https:\/\/aeronoticias.com.pe\/noticiero\/#\/schema\/person\/fc1e5d578f4b62ba1cf7ac2bba1170a0\",\"name\":\"Redacci\u00f3n Aeronoticias\",\"url\":\"https:\/\/aeronoticias.com.pe\/noticiero\/author\/piloto\/\"}]}<\/script>\n<!-- \/ Yoast SEO plugin. -->","yoast_head_json":{"title":"Ex premier Solari afirma que Chile ha dinamitado cuerdas separadas","description":"Portal de noticias del Per\u00fa sobre el transporte a\u00e9reo, aviaci\u00f3n, turismo, hoteleria, actualidad.","robots":{"index":"index","follow":"follow","max-snippet":"max-snippet:-1","max-image-preview":"max-image-preview:large","max-video-preview":"max-video-preview:-1"},"canonical":"https:\/\/aeronoticias.com.pe\/noticiero\/nacionales\/ex-premier-solari-afirma-que-chile-ha-dinamitado-cuerdas-separadas\/","og_locale":"es_ES","og_type":"article","og_title":"Ex premier Solari afirma que Chile ha dinamitado cuerdas separadas","og_description":"Portal de noticias del Per\u00fa sobre el transporte a\u00e9reo, aviaci\u00f3n, turismo, hoteleria, actualidad.","og_url":"https:\/\/aeronoticias.com.pe\/noticiero\/nacionales\/ex-premier-solari-afirma-que-chile-ha-dinamitado-cuerdas-separadas\/","og_site_name":"Aeronoticias.com.pe","article_publisher":"https:\/\/www.facebook.com\/Aeronoticias.com.pe\/","article_published_time":"2009-11-20T16:30:26+00:00","author":"Redacci\u00f3n Aeronoticias","twitter_card":"summary_large_image","twitter_creator":"@aeronoticias","twitter_site":"@aeronoticias","twitter_misc":{"Escrito por":"Redacci\u00f3n Aeronoticias","Tiempo de lectura":"1 minuto"},"schema":{"@context":"https:\/\/schema.org","@graph":[{"@type":"WebPage","@id":"https:\/\/aeronoticias.com.pe\/noticiero\/nacionales\/ex-premier-solari-afirma-que-chile-ha-dinamitado-cuerdas-separadas\/","url":"https:\/\/aeronoticias.com.pe\/noticiero\/nacionales\/ex-premier-solari-afirma-que-chile-ha-dinamitado-cuerdas-separadas\/","name":"Ex premier Solari afirma que Chile ha dinamitado cuerdas separadas","isPartOf":{"@id":"https:\/\/aeronoticias.com.pe\/noticiero\/#website"},"datePublished":"2009-11-20T16:30:26+00:00","author":{"@id":"https:\/\/aeronoticias.com.pe\/noticiero\/#\/schema\/person\/fc1e5d578f4b62ba1cf7ac2bba1170a0"},"description":"Portal de noticias del Per\u00fa sobre el transporte a\u00e9reo, aviaci\u00f3n, turismo, hoteleria, actualidad.","breadcrumb":{"@id":"https:\/\/aeronoticias.com.pe\/noticiero\/nacionales\/ex-premier-solari-afirma-que-chile-ha-dinamitado-cuerdas-separadas\/#breadcrumb"},"inLanguage":"es","potentialAction":[{"@type":"ReadAction","target":["https:\/\/aeronoticias.com.pe\/noticiero\/nacionales\/ex-premier-solari-afirma-que-chile-ha-dinamitado-cuerdas-separadas\/"]}]},{"@type":"BreadcrumbList","@id":"https:\/\/aeronoticias.com.pe\/noticiero\/nacionales\/ex-premier-solari-afirma-que-chile-ha-dinamitado-cuerdas-separadas\/#breadcrumb","itemListElement":[{"@type":"ListItem","position":1,"name":"Portada","item":"https:\/\/aeronoticias.com.pe\/noticiero\/"},{"@type":"ListItem","position":2,"name":"Ex premier Solari afirma que Chile ha dinamitado cuerdas separadas"}]},{"@type":"WebSite","@id":"https:\/\/aeronoticias.com.pe\/noticiero\/#website","url":"https:\/\/aeronoticias.com.pe\/noticiero\/","name":"Aeronoticias.com.pe","description":"Noticias de tranporte aereo, turismo, hoteles, gastronomia, actualidad, internacional","potentialAction":[{"@type":"SearchAction","target":{"@type":"EntryPoint","urlTemplate":"https:\/\/aeronoticias.com.pe\/noticiero\/?s={search_term_string}"},"query-input":{"@type":"PropertyValueSpecification","valueRequired":true,"valueName":"search_term_string"}}],"inLanguage":"es"},{"@type":"Person","@id":"https:\/\/aeronoticias.com.pe\/noticiero\/#\/schema\/person\/fc1e5d578f4b62ba1cf7ac2bba1170a0","name":"Redacci\u00f3n Aeronoticias","url":"https:\/\/aeronoticias.com.pe\/noticiero\/author\/piloto\/"}]}},"_links":{"self":[{"href":"https:\/\/aeronoticias.com.pe\/noticiero\/wp-json\/wp\/v2\/posts\/6977","targetHints":{"allow":["GET"]}}],"collection":[{"href":"https:\/\/aeronoticias.com.pe\/noticiero\/wp-json\/wp\/v2\/posts"}],"about":[{"href":"https:\/\/aeronoticias.com.pe\/noticiero\/wp-json\/wp\/v2\/types\/post"}],"author":[{"embeddable":true,"href":"https:\/\/aeronoticias.com.pe\/noticiero\/wp-json\/wp\/v2\/users\/1"}],"replies":[{"embeddable":true,"href":"https:\/\/aeronoticias.com.pe\/noticiero\/wp-json\/wp\/v2\/comments?post=6977"}],"version-history":[{"count":0,"href":"https:\/\/aeronoticias.com.pe\/noticiero\/wp-json\/wp\/v2\/posts\/6977\/revisions"}],"wp:attachment":[{"href":"https:\/\/aeronoticias.com.pe\/noticiero\/wp-json\/wp\/v2\/media?parent=6977"}],"wp:term":[{"taxonomy":"category","embeddable":true,"href":"https:\/\/aeronoticias.com.pe\/noticiero\/wp-json\/wp\/v2\/categories?post=6977"},{"taxonomy":"post_tag","embeddable":true,"href":"https:\/\/aeronoticias.com.pe\/noticiero\/wp-json\/wp\/v2\/tags?post=6977"}],"curies":[{"name":"wp","href":"https:\/\/api.w.org\/{rel}","templated":true}]}}