{"id":6978,"date":"2009-11-20T17:02:45","date_gmt":"2009-11-20T17:02:45","guid":{"rendered":"http:\/\/desarrollo.mcvicious.com\/aero2020\/2009\/11\/20\/peru-debe-denunciar-convenio-aereo-con-chile\/"},"modified":"2009-11-20T17:02:45","modified_gmt":"2009-11-20T17:02:45","slug":"peru-debe-denunciar-convenio-aereo-con-chile","status":"publish","type":"post","link":"https:\/\/aeronoticias.com.pe\/noticiero\/transporte-aereo\/internacional\/peru-debe-denunciar-convenio-aereo-con-chile\/","title":{"rendered":"Per\u00fa debe denunciar convenio a\u00e9reo con Chile"},"content":{"rendered":"<p align=\"justify\">En el 2007 el viceministro de Transportes del Per\u00fa, Carlos Miguel Puga Pomareda, firm\u00f3 un convenio a\u00e9reo con Chile que es lesivo a los intereses del Estado peruano, ya que se le otorgaron segmentos de quinta libertad en el Per\u00fa a Lan Airlines, para que venda billetes de pasajes al mercado norteamericano sin reciprocidad, inclusive perjudicando a LAN PER\u00da, que pod\u00eda servir ese tr\u00e1fico en terceras y cuartas libertades, sostuvo Julian Palac\u00edn Fern\u00e1ndez, presidente del Instituto Peruano de Derecho A\u00e9reo.<\/p>\n<p align=\"justify\"> Al respecto inform\u00f3 que el ilustre Colegio de Abogados de Lima, a trav\u00e9s del oficio N\u00ba 319-2007-DCyC\/CAL, le pidi\u00f3 un informe para que como presidente de la Comisi\u00f3n Consultiva de Derecho Aeron\u00e1utico y Aviaci\u00f3n Comercial presente un informe legal para que sea evaluado por la Segunda Fiscal\u00eda Provincial Especializada en Delitos de Corrupci\u00f3n de Funcionarios.<\/p>\n<div style=\"text-align: center\"><img decoding=\"async\" src=\"images\/stories\/09\/11\/201109\/zavalaenlan3.jpg\" border=\"0\" alt=\"PER\u00da DEBE DENUNCIAR CONVENIO A\u00c9REO CON CHILE\" title=\"PER\u00da DEBE DENUNCIAR CONVENIO A\u00c9REO CON CHILE\" \/><\/div>\n<p>Han pasado m\u00e1s de 2 a\u00f1os y la Fiscal\u00eda no ha citado a la ex ministra de Transportes del Per\u00fa, Ver\u00f3nica Zavala Lombardi y al ex viceministro Carlos Miguel Puga Pomareda, por no haber exigido en estas negociaciones las compensaciones econ\u00f3micas que ha consagrado el legislador peruano en el art\u00edculo 98 inciso d) de la Ley 27261 que faculta al Estado peruano a recibir una compensaci\u00f3n econ\u00f3mica ante la ausencia de reciprocidad.<\/p>\n<div align=\"justify\">Aeronoticias considera que el Ministerio P\u00fablico debe retomar esta investigaci\u00f3n, en raz\u00f3n a que Chile licit\u00f3 y vendi\u00f3 las rutas que don Carlos Puga Pomareda en nombre del Per\u00fa le regal\u00f3 a LAN AIRLINES, asimismo insistimos en que la Comisi\u00f3n de Defensa del Congreso de la Rep\u00fablica en base de la investigaci\u00f3n que hizo la congresista Mercedes Cabanillas debe pedir al MTC el curriculum de los m\u00e1s de 100 pilotos chilenos, muchos de ellos de la FACH de Chile que fueron autorizados ilegalmente por los ministros de Transportes, especialmente por Ver\u00f3nica Zavala y Carlos Puga a operar sin carnet de extranjer\u00eda en el espacio a\u00e9reo peruano. <\/div>\n<div align=\"justify\">\u00a0<\/div>\n<div align=\"justify\">\n<ul>\n<li><a href=\"images\/stories\/09\/11\/201109\/estudio.html\" target=\"_blank\" rel=\"noopener noreferrer\">Hacer click para ver el informe legal del Presidente de la Comisi\u00f3n Consultiva de Derecho Aeron\u00e1utico del Colegio de Abogados de Lima 2007, Juli\u00e1n Palacin Fern\u00e1ndez sobre Convenio\u00a0 A\u00e9reo Per\u00fa &#8211; Chile.\u00a0 <\/a><\/li>\n<\/ul>\n<\/div>\n<p>\u00a0<\/p>\n","protected":false},"excerpt":{"rendered":"<p>En el 2007 el viceministro de Transportes del Per\u00fa, Carlos Miguel Puga Pomareda, firm\u00f3 un convenio a\u00e9reo con Chile que es lesivo a los intereses del Estado peruano, ya que se le otorgaron segmentos de quinta libertad en el Per\u00fa a Lan Airlines, para que venda billetes de pasajes al mercado norteamericano sin reciprocidad, inclusive [&hellip;]<\/p>\n","protected":false},"author":1,"featured_media":0,"comment_status":"open","ping_status":"open","sticky":false,"template":"","format":"standard","meta":{"tdm_status":"","tdm_grid_status":"","footnotes":""},"categories":[32],"tags":[],"class_list":{"0":"post-6978","1":"post","2":"type-post","3":"status-publish","4":"format-standard","6":"category-internacional"},"yoast_head":"<!-- This site is optimized with the Yoast SEO plugin v25.1 - https:\/\/yoast.com\/wordpress\/plugins\/seo\/ -->\n<title>Per\u00fa debe denunciar convenio a\u00e9reo con Chile<\/title>\n<meta name=\"description\" content=\"Portal de noticias del Per\u00fa sobre el transporte a\u00e9reo, aviaci\u00f3n, turismo, hoteleria, actualidad.\" \/>\n<meta name=\"robots\" content=\"index, follow, max-snippet:-1, max-image-preview:large, max-video-preview:-1\" \/>\n<link rel=\"canonical\" href=\"https:\/\/aeronoticias.com.pe\/noticiero\/transporte-aereo\/internacional\/peru-debe-denunciar-convenio-aereo-con-chile\/\" \/>\n<meta property=\"og:locale\" content=\"es_ES\" \/>\n<meta property=\"og:type\" content=\"article\" \/>\n<meta property=\"og:title\" content=\"Per\u00fa debe denunciar convenio a\u00e9reo con Chile\" \/>\n<meta property=\"og:description\" content=\"Portal de noticias del Per\u00fa sobre el transporte a\u00e9reo, aviaci\u00f3n, turismo, hoteleria, actualidad.\" \/>\n<meta property=\"og:url\" content=\"https:\/\/aeronoticias.com.pe\/noticiero\/transporte-aereo\/internacional\/peru-debe-denunciar-convenio-aereo-con-chile\/\" \/>\n<meta property=\"og:site_name\" content=\"Aeronoticias.com.pe\" \/>\n<meta property=\"article:publisher\" content=\"https:\/\/www.facebook.com\/Aeronoticias.com.pe\/\" \/>\n<meta property=\"article:published_time\" content=\"2009-11-20T17:02:45+00:00\" \/>\n<meta name=\"author\" content=\"Redacci\u00f3n Aeronoticias\" \/>\n<meta name=\"twitter:card\" content=\"summary_large_image\" \/>\n<meta name=\"twitter:creator\" content=\"@aeronoticias\" \/>\n<meta name=\"twitter:site\" content=\"@aeronoticias\" \/>\n<meta name=\"twitter:label1\" content=\"Escrito por\" \/>\n\t<meta name=\"twitter:data1\" content=\"Redacci\u00f3n Aeronoticias\" \/>\n\t<meta name=\"twitter:label2\" content=\"Tiempo de lectura\" \/>\n\t<meta name=\"twitter:data2\" content=\"2 minutos\" \/>\n<script type=\"application\/ld+json\" class=\"yoast-schema-graph\">{\"@context\":\"https:\/\/schema.org\",\"@graph\":[{\"@type\":\"WebPage\",\"@id\":\"https:\/\/aeronoticias.com.pe\/noticiero\/transporte-aereo\/internacional\/peru-debe-denunciar-convenio-aereo-con-chile\/\",\"url\":\"https:\/\/aeronoticias.com.pe\/noticiero\/transporte-aereo\/internacional\/peru-debe-denunciar-convenio-aereo-con-chile\/\",\"name\":\"Per\u00fa debe denunciar convenio a\u00e9reo con Chile\",\"isPartOf\":{\"@id\":\"https:\/\/aeronoticias.com.pe\/noticiero\/#website\"},\"datePublished\":\"2009-11-20T17:02:45+00:00\",\"author\":{\"@id\":\"https:\/\/aeronoticias.com.pe\/noticiero\/#\/schema\/person\/fc1e5d578f4b62ba1cf7ac2bba1170a0\"},\"description\":\"Portal de noticias del Per\u00fa sobre el transporte a\u00e9reo, aviaci\u00f3n, turismo, hoteleria, actualidad.\",\"breadcrumb\":{\"@id\":\"https:\/\/aeronoticias.com.pe\/noticiero\/transporte-aereo\/internacional\/peru-debe-denunciar-convenio-aereo-con-chile\/#breadcrumb\"},\"inLanguage\":\"es\",\"potentialAction\":[{\"@type\":\"ReadAction\",\"target\":[\"https:\/\/aeronoticias.com.pe\/noticiero\/transporte-aereo\/internacional\/peru-debe-denunciar-convenio-aereo-con-chile\/\"]}]},{\"@type\":\"BreadcrumbList\",\"@id\":\"https:\/\/aeronoticias.com.pe\/noticiero\/transporte-aereo\/internacional\/peru-debe-denunciar-convenio-aereo-con-chile\/#breadcrumb\",\"itemListElement\":[{\"@type\":\"ListItem\",\"position\":1,\"name\":\"Portada\",\"item\":\"https:\/\/aeronoticias.com.pe\/noticiero\/\"},{\"@type\":\"ListItem\",\"position\":2,\"name\":\"Per\u00fa debe denunciar convenio a\u00e9reo con Chile\"}]},{\"@type\":\"WebSite\",\"@id\":\"https:\/\/aeronoticias.com.pe\/noticiero\/#website\",\"url\":\"https:\/\/aeronoticias.com.pe\/noticiero\/\",\"name\":\"Aeronoticias.com.pe\",\"description\":\"Noticias de tranporte aereo, turismo, hoteles, gastronomia, actualidad, internacional\",\"potentialAction\":[{\"@type\":\"SearchAction\",\"target\":{\"@type\":\"EntryPoint\",\"urlTemplate\":\"https:\/\/aeronoticias.com.pe\/noticiero\/?s={search_term_string}\"},\"query-input\":{\"@type\":\"PropertyValueSpecification\",\"valueRequired\":true,\"valueName\":\"search_term_string\"}}],\"inLanguage\":\"es\"},{\"@type\":\"Person\",\"@id\":\"https:\/\/aeronoticias.com.pe\/noticiero\/#\/schema\/person\/fc1e5d578f4b62ba1cf7ac2bba1170a0\",\"name\":\"Redacci\u00f3n Aeronoticias\",\"url\":\"https:\/\/aeronoticias.com.pe\/noticiero\/author\/piloto\/\"}]}<\/script>\n<!-- \/ Yoast SEO plugin. -->","yoast_head_json":{"title":"Per\u00fa debe denunciar convenio a\u00e9reo con Chile","description":"Portal de noticias del Per\u00fa sobre el transporte a\u00e9reo, aviaci\u00f3n, turismo, hoteleria, actualidad.","robots":{"index":"index","follow":"follow","max-snippet":"max-snippet:-1","max-image-preview":"max-image-preview:large","max-video-preview":"max-video-preview:-1"},"canonical":"https:\/\/aeronoticias.com.pe\/noticiero\/transporte-aereo\/internacional\/peru-debe-denunciar-convenio-aereo-con-chile\/","og_locale":"es_ES","og_type":"article","og_title":"Per\u00fa debe denunciar convenio a\u00e9reo con Chile","og_description":"Portal de noticias del Per\u00fa sobre el transporte a\u00e9reo, aviaci\u00f3n, turismo, hoteleria, actualidad.","og_url":"https:\/\/aeronoticias.com.pe\/noticiero\/transporte-aereo\/internacional\/peru-debe-denunciar-convenio-aereo-con-chile\/","og_site_name":"Aeronoticias.com.pe","article_publisher":"https:\/\/www.facebook.com\/Aeronoticias.com.pe\/","article_published_time":"2009-11-20T17:02:45+00:00","author":"Redacci\u00f3n Aeronoticias","twitter_card":"summary_large_image","twitter_creator":"@aeronoticias","twitter_site":"@aeronoticias","twitter_misc":{"Escrito por":"Redacci\u00f3n Aeronoticias","Tiempo de lectura":"2 minutos"},"schema":{"@context":"https:\/\/schema.org","@graph":[{"@type":"WebPage","@id":"https:\/\/aeronoticias.com.pe\/noticiero\/transporte-aereo\/internacional\/peru-debe-denunciar-convenio-aereo-con-chile\/","url":"https:\/\/aeronoticias.com.pe\/noticiero\/transporte-aereo\/internacional\/peru-debe-denunciar-convenio-aereo-con-chile\/","name":"Per\u00fa debe denunciar convenio a\u00e9reo con Chile","isPartOf":{"@id":"https:\/\/aeronoticias.com.pe\/noticiero\/#website"},"datePublished":"2009-11-20T17:02:45+00:00","author":{"@id":"https:\/\/aeronoticias.com.pe\/noticiero\/#\/schema\/person\/fc1e5d578f4b62ba1cf7ac2bba1170a0"},"description":"Portal de noticias del Per\u00fa sobre el transporte a\u00e9reo, aviaci\u00f3n, turismo, hoteleria, actualidad.","breadcrumb":{"@id":"https:\/\/aeronoticias.com.pe\/noticiero\/transporte-aereo\/internacional\/peru-debe-denunciar-convenio-aereo-con-chile\/#breadcrumb"},"inLanguage":"es","potentialAction":[{"@type":"ReadAction","target":["https:\/\/aeronoticias.com.pe\/noticiero\/transporte-aereo\/internacional\/peru-debe-denunciar-convenio-aereo-con-chile\/"]}]},{"@type":"BreadcrumbList","@id":"https:\/\/aeronoticias.com.pe\/noticiero\/transporte-aereo\/internacional\/peru-debe-denunciar-convenio-aereo-con-chile\/#breadcrumb","itemListElement":[{"@type":"ListItem","position":1,"name":"Portada","item":"https:\/\/aeronoticias.com.pe\/noticiero\/"},{"@type":"ListItem","position":2,"name":"Per\u00fa debe denunciar convenio a\u00e9reo con Chile"}]},{"@type":"WebSite","@id":"https:\/\/aeronoticias.com.pe\/noticiero\/#website","url":"https:\/\/aeronoticias.com.pe\/noticiero\/","name":"Aeronoticias.com.pe","description":"Noticias de tranporte aereo, turismo, hoteles, gastronomia, actualidad, internacional","potentialAction":[{"@type":"SearchAction","target":{"@type":"EntryPoint","urlTemplate":"https:\/\/aeronoticias.com.pe\/noticiero\/?s={search_term_string}"},"query-input":{"@type":"PropertyValueSpecification","valueRequired":true,"valueName":"search_term_string"}}],"inLanguage":"es"},{"@type":"Person","@id":"https:\/\/aeronoticias.com.pe\/noticiero\/#\/schema\/person\/fc1e5d578f4b62ba1cf7ac2bba1170a0","name":"Redacci\u00f3n Aeronoticias","url":"https:\/\/aeronoticias.com.pe\/noticiero\/author\/piloto\/"}]}},"_links":{"self":[{"href":"https:\/\/aeronoticias.com.pe\/noticiero\/wp-json\/wp\/v2\/posts\/6978","targetHints":{"allow":["GET"]}}],"collection":[{"href":"https:\/\/aeronoticias.com.pe\/noticiero\/wp-json\/wp\/v2\/posts"}],"about":[{"href":"https:\/\/aeronoticias.com.pe\/noticiero\/wp-json\/wp\/v2\/types\/post"}],"author":[{"embeddable":true,"href":"https:\/\/aeronoticias.com.pe\/noticiero\/wp-json\/wp\/v2\/users\/1"}],"replies":[{"embeddable":true,"href":"https:\/\/aeronoticias.com.pe\/noticiero\/wp-json\/wp\/v2\/comments?post=6978"}],"version-history":[{"count":0,"href":"https:\/\/aeronoticias.com.pe\/noticiero\/wp-json\/wp\/v2\/posts\/6978\/revisions"}],"wp:attachment":[{"href":"https:\/\/aeronoticias.com.pe\/noticiero\/wp-json\/wp\/v2\/media?parent=6978"}],"wp:term":[{"taxonomy":"category","embeddable":true,"href":"https:\/\/aeronoticias.com.pe\/noticiero\/wp-json\/wp\/v2\/categories?post=6978"},{"taxonomy":"post_tag","embeddable":true,"href":"https:\/\/aeronoticias.com.pe\/noticiero\/wp-json\/wp\/v2\/tags?post=6978"}],"curies":[{"name":"wp","href":"https:\/\/api.w.org\/{rel}","templated":true}]}}