{"id":7003,"date":"2009-11-23T14:12:58","date_gmt":"2009-11-23T14:12:58","guid":{"rendered":"http:\/\/desarrollo.mcvicious.com\/aero2020\/2009\/11\/23\/presidente-rumano-cuenta-con-ligera-ventaja-en-las-encuestas-de-salida-de-eleccion-presidencial\/"},"modified":"2009-11-23T14:12:58","modified_gmt":"2009-11-23T14:12:58","slug":"presidente-rumano-cuenta-con-ligera-ventaja-en-las-encuestas-de-salida-de-eleccion-presidencial","status":"publish","type":"post","link":"https:\/\/aeronoticias.com.pe\/noticiero\/internacionales\/presidente-rumano-cuenta-con-ligera-ventaja-en-las-encuestas-de-salida-de-eleccion-presidencial\/","title":{"rendered":"Presidente Rumano cuenta con ligera ventaja en las encuestas de salida de elecci\u00f3n presidencial"},"content":{"rendered":"<div style=\"text-align: justify\">Las encuestas de salida dan al actual presidente, Traian Basescu, una ligera ventaja en las elecciones presidenciales de Rumania hoy domingo con el 32,8 por ciento de los votos, frente al 31,7 por ciento de su principal rival, Mircea Geoana de los Sociales Dem\u00f3cratas.\u00a0Seg\u00fan la Constituci\u00f3n de Rumania, Basescu y Geoana se enfrentar\u00e1n en la segunda vuelta de la elecci\u00f3n presidencial del 6 de diciembre.<\/div>\n<div style=\"text-align: justify\"><\/div>\n<div style=\"text-align: justify\">Ambos son seguidos por Crin Antonescu del Partido Nacional Liberal con el 21,8 por ciento de los votos, seg\u00fan la empresa INSOMAR Political Research and Marketing. Basescu dijo despu\u00e9s del cierre de las casillas de votaci\u00f3n que su prioridad en los pr\u00f3ximos d\u00edas ser\u00e1 encontrar soluciones pol\u00edticas para tener un gobierno aprobado por el Parlamento y resalt\u00f3 que la \u00abvotaci\u00f3n con una profunda tendencia hacia la derecha\u00bb tendr\u00e1 que ser considerada en la estructura del futuro gobierno.<\/div>\n<div style=\"text-align: justify\">\n<div style=\"text-align: center\"><img decoding=\"async\" src=\"images\/stories\/09\/11\/231109\/rumano.jpg\" border=\"0\" alt=\"PRESIDENTE RUMANO CUENTA CON LIGERA VENTAJA EN LAS ENCUESTAS DE SALIDA DE ELECCI\u00d3N PRESIDENCIAL\" title=\"PRESIDENTE RUMANO CUENTA CON LIGERA VENTAJA EN LAS ENCUESTAS DE SALIDA DE ELECCI\u00d3N PRESIDENCIAL\" \/><\/div>\n<\/div>\n<div style=\"text-align: justify\">Hoy, se reiniciar\u00e1 desde cero la competencia electoral, dijo Geoana, poco despu\u00e9s de que se dieran a conocer las encuestas de salida, prometiendo respeto a su socios pol\u00edticos, con quienes dijo quiere crear un gobierno estable, eficiente y predecible si gana la segunda vuelta presidencial el 6 de diciembre. \u3000Rumania sostuvo hoy elecciones presidenciales para elegir un nuevo presidente para el siguiente periodo de cinco a\u00f1os. Un total de 12 candidatos entraron a la carrera para competir por el m\u00e1ximo puesto estatal.<\/div>\n<div style=\"text-align: justify\">\u00a0<\/div>\n<div style=\"text-align: justify\">Hasta el 53,52 por ciento de los votantes en las listas electorales hab\u00edan emitido su voto, mientras que el 50,16 por ciento tambi\u00e9n participaron en un referendo sobre la introducci\u00f3n de un Parlamento de una sola c\u00e1mara, as\u00ed como sobre la reducci\u00f3n en el n\u00famero de legisladores, seg\u00fan el Bur\u00f3 Electoral Central. Rumania ha estado en un punto muerto pol\u00edtico desde mediados de octubre cuando el gobierno dem\u00f3crata liberal fue depuesto por un voto de no confianza del Parlamento, el primero en 20 a\u00f1os despu\u00e9s de la ca\u00edda del r\u00e9gimen comunista.<\/div>\n<div style=\"text-align: justify\">\u00a0<\/div>\n<div style=\"text-align: justify\"><strong>Aeronoticias<\/strong> considera resaltante el hecho, de que el presidente Basescu no pudo obtener el apoyo del Parlamento para nombrar un nuevo primer ministro, por lo que es probable que el pa\u00eds no tenga un gobierno leg\u00edtimo antes de la segunda vuelta electoral programada para el 6 de diciembre, haciendo del gobierno actual una suerte de gobierno transitorio que no cuenta con el apoyo del parlamento.<\/div>\n<div style=\"text-align: justify\"><\/div>\n","protected":false},"excerpt":{"rendered":"<p>Las encuestas de salida dan al actual presidente, Traian Basescu, una ligera ventaja en las elecciones presidenciales de Rumania hoy domingo con el 32,8 por ciento de los votos, frente al 31,7 por ciento de su principal rival, Mircea Geoana de los Sociales Dem\u00f3cratas.\u00a0Seg\u00fan la Constituci\u00f3n de Rumania, Basescu y Geoana se enfrentar\u00e1n en la [&hellip;]<\/p>\n","protected":false},"author":1,"featured_media":0,"comment_status":"open","ping_status":"open","sticky":false,"template":"","format":"standard","meta":{"tdm_status":"","tdm_grid_status":"","footnotes":""},"categories":[34],"tags":[],"class_list":{"0":"post-7003","1":"post","2":"type-post","3":"status-publish","4":"format-standard","6":"category-internacionales"},"yoast_head":"<!-- This site is optimized with the Yoast SEO plugin v25.1 - https:\/\/yoast.com\/wordpress\/plugins\/seo\/ -->\n<title>Presidente Rumano cuenta con ligera ventaja en las encuestas de salida de elecci\u00f3n presidencial<\/title>\n<meta name=\"description\" content=\"Portal de noticias del Per\u00fa sobre el transporte a\u00e9reo, aviaci\u00f3n, turismo, hoteleria, actualidad.\" \/>\n<meta name=\"robots\" content=\"index, follow, max-snippet:-1, max-image-preview:large, max-video-preview:-1\" \/>\n<link rel=\"canonical\" href=\"https:\/\/aeronoticias.com.pe\/noticiero\/internacionales\/presidente-rumano-cuenta-con-ligera-ventaja-en-las-encuestas-de-salida-de-eleccion-presidencial\/\" \/>\n<meta property=\"og:locale\" content=\"es_ES\" \/>\n<meta property=\"og:type\" content=\"article\" \/>\n<meta property=\"og:title\" content=\"Presidente Rumano cuenta con ligera ventaja en las encuestas de salida de elecci\u00f3n presidencial\" \/>\n<meta property=\"og:description\" content=\"Portal de noticias del Per\u00fa sobre el transporte a\u00e9reo, aviaci\u00f3n, turismo, hoteleria, actualidad.\" \/>\n<meta property=\"og:url\" content=\"https:\/\/aeronoticias.com.pe\/noticiero\/internacionales\/presidente-rumano-cuenta-con-ligera-ventaja-en-las-encuestas-de-salida-de-eleccion-presidencial\/\" \/>\n<meta property=\"og:site_name\" content=\"Aeronoticias.com.pe\" \/>\n<meta property=\"article:publisher\" content=\"https:\/\/www.facebook.com\/Aeronoticias.com.pe\/\" \/>\n<meta property=\"article:published_time\" content=\"2009-11-23T14:12:58+00:00\" \/>\n<meta name=\"author\" content=\"Redacci\u00f3n Aeronoticias\" \/>\n<meta name=\"twitter:card\" content=\"summary_large_image\" \/>\n<meta name=\"twitter:creator\" content=\"@aeronoticias\" \/>\n<meta name=\"twitter:site\" content=\"@aeronoticias\" \/>\n<meta name=\"twitter:label1\" content=\"Escrito por\" \/>\n\t<meta name=\"twitter:data1\" content=\"Redacci\u00f3n Aeronoticias\" \/>\n\t<meta name=\"twitter:label2\" content=\"Tiempo de lectura\" \/>\n\t<meta name=\"twitter:data2\" content=\"2 minutos\" \/>\n<script type=\"application\/ld+json\" class=\"yoast-schema-graph\">{\"@context\":\"https:\/\/schema.org\",\"@graph\":[{\"@type\":\"WebPage\",\"@id\":\"https:\/\/aeronoticias.com.pe\/noticiero\/internacionales\/presidente-rumano-cuenta-con-ligera-ventaja-en-las-encuestas-de-salida-de-eleccion-presidencial\/\",\"url\":\"https:\/\/aeronoticias.com.pe\/noticiero\/internacionales\/presidente-rumano-cuenta-con-ligera-ventaja-en-las-encuestas-de-salida-de-eleccion-presidencial\/\",\"name\":\"Presidente Rumano cuenta con ligera ventaja en las encuestas de salida de elecci\u00f3n presidencial\",\"isPartOf\":{\"@id\":\"https:\/\/aeronoticias.com.pe\/noticiero\/#website\"},\"datePublished\":\"2009-11-23T14:12:58+00:00\",\"author\":{\"@id\":\"https:\/\/aeronoticias.com.pe\/noticiero\/#\/schema\/person\/fc1e5d578f4b62ba1cf7ac2bba1170a0\"},\"description\":\"Portal de noticias del Per\u00fa sobre el transporte a\u00e9reo, aviaci\u00f3n, turismo, hoteleria, actualidad.\",\"breadcrumb\":{\"@id\":\"https:\/\/aeronoticias.com.pe\/noticiero\/internacionales\/presidente-rumano-cuenta-con-ligera-ventaja-en-las-encuestas-de-salida-de-eleccion-presidencial\/#breadcrumb\"},\"inLanguage\":\"es\",\"potentialAction\":[{\"@type\":\"ReadAction\",\"target\":[\"https:\/\/aeronoticias.com.pe\/noticiero\/internacionales\/presidente-rumano-cuenta-con-ligera-ventaja-en-las-encuestas-de-salida-de-eleccion-presidencial\/\"]}]},{\"@type\":\"BreadcrumbList\",\"@id\":\"https:\/\/aeronoticias.com.pe\/noticiero\/internacionales\/presidente-rumano-cuenta-con-ligera-ventaja-en-las-encuestas-de-salida-de-eleccion-presidencial\/#breadcrumb\",\"itemListElement\":[{\"@type\":\"ListItem\",\"position\":1,\"name\":\"Portada\",\"item\":\"https:\/\/aeronoticias.com.pe\/noticiero\/\"},{\"@type\":\"ListItem\",\"position\":2,\"name\":\"Presidente Rumano cuenta con ligera ventaja en las encuestas de salida de elecci\u00f3n presidencial\"}]},{\"@type\":\"WebSite\",\"@id\":\"https:\/\/aeronoticias.com.pe\/noticiero\/#website\",\"url\":\"https:\/\/aeronoticias.com.pe\/noticiero\/\",\"name\":\"Aeronoticias.com.pe\",\"description\":\"Noticias de tranporte aereo, turismo, hoteles, gastronomia, actualidad, internacional\",\"potentialAction\":[{\"@type\":\"SearchAction\",\"target\":{\"@type\":\"EntryPoint\",\"urlTemplate\":\"https:\/\/aeronoticias.com.pe\/noticiero\/?s={search_term_string}\"},\"query-input\":{\"@type\":\"PropertyValueSpecification\",\"valueRequired\":true,\"valueName\":\"search_term_string\"}}],\"inLanguage\":\"es\"},{\"@type\":\"Person\",\"@id\":\"https:\/\/aeronoticias.com.pe\/noticiero\/#\/schema\/person\/fc1e5d578f4b62ba1cf7ac2bba1170a0\",\"name\":\"Redacci\u00f3n Aeronoticias\",\"url\":\"https:\/\/aeronoticias.com.pe\/noticiero\/author\/piloto\/\"}]}<\/script>\n<!-- \/ Yoast SEO plugin. -->","yoast_head_json":{"title":"Presidente Rumano cuenta con ligera ventaja en las encuestas de salida de elecci\u00f3n presidencial","description":"Portal de noticias del Per\u00fa sobre el transporte a\u00e9reo, aviaci\u00f3n, turismo, hoteleria, actualidad.","robots":{"index":"index","follow":"follow","max-snippet":"max-snippet:-1","max-image-preview":"max-image-preview:large","max-video-preview":"max-video-preview:-1"},"canonical":"https:\/\/aeronoticias.com.pe\/noticiero\/internacionales\/presidente-rumano-cuenta-con-ligera-ventaja-en-las-encuestas-de-salida-de-eleccion-presidencial\/","og_locale":"es_ES","og_type":"article","og_title":"Presidente Rumano cuenta con ligera ventaja en las encuestas de salida de elecci\u00f3n presidencial","og_description":"Portal de noticias del Per\u00fa sobre el transporte a\u00e9reo, aviaci\u00f3n, turismo, hoteleria, actualidad.","og_url":"https:\/\/aeronoticias.com.pe\/noticiero\/internacionales\/presidente-rumano-cuenta-con-ligera-ventaja-en-las-encuestas-de-salida-de-eleccion-presidencial\/","og_site_name":"Aeronoticias.com.pe","article_publisher":"https:\/\/www.facebook.com\/Aeronoticias.com.pe\/","article_published_time":"2009-11-23T14:12:58+00:00","author":"Redacci\u00f3n Aeronoticias","twitter_card":"summary_large_image","twitter_creator":"@aeronoticias","twitter_site":"@aeronoticias","twitter_misc":{"Escrito por":"Redacci\u00f3n Aeronoticias","Tiempo de lectura":"2 minutos"},"schema":{"@context":"https:\/\/schema.org","@graph":[{"@type":"WebPage","@id":"https:\/\/aeronoticias.com.pe\/noticiero\/internacionales\/presidente-rumano-cuenta-con-ligera-ventaja-en-las-encuestas-de-salida-de-eleccion-presidencial\/","url":"https:\/\/aeronoticias.com.pe\/noticiero\/internacionales\/presidente-rumano-cuenta-con-ligera-ventaja-en-las-encuestas-de-salida-de-eleccion-presidencial\/","name":"Presidente Rumano cuenta con ligera ventaja en las encuestas de salida de elecci\u00f3n presidencial","isPartOf":{"@id":"https:\/\/aeronoticias.com.pe\/noticiero\/#website"},"datePublished":"2009-11-23T14:12:58+00:00","author":{"@id":"https:\/\/aeronoticias.com.pe\/noticiero\/#\/schema\/person\/fc1e5d578f4b62ba1cf7ac2bba1170a0"},"description":"Portal de noticias del Per\u00fa sobre el transporte a\u00e9reo, aviaci\u00f3n, turismo, hoteleria, actualidad.","breadcrumb":{"@id":"https:\/\/aeronoticias.com.pe\/noticiero\/internacionales\/presidente-rumano-cuenta-con-ligera-ventaja-en-las-encuestas-de-salida-de-eleccion-presidencial\/#breadcrumb"},"inLanguage":"es","potentialAction":[{"@type":"ReadAction","target":["https:\/\/aeronoticias.com.pe\/noticiero\/internacionales\/presidente-rumano-cuenta-con-ligera-ventaja-en-las-encuestas-de-salida-de-eleccion-presidencial\/"]}]},{"@type":"BreadcrumbList","@id":"https:\/\/aeronoticias.com.pe\/noticiero\/internacionales\/presidente-rumano-cuenta-con-ligera-ventaja-en-las-encuestas-de-salida-de-eleccion-presidencial\/#breadcrumb","itemListElement":[{"@type":"ListItem","position":1,"name":"Portada","item":"https:\/\/aeronoticias.com.pe\/noticiero\/"},{"@type":"ListItem","position":2,"name":"Presidente Rumano cuenta con ligera ventaja en las encuestas de salida de elecci\u00f3n presidencial"}]},{"@type":"WebSite","@id":"https:\/\/aeronoticias.com.pe\/noticiero\/#website","url":"https:\/\/aeronoticias.com.pe\/noticiero\/","name":"Aeronoticias.com.pe","description":"Noticias de tranporte aereo, turismo, hoteles, gastronomia, actualidad, internacional","potentialAction":[{"@type":"SearchAction","target":{"@type":"EntryPoint","urlTemplate":"https:\/\/aeronoticias.com.pe\/noticiero\/?s={search_term_string}"},"query-input":{"@type":"PropertyValueSpecification","valueRequired":true,"valueName":"search_term_string"}}],"inLanguage":"es"},{"@type":"Person","@id":"https:\/\/aeronoticias.com.pe\/noticiero\/#\/schema\/person\/fc1e5d578f4b62ba1cf7ac2bba1170a0","name":"Redacci\u00f3n Aeronoticias","url":"https:\/\/aeronoticias.com.pe\/noticiero\/author\/piloto\/"}]}},"_links":{"self":[{"href":"https:\/\/aeronoticias.com.pe\/noticiero\/wp-json\/wp\/v2\/posts\/7003","targetHints":{"allow":["GET"]}}],"collection":[{"href":"https:\/\/aeronoticias.com.pe\/noticiero\/wp-json\/wp\/v2\/posts"}],"about":[{"href":"https:\/\/aeronoticias.com.pe\/noticiero\/wp-json\/wp\/v2\/types\/post"}],"author":[{"embeddable":true,"href":"https:\/\/aeronoticias.com.pe\/noticiero\/wp-json\/wp\/v2\/users\/1"}],"replies":[{"embeddable":true,"href":"https:\/\/aeronoticias.com.pe\/noticiero\/wp-json\/wp\/v2\/comments?post=7003"}],"version-history":[{"count":0,"href":"https:\/\/aeronoticias.com.pe\/noticiero\/wp-json\/wp\/v2\/posts\/7003\/revisions"}],"wp:attachment":[{"href":"https:\/\/aeronoticias.com.pe\/noticiero\/wp-json\/wp\/v2\/media?parent=7003"}],"wp:term":[{"taxonomy":"category","embeddable":true,"href":"https:\/\/aeronoticias.com.pe\/noticiero\/wp-json\/wp\/v2\/categories?post=7003"},{"taxonomy":"post_tag","embeddable":true,"href":"https:\/\/aeronoticias.com.pe\/noticiero\/wp-json\/wp\/v2\/tags?post=7003"}],"curies":[{"name":"wp","href":"https:\/\/api.w.org\/{rel}","templated":true}]}}