{"id":7004,"date":"2009-11-23T14:14:37","date_gmt":"2009-11-23T14:14:37","guid":{"rendered":"http:\/\/desarrollo.mcvicious.com\/aero2020\/2009\/11\/23\/astronautas-del-atlantis-completan-segundo-paseo-espacial-de-su-mision\/"},"modified":"2009-11-23T14:14:37","modified_gmt":"2009-11-23T14:14:37","slug":"astronautas-del-atlantis-completan-segundo-paseo-espacial-de-su-mision","status":"publish","type":"post","link":"https:\/\/aeronoticias.com.pe\/noticiero\/27\/astronautas-del-atlantis-completan-segundo-paseo-espacial-de-su-mision\/","title":{"rendered":"Astronautas del Atlantis completan segundo paseo espacial de su misi\u00f3n"},"content":{"rendered":"<div style=\"text-align: justify\">Los astronautas estadounidenses Mike Forman y Randy Bresnik concluyeron el s\u00e1bado el segundo paseo espacial de la misi\u00f3n STS-129 del transbordador Atlantis.\u00a0El comienzo del paseo, que dur\u00f3 seis horas y ochos minutos, se produjo un poco m\u00e1s tarde de lo planeado sobre las 1430 GMT, debido a que son\u00f3 una falsa alarma de despresurizaci\u00f3n en la estaci\u00f3n a las 0253 GMT del s\u00e1bado, interrumpiendo el sue\u00f1o de la tripulaci\u00f3n y los preparativos de los astronautas en la c\u00e1mara de descompresi\u00f3n Quest. Los astronautas que iban a realizar el paseo completaron el proceso de reducir el nitr\u00f3geno en su sangre haciendo ejercicio mientras respiraban ox\u00edgeno.<\/p>\n<\/div>\n<div style=\"text-align: justify\">Foreman y Bresnik instalaron una antena en el m\u00f3dulo Columbus de la Estaci\u00f3n Espacial Internacional (EEI), recolocaron la unidad flotante de medici\u00f3n de potencia en el muelle 1, y desplegaron un segundo sistema de acoplamiento de carga (PAS) en la parte superior del muelle 3 de estribor.<\/p>\n<div style=\"text-align: center\"><img decoding=\"async\" src=\"images\/stories\/09\/11\/231109\/atlatis.jpg\" border=\"0\" alt=\"ASTRONAUTAS DEL ATLANTIS COMPLETAN SEGUNDO PASEO ESPACIAL DE SU MISI\u00d3N\" title=\"ASTRONAUTAS DEL ATLANTIS COMPLETAN SEGUNDO PASEO ESPACIAL DE SU MISI\u00d3N\" \/><\/div>\n<p><\/div>\n<div style=\"text-align: justify\">Despu\u00e9s de completar la instalaci\u00f3n de un sistema de v\u00eddeo sin cables en el muelle 3 de estribor una hora antes de lo programado, los astronautas tuvieron tiempo para adelantar una tarea. Foreman y Bresnik desplegaron un tercer PAS, \u00e9ste en la cara orientada hacia la Tierra del muelle 3 de estribor. Esta tarea, programada en principio para el tercer paseo espacial, fue completada r\u00e1pidamente y sin complicaciones.<\/div>\n<div style=\"text-align: justify\"><\/div>\n<div style=\"text-align: justify\">El Atlantis despeg\u00f3 del Centro Espacial Kennedy de Florida el lunes. En su vuelo de 11 d\u00edas se incluyen tres paseos espaciales y la instalaci\u00f3n de dos plataformas en el armaz\u00f3n de la estaci\u00f3n, su columna vertebral. Las plataformas tendr\u00e1n partes de respuesto para apoyar las operaciones de la estaci\u00f3n tras la retirada de los transbordadores. Hay un paseo espacial m\u00e1s programado para el lunes. El transbordador se quedar\u00e1 en la EEI hasta el d\u00eda antes de Acci\u00f3n de Gracias, y aterrizar\u00e1 el d\u00eda despu\u00e9s.<\/div>\n<div style=\"text-align: justify\"><\/div>\n<div style=\"text-align: justify\">La misi\u00f3n STS-129 de Atlantis es la quinta de la NASA y la \u00faltima misi\u00f3n de un transbordador en 2009. Hay otros cinco lanzamientos de transbordadores programados antes de la retirada de la flota de transbordadores espaciales en septiembre de 2010, seg\u00fan lo previsto.<\/div>\n<div style=\"text-align: justify\"><\/div>\n","protected":false},"excerpt":{"rendered":"<p>Los astronautas estadounidenses Mike Forman y Randy Bresnik concluyeron el s\u00e1bado el segundo paseo espacial de la misi\u00f3n STS-129 del transbordador Atlantis.\u00a0El comienzo del paseo, que dur\u00f3 seis horas y ochos minutos, se produjo un poco m\u00e1s tarde de lo planeado sobre las 1430 GMT, debido a que son\u00f3 una falsa alarma de despresurizaci\u00f3n en [&hellip;]<\/p>\n","protected":false},"author":1,"featured_media":0,"comment_status":"open","ping_status":"open","sticky":false,"template":"","format":"standard","meta":{"tdm_status":"","tdm_grid_status":"","footnotes":""},"categories":[35],"tags":[],"class_list":{"0":"post-7004","1":"post","2":"type-post","3":"status-publish","4":"format-standard","6":"category-35"},"yoast_head":"<!-- This site is optimized with the Yoast SEO plugin v25.1 - https:\/\/yoast.com\/wordpress\/plugins\/seo\/ -->\n<title>Astronautas del Atlantis completan segundo paseo espacial de su misi\u00f3n<\/title>\n<meta name=\"description\" content=\"Portal de noticias del Per\u00fa sobre el transporte a\u00e9reo, aviaci\u00f3n, turismo, hoteleria, actualidad.\" \/>\n<meta name=\"robots\" content=\"index, follow, max-snippet:-1, max-image-preview:large, max-video-preview:-1\" \/>\n<link rel=\"canonical\" href=\"https:\/\/aeronoticias.com.pe\/noticiero\/27\/astronautas-del-atlantis-completan-segundo-paseo-espacial-de-su-mision\/\" \/>\n<meta property=\"og:locale\" content=\"es_ES\" \/>\n<meta property=\"og:type\" content=\"article\" \/>\n<meta property=\"og:title\" content=\"Astronautas del Atlantis completan segundo paseo espacial de su misi\u00f3n\" \/>\n<meta property=\"og:description\" content=\"Portal de noticias del Per\u00fa sobre el transporte a\u00e9reo, aviaci\u00f3n, turismo, hoteleria, actualidad.\" \/>\n<meta property=\"og:url\" content=\"https:\/\/aeronoticias.com.pe\/noticiero\/27\/astronautas-del-atlantis-completan-segundo-paseo-espacial-de-su-mision\/\" \/>\n<meta property=\"og:site_name\" content=\"Aeronoticias.com.pe\" \/>\n<meta property=\"article:publisher\" content=\"https:\/\/www.facebook.com\/Aeronoticias.com.pe\/\" \/>\n<meta property=\"article:published_time\" content=\"2009-11-23T14:14:37+00:00\" \/>\n<meta name=\"author\" content=\"Redacci\u00f3n Aeronoticias\" \/>\n<meta name=\"twitter:card\" content=\"summary_large_image\" \/>\n<meta name=\"twitter:creator\" content=\"@aeronoticias\" \/>\n<meta name=\"twitter:site\" content=\"@aeronoticias\" \/>\n<meta name=\"twitter:label1\" content=\"Escrito por\" \/>\n\t<meta name=\"twitter:data1\" content=\"Redacci\u00f3n Aeronoticias\" \/>\n\t<meta name=\"twitter:label2\" content=\"Tiempo de lectura\" \/>\n\t<meta name=\"twitter:data2\" content=\"2 minutos\" \/>\n<script type=\"application\/ld+json\" class=\"yoast-schema-graph\">{\"@context\":\"https:\/\/schema.org\",\"@graph\":[{\"@type\":\"WebPage\",\"@id\":\"https:\/\/aeronoticias.com.pe\/noticiero\/27\/astronautas-del-atlantis-completan-segundo-paseo-espacial-de-su-mision\/\",\"url\":\"https:\/\/aeronoticias.com.pe\/noticiero\/27\/astronautas-del-atlantis-completan-segundo-paseo-espacial-de-su-mision\/\",\"name\":\"Astronautas del Atlantis completan segundo paseo espacial de su misi\u00f3n\",\"isPartOf\":{\"@id\":\"https:\/\/aeronoticias.com.pe\/noticiero\/#website\"},\"datePublished\":\"2009-11-23T14:14:37+00:00\",\"author\":{\"@id\":\"https:\/\/aeronoticias.com.pe\/noticiero\/#\/schema\/person\/fc1e5d578f4b62ba1cf7ac2bba1170a0\"},\"description\":\"Portal de noticias del Per\u00fa sobre el transporte a\u00e9reo, aviaci\u00f3n, turismo, hoteleria, actualidad.\",\"breadcrumb\":{\"@id\":\"https:\/\/aeronoticias.com.pe\/noticiero\/27\/astronautas-del-atlantis-completan-segundo-paseo-espacial-de-su-mision\/#breadcrumb\"},\"inLanguage\":\"es\",\"potentialAction\":[{\"@type\":\"ReadAction\",\"target\":[\"https:\/\/aeronoticias.com.pe\/noticiero\/27\/astronautas-del-atlantis-completan-segundo-paseo-espacial-de-su-mision\/\"]}]},{\"@type\":\"BreadcrumbList\",\"@id\":\"https:\/\/aeronoticias.com.pe\/noticiero\/27\/astronautas-del-atlantis-completan-segundo-paseo-espacial-de-su-mision\/#breadcrumb\",\"itemListElement\":[{\"@type\":\"ListItem\",\"position\":1,\"name\":\"Portada\",\"item\":\"https:\/\/aeronoticias.com.pe\/noticiero\/\"},{\"@type\":\"ListItem\",\"position\":2,\"name\":\"Astronautas del Atlantis completan segundo paseo espacial de su misi\u00f3n\"}]},{\"@type\":\"WebSite\",\"@id\":\"https:\/\/aeronoticias.com.pe\/noticiero\/#website\",\"url\":\"https:\/\/aeronoticias.com.pe\/noticiero\/\",\"name\":\"Aeronoticias.com.pe\",\"description\":\"Noticias de tranporte aereo, turismo, hoteles, gastronomia, actualidad, internacional\",\"potentialAction\":[{\"@type\":\"SearchAction\",\"target\":{\"@type\":\"EntryPoint\",\"urlTemplate\":\"https:\/\/aeronoticias.com.pe\/noticiero\/?s={search_term_string}\"},\"query-input\":{\"@type\":\"PropertyValueSpecification\",\"valueRequired\":true,\"valueName\":\"search_term_string\"}}],\"inLanguage\":\"es\"},{\"@type\":\"Person\",\"@id\":\"https:\/\/aeronoticias.com.pe\/noticiero\/#\/schema\/person\/fc1e5d578f4b62ba1cf7ac2bba1170a0\",\"name\":\"Redacci\u00f3n Aeronoticias\",\"url\":\"https:\/\/aeronoticias.com.pe\/noticiero\/author\/piloto\/\"}]}<\/script>\n<!-- \/ Yoast SEO plugin. -->","yoast_head_json":{"title":"Astronautas del Atlantis completan segundo paseo espacial de su misi\u00f3n","description":"Portal de noticias del Per\u00fa sobre el transporte a\u00e9reo, aviaci\u00f3n, turismo, hoteleria, actualidad.","robots":{"index":"index","follow":"follow","max-snippet":"max-snippet:-1","max-image-preview":"max-image-preview:large","max-video-preview":"max-video-preview:-1"},"canonical":"https:\/\/aeronoticias.com.pe\/noticiero\/27\/astronautas-del-atlantis-completan-segundo-paseo-espacial-de-su-mision\/","og_locale":"es_ES","og_type":"article","og_title":"Astronautas del Atlantis completan segundo paseo espacial de su misi\u00f3n","og_description":"Portal de noticias del Per\u00fa sobre el transporte a\u00e9reo, aviaci\u00f3n, turismo, hoteleria, actualidad.","og_url":"https:\/\/aeronoticias.com.pe\/noticiero\/27\/astronautas-del-atlantis-completan-segundo-paseo-espacial-de-su-mision\/","og_site_name":"Aeronoticias.com.pe","article_publisher":"https:\/\/www.facebook.com\/Aeronoticias.com.pe\/","article_published_time":"2009-11-23T14:14:37+00:00","author":"Redacci\u00f3n Aeronoticias","twitter_card":"summary_large_image","twitter_creator":"@aeronoticias","twitter_site":"@aeronoticias","twitter_misc":{"Escrito por":"Redacci\u00f3n Aeronoticias","Tiempo de lectura":"2 minutos"},"schema":{"@context":"https:\/\/schema.org","@graph":[{"@type":"WebPage","@id":"https:\/\/aeronoticias.com.pe\/noticiero\/27\/astronautas-del-atlantis-completan-segundo-paseo-espacial-de-su-mision\/","url":"https:\/\/aeronoticias.com.pe\/noticiero\/27\/astronautas-del-atlantis-completan-segundo-paseo-espacial-de-su-mision\/","name":"Astronautas del Atlantis completan segundo paseo espacial de su misi\u00f3n","isPartOf":{"@id":"https:\/\/aeronoticias.com.pe\/noticiero\/#website"},"datePublished":"2009-11-23T14:14:37+00:00","author":{"@id":"https:\/\/aeronoticias.com.pe\/noticiero\/#\/schema\/person\/fc1e5d578f4b62ba1cf7ac2bba1170a0"},"description":"Portal de noticias del Per\u00fa sobre el transporte a\u00e9reo, aviaci\u00f3n, turismo, hoteleria, actualidad.","breadcrumb":{"@id":"https:\/\/aeronoticias.com.pe\/noticiero\/27\/astronautas-del-atlantis-completan-segundo-paseo-espacial-de-su-mision\/#breadcrumb"},"inLanguage":"es","potentialAction":[{"@type":"ReadAction","target":["https:\/\/aeronoticias.com.pe\/noticiero\/27\/astronautas-del-atlantis-completan-segundo-paseo-espacial-de-su-mision\/"]}]},{"@type":"BreadcrumbList","@id":"https:\/\/aeronoticias.com.pe\/noticiero\/27\/astronautas-del-atlantis-completan-segundo-paseo-espacial-de-su-mision\/#breadcrumb","itemListElement":[{"@type":"ListItem","position":1,"name":"Portada","item":"https:\/\/aeronoticias.com.pe\/noticiero\/"},{"@type":"ListItem","position":2,"name":"Astronautas del Atlantis completan segundo paseo espacial de su misi\u00f3n"}]},{"@type":"WebSite","@id":"https:\/\/aeronoticias.com.pe\/noticiero\/#website","url":"https:\/\/aeronoticias.com.pe\/noticiero\/","name":"Aeronoticias.com.pe","description":"Noticias de tranporte aereo, turismo, hoteles, gastronomia, actualidad, internacional","potentialAction":[{"@type":"SearchAction","target":{"@type":"EntryPoint","urlTemplate":"https:\/\/aeronoticias.com.pe\/noticiero\/?s={search_term_string}"},"query-input":{"@type":"PropertyValueSpecification","valueRequired":true,"valueName":"search_term_string"}}],"inLanguage":"es"},{"@type":"Person","@id":"https:\/\/aeronoticias.com.pe\/noticiero\/#\/schema\/person\/fc1e5d578f4b62ba1cf7ac2bba1170a0","name":"Redacci\u00f3n Aeronoticias","url":"https:\/\/aeronoticias.com.pe\/noticiero\/author\/piloto\/"}]}},"_links":{"self":[{"href":"https:\/\/aeronoticias.com.pe\/noticiero\/wp-json\/wp\/v2\/posts\/7004","targetHints":{"allow":["GET"]}}],"collection":[{"href":"https:\/\/aeronoticias.com.pe\/noticiero\/wp-json\/wp\/v2\/posts"}],"about":[{"href":"https:\/\/aeronoticias.com.pe\/noticiero\/wp-json\/wp\/v2\/types\/post"}],"author":[{"embeddable":true,"href":"https:\/\/aeronoticias.com.pe\/noticiero\/wp-json\/wp\/v2\/users\/1"}],"replies":[{"embeddable":true,"href":"https:\/\/aeronoticias.com.pe\/noticiero\/wp-json\/wp\/v2\/comments?post=7004"}],"version-history":[{"count":0,"href":"https:\/\/aeronoticias.com.pe\/noticiero\/wp-json\/wp\/v2\/posts\/7004\/revisions"}],"wp:attachment":[{"href":"https:\/\/aeronoticias.com.pe\/noticiero\/wp-json\/wp\/v2\/media?parent=7004"}],"wp:term":[{"taxonomy":"category","embeddable":true,"href":"https:\/\/aeronoticias.com.pe\/noticiero\/wp-json\/wp\/v2\/categories?post=7004"},{"taxonomy":"post_tag","embeddable":true,"href":"https:\/\/aeronoticias.com.pe\/noticiero\/wp-json\/wp\/v2\/tags?post=7004"}],"curies":[{"name":"wp","href":"https:\/\/api.w.org\/{rel}","templated":true}]}}