{"id":70560,"date":"2021-03-10T11:43:40","date_gmt":"2021-03-10T16:43:40","guid":{"rendered":"https:\/\/aeronoticias.com.pe\/noticiero\/?p=70560"},"modified":"2021-03-10T11:57:36","modified_gmt":"2021-03-10T16:57:36","slug":"los-opositores-a-la-soberania-aerea-del-peru-serian-los-podridos-y-los-prostituidos-en-el-pensamiento-de-basadre","status":"publish","type":"post","link":"https:\/\/aeronoticias.com.pe\/noticiero\/ultimas\/1\/los-opositores-a-la-soberania-aerea-del-peru-serian-los-podridos-y-los-prostituidos-en-el-pensamiento-de-basadre\/","title":{"rendered":"Los opositores a la Soberan\u00eda A\u00e9rea del Per\u00fa ser\u00edan \u00ablos Podridos y los Prostituidos\u00bb en el pensamiento de Basadre"},"content":{"rendered":"\n<p><strong>(Aeronoticias)<\/strong> El historiador Jorge Basadre Grohmann al abrazar la historia del Per\u00fa como disciplina, lo hizo no tanto para entender el pasado, sino para comprender el presente y dilucidar mejor el porvenir <a href=\"https:\/\/elcomercio.pe\/eldominical\/actualidad\/historiador-imaginaba-futuro-homenaje-basadre-385617-noticia\/#:~:text=Uno%20de%20sus%20disc%C3%ADpulos%2C%20el,Independencia%20hasta%20el%20siglo%20XX.\" target=\"_blank\" rel=\"noreferrer noopener\">El historiador que imaginaba el futuro: Homenaje a Basadre.<\/a><br><br>En su ensayo juvenil \u00abPer\u00fa: problema y posibilidad\u00bb escrito en 1931, identifica con el sentido metaf\u00f3rico que siempre le impuso a su prosa, los 3 grandes enemigos que han impedido la promesa peruana: los Podridos, los Congelados y los Incendiados\u00bb.<br><br>Hoy 4 d\u00e9cadas despu\u00e9s de la muerte del historiador, trataremos de entender su pensamiento en defensa de la Soberan\u00eda A\u00e9rea del Per\u00fa en la utilizaci\u00f3n y uso del espacio a\u00e9reo, que tiene como antecedente hist\u00f3rico el primer documento de pol\u00edtica a\u00e9rea internacional elaborado por orden de la Resoluci\u00f3n Suprema 0080-83TC del Presidente Fernando Belaunde Terry del 05 de agosto de 1983,en donde la Comisi\u00f3n de Juristas Expertos en Derecho A\u00e9reo que presidiera Juli\u00e1n Palacin e integraran Alfredo Gildemeister Mart\u00ednez, Guillermo Velaochaga Miranda y Gonzalo Torres Hern\u00e1ndez, doctrinariamente consider\u00f3 que la utilizaci\u00f3n y uso del espacio a\u00e9reo es patrimonio econ\u00f3mico de la Naci\u00f3n y en consecuencia debe beneficiar a la econom\u00eda peruana. Documento hist\u00f3rico del Presidente Bela\u00fande sobre nombramiento de Juristas que elaboraron el primer documento de Pol\u00edtica A\u00e9rea Internacional. <a href=\"https:\/\/aeronoticias.com.pe\/noticiero\/documento-historico-del-presidente-belaunde-sobre-nombramiento-de-juristas-que-elaboraron-el-primer-documento-de-politica-aerea-internacional\/\" target=\"_blank\" rel=\"noreferrer noopener\">Documento hist\u00f3rico del Presidente Bela\u00fande sobre nombramiento de Juristas que elaboraron el primer documento de Pol\u00edtica A\u00e9rea Internacional<\/a>.<\/p>\n\n\n\n<figure class=\"wp-block-gallery columns-1 is-cropped wp-block-gallery-1 is-layout-flex wp-block-gallery-is-layout-flex\"><ul class=\"blocks-gallery-grid\"><li class=\"blocks-gallery-item\"><figure><img loading=\"lazy\" decoding=\"async\" width=\"1024\" height=\"723\" src=\"https:\/\/aeronoticias.com.pe\/noticiero\/wp-content\/uploads\/2020\/12\/nombramientojuristas83-1024x723.jpg\" alt=\"\" data-id=\"67894\" data-full-url=\"https:\/\/aeronoticias.com.pe\/noticiero\/wp-content\/uploads\/2020\/12\/nombramientojuristas83.jpg\" data-link=\"https:\/\/aeronoticias.com.pe\/noticiero\/documento-historico-del-presidente-belaunde-sobre-nombramiento-de-juristas-que-elaboraron-el-primer-documento-de-politica-aerea-internacional\/nombramientojuristas83\/\" class=\"wp-image-67894\" srcset=\"https:\/\/aeronoticias.com.pe\/noticiero\/wp-content\/uploads\/2020\/12\/nombramientojuristas83-1024x723.jpg 1024w, https:\/\/aeronoticias.com.pe\/noticiero\/wp-content\/uploads\/2020\/12\/nombramientojuristas83-300x212.jpg 300w, https:\/\/aeronoticias.com.pe\/noticiero\/wp-content\/uploads\/2020\/12\/nombramientojuristas83-768x542.jpg 768w, https:\/\/aeronoticias.com.pe\/noticiero\/wp-content\/uploads\/2020\/12\/nombramientojuristas83-150x106.jpg 150w, https:\/\/aeronoticias.com.pe\/noticiero\/wp-content\/uploads\/2020\/12\/nombramientojuristas83-696x491.jpg 696w, https:\/\/aeronoticias.com.pe\/noticiero\/wp-content\/uploads\/2020\/12\/nombramientojuristas83-1068x754.jpg 1068w, https:\/\/aeronoticias.com.pe\/noticiero\/wp-content\/uploads\/2020\/12\/nombramientojuristas83.jpg 1373w\" sizes=\"auto, (max-width: 1024px) 100vw, 1024px\" \/><\/figure><\/li><\/ul><\/figure>\n\n\n\n<p><br>En esta etapa hist\u00f3rica y hasta la actualidad, el Instituto Peruano de Derecho A\u00e9reo (IPDA), creador de esta Doctrina Jur\u00eddica de Derecho A\u00e9reo peruana la ha honrado y la ha defendido en el marco del pensamiento Basadre de que el \u00abhistoricismo puramente erudito que entrega canteras y no construye edificios, que dijo en su \u00faltimo discurso antes de morir Basadre, convirti\u00e9ndose en el pensador de lo posible y de lo so\u00f1ado, de lo esperado en una Naci\u00f3n que era y es como \u00e9l mismo la defini\u00f3, m\u00e1s una promesa que una realidad, y ah\u00ed radica la vigencia de su obra hist\u00f3rica que no se agota en contarnos solo lo que sucedi\u00f3, sino en el riesgo que toma para entrever lo que vendr\u00e1.<br><br>Este pensamiento es aplicable a la defensa de la Soberan\u00eda A\u00e9rea del Per\u00fa y a nuestro derecho a tener una L\u00ednea A\u00e9rea de Bandera de bajo costo, en la hoja de ruta del Proyecto de Ley 6153-2020-CR, aprobado en la Comisi\u00f3n de Transportes del Congreso de la Rep\u00fablica que crea \u00abALPERU\u00bb, la L\u00ednea A\u00e9rea de Bandera de bajo costo del Per\u00fa.<br><br>Frente a esta iniciativa soberana del Per\u00fa se vienen levantando voces al servicio de intereses de empresas de aviaci\u00f3n extranjeras, algunas de ellas l\u00edneas a\u00e9reas de bandera de otros pa\u00edses, que se oponen a que el Per\u00fa recupere la Soberan\u00eda A\u00e9rea y tenga su L\u00ednea A\u00e9rea de Bandera, es por ello, que citamos lo que dice Basadre y que tiene enorme vigencia hist\u00f3rica: los Podridos han prostituido y prostituyen palabras, conceptos, hechos e instituciones al servicio de sus medros, de sus granjer\u00edas, de sus instintitos y apasionamientos. Los congelados se han encerrado dentro de ellos mismos, no miran sino a quienes son sus iguales y a quienes son sus dependientes, considerando que nada m\u00e1s existe.<\/p>\n\n\n\n<figure class=\"wp-block-image size-large\"><img loading=\"lazy\" decoding=\"async\" width=\"1024\" height=\"468\" src=\"https:\/\/aeronoticias.com.pe\/noticiero\/wp-content\/uploads\/2020\/10\/librolineaereabandera-1024x468.jpg\" alt=\"\" class=\"wp-image-63572\" srcset=\"https:\/\/aeronoticias.com.pe\/noticiero\/wp-content\/uploads\/2020\/10\/librolineaereabandera-1024x468.jpg 1024w, https:\/\/aeronoticias.com.pe\/noticiero\/wp-content\/uploads\/2020\/10\/librolineaereabandera-300x137.jpg 300w, https:\/\/aeronoticias.com.pe\/noticiero\/wp-content\/uploads\/2020\/10\/librolineaereabandera-768x351.jpg 768w, https:\/\/aeronoticias.com.pe\/noticiero\/wp-content\/uploads\/2020\/10\/librolineaereabandera-150x69.jpg 150w, https:\/\/aeronoticias.com.pe\/noticiero\/wp-content\/uploads\/2020\/10\/librolineaereabandera-696x318.jpg 696w, https:\/\/aeronoticias.com.pe\/noticiero\/wp-content\/uploads\/2020\/10\/librolineaereabandera-1068x488.jpg 1068w, https:\/\/aeronoticias.com.pe\/noticiero\/wp-content\/uploads\/2020\/10\/librolineaereabandera.jpg 1258w\" sizes=\"auto, (max-width: 1024px) 100vw, 1024px\" \/><\/figure>\n\n\n\n<p>Los Incendiados se queman sin iluminar, se agitan sin construir. \u00abLos Podridos han hecho y hacen todo lo posible para que este pa\u00eds sea una chacra\u00bb, dice el historiador Jorge Basadre Grohmann agregando \u00ablos Congelados lo ven como un p\u00e1ramo; y los Incendiados quisieran prender explosivos y verter veneno para que surja una gigantesca fogata\u00bb. Toda la clave del futuro est\u00e1 ah\u00ed: que el Per\u00fa escape del peligro de no ser sino una chacra, dice el historiador, lo que significa que honrando su memoria el Instituto Peruano de Derecho A\u00e9reo (IPDA), que preside Juli\u00e1n Palacin, nos recuerda que en la defensa de la Soberan\u00eda A\u00e9rea del Per\u00fa en la utilizaci\u00f3n del espacio a\u00e9reo las inagotables frases y met\u00e1foras que han iluminado el entendimiento del pasado, ignorando que el verdadero Per\u00fa es todav\u00eda un problema sin entender que debemos dejar la amargura y el desencanto de los fracasos, a que no podemos ignorar como dice el historiador Basadre que el Per\u00fa es una posibilidad y que nos lleve a reclamar el derecho de desarrollar la Aviaci\u00f3n Civil del Per\u00fa, fortalecer la industria a\u00e9rea peruana y consolidar el sue\u00f1o de tener una L\u00ednea A\u00e9rea de Bandera del Per\u00fa que apoye la defensa y la seguridad nacional y que sirva las rutas a\u00e9reas no servidas o insuficientemente servidas y que apoye los grandes objetivos nacionales del Per\u00fa en materia de integraci\u00f3n nacional e internacional, comercio exterior y turismo.<br><br>Por \u00faltimo, reflexionamos cuanta falta nos hace una L\u00ednea A\u00e9rea de Bandera durante esta Pandemia del COVID-19, otros pa\u00edses entre los 150 del mundo que tienen L\u00edneas A\u00e9reas de Bandera estuvieron mejor preparados, ahora nos toca pensar construyendo el futuro si vamos a tener o no una L\u00ednea A\u00e9rea de Bandera, como lo dise\u00f1\u00f3 el pensamiento del <a href=\"https:\/\/es.scribd.com\/doc\/192155127\/Linea-Aerea-de-Bandera\" target=\"_blank\" rel=\"noreferrer noopener\">Libro L\u00ednea A\u00e9rea de Bandera de bajo costo<\/a>, que inspira el Proyecto de Ley 6153-2020-CR aprobado por la Comisi\u00f3n de Transportes del Congreso de la Rep\u00fablica del Per\u00fa.<\/p>\n\n\n\n<p><a href=\"https:\/\/elcomercio.pe\/eldominical\/actualidad\/historiador-imaginaba-futuro-homenaje-basadre-385617-noticia\/#:~:text=Uno%20de%20sus%20disc%C3%ADpulos%2C%20el,Independencia%20hasta%20el%20siglo%20XX.\" target=\"_blank\" rel=\"noreferrer noopener\">El historiador que imaginaba el futuro: Homenaje a Basadre<\/a><\/p>\n\n\n\n<p><a href=\"https:\/\/aeronoticias.com.pe\/noticiero\/documento-historico-del-presidente-belaunde-sobre-nombramiento-de-juristas-que-elaboraron-el-primer-documento-de-politica-aerea-internacional\/\" target=\"_blank\" rel=\"noreferrer noopener\">Documento hist\u00f3rico del Presidente Bela\u00fande sobre nombramiento de Juristas que elaboraron el primer documento de Pol\u00edtica A\u00e9rea Internacional<\/a><\/p>\n\n\n\n<p><a href=\"https:\/\/es.scribd.com\/doc\/192155127\/Linea-Aerea-de-Bandera\" target=\"_blank\" rel=\"noreferrer noopener\">Libro L\u00ednea A\u00e9rea de Bandera de bajo costo<\/a><\/p>\n\n\n\n<p><\/p>\n","protected":false},"excerpt":{"rendered":"<p>(Aeronoticias) El historiador Jorge Basadre Grohmann al abrazar la historia del Per\u00fa como disciplina, lo hizo no tanto para entender el pasado, sino para comprender el presente y dilucidar mejor el porvenir El historiador que imaginaba el futuro: Homenaje a Basadre. En su ensayo juvenil \u00abPer\u00fa: problema y posibilidad\u00bb escrito en 1931, identifica con el [&hellip;]<\/p>\n","protected":false},"author":3,"featured_media":70584,"comment_status":"open","ping_status":"open","sticky":false,"template":"","format":"standard","meta":{"tdm_status":"","tdm_grid_status":"","footnotes":""},"categories":[8,30],"tags":[418,1188,97,1284],"class_list":{"0":"post-70560","1":"post","2":"type-post","3":"status-publish","4":"format-standard","5":"has-post-thumbnail","7":"category-ultimas","8":"category-30","9":"tag-ipda","10":"tag-julian-palacin-2","11":"tag-peru","12":"tag-soberania-aerea"},"yoast_head":"<!-- This site is optimized with the Yoast SEO plugin v25.1 - https:\/\/yoast.com\/wordpress\/plugins\/seo\/ -->\n<title>Los opositores a la Soberan\u00eda A\u00e9rea del Per\u00fa ser\u00edan &quot;los Podridos y los Prostituidos&quot; en el pensamiento de Basadre<\/title>\n<meta name=\"description\" content=\"Doctrina de Derecho del Instituto Peruano de Derecho A\u00e9reo (IPDA) se inspira en el pensamiento del historiador Jorge Basadre Grohmann.\" \/>\n<meta name=\"robots\" content=\"index, follow, max-snippet:-1, max-image-preview:large, max-video-preview:-1\" \/>\n<link rel=\"canonical\" href=\"https:\/\/aeronoticias.com.pe\/noticiero\/ultimas\/1\/los-opositores-a-la-soberania-aerea-del-peru-serian-los-podridos-y-los-prostituidos-en-el-pensamiento-de-basadre\/\" \/>\n<meta property=\"og:locale\" content=\"es_ES\" \/>\n<meta property=\"og:type\" content=\"article\" \/>\n<meta property=\"og:title\" content=\"Los opositores a la Soberan\u00eda A\u00e9rea del Per\u00fa ser\u00edan &quot;los Podridos y los Prostituidos&quot; en el pensamiento de Basadre\" \/>\n<meta property=\"og:description\" content=\"Doctrina de Derecho del Instituto Peruano de Derecho A\u00e9reo (IPDA) se inspira en el pensamiento del historiador Jorge Basadre Grohmann.\" \/>\n<meta property=\"og:url\" content=\"https:\/\/aeronoticias.com.pe\/noticiero\/ultimas\/1\/los-opositores-a-la-soberania-aerea-del-peru-serian-los-podridos-y-los-prostituidos-en-el-pensamiento-de-basadre\/\" \/>\n<meta property=\"og:site_name\" content=\"Aeronoticias.com.pe\" \/>\n<meta property=\"article:publisher\" content=\"https:\/\/www.facebook.com\/Aeronoticias.com.pe\/\" \/>\n<meta property=\"article:published_time\" content=\"2021-03-10T16:43:40+00:00\" \/>\n<meta property=\"article:modified_time\" content=\"2021-03-10T16:57:36+00:00\" \/>\n<meta property=\"og:image\" content=\"https:\/\/aeronoticias.com.pe\/noticiero\/wp-content\/uploads\/2021\/03\/jbasadre.jpg\" \/>\n\t<meta property=\"og:image:width\" content=\"660\" \/>\n\t<meta property=\"og:image:height\" content=\"330\" \/>\n\t<meta property=\"og:image:type\" content=\"image\/jpeg\" \/>\n<meta name=\"author\" content=\"Redacci\u00f3n\" \/>\n<meta name=\"twitter:card\" content=\"summary_large_image\" \/>\n<meta name=\"twitter:creator\" content=\"@aeronoticias\" \/>\n<meta name=\"twitter:site\" content=\"@aeronoticias\" \/>\n<meta name=\"twitter:label1\" content=\"Escrito por\" \/>\n\t<meta name=\"twitter:data1\" content=\"Redacci\u00f3n\" \/>\n\t<meta name=\"twitter:label2\" content=\"Tiempo de lectura\" \/>\n\t<meta name=\"twitter:data2\" content=\"5 minutos\" \/>\n<script type=\"application\/ld+json\" class=\"yoast-schema-graph\">{\"@context\":\"https:\/\/schema.org\",\"@graph\":[{\"@type\":\"WebPage\",\"@id\":\"https:\/\/aeronoticias.com.pe\/noticiero\/ultimas\/1\/los-opositores-a-la-soberania-aerea-del-peru-serian-los-podridos-y-los-prostituidos-en-el-pensamiento-de-basadre\/\",\"url\":\"https:\/\/aeronoticias.com.pe\/noticiero\/ultimas\/1\/los-opositores-a-la-soberania-aerea-del-peru-serian-los-podridos-y-los-prostituidos-en-el-pensamiento-de-basadre\/\",\"name\":\"Los opositores a la Soberan\u00eda A\u00e9rea del Per\u00fa ser\u00edan \\\"los Podridos y los Prostituidos\\\" en el pensamiento de Basadre\",\"isPartOf\":{\"@id\":\"https:\/\/aeronoticias.com.pe\/noticiero\/#website\"},\"primaryImageOfPage\":{\"@id\":\"https:\/\/aeronoticias.com.pe\/noticiero\/ultimas\/1\/los-opositores-a-la-soberania-aerea-del-peru-serian-los-podridos-y-los-prostituidos-en-el-pensamiento-de-basadre\/#primaryimage\"},\"image\":{\"@id\":\"https:\/\/aeronoticias.com.pe\/noticiero\/ultimas\/1\/los-opositores-a-la-soberania-aerea-del-peru-serian-los-podridos-y-los-prostituidos-en-el-pensamiento-de-basadre\/#primaryimage\"},\"thumbnailUrl\":\"https:\/\/aeronoticias.com.pe\/noticiero\/wp-content\/uploads\/2021\/03\/jbasadre.jpg\",\"datePublished\":\"2021-03-10T16:43:40+00:00\",\"dateModified\":\"2021-03-10T16:57:36+00:00\",\"author\":{\"@id\":\"https:\/\/aeronoticias.com.pe\/noticiero\/#\/schema\/person\/16212a617c73f78916b13194154243bd\"},\"description\":\"Doctrina de Derecho del Instituto Peruano de Derecho A\u00e9reo (IPDA) se inspira en el pensamiento del historiador Jorge Basadre Grohmann.\",\"breadcrumb\":{\"@id\":\"https:\/\/aeronoticias.com.pe\/noticiero\/ultimas\/1\/los-opositores-a-la-soberania-aerea-del-peru-serian-los-podridos-y-los-prostituidos-en-el-pensamiento-de-basadre\/#breadcrumb\"},\"inLanguage\":\"es\",\"potentialAction\":[{\"@type\":\"ReadAction\",\"target\":[\"https:\/\/aeronoticias.com.pe\/noticiero\/ultimas\/1\/los-opositores-a-la-soberania-aerea-del-peru-serian-los-podridos-y-los-prostituidos-en-el-pensamiento-de-basadre\/\"]}]},{\"@type\":\"ImageObject\",\"inLanguage\":\"es\",\"@id\":\"https:\/\/aeronoticias.com.pe\/noticiero\/ultimas\/1\/los-opositores-a-la-soberania-aerea-del-peru-serian-los-podridos-y-los-prostituidos-en-el-pensamiento-de-basadre\/#primaryimage\",\"url\":\"https:\/\/aeronoticias.com.pe\/noticiero\/wp-content\/uploads\/2021\/03\/jbasadre.jpg\",\"contentUrl\":\"https:\/\/aeronoticias.com.pe\/noticiero\/wp-content\/uploads\/2021\/03\/jbasadre.jpg\",\"width\":660,\"height\":330},{\"@type\":\"BreadcrumbList\",\"@id\":\"https:\/\/aeronoticias.com.pe\/noticiero\/ultimas\/1\/los-opositores-a-la-soberania-aerea-del-peru-serian-los-podridos-y-los-prostituidos-en-el-pensamiento-de-basadre\/#breadcrumb\",\"itemListElement\":[{\"@type\":\"ListItem\",\"position\":1,\"name\":\"Portada\",\"item\":\"https:\/\/aeronoticias.com.pe\/noticiero\/\"},{\"@type\":\"ListItem\",\"position\":2,\"name\":\"Los opositores a la Soberan\u00eda A\u00e9rea del Per\u00fa ser\u00edan \u00ablos Podridos y los Prostituidos\u00bb en el pensamiento de Basadre\"}]},{\"@type\":\"WebSite\",\"@id\":\"https:\/\/aeronoticias.com.pe\/noticiero\/#website\",\"url\":\"https:\/\/aeronoticias.com.pe\/noticiero\/\",\"name\":\"Aeronoticias.com.pe\",\"description\":\"Noticias de tranporte aereo, turismo, hoteles, gastronomia, actualidad, internacional\",\"potentialAction\":[{\"@type\":\"SearchAction\",\"target\":{\"@type\":\"EntryPoint\",\"urlTemplate\":\"https:\/\/aeronoticias.com.pe\/noticiero\/?s={search_term_string}\"},\"query-input\":{\"@type\":\"PropertyValueSpecification\",\"valueRequired\":true,\"valueName\":\"search_term_string\"}}],\"inLanguage\":\"es\"},{\"@type\":\"Person\",\"@id\":\"https:\/\/aeronoticias.com.pe\/noticiero\/#\/schema\/person\/16212a617c73f78916b13194154243bd\",\"name\":\"Redacci\u00f3n\",\"sameAs\":[\"http:\/\/Redacci\u00f3n\"],\"url\":\"https:\/\/aeronoticias.com.pe\/noticiero\/author\/celeste\/\"}]}<\/script>\n<!-- \/ Yoast SEO plugin. -->","yoast_head_json":{"title":"Los opositores a la Soberan\u00eda A\u00e9rea del Per\u00fa ser\u00edan \"los Podridos y los Prostituidos\" en el pensamiento de Basadre","description":"Doctrina de Derecho del Instituto Peruano de Derecho A\u00e9reo (IPDA) se inspira en el pensamiento del historiador Jorge Basadre Grohmann.","robots":{"index":"index","follow":"follow","max-snippet":"max-snippet:-1","max-image-preview":"max-image-preview:large","max-video-preview":"max-video-preview:-1"},"canonical":"https:\/\/aeronoticias.com.pe\/noticiero\/ultimas\/1\/los-opositores-a-la-soberania-aerea-del-peru-serian-los-podridos-y-los-prostituidos-en-el-pensamiento-de-basadre\/","og_locale":"es_ES","og_type":"article","og_title":"Los opositores a la Soberan\u00eda A\u00e9rea del Per\u00fa ser\u00edan \"los Podridos y los Prostituidos\" en el pensamiento de Basadre","og_description":"Doctrina de Derecho del Instituto Peruano de Derecho A\u00e9reo (IPDA) se inspira en el pensamiento del historiador Jorge Basadre Grohmann.","og_url":"https:\/\/aeronoticias.com.pe\/noticiero\/ultimas\/1\/los-opositores-a-la-soberania-aerea-del-peru-serian-los-podridos-y-los-prostituidos-en-el-pensamiento-de-basadre\/","og_site_name":"Aeronoticias.com.pe","article_publisher":"https:\/\/www.facebook.com\/Aeronoticias.com.pe\/","article_published_time":"2021-03-10T16:43:40+00:00","article_modified_time":"2021-03-10T16:57:36+00:00","og_image":[{"width":660,"height":330,"url":"https:\/\/aeronoticias.com.pe\/noticiero\/wp-content\/uploads\/2021\/03\/jbasadre.jpg","type":"image\/jpeg"}],"author":"Redacci\u00f3n","twitter_card":"summary_large_image","twitter_creator":"@aeronoticias","twitter_site":"@aeronoticias","twitter_misc":{"Escrito por":"Redacci\u00f3n","Tiempo de lectura":"5 minutos"},"schema":{"@context":"https:\/\/schema.org","@graph":[{"@type":"WebPage","@id":"https:\/\/aeronoticias.com.pe\/noticiero\/ultimas\/1\/los-opositores-a-la-soberania-aerea-del-peru-serian-los-podridos-y-los-prostituidos-en-el-pensamiento-de-basadre\/","url":"https:\/\/aeronoticias.com.pe\/noticiero\/ultimas\/1\/los-opositores-a-la-soberania-aerea-del-peru-serian-los-podridos-y-los-prostituidos-en-el-pensamiento-de-basadre\/","name":"Los opositores a la Soberan\u00eda A\u00e9rea del Per\u00fa ser\u00edan \"los Podridos y los Prostituidos\" en el pensamiento de Basadre","isPartOf":{"@id":"https:\/\/aeronoticias.com.pe\/noticiero\/#website"},"primaryImageOfPage":{"@id":"https:\/\/aeronoticias.com.pe\/noticiero\/ultimas\/1\/los-opositores-a-la-soberania-aerea-del-peru-serian-los-podridos-y-los-prostituidos-en-el-pensamiento-de-basadre\/#primaryimage"},"image":{"@id":"https:\/\/aeronoticias.com.pe\/noticiero\/ultimas\/1\/los-opositores-a-la-soberania-aerea-del-peru-serian-los-podridos-y-los-prostituidos-en-el-pensamiento-de-basadre\/#primaryimage"},"thumbnailUrl":"https:\/\/aeronoticias.com.pe\/noticiero\/wp-content\/uploads\/2021\/03\/jbasadre.jpg","datePublished":"2021-03-10T16:43:40+00:00","dateModified":"2021-03-10T16:57:36+00:00","author":{"@id":"https:\/\/aeronoticias.com.pe\/noticiero\/#\/schema\/person\/16212a617c73f78916b13194154243bd"},"description":"Doctrina de Derecho del Instituto Peruano de Derecho A\u00e9reo (IPDA) se inspira en el pensamiento del historiador Jorge Basadre Grohmann.","breadcrumb":{"@id":"https:\/\/aeronoticias.com.pe\/noticiero\/ultimas\/1\/los-opositores-a-la-soberania-aerea-del-peru-serian-los-podridos-y-los-prostituidos-en-el-pensamiento-de-basadre\/#breadcrumb"},"inLanguage":"es","potentialAction":[{"@type":"ReadAction","target":["https:\/\/aeronoticias.com.pe\/noticiero\/ultimas\/1\/los-opositores-a-la-soberania-aerea-del-peru-serian-los-podridos-y-los-prostituidos-en-el-pensamiento-de-basadre\/"]}]},{"@type":"ImageObject","inLanguage":"es","@id":"https:\/\/aeronoticias.com.pe\/noticiero\/ultimas\/1\/los-opositores-a-la-soberania-aerea-del-peru-serian-los-podridos-y-los-prostituidos-en-el-pensamiento-de-basadre\/#primaryimage","url":"https:\/\/aeronoticias.com.pe\/noticiero\/wp-content\/uploads\/2021\/03\/jbasadre.jpg","contentUrl":"https:\/\/aeronoticias.com.pe\/noticiero\/wp-content\/uploads\/2021\/03\/jbasadre.jpg","width":660,"height":330},{"@type":"BreadcrumbList","@id":"https:\/\/aeronoticias.com.pe\/noticiero\/ultimas\/1\/los-opositores-a-la-soberania-aerea-del-peru-serian-los-podridos-y-los-prostituidos-en-el-pensamiento-de-basadre\/#breadcrumb","itemListElement":[{"@type":"ListItem","position":1,"name":"Portada","item":"https:\/\/aeronoticias.com.pe\/noticiero\/"},{"@type":"ListItem","position":2,"name":"Los opositores a la Soberan\u00eda A\u00e9rea del Per\u00fa ser\u00edan \u00ablos Podridos y los Prostituidos\u00bb en el pensamiento de Basadre"}]},{"@type":"WebSite","@id":"https:\/\/aeronoticias.com.pe\/noticiero\/#website","url":"https:\/\/aeronoticias.com.pe\/noticiero\/","name":"Aeronoticias.com.pe","description":"Noticias de tranporte aereo, turismo, hoteles, gastronomia, actualidad, internacional","potentialAction":[{"@type":"SearchAction","target":{"@type":"EntryPoint","urlTemplate":"https:\/\/aeronoticias.com.pe\/noticiero\/?s={search_term_string}"},"query-input":{"@type":"PropertyValueSpecification","valueRequired":true,"valueName":"search_term_string"}}],"inLanguage":"es"},{"@type":"Person","@id":"https:\/\/aeronoticias.com.pe\/noticiero\/#\/schema\/person\/16212a617c73f78916b13194154243bd","name":"Redacci\u00f3n","sameAs":["http:\/\/Redacci\u00f3n"],"url":"https:\/\/aeronoticias.com.pe\/noticiero\/author\/celeste\/"}]}},"_links":{"self":[{"href":"https:\/\/aeronoticias.com.pe\/noticiero\/wp-json\/wp\/v2\/posts\/70560","targetHints":{"allow":["GET"]}}],"collection":[{"href":"https:\/\/aeronoticias.com.pe\/noticiero\/wp-json\/wp\/v2\/posts"}],"about":[{"href":"https:\/\/aeronoticias.com.pe\/noticiero\/wp-json\/wp\/v2\/types\/post"}],"author":[{"embeddable":true,"href":"https:\/\/aeronoticias.com.pe\/noticiero\/wp-json\/wp\/v2\/users\/3"}],"replies":[{"embeddable":true,"href":"https:\/\/aeronoticias.com.pe\/noticiero\/wp-json\/wp\/v2\/comments?post=70560"}],"version-history":[{"count":0,"href":"https:\/\/aeronoticias.com.pe\/noticiero\/wp-json\/wp\/v2\/posts\/70560\/revisions"}],"wp:featuredmedia":[{"embeddable":true,"href":"https:\/\/aeronoticias.com.pe\/noticiero\/wp-json\/wp\/v2\/media\/70584"}],"wp:attachment":[{"href":"https:\/\/aeronoticias.com.pe\/noticiero\/wp-json\/wp\/v2\/media?parent=70560"}],"wp:term":[{"taxonomy":"category","embeddable":true,"href":"https:\/\/aeronoticias.com.pe\/noticiero\/wp-json\/wp\/v2\/categories?post=70560"},{"taxonomy":"post_tag","embeddable":true,"href":"https:\/\/aeronoticias.com.pe\/noticiero\/wp-json\/wp\/v2\/tags?post=70560"}],"curies":[{"name":"wp","href":"https:\/\/api.w.org\/{rel}","templated":true}]}}