{"id":70610,"date":"2021-03-11T10:19:49","date_gmt":"2021-03-11T15:19:49","guid":{"rendered":"https:\/\/aeronoticias.com.pe\/noticiero\/?p=70610"},"modified":"2021-03-11T10:33:20","modified_gmt":"2021-03-11T15:33:20","slug":"intento-de-paralizacion-de-obras-del-aeropuerto-de-chinchero-beneficia-a-intereses-extranjeros","status":"publish","type":"post","link":"https:\/\/aeronoticias.com.pe\/noticiero\/transporte-aereo\/intento-de-paralizacion-de-obras-del-aeropuerto-de-chinchero-beneficia-a-intereses-extranjeros\/","title":{"rendered":"\u00abIntento de paralizaci\u00f3n de obras del aeropuerto de Chinchero beneficia a intereses extranjeros\u00bb"},"content":{"rendered":"\n<p><strong>(Portada Hispana)<\/strong> <strong>El candidato al Congreso por Lima Metropolitana con el N\u00ba 7 de Per\u00fa Libre, Juli\u00e1n Palac\u00edn<\/strong>, manifest\u00f3 su desacuerdo con la demanda de amparo judicial que pretende paralizar la construcci\u00f3n del aeropuerto internacional de Chinchero-Cusco interpuesta por una ONG ambientalista porque se alinea con intereses extranjeros en perjuicio del Per\u00fa, es decir, los intereses econ\u00f3micos privados de Chile -LATAM- y Alemania (LAP), no les conviene que Cusco reciba vuelos internacionales directos y pretenden con el status quo que 6 millones de turistas, primero visiten Santiago de Chile para volar luego a Cusco y esta ser\u00eda una de las razones por las que se oponen a la Soberan\u00eda del Per\u00fa a desarrollar su infraestructura aeroportuaria. <a href=\"https:\/\/elcomercio.pe\/eldominical\/actualidad\/historiador-imaginaba-futuro-homenaje-basadre-385617-noticia\/#:~:text=Uno%20de%20sus%20disc%C3%ADpulos%2C%20el,Independencia%20hasta%20el%20siglo%20XX.\" target=\"_blank\" rel=\"noreferrer noopener\">El historiador que imaginaba el futuro: Homenaje a Basadre.<\/a><\/p>\n\n\n\n<p>Lo que no entienden estos estrategas de la ignorancia aeropol\u00edtica es que el Aeropuerto Internacional Velasco Astete de Cusco ya lleg\u00f3 a su l\u00edmite y no puede recibir m\u00e1s de 2 millones 500 mil pasajeros por a\u00f1o, en consecuencia, los que se oponen condenan el futuro crecimiento tur\u00edstico y aerocomercial del Cusco y pretenden imponer criterios que colisionan con las normas internacionales de aviaci\u00f3n que incluyen el medio ambiente en el Anexo 16 y que cumple el Per\u00fa en la consolidaci\u00f3n de este objetivo, sostuvo el Abogado Juli\u00e1n Palacin, que es Socio del <a href=\"http:\/\/www.estudiojuridicopalacin.com\/\" target=\"_blank\" rel=\"noreferrer noopener\">Estudio Jur\u00eddico Palacin Abogados<\/a>, especializado en asuntos de Aviaci\u00f3n y considerado el N\u00ba 1 en la especialidad de Derecho A\u00e9reo en el Per\u00fa.<\/p>\n\n\n\n<p>\u201cLa construcci\u00f3n del aeropuerto internacional de Chinchero corre el riesgo de no ejecutarse y de quedarse en suspenso como muchos otros proyectos estrat\u00e9gicos para el Per\u00fa porque recientemente el Poder Judicial de Cusco admiti\u00f3 una demanda de amparo presentada por la ONG ambientalista \u201cUni\u00f3n Ciudadana por la Defensa y la Valoraci\u00f3n del Patrimonio Cultural y del Ambiente\u201d, con el fin que se detenga su construcci\u00f3n por una supuesta afectaci\u00f3n al medio ambiente y al patrimonio cultural del Cusco\u201d, indic\u00f3 Juli\u00e1n Palac\u00edn.<\/p>\n\n\n\n<figure class=\"wp-block-embed-youtube wp-block-embed is-type-video is-provider-youtube wp-embed-aspect-4-3 wp-has-aspect-ratio\"><div class=\"wp-block-embed__wrapper\">\n<div class=\"youtube-embed\" data-video_id=\"fI8bpIN8YM0\"><iframe loading=\"lazy\" title=\"T\u00e9cnica y jur\u00eddicamente si es factible Aeropuerto Internacional del Chinchero (25\/10\/2012)\" width=\"696\" height=\"522\" src=\"https:\/\/www.youtube.com\/embed\/fI8bpIN8YM0?feature=oembed&#038;enablejsapi=1&#038;enablejsapi=1\" frameborder=\"0\" allow=\"accelerometer; autoplay; clipboard-write; encrypted-media; gyroscope; picture-in-picture\" allowfullscreen><\/iframe><\/div>\n<\/div><\/figure>\n\n\n\n<p>\u201cEsta ONG denuncia que la construcci\u00f3n del aeropuerto de Chinchero causar\u00e1 un grave impacto ambiental y cultural, sin embargo todos los estudios realizados demuestran que no es as\u00ed. Por otro lado, el Cusco, la Macro Regi\u00f3n Sur y el Per\u00fa necesitan de esta obra por razones estrat\u00e9gicas para el crecimiento del pa\u00eds\u201d, se\u00f1al\u00f3 Juli\u00e1n Palac\u00edn, candidato al Congreso de la Rep\u00fablica por Per\u00fa Libre en Lima Metropolitana con el N\u00ba 7.<\/p>\n\n\n\n<p>\u201cNo entendemos c\u00f3mo el Poder Judicial puede aceptar la demanda de una ONG privada que no defiende los intereses del Per\u00fa y que por el contrario se alinea con los intereses de Colombia y Chile que a trav\u00e9s de sus aerol\u00edneas usufructan en su propio beneficio y en perjuicio del Per\u00fa la carencia de una moderna infraestructura aeroportuaria en el Per\u00fa que s\u00f3lo cuenta con el antiguo aeropuerto nacional Velasco Astete del Cusco y el \u00fanico aeropuerto internacional que tenemos en el Per\u00fa, el Jorge Ch\u00e1vez, explic\u00f3 el candidato al Congreso por Per\u00fa Libre.<\/p>\n\n\n\n<p>\u201cSeg\u00fan los estudios de impacto ambiental realizados, la construcci\u00f3n de una moderna infraestructura aeroportuaria en el Cusco har\u00e1 del aeropuerto internacional de Chinchero un \u00abAeropuerto Verde\u201d conservando el medio ambiente haciendo uso eficiente de los recursos naturales, adem\u00e1s contar\u00e1 con la certificaci\u00f3n internacional LEED que es reconocida internacionalmente como s\u00edmbolo de sostenibilidad ambiental\u201d, explic\u00f3 Juli\u00e1n Palac\u00edn, candidato al Congreso representando a Lima Metropolitana con el n\u00famero 7 de Per\u00fa Libre.<\/p>\n\n\n\n<p><strong>ESTUDIAR LA HISTORIA DEL DERECHO AEREO PERUANO Y LEER LIBROS, AYUDARA A ENTENDER LO EQUIVOCADOS QUE ESTAN LOS OPOSITORES<\/strong> <strong>A CHINCHERO<\/strong><\/p>\n\n\n\n<p>Siguiendo el pensamiento de Jorge Basadre Grohmann, imaginamos el Per\u00fa del futuro que queremos construir con puestos de trabajo y sin pobreza, dijo Juli\u00e1n Palacin, y para ello, es importante entender que existen instrumentos internacionales de aviaci\u00f3n que obligan al Per\u00fa en materia de aeropuertos, dentro de un contexto que es importante leer el Libro \u00abLa OACI y la CLAC en el desarrollo del Transporte A\u00e9reo en la Regi\u00f3n\u00bb, libro de Homenaje al Cincuentenario de la OACI de Juli\u00e1n Palacin Fern\u00e1ndez, que fue presentado en Lima dentro de los actos oficiales al Cincuentenario al Convenio de Chicago por el mismo Presidente de la OACI de la \u00e9poca, Assad Kotaite en 1994 y de su lectura entenderemos el Anexo 14 sobre Aeropuertos y el Anexo 16 sobre protecci\u00f3n del Medio Ambiente, etc, que cumplen todos los pa\u00edses del mundo para construir sus aeropuertos.<a href=\"https:\/\/aeronoticias.com.pe\/noticiero\/hace-26-anos-el-presidente-de-la-oaci-presento-en-lima-libro-de-jurista-peruano-julian-palacin\/\" target=\"_blank\" rel=\"noreferrer noopener\"> Hace 26 a\u00f1os el Presidente de la OACI present\u00f3 en Lima, Libro de Jurista peruano Juli\u00e1n Palacin<\/a>.<\/p>\n\n\n\n<figure class=\"wp-block-image size-large is-resized\"><img loading=\"lazy\" decoding=\"async\" src=\"https:\/\/aeronoticias.com.pe\/noticiero\/wp-content\/uploads\/2020\/12\/laoaci.jpg\" alt=\"\" class=\"wp-image-67857\" width=\"274\" height=\"184\" srcset=\"https:\/\/aeronoticias.com.pe\/noticiero\/wp-content\/uploads\/2020\/12\/laoaci.jpg 274w, https:\/\/aeronoticias.com.pe\/noticiero\/wp-content\/uploads\/2020\/12\/laoaci-150x101.jpg 150w\" sizes=\"auto, (max-width: 274px) 100vw, 274px\" \/><\/figure>\n\n\n\n<figure class=\"wp-block-image size-large\"><img loading=\"lazy\" decoding=\"async\" width=\"274\" height=\"184\" src=\"https:\/\/aeronoticias.com.pe\/noticiero\/wp-content\/uploads\/2020\/12\/elcomerciolaoci.jpg\" alt=\"\" class=\"wp-image-67860\" srcset=\"https:\/\/aeronoticias.com.pe\/noticiero\/wp-content\/uploads\/2020\/12\/elcomerciolaoci.jpg 274w, https:\/\/aeronoticias.com.pe\/noticiero\/wp-content\/uploads\/2020\/12\/elcomerciolaoci-150x101.jpg 150w\" sizes=\"auto, (max-width: 274px) 100vw, 274px\" \/><\/figure>\n\n\n\n<p>En este Libro en la pag. 101, su autor Juli\u00e1n Palacin Fern\u00e1ndez desarrolla el Anexo 16 al Convenio sobre Aviaci\u00f3n Civil Internacional suscrito y ratificado por el Per\u00fa y 191 pa\u00edses del mundo, Anexo que trata la Normativa t\u00e9cnica sobre protecci\u00f3n del Medio Ambiente que tendr\u00e1 que cumplir el Per\u00fa en la construcci\u00f3n del Aeropuerto Internacional de Chinchero, en consecuencia ya existen las Normas Internacionales de Aviaci\u00f3n, pero aqu\u00ed en el Per\u00fa se siguen criterios que si se hubieran desarrollado en otros pa\u00edses, no existir\u00edan aeropuertos como el de Miami y otros en el mundo, estas ONG ambientalistas no est\u00e1n especializadas ni conocen la Legislaci\u00f3n de Aviaci\u00f3n en la protecci\u00f3n del medio ambiente que es muy especializada y est\u00e1 con rango de instrumento internacional que el Per\u00fa viene cumpliendo y cumplir\u00e1 en la construcci\u00f3n de todos sus aeropuertos nacionales e internacionales, es por ello, que podemos afirmar que el 08 de marzo el Ministerio de Transportes y Comunicaciones del Per\u00fa firm\u00f3 el Contrato con la empresa que tendr\u00e1 a su cargo la segunda etapa de la remoci\u00f3n de tierras para la construcci\u00f3n del Aeropuerto Internacional de Chinchero, el mismo que se realiz\u00f3 en la ciudad de Lima, seg\u00fan inform\u00f3 Jean Paul Benavente, Gobernador Regional de Cusco, quien viene haciendo el seguimiento del Proyecto y del recurso de amparo que a nuestro criterio es improcedente o debe ser declarado infundado porque tenemos que entender el pasado para comprender el presente y dilucidar mejor el futuro, dijo el Abogado Juli\u00e1n Palacin, exhortando a la Macrorregi\u00f3n Sur a la defensa de sus intereses hist\u00f3ricos para tener la infraestructura aeroportuaria que les permita crear puestos de trabajo y derrotar definitivamente la pobreza, dijo.<\/p>\n\n\n\n<p><strong>EL CUSCO y TODO EL PER\u00da CLAMA POR INICIO DE OBRAS EN CHINCHERO<\/strong><\/p>\n\n\n\n<p>\u201cLa sociedad civil cusque\u00f1a se ha manifestado masivamente a favor de la inmediata construcci\u00f3n del aeropuerto de Chinchero y en contra de la demanda interpuesta por la ONG ambientalista, que como en tantos otros casos, ha paralizado el desarrollo, modernizaci\u00f3n y crecimiento del pa\u00eds, trayendo s\u00f3lo m\u00e1s atraso, sub desarrollo y pobreza al Per\u00fa. El Gobierno Regional del Cusco, los Colegios Profesionales, las comunidades cusque\u00f1as, las municipalidades y los gobiernos locales del Cusco est\u00e1n exigiendo se inicien las obras de construcci\u00f3n del aeropuerto de Chinchero porque es un derecho del pueblo cusque\u00f1o a mejorar sus condiciones socio-econ\u00f3micas y porque es uno de los pilares de la reactivaci\u00f3n econ\u00f3mica no s\u00f3lo de la Macro Regi\u00f3n Sur sino tambi\u00e9n del Per\u00fa\u201d, afirm\u00f3 Juli\u00e1n Palac\u00edn.<\/p>\n\n\n\n<p>\u201cNo queremos que en este contexto de crisis econ\u00f3mica en la que se encuentra el Per\u00fa se postergue una vez m\u00e1s un proyecto que puede dar trabajo a millones de peruanos, generar divisas, comercio, turismo, desarrollo y reactivaci\u00f3n econ\u00f3mica. Una vez m\u00e1s las autoridades fallan a favor de intereses extranjeros deteniendo el desarrollo del Per\u00fa. Todo el pa\u00eds y en especial la Regi\u00f3n Cusco y la Macro Regi\u00f3n Cusco claman por hacer realidad la construcci\u00f3n del aeropuerto internacional de Chinchero que lleva m\u00e1s de 40 a\u00f1os posterg\u00e1ndose\u201d, coment\u00f3 Juli\u00e1n Palac\u00edn, candidato al Congreso por Lima con el n\u00famero 7 de Per\u00fa Libre.<\/p>\n\n\n\n<p><strong>LISTA DE PROYECTOS ESTRAT\u00c9GICOS PARA EL PER\u00da QUE EST\u00c1N PARALIZADOS<\/strong><\/p>\n\n\n\n<p>\u201cAntes esta inoperancia para poder poner en marcha este proyecto, las autoridades del Gobierno Central est\u00e1n demostrando una vez m\u00e1s que s\u00ed son los responsables del atraso, la pobreza y el subdesarrollo del Per\u00fa. Si en estos momentos el Per\u00fa no se encuentra econ\u00f3mica y socialmente firme como para afrontar la crisis que azota el mundo entero es porque las autoridades permiten que proyectos importantes para el pa\u00eds permanezcan paralizados, ya sea por demandas de ONGs ambientalistas o por problemas relacionados con la corrupci\u00f3n\u201d, enfatiz\u00f3 Juli\u00e1n Palac\u00edn.<\/p>\n\n\n\n<p>\u201cActualmente la econom\u00eda del pa\u00eds tendr\u00eda otro rumbo si no hubiesen tantos proyectos estrat\u00e9gicos paralizados, de eso son c\u00f3mplices todos los gobiernos y expresidentes anteriores, as\u00ed como ministros y funcionarios. En los \u00faltimos a\u00f1os as\u00ed como quieren paralizar el aeropuerto internacional de Chinchero, primero con corrupci\u00f3n y despu\u00e9s con demandas pro- ambientalistas, en el Per\u00fa han quedado paralizados en los \u00faltimos diez a\u00f1os en agricultura Majes-Sihuas, Alto Piura; en miner\u00eda Conga, Las Bambas, T\u00eda Mar\u00eda, R\u00edo Blanco, en energ\u00eda Camisea II, el Gasoducto Sur Peruano, el Polo Petroqu\u00edmico Sur, la Planta de Licuefacci\u00f3n; en transporte las Carreteras Interoce\u00e1nicas, el Megapuerto de Ilo, por mencionar s\u00f3lo los m\u00e1s importantes\u201d, a\u00f1adi\u00f3 Juli\u00e1n Palac\u00edn, candidato al Congreso de la Rep\u00fablica por Per\u00fa Libre en Lima Metropolitana con el N\u00ba 7.<\/p>\n\n\n\n<p><\/p>\n\n\n\n<p><strong>Fuente: Portada Hispana<\/strong><\/p>\n\n\n\n<p><a href=\"https:\/\/aeronoticias.com.pe\/noticiero\/el-aeropuerto-de-chinchero-es-la-base-del-desarrollo-para-el-macro-sur-y-peru\/\" target=\"_blank\" rel=\"noreferrer noopener\">El Aeropuerto de Chinchero es la base del desarrollo para el Macro Sur y Per\u00fa<\/a><\/p>\n\n\n\n<p><a href=\"https:\/\/aeronoticias.com.pe\/noticiero\/julian-palacin-necesitamos-desarrollar-geopolitica-economica-de-inversiones-para-crear-8-millones-de-puestos-de-trabajo-al-2050\/\" target=\"_blank\" rel=\"noreferrer noopener\">Juli\u00e1n Palacin: Necesitamos desarrollar geopol\u00edtica econ\u00f3mica de inversiones para crear 8 millones de puestos de trabajo al 2050<\/a><\/p>\n\n\n\n<p><a href=\"https:\/\/aeronoticias.com.pe\/noticiero\/aeropuertos-de-panama-bogota-y-santiago-de-chile-han-superado-al-jorge-chavez\/\" target=\"_blank\" rel=\"noreferrer noopener\">\u2018Aeropuertos de Panam\u00e1, Bogot\u00e1 y Santiago de Chile han superado al Jorge Ch\u00e1vez\u2019<\/a><\/p>\n\n\n\n<p><a href=\"https:\/\/www.facebook.com\/Aeronoticias.com.pe\/videos\/481633516331967\" target=\"_blank\" rel=\"noreferrer noopener\">VER VIDEO PROPUESTA DE BANDERA DEL CANDIDATO AL CONGRESO DE LA REPUBLICA POR LIMA METROPOLITANA POR EL PARTIDO PERU LIBRE, JULIAN PALACIN QUE VA CON EL N\u00ba 7<\/a><\/p>\n\n\n\n<p><a href=\"https:\/\/aeronoticias.com.pe\/noticiero\/libre-importacion-de-vacunas-covid-por-que-se-opone-el-gobierno-de-sagasti\/\" target=\"_blank\" rel=\"noreferrer noopener\">Libre importaci\u00f3n de vacunas COVID: \u00bfPor qu\u00e9 se opone el Gobierno de Sagasti?<\/a><\/p>\n\n\n\n<p><a href=\"https:\/\/aeronoticias.com.pe\/noticiero\/pagan-mil-millones-de-dolares-al-ano-en-polizas-de-seguros-de-salud-y-sagasti-les-priva-el-derecho-a-la-vacuna-privada\/\" target=\"_blank\" rel=\"noreferrer noopener\">Pagan mil millones de d\u00f3lares al a\u00f1o en P\u00f3lizas de Seguros de Salud y Sagasti les priva el derecho a la vacuna privada<\/a><\/p>\n\n\n\n<p><a href=\"https:\/\/aeronoticias.com.pe\/noticiero\/el-estado-seria-responsable-por-los-muertos-de-covid-19-que-no-fueran-vacunados-por-sus-companias-de-seguros\/\" target=\"_blank\" rel=\"noreferrer noopener\">El Estado ser\u00eda responsable por los muertos de COVID-19 que no fueran vacunados por sus Compa\u00f1\u00edas de Seguros<\/a><\/p>\n\n\n\n<p><a href=\"https:\/\/aeronoticias.com.pe\/noticiero\/para-sagasti-los-privados-tienen-que-soportar-el-riesgo-de-morir-por-ineficiencia-del-estado\/\" target=\"_blank\" rel=\"noreferrer noopener\">Para Sagasti, los privados tienen que soportar el riesgo de morir por ineficiencia del Estado<\/a><\/p>\n\n\n\n<p><a href=\"https:\/\/aeronoticias.com.pe\/noticiero\/julian-palacin-estamos-a-favor-toda-inversion-privada-que-impulse-el-crecimiento-y-desarrollo-del-peru\/\" target=\"_blank\" rel=\"noreferrer noopener\">Juli\u00e1n Palac\u00edn: \u201cEstamos a favor toda inversi\u00f3n privada que impulse el crecimiento y desarrollo del Per\u00fa\u201d<\/a><\/p>\n\n\n\n<p><a href=\"https:\/\/aeronoticias.com.pe\/noticiero\/candidato-al-congreso-lidera-propuesta-seguida-por-gobiernos-de-colombia-ecuador-argentina-y-brasil\/\" target=\"_blank\" rel=\"noreferrer noopener\">Candidato al Congreso lidera propuesta seguida por gobiernos de Colombia, Ecuador, Argentina y Brasil<\/a><\/p>\n\n\n\n<p><a href=\"https:\/\/aeronoticias.com.pe\/noticiero\/julian-palacin-violan-nuestro-derecho-humano-a-la-salud-al-condicionar-importacion-de-vacunas-al-sector-privado-y-gobiernos-regionales-y-locales\/\" target=\"_blank\" rel=\"noreferrer noopener\">Juli\u00e1n Palacin: Violan nuestro derecho humano a la salud al condicionar importaci\u00f3n de vacunas al sector privado y Gobiernos Regionales y Locales<\/a><\/p>\n\n\n\n<p><a href=\"https:\/\/aeronoticias.com.pe\/noticiero\/protesta-ciudadana-a-favor-de-la-importacion-de-vacunas-embanderamiento-y-cacerolazo\/\" target=\"_blank\" rel=\"noreferrer noopener\">Protesta ciudadana a favor de la importaci\u00f3n de vacunas: Embanderamiento y Cacerolazo<\/a><\/p>\n\n\n\n<p><a href=\"https:\/\/aeronoticias.com.pe\/noticiero\/julian-palacin-respalda-las-acciones-legales-contra-el-estado-por-no-autorizar-la-importacion-de-vacunas-al-sector-privado-municipalidades-y-gobiernos-regionales\/\" target=\"_blank\" rel=\"noreferrer noopener\">Juli\u00e1n Palac\u00edn: Respalda las acciones legales contra el Estado por no autorizar la importaci\u00f3n de vacunas al sector privado, Municipalidades y Gobiernos Regionales<\/a><\/p>\n\n\n\n<p><a href=\"https:\/\/aeronoticias.com.pe\/noticiero\/julian-palacin-apoya-protesta-ciudadana-por-la-no-importacion-de-vacunas-del-sector-privado\/\" target=\"_blank\" rel=\"noreferrer noopener\">Juli\u00e1n Palacin apoya protesta ciudadana contra el Gobierno que no autoriza importaci\u00f3n de vacunas del sector privado<\/a><\/p>\n\n\n\n<p><a href=\"https:\/\/aeronoticias.com.pe\/noticiero\/un-millon-de-peruanos-con-seguro-privado-perjudicados-con-decision-de-ministro-de-salud-de-impedir-importacion-de-vacunas-del-sector-privado\/\" target=\"_blank\" rel=\"noreferrer noopener\">Casi 4 millones de peruanos con seguro privado, perjudicados con decisi\u00f3n del Ministro de Salud, de impedir importaci\u00f3n de vacunas del sector Privado<\/a><\/p>\n\n\n\n<p><a href=\"https:\/\/elmontonero.pe\/politica\/ni-un-minuto-mas-privados-deben-importar-vacunas-contra-covid\" target=\"_blank\" rel=\"noreferrer noopener\">\u00a1Ni un minuto m\u00e1s! \u00a1Privados deben importar vacunas contra Covid!<\/a><\/p>\n\n\n\n<p><a href=\"https:\/\/aeronoticias.com.pe\/noticiero\/julian-palacin-malas-autoridades-entregaron-nuestro-espacio-aereo-a-chile\/\" target=\"_blank\" rel=\"noreferrer noopener\">Juli\u00e1n Palac\u00edn: Malas autoridades entregaron nuestro espacio a\u00e9reo a Chile<\/a><\/p>\n\n\n\n<p><a href=\"https:\/\/aeronoticias.com.pe\/noticiero\/julian-palacin-desarrollemos-economicamente-el-peru-utilizando-nuestra-ventaja-geopolitica\/\" target=\"_blank\" rel=\"noreferrer noopener\">Juli\u00e1n Palac\u00edn: Desarrollemos econ\u00f3micamente el Per\u00fa utilizando nuestra ventaja geopol\u00edtica<\/a><\/p>\n\n\n\n<p><a href=\"https:\/\/aeronoticias.com.pe\/noticiero\/julian-palacin-exige-abastecer-mercado-nacional-de-oxigeno-medicinal-con-importacion-libre-de-impuestos\/\" target=\"_blank\" rel=\"noreferrer noopener\">Juli\u00e1n Palac\u00edn exige abastecer mercado nacional de ox\u00edgeno medicinal con importaci\u00f3n libre de impuestos<\/a><\/p>\n\n\n\n<p><a href=\"https:\/\/aeronoticias.com.pe\/noticiero\/julian-palacin-los-peruanos-no-tenemos-por-que-celebrar-los-20-anos-de-concesion-del-aeropuerto-jorge-chavez\/\" target=\"_blank\" rel=\"noreferrer noopener\">Juli\u00e1n Palac\u00edn: Los peruanos no tenemos por qu\u00e9 celebrar los 20 a\u00f1os de concesi\u00f3n del Aeropuerto Jorge Ch\u00e1vez<\/a><\/p>\n\n\n\n<p><a href=\"https:\/\/aeronoticias.com.pe\/noticiero\/presidente-sagasti-da-la-razon-a-julian-palacin-oxigeno-se-transportara-en-aviones-hercules\/\" target=\"_blank\" rel=\"noreferrer noopener\">Presidente Sagasti da la raz\u00f3n a Juli\u00e1n Palac\u00edn: Ox\u00edgeno se transportar\u00e1 en aviones H\u00e9rcules<\/a><\/p>\n\n\n\n<p><a href=\"https:\/\/aeronoticias.com.pe\/noticiero\/julian-palacin-de-peru-libre-propone-sancion-etica-con-los-nombres-de-los-funcionarios-publicos-antieticos-que-se-vacunaron\/\" target=\"_blank\" rel=\"noreferrer noopener\">Juli\u00e1n Palacin de Per\u00fa Libre, propone sanci\u00f3n \u00e9tica contra los Funcionarios P\u00fablicos anti\u00e9ticos que se vacunaron irregularmente<\/a><\/p>\n\n\n\n<p><a href=\"https:\/\/aeronoticias.com.pe\/noticiero\/julian-palacin-electores-tienen-que-sepultar-en-las-elecciones-del-11-de-abril-del-2021-a-los-partidos-politicos-y-a-sus-candidatos-responsables-de-esta-crisis-moral-que-vive-el-peru\/\" target=\"_blank\" rel=\"noreferrer noopener\">Juli\u00e1n Palacin: Peruanos tenemos que sepultar en las elecciones del 11 de abril del 2021 a los partidos pol\u00edticos y a sus candidatos responsables de esta crisis moral que vive el Per\u00fa<\/a><\/p>\n\n\n\n<p><a href=\"https:\/\/aeronoticias.com.pe\/noticiero\/julian-palacin-investigara-el-trafico-ilegal-de-vacunas-chinas-durante-gobierno-de-vizcarra\/\" target=\"_blank\" rel=\"noreferrer noopener\">Juli\u00e1n Palac\u00edn investigar\u00e1 el tr\u00e1fico ilegal de vacunas chinas durante gobierno de Vizcarra<\/a><\/p>\n\n\n\n<p><a href=\"https:\/\/aeronoticias.com.pe\/noticiero\/julian-palacin-le-dice-sagasti-que-puede-traer-las-40-toneladas-semanales-de-oxigeno-chileno-en-los-hercules-de-la-fap\/\" target=\"_blank\" rel=\"noreferrer noopener\">Juli\u00e1n Palacin le dice a Sagasti que puede traer las 40 toneladas semanales de ox\u00edgeno chileno en los H\u00e9rcules de la FAP<\/a><\/p>\n\n\n\n<p><a href=\"https:\/\/aeronoticias.com.pe\/noticiero\/julian-palacin-de-peru-libre-exige-a-sagasti-se-liberalice-la-importacion-de-vacunas\/\" target=\"_blank\" rel=\"noreferrer noopener\">Juli\u00e1n Palacin de Per\u00fa Libre exige a Sagasti se liberalice la importaci\u00f3n de vacunas<\/a><\/p>\n\n\n\n<p><a href=\"https:\/\/aeronoticias.com.pe\/noticiero\/peru-libre-con-julian-palacin-apoyan-que-el-aeropuerto-de-pisco-se-convierta-en-el-primer-low-cost-del-peru\/\" target=\"_blank\" rel=\"noreferrer noopener\">Per\u00fa Libre con Juli\u00e1n Palacin apoyan que el Aeropuerto de Pisco se convierta en el primer low-cost del Per\u00fa<\/a><\/p>\n\n\n\n<p><a href=\"https:\/\/aeronoticias.com.pe\/noticiero\/julian-palacin-de-peru-libre-propondra-construccion-del-aeropuerto-internacional-de-pacasmayo\/\" target=\"_blank\" rel=\"noreferrer noopener\">Juli\u00e1n Palacin de Per\u00fa Libre propondr\u00e1 construcci\u00f3n del Aeropuerto Internacional de Pacasmayo<\/a><\/p>\n\n\n\n<p><a href=\"https:\/\/aeronoticias.com.pe\/noticiero\/julian-palacin-de-peru-libre-propondra-construccion-del-aeropuerto-internacional-de-pacasmayo\/\" target=\"_blank\" rel=\"noreferrer noopener\">Juli\u00e1n Palacin de Per\u00fa Libre propondr\u00e1 construcci\u00f3n del Aeropuerto Internacional de Pacasmayo<\/a><\/p>\n\n\n\n<p><a href=\"https:\/\/aeronoticias.com.pe\/noticiero\/julian-palacin-de-peru-libre-defendera-derechos-de-los-mil-trabajadores-peruanos-de-avianca-peru\/\" target=\"_blank\" rel=\"noreferrer noopener\">Juli\u00e1n Palacin de Per\u00fa Libre defender\u00e1 derechos de los mil trabajadores peruanos de Avianca Per\u00fa<\/a><\/p>\n\n\n\n<p><a href=\"https:\/\/aeronoticias.com.pe\/noticiero\/peru-libre-con-julian-palacin-respaldan-construccion-del-aeropuerto-internacional-de-chinchero-en-cusco\/\" target=\"_blank\" rel=\"noreferrer noopener\">Per\u00fa Libre con Juli\u00e1n Palacin, respaldan construcci\u00f3n del Aeropuerto Internacional de Chinchero en Cusco<\/a><\/p>\n\n\n\n<p><a href=\"https:\/\/aeronoticias.com.pe\/noticiero\/julian-palacin-priorizara-el-desarrollo-del-turismo-para-crear-2-millones-de-puestos-de-trabajo-2021-2026\/\" target=\"_blank\" rel=\"noreferrer noopener\">Juli\u00e1n Palacin priorizar\u00e1 el desarrollo del Turismo para crear 2 millones de puestos de trabajo 2021-2026<\/a><\/p>\n\n\n\n<p><a href=\"https:\/\/aeronoticias.com.pe\/noticiero\/peru-libre-apoya-la-construccion-del-aeropuerto-internacional-de-chinchero-en-cusco\/\" target=\"_blank\" rel=\"noreferrer noopener\">Per\u00fa Libre apoya la construcci\u00f3n del Aeropuerto Internacional de Chinchero en Cusco<\/a><\/p>\n\n\n\n<p><a href=\"https:\/\/aeronoticias.com.pe\/noticiero\/julian-palacin-peru-libre-luchara-por-la-recuperacion-de-la-soberania-aerea\/\" target=\"_blank\" rel=\"noreferrer noopener\">Juli\u00e1n Palacin: Per\u00fa Libre luchar\u00e1 por la recuperaci\u00f3n de la Soberan\u00eda A\u00e9rea<\/a><\/p>\n\n\n\n<p><a href=\"https:\/\/aeronoticias.com.pe\/noticiero\/julian-palacin-candidato-al-congreso-con-el-no-7-por-lima-por-peru-libre-apoya-proyecto-de-ley-que-crea-la-linea-aerea-de-bandera-del-peru\/\" target=\"_blank\" rel=\"noreferrer noopener\">Juli\u00e1n Palacin, candidato al Congreso con el N\u00ba 7 por Lima por Per\u00fa Libre, apoya Proyecto de Ley que crea la L\u00ednea A\u00e9rea de Bandera del Per\u00fa<\/a><\/p>\n\n\n\n<p><a href=\"https:\/\/aeronoticias.com.pe\/noticiero\/peru-libre-defendera-el-derecho-de-tener-una-linea-aerea-de-bandera-que-invierta-y-cree-puestos-de-trabajo-en-el-peru\/\" target=\"_blank\" rel=\"noreferrer noopener\">Per\u00fa Libre defender\u00e1 el derecho de tener una L\u00ednea A\u00e9rea de Bandera, que invierta y cree puestos de trabajo en el Per\u00fa<\/a><\/p>\n\n\n\n<p><a href=\"https:\/\/aeronoticias.com.pe\/noticiero\/julian-palacin-peru-libre-exige-que-lap-cumpla-obligaciones-de-inversion-en-el-aeropuerto-internacional-jorge-chavez\/\" target=\"_blank\" rel=\"noreferrer noopener\">Juli\u00e1n Palacin: \u00abPer\u00fa Libre exige que LAP cumpla obligaciones de Inversi\u00f3n en el Aeropuerto Internacional Jorge Ch\u00e1vez\u00bb<\/a><\/p>\n\n\n\n<p><a href=\"https:\/\/aeronoticias.com.pe\/noticiero\/julian-palacin-peru-libre-defendera-la-soberania-aerea-del-peru\/\" target=\"_blank\" rel=\"noreferrer noopener\">Juli\u00e1n Palacin: Per\u00fa Libre defender\u00e1 la Soberan\u00eda A\u00e9rea del Per\u00fa<\/a><\/p>\n\n\n\n<p><a href=\"https:\/\/aeronoticias.com.pe\/noticiero\/julian-palacin-peru-libre-pide-que-el-ministerio-de-transportes-deniegue-suspension-de-obligaciones-de-lap-en-el-contrato-de-concesion-del-aeropuerto-internacional-jorge-chavez\/\" target=\"_blank\" rel=\"noreferrer noopener\">Juli\u00e1n Palacin: Per\u00fa Libre pide que el Ministerio de Transportes deniegue suspensi\u00f3n de obligaciones de LAP en el Contrato de Concesi\u00f3n del AIJCH<\/a><\/p>\n\n\n\n<p><a href=\"https:\/\/aeronoticias.com.pe\/noticiero\/julian-palacin-lima-debio-tener-la-2da-pista-y-el-nuevo-terminal-del-aeropuerto-internacional-jorge-chavez-este-2020\/\" target=\"_blank\" rel=\"noreferrer noopener\">Juli\u00e1n Palacin: Lima debi\u00f3 tener la 2da pista y el nuevo terminal del Aeropuerto Internacional Jorge Ch\u00e1vez este 2020<\/a><\/p>\n","protected":false},"excerpt":{"rendered":"<p>(Portada Hispana) El candidato al Congreso por Lima Metropolitana con el N\u00ba 7 de Per\u00fa Libre, Juli\u00e1n Palac\u00edn, manifest\u00f3 su desacuerdo con la demanda de amparo judicial que pretende paralizar la construcci\u00f3n del aeropuerto internacional de Chinchero-Cusco interpuesta por una ONG ambientalista porque se alinea con intereses extranjeros en perjuicio del Per\u00fa, es decir, los [&hellip;]<\/p>\n","protected":false},"author":3,"featured_media":70641,"comment_status":"open","ping_status":"open","sticky":false,"template":"","format":"standard","meta":{"tdm_status":"","tdm_grid_status":"","footnotes":""},"categories":[51,11],"tags":[946,170,171,1188,1156],"class_list":{"0":"post-70610","1":"post","2":"type-post","3":"status-publish","4":"format-standard","5":"has-post-thumbnail","7":"category-nacional","8":"category-transporte-aereo","9":"tag-aeropuerto-internacional-de-chinchero","10":"tag-congresodelarepublica","11":"tag-congresoperu","12":"tag-julian-palacin-2","13":"tag-perulibre"},"yoast_head":"<!-- This site is optimized with the Yoast SEO plugin v25.1 - https:\/\/yoast.com\/wordpress\/plugins\/seo\/ -->\n<title>\u00abIntento de paralizaci\u00f3n de obras del aeropuerto de Chinchero beneficia a intereses extranjeros\u00bb<\/title>\n<meta name=\"description\" content=\"\u201c\u00bfC\u00f3mo el Poder Judicial puede aceptar la demanda de una ONG privada que no defiende los intereses del Per\u00fa y que por el contrario se alinea con los intereses extranjeros que usufructan la carencia de una moderna infraestructura aeroportuaria en el Per\u00fa?\u201d, cuestion\u00f3 Juli\u00e1n Palac\u00edn.\" \/>\n<meta name=\"robots\" content=\"index, follow, max-snippet:-1, max-image-preview:large, max-video-preview:-1\" \/>\n<link rel=\"canonical\" href=\"https:\/\/aeronoticias.com.pe\/noticiero\/transporte-aereo\/intento-de-paralizacion-de-obras-del-aeropuerto-de-chinchero-beneficia-a-intereses-extranjeros\/\" \/>\n<meta property=\"og:locale\" content=\"es_ES\" \/>\n<meta property=\"og:type\" content=\"article\" \/>\n<meta property=\"og:title\" content=\"\u00abIntento de paralizaci\u00f3n de obras del aeropuerto de Chinchero beneficia a intereses extranjeros\u00bb\" \/>\n<meta property=\"og:description\" content=\"\u201c\u00bfC\u00f3mo el Poder Judicial puede aceptar la demanda de una ONG privada que no defiende los intereses del Per\u00fa y que por el contrario se alinea con los intereses extranjeros que usufructan la carencia de una moderna infraestructura aeroportuaria en el Per\u00fa?\u201d, cuestion\u00f3 Juli\u00e1n Palac\u00edn.\" \/>\n<meta property=\"og:url\" content=\"https:\/\/aeronoticias.com.pe\/noticiero\/transporte-aereo\/intento-de-paralizacion-de-obras-del-aeropuerto-de-chinchero-beneficia-a-intereses-extranjeros\/\" \/>\n<meta property=\"og:site_name\" content=\"Aeronoticias.com.pe\" \/>\n<meta property=\"article:publisher\" content=\"https:\/\/www.facebook.com\/Aeronoticias.com.pe\/\" \/>\n<meta property=\"article:published_time\" content=\"2021-03-11T15:19:49+00:00\" \/>\n<meta property=\"article:modified_time\" content=\"2021-03-11T15:33:20+00:00\" \/>\n<meta property=\"og:image\" content=\"https:\/\/aeronoticias.com.pe\/noticiero\/wp-content\/uploads\/2021\/03\/jpalacin-achinchero.jpg\" \/>\n\t<meta property=\"og:image:width\" content=\"1902\" \/>\n\t<meta property=\"og:image:height\" content=\"846\" \/>\n\t<meta property=\"og:image:type\" content=\"image\/jpeg\" \/>\n<meta name=\"author\" content=\"Redacci\u00f3n\" \/>\n<meta name=\"twitter:card\" content=\"summary_large_image\" \/>\n<meta name=\"twitter:creator\" content=\"@aeronoticias\" \/>\n<meta name=\"twitter:site\" content=\"@aeronoticias\" \/>\n<meta name=\"twitter:label1\" content=\"Escrito por\" \/>\n\t<meta name=\"twitter:data1\" content=\"Redacci\u00f3n\" \/>\n\t<meta name=\"twitter:label2\" content=\"Tiempo de lectura\" \/>\n\t<meta name=\"twitter:data2\" content=\"12 minutos\" \/>\n<script type=\"application\/ld+json\" class=\"yoast-schema-graph\">{\"@context\":\"https:\/\/schema.org\",\"@graph\":[{\"@type\":\"WebPage\",\"@id\":\"https:\/\/aeronoticias.com.pe\/noticiero\/transporte-aereo\/intento-de-paralizacion-de-obras-del-aeropuerto-de-chinchero-beneficia-a-intereses-extranjeros\/\",\"url\":\"https:\/\/aeronoticias.com.pe\/noticiero\/transporte-aereo\/intento-de-paralizacion-de-obras-del-aeropuerto-de-chinchero-beneficia-a-intereses-extranjeros\/\",\"name\":\"\u00abIntento de paralizaci\u00f3n de obras del aeropuerto de Chinchero beneficia a intereses extranjeros\u00bb\",\"isPartOf\":{\"@id\":\"https:\/\/aeronoticias.com.pe\/noticiero\/#website\"},\"primaryImageOfPage\":{\"@id\":\"https:\/\/aeronoticias.com.pe\/noticiero\/transporte-aereo\/intento-de-paralizacion-de-obras-del-aeropuerto-de-chinchero-beneficia-a-intereses-extranjeros\/#primaryimage\"},\"image\":{\"@id\":\"https:\/\/aeronoticias.com.pe\/noticiero\/transporte-aereo\/intento-de-paralizacion-de-obras-del-aeropuerto-de-chinchero-beneficia-a-intereses-extranjeros\/#primaryimage\"},\"thumbnailUrl\":\"https:\/\/aeronoticias.com.pe\/noticiero\/wp-content\/uploads\/2021\/03\/jpalacin-achinchero.jpg\",\"datePublished\":\"2021-03-11T15:19:49+00:00\",\"dateModified\":\"2021-03-11T15:33:20+00:00\",\"author\":{\"@id\":\"https:\/\/aeronoticias.com.pe\/noticiero\/#\/schema\/person\/16212a617c73f78916b13194154243bd\"},\"description\":\"\u201c\u00bfC\u00f3mo el Poder Judicial puede aceptar la demanda de una ONG privada que no defiende los intereses del Per\u00fa y que por el contrario se alinea con los intereses extranjeros que usufructan la carencia de una moderna infraestructura aeroportuaria en el Per\u00fa?\u201d, cuestion\u00f3 Juli\u00e1n Palac\u00edn.\",\"breadcrumb\":{\"@id\":\"https:\/\/aeronoticias.com.pe\/noticiero\/transporte-aereo\/intento-de-paralizacion-de-obras-del-aeropuerto-de-chinchero-beneficia-a-intereses-extranjeros\/#breadcrumb\"},\"inLanguage\":\"es\",\"potentialAction\":[{\"@type\":\"ReadAction\",\"target\":[\"https:\/\/aeronoticias.com.pe\/noticiero\/transporte-aereo\/intento-de-paralizacion-de-obras-del-aeropuerto-de-chinchero-beneficia-a-intereses-extranjeros\/\"]}]},{\"@type\":\"ImageObject\",\"inLanguage\":\"es\",\"@id\":\"https:\/\/aeronoticias.com.pe\/noticiero\/transporte-aereo\/intento-de-paralizacion-de-obras-del-aeropuerto-de-chinchero-beneficia-a-intereses-extranjeros\/#primaryimage\",\"url\":\"https:\/\/aeronoticias.com.pe\/noticiero\/wp-content\/uploads\/2021\/03\/jpalacin-achinchero.jpg\",\"contentUrl\":\"https:\/\/aeronoticias.com.pe\/noticiero\/wp-content\/uploads\/2021\/03\/jpalacin-achinchero.jpg\",\"width\":1902,\"height\":846},{\"@type\":\"BreadcrumbList\",\"@id\":\"https:\/\/aeronoticias.com.pe\/noticiero\/transporte-aereo\/intento-de-paralizacion-de-obras-del-aeropuerto-de-chinchero-beneficia-a-intereses-extranjeros\/#breadcrumb\",\"itemListElement\":[{\"@type\":\"ListItem\",\"position\":1,\"name\":\"Portada\",\"item\":\"https:\/\/aeronoticias.com.pe\/noticiero\/\"},{\"@type\":\"ListItem\",\"position\":2,\"name\":\"\u00abIntento de paralizaci\u00f3n de obras del aeropuerto de Chinchero beneficia a intereses extranjeros\u00bb\"}]},{\"@type\":\"WebSite\",\"@id\":\"https:\/\/aeronoticias.com.pe\/noticiero\/#website\",\"url\":\"https:\/\/aeronoticias.com.pe\/noticiero\/\",\"name\":\"Aeronoticias.com.pe\",\"description\":\"Noticias de tranporte aereo, turismo, hoteles, gastronomia, actualidad, internacional\",\"potentialAction\":[{\"@type\":\"SearchAction\",\"target\":{\"@type\":\"EntryPoint\",\"urlTemplate\":\"https:\/\/aeronoticias.com.pe\/noticiero\/?s={search_term_string}\"},\"query-input\":{\"@type\":\"PropertyValueSpecification\",\"valueRequired\":true,\"valueName\":\"search_term_string\"}}],\"inLanguage\":\"es\"},{\"@type\":\"Person\",\"@id\":\"https:\/\/aeronoticias.com.pe\/noticiero\/#\/schema\/person\/16212a617c73f78916b13194154243bd\",\"name\":\"Redacci\u00f3n\",\"sameAs\":[\"http:\/\/Redacci\u00f3n\"],\"url\":\"https:\/\/aeronoticias.com.pe\/noticiero\/author\/celeste\/\"}]}<\/script>\n<!-- \/ Yoast SEO plugin. -->","yoast_head_json":{"title":"\u00abIntento de paralizaci\u00f3n de obras del aeropuerto de Chinchero beneficia a intereses extranjeros\u00bb","description":"\u201c\u00bfC\u00f3mo el Poder Judicial puede aceptar la demanda de una ONG privada que no defiende los intereses del Per\u00fa y que por el contrario se alinea con los intereses extranjeros que usufructan la carencia de una moderna infraestructura aeroportuaria en el Per\u00fa?\u201d, cuestion\u00f3 Juli\u00e1n Palac\u00edn.","robots":{"index":"index","follow":"follow","max-snippet":"max-snippet:-1","max-image-preview":"max-image-preview:large","max-video-preview":"max-video-preview:-1"},"canonical":"https:\/\/aeronoticias.com.pe\/noticiero\/transporte-aereo\/intento-de-paralizacion-de-obras-del-aeropuerto-de-chinchero-beneficia-a-intereses-extranjeros\/","og_locale":"es_ES","og_type":"article","og_title":"\u00abIntento de paralizaci\u00f3n de obras del aeropuerto de Chinchero beneficia a intereses extranjeros\u00bb","og_description":"\u201c\u00bfC\u00f3mo el Poder Judicial puede aceptar la demanda de una ONG privada que no defiende los intereses del Per\u00fa y que por el contrario se alinea con los intereses extranjeros que usufructan la carencia de una moderna infraestructura aeroportuaria en el Per\u00fa?\u201d, cuestion\u00f3 Juli\u00e1n Palac\u00edn.","og_url":"https:\/\/aeronoticias.com.pe\/noticiero\/transporte-aereo\/intento-de-paralizacion-de-obras-del-aeropuerto-de-chinchero-beneficia-a-intereses-extranjeros\/","og_site_name":"Aeronoticias.com.pe","article_publisher":"https:\/\/www.facebook.com\/Aeronoticias.com.pe\/","article_published_time":"2021-03-11T15:19:49+00:00","article_modified_time":"2021-03-11T15:33:20+00:00","og_image":[{"width":1902,"height":846,"url":"https:\/\/aeronoticias.com.pe\/noticiero\/wp-content\/uploads\/2021\/03\/jpalacin-achinchero.jpg","type":"image\/jpeg"}],"author":"Redacci\u00f3n","twitter_card":"summary_large_image","twitter_creator":"@aeronoticias","twitter_site":"@aeronoticias","twitter_misc":{"Escrito por":"Redacci\u00f3n","Tiempo de lectura":"12 minutos"},"schema":{"@context":"https:\/\/schema.org","@graph":[{"@type":"WebPage","@id":"https:\/\/aeronoticias.com.pe\/noticiero\/transporte-aereo\/intento-de-paralizacion-de-obras-del-aeropuerto-de-chinchero-beneficia-a-intereses-extranjeros\/","url":"https:\/\/aeronoticias.com.pe\/noticiero\/transporte-aereo\/intento-de-paralizacion-de-obras-del-aeropuerto-de-chinchero-beneficia-a-intereses-extranjeros\/","name":"\u00abIntento de paralizaci\u00f3n de obras del aeropuerto de Chinchero beneficia a intereses extranjeros\u00bb","isPartOf":{"@id":"https:\/\/aeronoticias.com.pe\/noticiero\/#website"},"primaryImageOfPage":{"@id":"https:\/\/aeronoticias.com.pe\/noticiero\/transporte-aereo\/intento-de-paralizacion-de-obras-del-aeropuerto-de-chinchero-beneficia-a-intereses-extranjeros\/#primaryimage"},"image":{"@id":"https:\/\/aeronoticias.com.pe\/noticiero\/transporte-aereo\/intento-de-paralizacion-de-obras-del-aeropuerto-de-chinchero-beneficia-a-intereses-extranjeros\/#primaryimage"},"thumbnailUrl":"https:\/\/aeronoticias.com.pe\/noticiero\/wp-content\/uploads\/2021\/03\/jpalacin-achinchero.jpg","datePublished":"2021-03-11T15:19:49+00:00","dateModified":"2021-03-11T15:33:20+00:00","author":{"@id":"https:\/\/aeronoticias.com.pe\/noticiero\/#\/schema\/person\/16212a617c73f78916b13194154243bd"},"description":"\u201c\u00bfC\u00f3mo el Poder Judicial puede aceptar la demanda de una ONG privada que no defiende los intereses del Per\u00fa y que por el contrario se alinea con los intereses extranjeros que usufructan la carencia de una moderna infraestructura aeroportuaria en el Per\u00fa?\u201d, cuestion\u00f3 Juli\u00e1n Palac\u00edn.","breadcrumb":{"@id":"https:\/\/aeronoticias.com.pe\/noticiero\/transporte-aereo\/intento-de-paralizacion-de-obras-del-aeropuerto-de-chinchero-beneficia-a-intereses-extranjeros\/#breadcrumb"},"inLanguage":"es","potentialAction":[{"@type":"ReadAction","target":["https:\/\/aeronoticias.com.pe\/noticiero\/transporte-aereo\/intento-de-paralizacion-de-obras-del-aeropuerto-de-chinchero-beneficia-a-intereses-extranjeros\/"]}]},{"@type":"ImageObject","inLanguage":"es","@id":"https:\/\/aeronoticias.com.pe\/noticiero\/transporte-aereo\/intento-de-paralizacion-de-obras-del-aeropuerto-de-chinchero-beneficia-a-intereses-extranjeros\/#primaryimage","url":"https:\/\/aeronoticias.com.pe\/noticiero\/wp-content\/uploads\/2021\/03\/jpalacin-achinchero.jpg","contentUrl":"https:\/\/aeronoticias.com.pe\/noticiero\/wp-content\/uploads\/2021\/03\/jpalacin-achinchero.jpg","width":1902,"height":846},{"@type":"BreadcrumbList","@id":"https:\/\/aeronoticias.com.pe\/noticiero\/transporte-aereo\/intento-de-paralizacion-de-obras-del-aeropuerto-de-chinchero-beneficia-a-intereses-extranjeros\/#breadcrumb","itemListElement":[{"@type":"ListItem","position":1,"name":"Portada","item":"https:\/\/aeronoticias.com.pe\/noticiero\/"},{"@type":"ListItem","position":2,"name":"\u00abIntento de paralizaci\u00f3n de obras del aeropuerto de Chinchero beneficia a intereses extranjeros\u00bb"}]},{"@type":"WebSite","@id":"https:\/\/aeronoticias.com.pe\/noticiero\/#website","url":"https:\/\/aeronoticias.com.pe\/noticiero\/","name":"Aeronoticias.com.pe","description":"Noticias de tranporte aereo, turismo, hoteles, gastronomia, actualidad, internacional","potentialAction":[{"@type":"SearchAction","target":{"@type":"EntryPoint","urlTemplate":"https:\/\/aeronoticias.com.pe\/noticiero\/?s={search_term_string}"},"query-input":{"@type":"PropertyValueSpecification","valueRequired":true,"valueName":"search_term_string"}}],"inLanguage":"es"},{"@type":"Person","@id":"https:\/\/aeronoticias.com.pe\/noticiero\/#\/schema\/person\/16212a617c73f78916b13194154243bd","name":"Redacci\u00f3n","sameAs":["http:\/\/Redacci\u00f3n"],"url":"https:\/\/aeronoticias.com.pe\/noticiero\/author\/celeste\/"}]}},"_links":{"self":[{"href":"https:\/\/aeronoticias.com.pe\/noticiero\/wp-json\/wp\/v2\/posts\/70610","targetHints":{"allow":["GET"]}}],"collection":[{"href":"https:\/\/aeronoticias.com.pe\/noticiero\/wp-json\/wp\/v2\/posts"}],"about":[{"href":"https:\/\/aeronoticias.com.pe\/noticiero\/wp-json\/wp\/v2\/types\/post"}],"author":[{"embeddable":true,"href":"https:\/\/aeronoticias.com.pe\/noticiero\/wp-json\/wp\/v2\/users\/3"}],"replies":[{"embeddable":true,"href":"https:\/\/aeronoticias.com.pe\/noticiero\/wp-json\/wp\/v2\/comments?post=70610"}],"version-history":[{"count":0,"href":"https:\/\/aeronoticias.com.pe\/noticiero\/wp-json\/wp\/v2\/posts\/70610\/revisions"}],"wp:featuredmedia":[{"embeddable":true,"href":"https:\/\/aeronoticias.com.pe\/noticiero\/wp-json\/wp\/v2\/media\/70641"}],"wp:attachment":[{"href":"https:\/\/aeronoticias.com.pe\/noticiero\/wp-json\/wp\/v2\/media?parent=70610"}],"wp:term":[{"taxonomy":"category","embeddable":true,"href":"https:\/\/aeronoticias.com.pe\/noticiero\/wp-json\/wp\/v2\/categories?post=70610"},{"taxonomy":"post_tag","embeddable":true,"href":"https:\/\/aeronoticias.com.pe\/noticiero\/wp-json\/wp\/v2\/tags?post=70610"}],"curies":[{"name":"wp","href":"https:\/\/api.w.org\/{rel}","templated":true}]}}