{"id":72120,"date":"2021-04-29T06:51:00","date_gmt":"2021-04-29T11:51:00","guid":{"rendered":"https:\/\/aeronoticias.com.pe\/noticiero\/?p=72120"},"modified":"2021-04-29T16:54:17","modified_gmt":"2021-04-29T21:54:17","slug":"iberia-volara-a-eslovenia-tras-votacion-en-redes","status":"publish","type":"post","link":"https:\/\/aeronoticias.com.pe\/noticiero\/transporte-aereo\/iberia-volara-a-eslovenia-tras-votacion-en-redes\/","title":{"rendered":"Iberia volar\u00e1 a Eslovenia tras votaci\u00f3n en redes"},"content":{"rendered":"\n<p><strong>(Aeronoticias)<\/strong>.- Mediante una\u00a0votaci\u00f3n a trav\u00e9s de las redes sociales de Iberia, los seguidores de la aerol\u00ednea espa\u00f1ola eligieron a\u00a0Liubliana, Eslovenia, como el destino n\u00famero 113 que operar\u00e1 la aerol\u00ednea este verano. Volar\u00e1\u00a0dos veces por semana del\u00a02 al 30 de agosto.<\/p>\n\n\n\n<p>Durante 11 d\u00edas, las personas pudieron votar, adem\u00e1s de la capital eslovena, entre&nbsp;<strong>Bastia<\/strong>, en Francia;&nbsp;<strong>Rodas, Tesal\u00f3nica y Zakynthos<\/strong>&nbsp;en Grecia;&nbsp;<strong>Fez&nbsp;<\/strong>en Marruecos y las I<strong>slas Azores<\/strong>, en Portugal.&nbsp;<\/p>\n\n\n\n<p>En total se contabilizaron&nbsp;<strong>cuatro mil 719 votos<\/strong>, de los cuales, el&nbsp;<strong>38% fue para la ciudad eslovena<\/strong>, mientras que en segundo lugar quedaron las islas portuguesas y en tercero Zakynthos, en Grecia.<\/p>\n\n\n\n<p>\u201cIberia ha cumplido con los deseos de sus seguidores&nbsp; y<strong>&nbsp;ya ha programado los vuelos para volar a Liubliana este verano<\/strong>; concretamente&nbsp;<strong>dos frecuencias semanales -los lunes y viernes- del 2 al 30 de agosto<\/strong>. Ya est\u00e1n a la venta estos vuelos, y se pueden encontrar billetes de ida y vuelta por 115 euros\u201d, se\u00f1al\u00f3 la aerol\u00ednea en un comunicado.&nbsp;<\/p>\n\n\n\n<p>Para este verano, Iberia&nbsp;<strong>prev\u00e9 operar vuelos a 113 destinos a nivel mundial<\/strong>. Entre las rutas nuevas y recuperadas est\u00e1n las&nbsp;<strong>islas Maldivas, Chicago, Boston, Los \u00c1ngeles, Guayaquil y Cali, por ejemplo.&nbsp;<\/strong><\/p>\n\n\n\n<p>En Europa, Iberia tambi\u00e9n retomar\u00e1 muchas de sus rutas estivales, como\u00a0<strong>Bergen, Budapest, Corf\u00fa, Catania, Dubrovnik, Olbia, Oslo, Split y Zagreb<\/strong>, a los que se suman los destinos de \u201csol y playa\u201d internacionales operados por\u00a0<strong>Iberia Express<\/strong>, como\u00a0<strong>Heraklion, Mykonos, Santorini, Bari, Palermo, Cagliari, Zadar y Malta<\/strong>, adem\u00e1s de la nueva ruta a\u00a0<strong>Cefalonia<\/strong>, en Grecia.<\/p>\n\n\n\n<p>Fuente: <strong><em>A21<\/em><\/strong>.<\/p>\n","protected":false},"excerpt":{"rendered":"<p>(Aeronoticias).- Mediante una\u00a0votaci\u00f3n a trav\u00e9s de las redes sociales de Iberia, los seguidores de la aerol\u00ednea espa\u00f1ola eligieron a\u00a0Liubliana, Eslovenia, como el destino n\u00famero 113 que operar\u00e1 la aerol\u00ednea este verano. Volar\u00e1\u00a0dos veces por semana del\u00a02 al 30 de agosto. Durante 11 d\u00edas, las personas pudieron votar, adem\u00e1s de la capital eslovena, entre&nbsp;Bastia, en Francia;&nbsp;Rodas, [&hellip;]<\/p>\n","protected":false},"author":4,"featured_media":66625,"comment_status":"open","ping_status":"open","sticky":false,"template":"","format":"standard","meta":{"tdm_status":"","tdm_grid_status":"","footnotes":""},"categories":[32,11],"tags":[163],"class_list":{"0":"post-72120","1":"post","2":"type-post","3":"status-publish","4":"format-standard","5":"has-post-thumbnail","7":"category-internacional","8":"category-transporte-aereo","9":"tag-coronavirus"},"yoast_head":"<!-- This site is optimized with the Yoast SEO plugin v25.1 - https:\/\/yoast.com\/wordpress\/plugins\/seo\/ -->\n<title>Iberia volar\u00e1 a Eslovenia tras votaci\u00f3n en redes<\/title>\n<meta name=\"description\" content=\"Portal de noticias del Per\u00fa sobre el transporte a\u00e9reo, aviaci\u00f3n, turismo, hoteleria, actualidad.\" \/>\n<meta name=\"robots\" content=\"index, follow, max-snippet:-1, max-image-preview:large, max-video-preview:-1\" \/>\n<link rel=\"canonical\" href=\"https:\/\/aeronoticias.com.pe\/noticiero\/transporte-aereo\/iberia-volara-a-eslovenia-tras-votacion-en-redes\/\" \/>\n<meta property=\"og:locale\" content=\"es_ES\" \/>\n<meta property=\"og:type\" content=\"article\" \/>\n<meta property=\"og:title\" content=\"Iberia volar\u00e1 a Eslovenia tras votaci\u00f3n en redes\" \/>\n<meta property=\"og:description\" content=\"Portal de noticias del Per\u00fa sobre el transporte a\u00e9reo, aviaci\u00f3n, turismo, hoteleria, actualidad.\" \/>\n<meta property=\"og:url\" content=\"https:\/\/aeronoticias.com.pe\/noticiero\/transporte-aereo\/iberia-volara-a-eslovenia-tras-votacion-en-redes\/\" \/>\n<meta property=\"og:site_name\" content=\"Aeronoticias.com.pe\" \/>\n<meta property=\"article:publisher\" content=\"https:\/\/www.facebook.com\/Aeronoticias.com.pe\/\" \/>\n<meta property=\"article:published_time\" content=\"2021-04-29T11:51:00+00:00\" \/>\n<meta property=\"article:modified_time\" content=\"2021-04-29T21:54:17+00:00\" \/>\n<meta property=\"og:image\" content=\"https:\/\/aeronoticias.com.pe\/noticiero\/wp-content\/uploads\/2019\/06\/iberia.jpg\" \/>\n\t<meta property=\"og:image:width\" content=\"846\" \/>\n\t<meta property=\"og:image:height\" content=\"551\" \/>\n\t<meta property=\"og:image:type\" content=\"image\/jpeg\" \/>\n<meta name=\"author\" content=\"Jefrey Cuya\" \/>\n<meta name=\"twitter:card\" content=\"summary_large_image\" \/>\n<meta name=\"twitter:creator\" content=\"@aeronoticias\" \/>\n<meta name=\"twitter:site\" content=\"@aeronoticias\" \/>\n<meta name=\"twitter:label1\" content=\"Escrito por\" \/>\n\t<meta name=\"twitter:data1\" content=\"Jefrey Cuya\" \/>\n\t<meta name=\"twitter:label2\" content=\"Tiempo de lectura\" \/>\n\t<meta name=\"twitter:data2\" content=\"1 minuto\" \/>\n<script type=\"application\/ld+json\" class=\"yoast-schema-graph\">{\"@context\":\"https:\/\/schema.org\",\"@graph\":[{\"@type\":\"WebPage\",\"@id\":\"https:\/\/aeronoticias.com.pe\/noticiero\/transporte-aereo\/iberia-volara-a-eslovenia-tras-votacion-en-redes\/\",\"url\":\"https:\/\/aeronoticias.com.pe\/noticiero\/transporte-aereo\/iberia-volara-a-eslovenia-tras-votacion-en-redes\/\",\"name\":\"Iberia volar\u00e1 a Eslovenia tras votaci\u00f3n en redes\",\"isPartOf\":{\"@id\":\"https:\/\/aeronoticias.com.pe\/noticiero\/#website\"},\"primaryImageOfPage\":{\"@id\":\"https:\/\/aeronoticias.com.pe\/noticiero\/transporte-aereo\/iberia-volara-a-eslovenia-tras-votacion-en-redes\/#primaryimage\"},\"image\":{\"@id\":\"https:\/\/aeronoticias.com.pe\/noticiero\/transporte-aereo\/iberia-volara-a-eslovenia-tras-votacion-en-redes\/#primaryimage\"},\"thumbnailUrl\":\"https:\/\/aeronoticias.com.pe\/noticiero\/wp-content\/uploads\/2019\/06\/iberia.jpg\",\"datePublished\":\"2021-04-29T11:51:00+00:00\",\"dateModified\":\"2021-04-29T21:54:17+00:00\",\"author\":{\"@id\":\"https:\/\/aeronoticias.com.pe\/noticiero\/#\/schema\/person\/9ef7422a13b22ab480ffc29639f442b0\"},\"description\":\"Portal de noticias del Per\u00fa sobre el transporte a\u00e9reo, aviaci\u00f3n, turismo, hoteleria, actualidad.\",\"breadcrumb\":{\"@id\":\"https:\/\/aeronoticias.com.pe\/noticiero\/transporte-aereo\/iberia-volara-a-eslovenia-tras-votacion-en-redes\/#breadcrumb\"},\"inLanguage\":\"es\",\"potentialAction\":[{\"@type\":\"ReadAction\",\"target\":[\"https:\/\/aeronoticias.com.pe\/noticiero\/transporte-aereo\/iberia-volara-a-eslovenia-tras-votacion-en-redes\/\"]}]},{\"@type\":\"ImageObject\",\"inLanguage\":\"es\",\"@id\":\"https:\/\/aeronoticias.com.pe\/noticiero\/transporte-aereo\/iberia-volara-a-eslovenia-tras-votacion-en-redes\/#primaryimage\",\"url\":\"https:\/\/aeronoticias.com.pe\/noticiero\/wp-content\/uploads\/2019\/06\/iberia.jpg\",\"contentUrl\":\"https:\/\/aeronoticias.com.pe\/noticiero\/wp-content\/uploads\/2019\/06\/iberia.jpg\",\"width\":846,\"height\":551},{\"@type\":\"BreadcrumbList\",\"@id\":\"https:\/\/aeronoticias.com.pe\/noticiero\/transporte-aereo\/iberia-volara-a-eslovenia-tras-votacion-en-redes\/#breadcrumb\",\"itemListElement\":[{\"@type\":\"ListItem\",\"position\":1,\"name\":\"Portada\",\"item\":\"https:\/\/aeronoticias.com.pe\/noticiero\/\"},{\"@type\":\"ListItem\",\"position\":2,\"name\":\"Iberia volar\u00e1 a Eslovenia tras votaci\u00f3n en redes\"}]},{\"@type\":\"WebSite\",\"@id\":\"https:\/\/aeronoticias.com.pe\/noticiero\/#website\",\"url\":\"https:\/\/aeronoticias.com.pe\/noticiero\/\",\"name\":\"Aeronoticias.com.pe\",\"description\":\"Noticias de tranporte aereo, turismo, hoteles, gastronomia, actualidad, internacional\",\"potentialAction\":[{\"@type\":\"SearchAction\",\"target\":{\"@type\":\"EntryPoint\",\"urlTemplate\":\"https:\/\/aeronoticias.com.pe\/noticiero\/?s={search_term_string}\"},\"query-input\":{\"@type\":\"PropertyValueSpecification\",\"valueRequired\":true,\"valueName\":\"search_term_string\"}}],\"inLanguage\":\"es\"},{\"@type\":\"Person\",\"@id\":\"https:\/\/aeronoticias.com.pe\/noticiero\/#\/schema\/person\/9ef7422a13b22ab480ffc29639f442b0\",\"name\":\"Jefrey Cuya\",\"url\":\"https:\/\/aeronoticias.com.pe\/noticiero\/author\/jefreycuya\/\"}]}<\/script>\n<!-- \/ Yoast SEO plugin. -->","yoast_head_json":{"title":"Iberia volar\u00e1 a Eslovenia tras votaci\u00f3n en redes","description":"Portal de noticias del Per\u00fa sobre el transporte a\u00e9reo, aviaci\u00f3n, turismo, hoteleria, actualidad.","robots":{"index":"index","follow":"follow","max-snippet":"max-snippet:-1","max-image-preview":"max-image-preview:large","max-video-preview":"max-video-preview:-1"},"canonical":"https:\/\/aeronoticias.com.pe\/noticiero\/transporte-aereo\/iberia-volara-a-eslovenia-tras-votacion-en-redes\/","og_locale":"es_ES","og_type":"article","og_title":"Iberia volar\u00e1 a Eslovenia tras votaci\u00f3n en redes","og_description":"Portal de noticias del Per\u00fa sobre el transporte a\u00e9reo, aviaci\u00f3n, turismo, hoteleria, actualidad.","og_url":"https:\/\/aeronoticias.com.pe\/noticiero\/transporte-aereo\/iberia-volara-a-eslovenia-tras-votacion-en-redes\/","og_site_name":"Aeronoticias.com.pe","article_publisher":"https:\/\/www.facebook.com\/Aeronoticias.com.pe\/","article_published_time":"2021-04-29T11:51:00+00:00","article_modified_time":"2021-04-29T21:54:17+00:00","og_image":[{"width":846,"height":551,"url":"https:\/\/aeronoticias.com.pe\/noticiero\/wp-content\/uploads\/2019\/06\/iberia.jpg","type":"image\/jpeg"}],"author":"Jefrey Cuya","twitter_card":"summary_large_image","twitter_creator":"@aeronoticias","twitter_site":"@aeronoticias","twitter_misc":{"Escrito por":"Jefrey Cuya","Tiempo de lectura":"1 minuto"},"schema":{"@context":"https:\/\/schema.org","@graph":[{"@type":"WebPage","@id":"https:\/\/aeronoticias.com.pe\/noticiero\/transporte-aereo\/iberia-volara-a-eslovenia-tras-votacion-en-redes\/","url":"https:\/\/aeronoticias.com.pe\/noticiero\/transporte-aereo\/iberia-volara-a-eslovenia-tras-votacion-en-redes\/","name":"Iberia volar\u00e1 a Eslovenia tras votaci\u00f3n en redes","isPartOf":{"@id":"https:\/\/aeronoticias.com.pe\/noticiero\/#website"},"primaryImageOfPage":{"@id":"https:\/\/aeronoticias.com.pe\/noticiero\/transporte-aereo\/iberia-volara-a-eslovenia-tras-votacion-en-redes\/#primaryimage"},"image":{"@id":"https:\/\/aeronoticias.com.pe\/noticiero\/transporte-aereo\/iberia-volara-a-eslovenia-tras-votacion-en-redes\/#primaryimage"},"thumbnailUrl":"https:\/\/aeronoticias.com.pe\/noticiero\/wp-content\/uploads\/2019\/06\/iberia.jpg","datePublished":"2021-04-29T11:51:00+00:00","dateModified":"2021-04-29T21:54:17+00:00","author":{"@id":"https:\/\/aeronoticias.com.pe\/noticiero\/#\/schema\/person\/9ef7422a13b22ab480ffc29639f442b0"},"description":"Portal de noticias del Per\u00fa sobre el transporte a\u00e9reo, aviaci\u00f3n, turismo, hoteleria, actualidad.","breadcrumb":{"@id":"https:\/\/aeronoticias.com.pe\/noticiero\/transporte-aereo\/iberia-volara-a-eslovenia-tras-votacion-en-redes\/#breadcrumb"},"inLanguage":"es","potentialAction":[{"@type":"ReadAction","target":["https:\/\/aeronoticias.com.pe\/noticiero\/transporte-aereo\/iberia-volara-a-eslovenia-tras-votacion-en-redes\/"]}]},{"@type":"ImageObject","inLanguage":"es","@id":"https:\/\/aeronoticias.com.pe\/noticiero\/transporte-aereo\/iberia-volara-a-eslovenia-tras-votacion-en-redes\/#primaryimage","url":"https:\/\/aeronoticias.com.pe\/noticiero\/wp-content\/uploads\/2019\/06\/iberia.jpg","contentUrl":"https:\/\/aeronoticias.com.pe\/noticiero\/wp-content\/uploads\/2019\/06\/iberia.jpg","width":846,"height":551},{"@type":"BreadcrumbList","@id":"https:\/\/aeronoticias.com.pe\/noticiero\/transporte-aereo\/iberia-volara-a-eslovenia-tras-votacion-en-redes\/#breadcrumb","itemListElement":[{"@type":"ListItem","position":1,"name":"Portada","item":"https:\/\/aeronoticias.com.pe\/noticiero\/"},{"@type":"ListItem","position":2,"name":"Iberia volar\u00e1 a Eslovenia tras votaci\u00f3n en redes"}]},{"@type":"WebSite","@id":"https:\/\/aeronoticias.com.pe\/noticiero\/#website","url":"https:\/\/aeronoticias.com.pe\/noticiero\/","name":"Aeronoticias.com.pe","description":"Noticias de tranporte aereo, turismo, hoteles, gastronomia, actualidad, internacional","potentialAction":[{"@type":"SearchAction","target":{"@type":"EntryPoint","urlTemplate":"https:\/\/aeronoticias.com.pe\/noticiero\/?s={search_term_string}"},"query-input":{"@type":"PropertyValueSpecification","valueRequired":true,"valueName":"search_term_string"}}],"inLanguage":"es"},{"@type":"Person","@id":"https:\/\/aeronoticias.com.pe\/noticiero\/#\/schema\/person\/9ef7422a13b22ab480ffc29639f442b0","name":"Jefrey Cuya","url":"https:\/\/aeronoticias.com.pe\/noticiero\/author\/jefreycuya\/"}]}},"_links":{"self":[{"href":"https:\/\/aeronoticias.com.pe\/noticiero\/wp-json\/wp\/v2\/posts\/72120","targetHints":{"allow":["GET"]}}],"collection":[{"href":"https:\/\/aeronoticias.com.pe\/noticiero\/wp-json\/wp\/v2\/posts"}],"about":[{"href":"https:\/\/aeronoticias.com.pe\/noticiero\/wp-json\/wp\/v2\/types\/post"}],"author":[{"embeddable":true,"href":"https:\/\/aeronoticias.com.pe\/noticiero\/wp-json\/wp\/v2\/users\/4"}],"replies":[{"embeddable":true,"href":"https:\/\/aeronoticias.com.pe\/noticiero\/wp-json\/wp\/v2\/comments?post=72120"}],"version-history":[{"count":0,"href":"https:\/\/aeronoticias.com.pe\/noticiero\/wp-json\/wp\/v2\/posts\/72120\/revisions"}],"wp:featuredmedia":[{"embeddable":true,"href":"https:\/\/aeronoticias.com.pe\/noticiero\/wp-json\/wp\/v2\/media\/66625"}],"wp:attachment":[{"href":"https:\/\/aeronoticias.com.pe\/noticiero\/wp-json\/wp\/v2\/media?parent=72120"}],"wp:term":[{"taxonomy":"category","embeddable":true,"href":"https:\/\/aeronoticias.com.pe\/noticiero\/wp-json\/wp\/v2\/categories?post=72120"},{"taxonomy":"post_tag","embeddable":true,"href":"https:\/\/aeronoticias.com.pe\/noticiero\/wp-json\/wp\/v2\/tags?post=72120"}],"curies":[{"name":"wp","href":"https:\/\/api.w.org\/{rel}","templated":true}]}}