{"id":72132,"date":"2021-04-30T06:44:00","date_gmt":"2021-04-30T11:44:00","guid":{"rendered":"https:\/\/aeronoticias.com.pe\/noticiero\/?p=72132"},"modified":"2021-04-30T23:47:15","modified_gmt":"2021-05-01T04:47:15","slug":"brasil-nuevas-oleadas-afectan-recuperacion-aerea","status":"publish","type":"post","link":"https:\/\/aeronoticias.com.pe\/noticiero\/transporte-aereo\/brasil-nuevas-oleadas-afectan-recuperacion-aerea\/","title":{"rendered":"Brasil: Nuevas oleadas afectan recuperaci\u00f3n a\u00e9rea"},"content":{"rendered":"\n<p><strong>(Aeronoticias)<\/strong>.- La aerol\u00ednea brasile\u00f1a\u00a0GOL\u00a0detuvo su proceso de recuperaci\u00f3n durante el primer trimestre del a\u00f1o debido a una\u00a0segunda oleada de infecciones de covid-19 y al inicio de la temporada baja en ese pa\u00eds.\u00a0<\/p>\n\n\n\n<p>Debido a esto, la aerol\u00ednea tuvo&nbsp;<strong>ingresos totales por 1.6 mil millones de reales brasile\u00f1os<\/strong>&nbsp;(una ca\u00edda del 50% en comparaci\u00f3n con lo obtenido el a\u00f1o previo. La p\u00e9rdida neta de GOL durante este trimestre fue de 892 millones de reales (<strong>aproximadamente 165 millones de d\u00f3lares<\/strong>).&nbsp;<\/p>\n\n\n\n<p>Durante los primeros tres meses del a\u00f1o, GOL transport\u00f3&nbsp;<strong>4.5 millones de pasajeros<\/strong>&nbsp;y tuvo una&nbsp;<strong>oferta<\/strong>, medida en asientos disponible-kil\u00f3metro,&nbsp;<strong>reducida en 44%<\/strong>&nbsp;en comparaci\u00f3n con el primer trimestre de 2020. La aerol\u00ednea mantiene su mercado internacional totalmente cerrado.&nbsp;<\/p>\n\n\n\n<p>\u201cDesde el inicio de la pandemia, la compa\u00f1\u00eda ha mantenido la agilidad suficiente para ajustar su suministro de acuerdo con las fluctuaciones de la demanda. Afortunadamente, ya&nbsp;<strong>estamos viendo una ca\u00edda en el n\u00famero de casos diarios de esta segunda oleada de covid-19<\/strong>, lo que ha generado una&nbsp;<strong>alza correspondiente en el n\u00famero de ventas durante las \u00faltimas semanas<\/strong>\u201d, se\u00f1al\u00f3&nbsp;<strong>Paulo Kakinoff, director general de GOL.&nbsp;<\/strong><\/p>\n\n\n\n<p>Para el segundo trimestre del a\u00f1o, GOL planea&nbsp;<strong>operar a un 61% de la capacidad que ten\u00eda hace un a\u00f1o<\/strong>, llevando a cabo entre 185 y 200 vuelos diarios con una&nbsp;<strong>flota activa de 47 aeronaves<\/strong>, pese a que tiene un total de 127 aviones.<\/p>\n\n\n\n<p>Fuente: <strong><em>A21<\/em><\/strong>.<\/p>\n","protected":false},"excerpt":{"rendered":"<p>(Aeronoticias).- La aerol\u00ednea brasile\u00f1a\u00a0GOL\u00a0detuvo su proceso de recuperaci\u00f3n durante el primer trimestre del a\u00f1o debido a una\u00a0segunda oleada de infecciones de covid-19 y al inicio de la temporada baja en ese pa\u00eds.\u00a0 Debido a esto, la aerol\u00ednea tuvo&nbsp;ingresos totales por 1.6 mil millones de reales brasile\u00f1os&nbsp;(una ca\u00edda del 50% en comparaci\u00f3n con lo obtenido el [&hellip;]<\/p>\n","protected":false},"author":4,"featured_media":65653,"comment_status":"open","ping_status":"open","sticky":false,"template":"","format":"standard","meta":{"tdm_status":"","tdm_grid_status":"","footnotes":""},"categories":[32,11],"tags":[494],"class_list":{"0":"post-72132","1":"post","2":"type-post","3":"status-publish","4":"format-standard","5":"has-post-thumbnail","7":"category-internacional","8":"category-transporte-aereo","9":"tag-gol"},"yoast_head":"<!-- This site is optimized with the Yoast SEO plugin v25.1 - https:\/\/yoast.com\/wordpress\/plugins\/seo\/ -->\n<title>Brasil: Nuevas oleadas afectan recuperaci\u00f3n a\u00e9rea<\/title>\n<meta name=\"description\" content=\"Portal de noticias del Per\u00fa sobre el transporte a\u00e9reo, aviaci\u00f3n, turismo, hoteleria, actualidad.\" \/>\n<meta name=\"robots\" content=\"index, follow, max-snippet:-1, max-image-preview:large, max-video-preview:-1\" \/>\n<link rel=\"canonical\" href=\"https:\/\/aeronoticias.com.pe\/noticiero\/transporte-aereo\/brasil-nuevas-oleadas-afectan-recuperacion-aerea\/\" \/>\n<meta property=\"og:locale\" content=\"es_ES\" \/>\n<meta property=\"og:type\" content=\"article\" \/>\n<meta property=\"og:title\" content=\"Brasil: Nuevas oleadas afectan recuperaci\u00f3n a\u00e9rea\" \/>\n<meta property=\"og:description\" content=\"Portal de noticias del Per\u00fa sobre el transporte a\u00e9reo, aviaci\u00f3n, turismo, hoteleria, actualidad.\" \/>\n<meta property=\"og:url\" content=\"https:\/\/aeronoticias.com.pe\/noticiero\/transporte-aereo\/brasil-nuevas-oleadas-afectan-recuperacion-aerea\/\" \/>\n<meta property=\"og:site_name\" content=\"Aeronoticias.com.pe\" \/>\n<meta property=\"article:publisher\" content=\"https:\/\/www.facebook.com\/Aeronoticias.com.pe\/\" \/>\n<meta property=\"article:published_time\" content=\"2021-04-30T11:44:00+00:00\" \/>\n<meta property=\"article:modified_time\" content=\"2021-05-01T04:47:15+00:00\" \/>\n<meta property=\"og:image\" content=\"https:\/\/aeronoticias.com.pe\/noticiero\/wp-content\/uploads\/2019\/10\/American-Airlines-y-Gol.jpg\" \/>\n\t<meta property=\"og:image:width\" content=\"1200\" \/>\n\t<meta property=\"og:image:height\" content=\"675\" \/>\n\t<meta property=\"og:image:type\" content=\"image\/jpeg\" \/>\n<meta name=\"author\" content=\"Jefrey Cuya\" \/>\n<meta name=\"twitter:card\" content=\"summary_large_image\" \/>\n<meta name=\"twitter:creator\" content=\"@aeronoticias\" \/>\n<meta name=\"twitter:site\" content=\"@aeronoticias\" \/>\n<meta name=\"twitter:label1\" content=\"Escrito por\" \/>\n\t<meta name=\"twitter:data1\" content=\"Jefrey Cuya\" \/>\n\t<meta name=\"twitter:label2\" content=\"Tiempo de lectura\" \/>\n\t<meta name=\"twitter:data2\" content=\"1 minuto\" \/>\n<script type=\"application\/ld+json\" class=\"yoast-schema-graph\">{\"@context\":\"https:\/\/schema.org\",\"@graph\":[{\"@type\":\"WebPage\",\"@id\":\"https:\/\/aeronoticias.com.pe\/noticiero\/transporte-aereo\/brasil-nuevas-oleadas-afectan-recuperacion-aerea\/\",\"url\":\"https:\/\/aeronoticias.com.pe\/noticiero\/transporte-aereo\/brasil-nuevas-oleadas-afectan-recuperacion-aerea\/\",\"name\":\"Brasil: Nuevas oleadas afectan recuperaci\u00f3n a\u00e9rea\",\"isPartOf\":{\"@id\":\"https:\/\/aeronoticias.com.pe\/noticiero\/#website\"},\"primaryImageOfPage\":{\"@id\":\"https:\/\/aeronoticias.com.pe\/noticiero\/transporte-aereo\/brasil-nuevas-oleadas-afectan-recuperacion-aerea\/#primaryimage\"},\"image\":{\"@id\":\"https:\/\/aeronoticias.com.pe\/noticiero\/transporte-aereo\/brasil-nuevas-oleadas-afectan-recuperacion-aerea\/#primaryimage\"},\"thumbnailUrl\":\"https:\/\/aeronoticias.com.pe\/noticiero\/wp-content\/uploads\/2019\/10\/American-Airlines-y-Gol.jpg\",\"datePublished\":\"2021-04-30T11:44:00+00:00\",\"dateModified\":\"2021-05-01T04:47:15+00:00\",\"author\":{\"@id\":\"https:\/\/aeronoticias.com.pe\/noticiero\/#\/schema\/person\/9ef7422a13b22ab480ffc29639f442b0\"},\"description\":\"Portal de noticias del Per\u00fa sobre el transporte a\u00e9reo, aviaci\u00f3n, turismo, hoteleria, actualidad.\",\"breadcrumb\":{\"@id\":\"https:\/\/aeronoticias.com.pe\/noticiero\/transporte-aereo\/brasil-nuevas-oleadas-afectan-recuperacion-aerea\/#breadcrumb\"},\"inLanguage\":\"es\",\"potentialAction\":[{\"@type\":\"ReadAction\",\"target\":[\"https:\/\/aeronoticias.com.pe\/noticiero\/transporte-aereo\/brasil-nuevas-oleadas-afectan-recuperacion-aerea\/\"]}]},{\"@type\":\"ImageObject\",\"inLanguage\":\"es\",\"@id\":\"https:\/\/aeronoticias.com.pe\/noticiero\/transporte-aereo\/brasil-nuevas-oleadas-afectan-recuperacion-aerea\/#primaryimage\",\"url\":\"https:\/\/aeronoticias.com.pe\/noticiero\/wp-content\/uploads\/2019\/10\/American-Airlines-y-Gol.jpg\",\"contentUrl\":\"https:\/\/aeronoticias.com.pe\/noticiero\/wp-content\/uploads\/2019\/10\/American-Airlines-y-Gol.jpg\",\"width\":1200,\"height\":675},{\"@type\":\"BreadcrumbList\",\"@id\":\"https:\/\/aeronoticias.com.pe\/noticiero\/transporte-aereo\/brasil-nuevas-oleadas-afectan-recuperacion-aerea\/#breadcrumb\",\"itemListElement\":[{\"@type\":\"ListItem\",\"position\":1,\"name\":\"Portada\",\"item\":\"https:\/\/aeronoticias.com.pe\/noticiero\/\"},{\"@type\":\"ListItem\",\"position\":2,\"name\":\"Brasil: Nuevas oleadas afectan recuperaci\u00f3n a\u00e9rea\"}]},{\"@type\":\"WebSite\",\"@id\":\"https:\/\/aeronoticias.com.pe\/noticiero\/#website\",\"url\":\"https:\/\/aeronoticias.com.pe\/noticiero\/\",\"name\":\"Aeronoticias.com.pe\",\"description\":\"Noticias de tranporte aereo, turismo, hoteles, gastronomia, actualidad, internacional\",\"potentialAction\":[{\"@type\":\"SearchAction\",\"target\":{\"@type\":\"EntryPoint\",\"urlTemplate\":\"https:\/\/aeronoticias.com.pe\/noticiero\/?s={search_term_string}\"},\"query-input\":{\"@type\":\"PropertyValueSpecification\",\"valueRequired\":true,\"valueName\":\"search_term_string\"}}],\"inLanguage\":\"es\"},{\"@type\":\"Person\",\"@id\":\"https:\/\/aeronoticias.com.pe\/noticiero\/#\/schema\/person\/9ef7422a13b22ab480ffc29639f442b0\",\"name\":\"Jefrey Cuya\",\"url\":\"https:\/\/aeronoticias.com.pe\/noticiero\/author\/jefreycuya\/\"}]}<\/script>\n<!-- \/ Yoast SEO plugin. -->","yoast_head_json":{"title":"Brasil: Nuevas oleadas afectan recuperaci\u00f3n a\u00e9rea","description":"Portal de noticias del Per\u00fa sobre el transporte a\u00e9reo, aviaci\u00f3n, turismo, hoteleria, actualidad.","robots":{"index":"index","follow":"follow","max-snippet":"max-snippet:-1","max-image-preview":"max-image-preview:large","max-video-preview":"max-video-preview:-1"},"canonical":"https:\/\/aeronoticias.com.pe\/noticiero\/transporte-aereo\/brasil-nuevas-oleadas-afectan-recuperacion-aerea\/","og_locale":"es_ES","og_type":"article","og_title":"Brasil: Nuevas oleadas afectan recuperaci\u00f3n a\u00e9rea","og_description":"Portal de noticias del Per\u00fa sobre el transporte a\u00e9reo, aviaci\u00f3n, turismo, hoteleria, actualidad.","og_url":"https:\/\/aeronoticias.com.pe\/noticiero\/transporte-aereo\/brasil-nuevas-oleadas-afectan-recuperacion-aerea\/","og_site_name":"Aeronoticias.com.pe","article_publisher":"https:\/\/www.facebook.com\/Aeronoticias.com.pe\/","article_published_time":"2021-04-30T11:44:00+00:00","article_modified_time":"2021-05-01T04:47:15+00:00","og_image":[{"width":1200,"height":675,"url":"https:\/\/aeronoticias.com.pe\/noticiero\/wp-content\/uploads\/2019\/10\/American-Airlines-y-Gol.jpg","type":"image\/jpeg"}],"author":"Jefrey Cuya","twitter_card":"summary_large_image","twitter_creator":"@aeronoticias","twitter_site":"@aeronoticias","twitter_misc":{"Escrito por":"Jefrey Cuya","Tiempo de lectura":"1 minuto"},"schema":{"@context":"https:\/\/schema.org","@graph":[{"@type":"WebPage","@id":"https:\/\/aeronoticias.com.pe\/noticiero\/transporte-aereo\/brasil-nuevas-oleadas-afectan-recuperacion-aerea\/","url":"https:\/\/aeronoticias.com.pe\/noticiero\/transporte-aereo\/brasil-nuevas-oleadas-afectan-recuperacion-aerea\/","name":"Brasil: Nuevas oleadas afectan recuperaci\u00f3n a\u00e9rea","isPartOf":{"@id":"https:\/\/aeronoticias.com.pe\/noticiero\/#website"},"primaryImageOfPage":{"@id":"https:\/\/aeronoticias.com.pe\/noticiero\/transporte-aereo\/brasil-nuevas-oleadas-afectan-recuperacion-aerea\/#primaryimage"},"image":{"@id":"https:\/\/aeronoticias.com.pe\/noticiero\/transporte-aereo\/brasil-nuevas-oleadas-afectan-recuperacion-aerea\/#primaryimage"},"thumbnailUrl":"https:\/\/aeronoticias.com.pe\/noticiero\/wp-content\/uploads\/2019\/10\/American-Airlines-y-Gol.jpg","datePublished":"2021-04-30T11:44:00+00:00","dateModified":"2021-05-01T04:47:15+00:00","author":{"@id":"https:\/\/aeronoticias.com.pe\/noticiero\/#\/schema\/person\/9ef7422a13b22ab480ffc29639f442b0"},"description":"Portal de noticias del Per\u00fa sobre el transporte a\u00e9reo, aviaci\u00f3n, turismo, hoteleria, actualidad.","breadcrumb":{"@id":"https:\/\/aeronoticias.com.pe\/noticiero\/transporte-aereo\/brasil-nuevas-oleadas-afectan-recuperacion-aerea\/#breadcrumb"},"inLanguage":"es","potentialAction":[{"@type":"ReadAction","target":["https:\/\/aeronoticias.com.pe\/noticiero\/transporte-aereo\/brasil-nuevas-oleadas-afectan-recuperacion-aerea\/"]}]},{"@type":"ImageObject","inLanguage":"es","@id":"https:\/\/aeronoticias.com.pe\/noticiero\/transporte-aereo\/brasil-nuevas-oleadas-afectan-recuperacion-aerea\/#primaryimage","url":"https:\/\/aeronoticias.com.pe\/noticiero\/wp-content\/uploads\/2019\/10\/American-Airlines-y-Gol.jpg","contentUrl":"https:\/\/aeronoticias.com.pe\/noticiero\/wp-content\/uploads\/2019\/10\/American-Airlines-y-Gol.jpg","width":1200,"height":675},{"@type":"BreadcrumbList","@id":"https:\/\/aeronoticias.com.pe\/noticiero\/transporte-aereo\/brasil-nuevas-oleadas-afectan-recuperacion-aerea\/#breadcrumb","itemListElement":[{"@type":"ListItem","position":1,"name":"Portada","item":"https:\/\/aeronoticias.com.pe\/noticiero\/"},{"@type":"ListItem","position":2,"name":"Brasil: Nuevas oleadas afectan recuperaci\u00f3n a\u00e9rea"}]},{"@type":"WebSite","@id":"https:\/\/aeronoticias.com.pe\/noticiero\/#website","url":"https:\/\/aeronoticias.com.pe\/noticiero\/","name":"Aeronoticias.com.pe","description":"Noticias de tranporte aereo, turismo, hoteles, gastronomia, actualidad, internacional","potentialAction":[{"@type":"SearchAction","target":{"@type":"EntryPoint","urlTemplate":"https:\/\/aeronoticias.com.pe\/noticiero\/?s={search_term_string}"},"query-input":{"@type":"PropertyValueSpecification","valueRequired":true,"valueName":"search_term_string"}}],"inLanguage":"es"},{"@type":"Person","@id":"https:\/\/aeronoticias.com.pe\/noticiero\/#\/schema\/person\/9ef7422a13b22ab480ffc29639f442b0","name":"Jefrey Cuya","url":"https:\/\/aeronoticias.com.pe\/noticiero\/author\/jefreycuya\/"}]}},"_links":{"self":[{"href":"https:\/\/aeronoticias.com.pe\/noticiero\/wp-json\/wp\/v2\/posts\/72132","targetHints":{"allow":["GET"]}}],"collection":[{"href":"https:\/\/aeronoticias.com.pe\/noticiero\/wp-json\/wp\/v2\/posts"}],"about":[{"href":"https:\/\/aeronoticias.com.pe\/noticiero\/wp-json\/wp\/v2\/types\/post"}],"author":[{"embeddable":true,"href":"https:\/\/aeronoticias.com.pe\/noticiero\/wp-json\/wp\/v2\/users\/4"}],"replies":[{"embeddable":true,"href":"https:\/\/aeronoticias.com.pe\/noticiero\/wp-json\/wp\/v2\/comments?post=72132"}],"version-history":[{"count":0,"href":"https:\/\/aeronoticias.com.pe\/noticiero\/wp-json\/wp\/v2\/posts\/72132\/revisions"}],"wp:featuredmedia":[{"embeddable":true,"href":"https:\/\/aeronoticias.com.pe\/noticiero\/wp-json\/wp\/v2\/media\/65653"}],"wp:attachment":[{"href":"https:\/\/aeronoticias.com.pe\/noticiero\/wp-json\/wp\/v2\/media?parent=72132"}],"wp:term":[{"taxonomy":"category","embeddable":true,"href":"https:\/\/aeronoticias.com.pe\/noticiero\/wp-json\/wp\/v2\/categories?post=72132"},{"taxonomy":"post_tag","embeddable":true,"href":"https:\/\/aeronoticias.com.pe\/noticiero\/wp-json\/wp\/v2\/tags?post=72132"}],"curies":[{"name":"wp","href":"https:\/\/api.w.org\/{rel}","templated":true}]}}