{"id":72289,"date":"2021-05-12T07:18:00","date_gmt":"2021-05-12T12:18:00","guid":{"rendered":"https:\/\/aeronoticias.com.pe\/noticiero\/?p=72289"},"modified":"2021-05-12T23:21:23","modified_gmt":"2021-05-13T04:21:23","slug":"viva-aerobus-firma-alianza-para-compensar-huella-de-carbono","status":"publish","type":"post","link":"https:\/\/aeronoticias.com.pe\/noticiero\/transporte-aereo\/viva-aerobus-firma-alianza-para-compensar-huella-de-carbono\/","title":{"rendered":"Viva Aerobus firma alianza para compensar huella de carbono"},"content":{"rendered":"\n<p><strong>(Aeronoticias).-La<\/strong> aerol\u00ednea mexicana\u00a0Viva Aerobus\u00a0firm\u00f3 una alianza con\u00a0Anaconda Carbon, empresa dedicada al impulso y desarrollo de tecnolog\u00edas de energ\u00edas renovables, eficiencia energ\u00e9tica, reducci\u00f3n de emisiones de gases de efecto invernadero (GEI) e iniciativas de sostenibilidad, con el objetivo de\u00a0<strong>lanzar un programa de compensaci\u00f3n voluntaria de huella de carbono para sus pasajeros.<\/strong><\/p>\n\n\n\n<p>Por medio de un comunicado, la aerol\u00ednea explic\u00f3 que con este acuerdo se realizar\u00e1 una serie de&nbsp;<strong>acciones que neutralicen la cantidad de emisiones GEI<\/strong>, adem\u00e1s de que se&nbsp;<strong>apoyar\u00e1n econ\u00f3micamente proyectos para la mejora del medio ambiente.&nbsp;<\/strong><\/p>\n\n\n\n<p>\u201cCon esta alianza, nos convertimos en la&nbsp;<strong>\u00fanica aerol\u00ednea mexicana que permite a los pasajeros compensar de manera voluntaria su huella de carbono<\/strong>&nbsp;real por vuelo y no una aproximaci\u00f3n gen\u00e9rica\u201d, dijo Juan Carlos Zuazua, director de Viva Aerobus.&nbsp;<\/p>\n\n\n\n<p>Desde ahora, los usuarios podr\u00e1n&nbsp;<strong>elegir la opci\u00f3n \u201ccompensar la huella de carbono\u201d al realizar la reservaci\u00f3n de un vuelo desde el sitio web.<\/strong>&nbsp;Junto a Anaconda, la empresa calcular\u00e1 la huella real e indicar\u00e1 el monto correspondiente a la compensaci\u00f3n de las emisiones. Los pasajeros que decidan realizar este pago recibir\u00e1n un&nbsp;<strong>certificado que avala su contribuci\u00f3n.&nbsp;<\/strong><\/p>\n\n\n\n<p>Para el a\u00f1o 2025, Viva tiene planteado reducir en m\u00e1s del&nbsp;<strong>15% sus emisiones de CO2 por asiento por kil\u00f3metro, y CO2 por pasajero por kil\u00f3metro.<\/strong><\/p>\n\n\n\n<p>El c\u00e1lculo de la huella de carbono se realizar\u00e1&nbsp;<strong>usando m\u00e9tricas y metodolog\u00edas establecidas en el Protocolo de Gases de Efecto Invernadero de las Naciones Unidas y el Panel Intergubernamental en Cambio Clim\u00e1tico (IPCC)<\/strong>, puntualiz\u00f3 Viva Aerobus.<\/p>\n\n\n\n<p>Fuente: <strong><em>A21<\/em><\/strong>.<\/p>\n","protected":false},"excerpt":{"rendered":"<p>(Aeronoticias).-La aerol\u00ednea mexicana\u00a0Viva Aerobus\u00a0firm\u00f3 una alianza con\u00a0Anaconda Carbon, empresa dedicada al impulso y desarrollo de tecnolog\u00edas de energ\u00edas renovables, eficiencia energ\u00e9tica, reducci\u00f3n de emisiones de gases de efecto invernadero (GEI) e iniciativas de sostenibilidad, con el objetivo de\u00a0lanzar un programa de compensaci\u00f3n voluntaria de huella de carbono para sus pasajeros. Por medio de un comunicado, [&hellip;]<\/p>\n","protected":false},"author":4,"featured_media":65936,"comment_status":"open","ping_status":"open","sticky":false,"template":"","format":"standard","meta":{"tdm_status":"","tdm_grid_status":"","footnotes":""},"categories":[32,11],"tags":[163],"class_list":{"0":"post-72289","1":"post","2":"type-post","3":"status-publish","4":"format-standard","5":"has-post-thumbnail","7":"category-internacional","8":"category-transporte-aereo","9":"tag-coronavirus"},"yoast_head":"<!-- This site is optimized with the Yoast SEO plugin v25.1 - https:\/\/yoast.com\/wordpress\/plugins\/seo\/ -->\n<title>Viva Aerobus firma alianza para compensar huella de carbono<\/title>\n<meta name=\"description\" content=\"Portal de noticias del Per\u00fa sobre el transporte a\u00e9reo, aviaci\u00f3n, turismo, hoteleria, actualidad.\" \/>\n<meta name=\"robots\" content=\"index, follow, max-snippet:-1, max-image-preview:large, max-video-preview:-1\" \/>\n<link rel=\"canonical\" href=\"https:\/\/aeronoticias.com.pe\/noticiero\/transporte-aereo\/viva-aerobus-firma-alianza-para-compensar-huella-de-carbono\/\" \/>\n<meta property=\"og:locale\" content=\"es_ES\" \/>\n<meta property=\"og:type\" content=\"article\" \/>\n<meta property=\"og:title\" content=\"Viva Aerobus firma alianza para compensar huella de carbono\" \/>\n<meta property=\"og:description\" content=\"Portal de noticias del Per\u00fa sobre el transporte a\u00e9reo, aviaci\u00f3n, turismo, hoteleria, actualidad.\" \/>\n<meta property=\"og:url\" content=\"https:\/\/aeronoticias.com.pe\/noticiero\/transporte-aereo\/viva-aerobus-firma-alianza-para-compensar-huella-de-carbono\/\" \/>\n<meta property=\"og:site_name\" content=\"Aeronoticias.com.pe\" \/>\n<meta property=\"article:publisher\" content=\"https:\/\/www.facebook.com\/Aeronoticias.com.pe\/\" \/>\n<meta property=\"article:published_time\" content=\"2021-05-12T12:18:00+00:00\" \/>\n<meta property=\"article:modified_time\" content=\"2021-05-13T04:21:23+00:00\" \/>\n<meta property=\"og:image\" content=\"https:\/\/aeronoticias.com.pe\/noticiero\/wp-content\/uploads\/2019\/08\/Volaris.jpg\" \/>\n\t<meta property=\"og:image:width\" content=\"1000\" \/>\n\t<meta property=\"og:image:height\" content=\"467\" \/>\n\t<meta property=\"og:image:type\" content=\"image\/jpeg\" \/>\n<meta name=\"author\" content=\"Jefrey Cuya\" \/>\n<meta name=\"twitter:card\" content=\"summary_large_image\" \/>\n<meta name=\"twitter:creator\" content=\"@aeronoticias\" \/>\n<meta name=\"twitter:site\" content=\"@aeronoticias\" \/>\n<meta name=\"twitter:label1\" content=\"Escrito por\" \/>\n\t<meta name=\"twitter:data1\" content=\"Jefrey Cuya\" \/>\n\t<meta name=\"twitter:label2\" content=\"Tiempo de lectura\" \/>\n\t<meta name=\"twitter:data2\" content=\"1 minuto\" \/>\n<script type=\"application\/ld+json\" class=\"yoast-schema-graph\">{\"@context\":\"https:\/\/schema.org\",\"@graph\":[{\"@type\":\"WebPage\",\"@id\":\"https:\/\/aeronoticias.com.pe\/noticiero\/transporte-aereo\/viva-aerobus-firma-alianza-para-compensar-huella-de-carbono\/\",\"url\":\"https:\/\/aeronoticias.com.pe\/noticiero\/transporte-aereo\/viva-aerobus-firma-alianza-para-compensar-huella-de-carbono\/\",\"name\":\"Viva Aerobus firma alianza para compensar huella de carbono\",\"isPartOf\":{\"@id\":\"https:\/\/aeronoticias.com.pe\/noticiero\/#website\"},\"primaryImageOfPage\":{\"@id\":\"https:\/\/aeronoticias.com.pe\/noticiero\/transporte-aereo\/viva-aerobus-firma-alianza-para-compensar-huella-de-carbono\/#primaryimage\"},\"image\":{\"@id\":\"https:\/\/aeronoticias.com.pe\/noticiero\/transporte-aereo\/viva-aerobus-firma-alianza-para-compensar-huella-de-carbono\/#primaryimage\"},\"thumbnailUrl\":\"https:\/\/aeronoticias.com.pe\/noticiero\/wp-content\/uploads\/2019\/08\/Volaris.jpg\",\"datePublished\":\"2021-05-12T12:18:00+00:00\",\"dateModified\":\"2021-05-13T04:21:23+00:00\",\"author\":{\"@id\":\"https:\/\/aeronoticias.com.pe\/noticiero\/#\/schema\/person\/9ef7422a13b22ab480ffc29639f442b0\"},\"description\":\"Portal de noticias del Per\u00fa sobre el transporte a\u00e9reo, aviaci\u00f3n, turismo, hoteleria, actualidad.\",\"breadcrumb\":{\"@id\":\"https:\/\/aeronoticias.com.pe\/noticiero\/transporte-aereo\/viva-aerobus-firma-alianza-para-compensar-huella-de-carbono\/#breadcrumb\"},\"inLanguage\":\"es\",\"potentialAction\":[{\"@type\":\"ReadAction\",\"target\":[\"https:\/\/aeronoticias.com.pe\/noticiero\/transporte-aereo\/viva-aerobus-firma-alianza-para-compensar-huella-de-carbono\/\"]}]},{\"@type\":\"ImageObject\",\"inLanguage\":\"es\",\"@id\":\"https:\/\/aeronoticias.com.pe\/noticiero\/transporte-aereo\/viva-aerobus-firma-alianza-para-compensar-huella-de-carbono\/#primaryimage\",\"url\":\"https:\/\/aeronoticias.com.pe\/noticiero\/wp-content\/uploads\/2019\/08\/Volaris.jpg\",\"contentUrl\":\"https:\/\/aeronoticias.com.pe\/noticiero\/wp-content\/uploads\/2019\/08\/Volaris.jpg\",\"width\":1000,\"height\":467},{\"@type\":\"BreadcrumbList\",\"@id\":\"https:\/\/aeronoticias.com.pe\/noticiero\/transporte-aereo\/viva-aerobus-firma-alianza-para-compensar-huella-de-carbono\/#breadcrumb\",\"itemListElement\":[{\"@type\":\"ListItem\",\"position\":1,\"name\":\"Portada\",\"item\":\"https:\/\/aeronoticias.com.pe\/noticiero\/\"},{\"@type\":\"ListItem\",\"position\":2,\"name\":\"Viva Aerobus firma alianza para compensar huella de carbono\"}]},{\"@type\":\"WebSite\",\"@id\":\"https:\/\/aeronoticias.com.pe\/noticiero\/#website\",\"url\":\"https:\/\/aeronoticias.com.pe\/noticiero\/\",\"name\":\"Aeronoticias.com.pe\",\"description\":\"Noticias de tranporte aereo, turismo, hoteles, gastronomia, actualidad, internacional\",\"potentialAction\":[{\"@type\":\"SearchAction\",\"target\":{\"@type\":\"EntryPoint\",\"urlTemplate\":\"https:\/\/aeronoticias.com.pe\/noticiero\/?s={search_term_string}\"},\"query-input\":{\"@type\":\"PropertyValueSpecification\",\"valueRequired\":true,\"valueName\":\"search_term_string\"}}],\"inLanguage\":\"es\"},{\"@type\":\"Person\",\"@id\":\"https:\/\/aeronoticias.com.pe\/noticiero\/#\/schema\/person\/9ef7422a13b22ab480ffc29639f442b0\",\"name\":\"Jefrey Cuya\",\"url\":\"https:\/\/aeronoticias.com.pe\/noticiero\/author\/jefreycuya\/\"}]}<\/script>\n<!-- \/ Yoast SEO plugin. -->","yoast_head_json":{"title":"Viva Aerobus firma alianza para compensar huella de carbono","description":"Portal de noticias del Per\u00fa sobre el transporte a\u00e9reo, aviaci\u00f3n, turismo, hoteleria, actualidad.","robots":{"index":"index","follow":"follow","max-snippet":"max-snippet:-1","max-image-preview":"max-image-preview:large","max-video-preview":"max-video-preview:-1"},"canonical":"https:\/\/aeronoticias.com.pe\/noticiero\/transporte-aereo\/viva-aerobus-firma-alianza-para-compensar-huella-de-carbono\/","og_locale":"es_ES","og_type":"article","og_title":"Viva Aerobus firma alianza para compensar huella de carbono","og_description":"Portal de noticias del Per\u00fa sobre el transporte a\u00e9reo, aviaci\u00f3n, turismo, hoteleria, actualidad.","og_url":"https:\/\/aeronoticias.com.pe\/noticiero\/transporte-aereo\/viva-aerobus-firma-alianza-para-compensar-huella-de-carbono\/","og_site_name":"Aeronoticias.com.pe","article_publisher":"https:\/\/www.facebook.com\/Aeronoticias.com.pe\/","article_published_time":"2021-05-12T12:18:00+00:00","article_modified_time":"2021-05-13T04:21:23+00:00","og_image":[{"width":1000,"height":467,"url":"https:\/\/aeronoticias.com.pe\/noticiero\/wp-content\/uploads\/2019\/08\/Volaris.jpg","type":"image\/jpeg"}],"author":"Jefrey Cuya","twitter_card":"summary_large_image","twitter_creator":"@aeronoticias","twitter_site":"@aeronoticias","twitter_misc":{"Escrito por":"Jefrey Cuya","Tiempo de lectura":"1 minuto"},"schema":{"@context":"https:\/\/schema.org","@graph":[{"@type":"WebPage","@id":"https:\/\/aeronoticias.com.pe\/noticiero\/transporte-aereo\/viva-aerobus-firma-alianza-para-compensar-huella-de-carbono\/","url":"https:\/\/aeronoticias.com.pe\/noticiero\/transporte-aereo\/viva-aerobus-firma-alianza-para-compensar-huella-de-carbono\/","name":"Viva Aerobus firma alianza para compensar huella de carbono","isPartOf":{"@id":"https:\/\/aeronoticias.com.pe\/noticiero\/#website"},"primaryImageOfPage":{"@id":"https:\/\/aeronoticias.com.pe\/noticiero\/transporte-aereo\/viva-aerobus-firma-alianza-para-compensar-huella-de-carbono\/#primaryimage"},"image":{"@id":"https:\/\/aeronoticias.com.pe\/noticiero\/transporte-aereo\/viva-aerobus-firma-alianza-para-compensar-huella-de-carbono\/#primaryimage"},"thumbnailUrl":"https:\/\/aeronoticias.com.pe\/noticiero\/wp-content\/uploads\/2019\/08\/Volaris.jpg","datePublished":"2021-05-12T12:18:00+00:00","dateModified":"2021-05-13T04:21:23+00:00","author":{"@id":"https:\/\/aeronoticias.com.pe\/noticiero\/#\/schema\/person\/9ef7422a13b22ab480ffc29639f442b0"},"description":"Portal de noticias del Per\u00fa sobre el transporte a\u00e9reo, aviaci\u00f3n, turismo, hoteleria, actualidad.","breadcrumb":{"@id":"https:\/\/aeronoticias.com.pe\/noticiero\/transporte-aereo\/viva-aerobus-firma-alianza-para-compensar-huella-de-carbono\/#breadcrumb"},"inLanguage":"es","potentialAction":[{"@type":"ReadAction","target":["https:\/\/aeronoticias.com.pe\/noticiero\/transporte-aereo\/viva-aerobus-firma-alianza-para-compensar-huella-de-carbono\/"]}]},{"@type":"ImageObject","inLanguage":"es","@id":"https:\/\/aeronoticias.com.pe\/noticiero\/transporte-aereo\/viva-aerobus-firma-alianza-para-compensar-huella-de-carbono\/#primaryimage","url":"https:\/\/aeronoticias.com.pe\/noticiero\/wp-content\/uploads\/2019\/08\/Volaris.jpg","contentUrl":"https:\/\/aeronoticias.com.pe\/noticiero\/wp-content\/uploads\/2019\/08\/Volaris.jpg","width":1000,"height":467},{"@type":"BreadcrumbList","@id":"https:\/\/aeronoticias.com.pe\/noticiero\/transporte-aereo\/viva-aerobus-firma-alianza-para-compensar-huella-de-carbono\/#breadcrumb","itemListElement":[{"@type":"ListItem","position":1,"name":"Portada","item":"https:\/\/aeronoticias.com.pe\/noticiero\/"},{"@type":"ListItem","position":2,"name":"Viva Aerobus firma alianza para compensar huella de carbono"}]},{"@type":"WebSite","@id":"https:\/\/aeronoticias.com.pe\/noticiero\/#website","url":"https:\/\/aeronoticias.com.pe\/noticiero\/","name":"Aeronoticias.com.pe","description":"Noticias de tranporte aereo, turismo, hoteles, gastronomia, actualidad, internacional","potentialAction":[{"@type":"SearchAction","target":{"@type":"EntryPoint","urlTemplate":"https:\/\/aeronoticias.com.pe\/noticiero\/?s={search_term_string}"},"query-input":{"@type":"PropertyValueSpecification","valueRequired":true,"valueName":"search_term_string"}}],"inLanguage":"es"},{"@type":"Person","@id":"https:\/\/aeronoticias.com.pe\/noticiero\/#\/schema\/person\/9ef7422a13b22ab480ffc29639f442b0","name":"Jefrey Cuya","url":"https:\/\/aeronoticias.com.pe\/noticiero\/author\/jefreycuya\/"}]}},"_links":{"self":[{"href":"https:\/\/aeronoticias.com.pe\/noticiero\/wp-json\/wp\/v2\/posts\/72289","targetHints":{"allow":["GET"]}}],"collection":[{"href":"https:\/\/aeronoticias.com.pe\/noticiero\/wp-json\/wp\/v2\/posts"}],"about":[{"href":"https:\/\/aeronoticias.com.pe\/noticiero\/wp-json\/wp\/v2\/types\/post"}],"author":[{"embeddable":true,"href":"https:\/\/aeronoticias.com.pe\/noticiero\/wp-json\/wp\/v2\/users\/4"}],"replies":[{"embeddable":true,"href":"https:\/\/aeronoticias.com.pe\/noticiero\/wp-json\/wp\/v2\/comments?post=72289"}],"version-history":[{"count":0,"href":"https:\/\/aeronoticias.com.pe\/noticiero\/wp-json\/wp\/v2\/posts\/72289\/revisions"}],"wp:featuredmedia":[{"embeddable":true,"href":"https:\/\/aeronoticias.com.pe\/noticiero\/wp-json\/wp\/v2\/media\/65936"}],"wp:attachment":[{"href":"https:\/\/aeronoticias.com.pe\/noticiero\/wp-json\/wp\/v2\/media?parent=72289"}],"wp:term":[{"taxonomy":"category","embeddable":true,"href":"https:\/\/aeronoticias.com.pe\/noticiero\/wp-json\/wp\/v2\/categories?post=72289"},{"taxonomy":"post_tag","embeddable":true,"href":"https:\/\/aeronoticias.com.pe\/noticiero\/wp-json\/wp\/v2\/tags?post=72289"}],"curies":[{"name":"wp","href":"https:\/\/api.w.org\/{rel}","templated":true}]}}