{"id":72291,"date":"2021-05-13T07:14:00","date_gmt":"2021-05-13T12:14:00","guid":{"rendered":"https:\/\/aeronoticias.com.pe\/noticiero\/?p=72291"},"modified":"2021-05-13T08:18:45","modified_gmt":"2021-05-13T13:18:45","slug":"pandemia-impulso-competitividad-de-aerolineas-mexicanas","status":"publish","type":"post","link":"https:\/\/aeronoticias.com.pe\/noticiero\/transporte-aereo\/pandemia-impulso-competitividad-de-aerolineas-mexicanas\/","title":{"rendered":"Pandemia impuls\u00f3 competitividad de aerol\u00edneas mexicanas"},"content":{"rendered":"\n<p><strong>(Aeronoticias)<\/strong>.- La crisis por la pandemia del covid-19 y el hecho de que el gobierno mexicano nunca cerrara sus fronteras ni obligara a que la industria a\u00e9rea detuviera sus operaciones, hizo que las\u00a0<strong>aerol\u00edneas locales se comportaran de forma comercialmente agresiva para sobrevivir<\/strong>, se\u00f1al\u00f3\u00a0<strong>Carolyn Prowse, directora comercial de Volaris.\u00a0<\/strong><\/p>\n\n\n\n<p>Durante su participaci\u00f3n en un webinar organizado por el Centro para la Aviaci\u00f3n (<strong>CAPA<\/strong>), Prowse se\u00f1al\u00f3 que,&nbsp;<strong>a pesar de que el gobierno mexicano nunca cerr\u00f3 sus fronteras ni otorg\u00f3 pr\u00e9stamos<\/strong>&nbsp;o financi\u00f3 aerol\u00edneas para mantenerlas a flote,<strong>&nbsp;lograron sacar provecho de la situaci\u00f3n.&nbsp;<\/strong><\/p>\n\n\n\n<p>\u201cCreo que esto nos ayud\u00f3 porque signific\u00f3 que todas las aerol\u00edneas de M\u00e9xico tuvieron que ser extremadamente competitivas para sobrevivir. Asimismo, como resultado de esto, nuestros competidores con costos unitarios m\u00e1s altos (en referencia a Grupo Aerom\u00e9xico e Interjet) tuvieron que recortar su capacidad y&nbsp;<strong>esto ha representado una mayor oportunidad para nosotros en el mercado<\/strong>\u201d, se\u00f1al\u00f3.&nbsp;<\/p>\n\n\n\n<p>En el \u00faltimo a\u00f1o, tanto Volaris como Viva Aerobus, las dos aerol\u00edneas de bajo costo en el pa\u00eds, han impulsado su conectividad,&nbsp;<strong>lanzando rutas desde Ciudad de M\u00e9xico<\/strong>&nbsp;y otros destinos, tanto en el segmento local como el internacional y han aumentado sus frecuencias en&nbsp;<strong>destinos clave como Canc\u00fan.&nbsp;<\/strong><\/p>\n\n\n\n<p>\u201c<strong>En abril tuvimos m\u00e1s capacidad que la que ten\u00edamos en 2019<\/strong>, en el mercado prepand\u00e9mico. Y durante la crisis tambi\u00e9n&nbsp;<strong>hemos ganado 10 puntos porcentuales en la distribuci\u00f3n total del mercado<\/strong>. (La crisis) nos ha permitido, de alguna manera, crecer de una forma que no nos habr\u00eda sido posible previamente\u201d, se\u00f1al\u00f3 Prowse.&nbsp;<\/p>\n\n\n\n<p>Las aerol\u00edneas de bajo costo tambi\u00e9n&nbsp;<strong>se beneficiaron de la salida de muchos aviones del mercado mexicano<\/strong>.&nbsp;<strong>Interjet<\/strong>, previo a la pandemia,&nbsp;<strong>ten\u00eda 88 aeronaves<\/strong>&nbsp;(de las cuales 66 estaban operativas) y ahora la aerol\u00ednea mantiene suspendidas sus operaciones y enfrenta un proceso de concurso mercantil.&nbsp;<strong>Aerom\u00e9xico<\/strong>, por su parte, ha reducido su flota,&nbsp;<strong>rechazando contratos de arrendamiento de aproximadamente 25 unidades<\/strong>, adem\u00e1s de que ha renegociado y&nbsp;<strong>reducido la llegada de nuevas unidades B737 MAX<\/strong>.&nbsp;<\/p>\n\n\n\n<p>Estas medidas contrastan con las de&nbsp;<strong>Volaris<\/strong>, que firm\u00f3 nuevos contratos de arrendamiento para&nbsp;<strong>incrementar su flota en 2020<\/strong>&nbsp;y, en lugar de s\u00f3lo recibir tres nuevos aviones,&nbsp;<strong>elev\u00f3 el n\u00famero a&nbsp;once.<\/strong><\/p>\n\n\n\n<p>Fuente: <strong><em>A21<\/em><\/strong>.<\/p>\n","protected":false},"excerpt":{"rendered":"<p>(Aeronoticias).- La crisis por la pandemia del covid-19 y el hecho de que el gobierno mexicano nunca cerrara sus fronteras ni obligara a que la industria a\u00e9rea detuviera sus operaciones, hizo que las\u00a0aerol\u00edneas locales se comportaran de forma comercialmente agresiva para sobrevivir, se\u00f1al\u00f3\u00a0Carolyn Prowse, directora comercial de Volaris.\u00a0 Durante su participaci\u00f3n en un webinar organizado [&hellip;]<\/p>\n","protected":false},"author":4,"featured_media":67504,"comment_status":"open","ping_status":"open","sticky":false,"template":"","format":"standard","meta":{"tdm_status":"","tdm_grid_status":"","footnotes":""},"categories":[32,11],"tags":[163,316],"class_list":{"0":"post-72291","1":"post","2":"type-post","3":"status-publish","4":"format-standard","5":"has-post-thumbnail","7":"category-internacional","8":"category-transporte-aereo","9":"tag-coronavirus","10":"tag-pandemia"},"yoast_head":"<!-- This site is optimized with the Yoast SEO plugin v25.1 - https:\/\/yoast.com\/wordpress\/plugins\/seo\/ -->\n<title>Pandemia impuls\u00f3 competitividad de aerol\u00edneas mexicanas<\/title>\n<meta name=\"description\" content=\"Portal de noticias del Per\u00fa sobre el transporte a\u00e9reo, aviaci\u00f3n, turismo, hoteleria, actualidad.\" \/>\n<meta name=\"robots\" content=\"index, follow, max-snippet:-1, max-image-preview:large, max-video-preview:-1\" \/>\n<link rel=\"canonical\" href=\"https:\/\/aeronoticias.com.pe\/noticiero\/transporte-aereo\/pandemia-impulso-competitividad-de-aerolineas-mexicanas\/\" \/>\n<meta property=\"og:locale\" content=\"es_ES\" \/>\n<meta property=\"og:type\" content=\"article\" \/>\n<meta property=\"og:title\" content=\"Pandemia impuls\u00f3 competitividad de aerol\u00edneas mexicanas\" \/>\n<meta property=\"og:description\" content=\"Portal de noticias del Per\u00fa sobre el transporte a\u00e9reo, aviaci\u00f3n, turismo, hoteleria, actualidad.\" \/>\n<meta property=\"og:url\" content=\"https:\/\/aeronoticias.com.pe\/noticiero\/transporte-aereo\/pandemia-impulso-competitividad-de-aerolineas-mexicanas\/\" \/>\n<meta property=\"og:site_name\" content=\"Aeronoticias.com.pe\" \/>\n<meta property=\"article:publisher\" content=\"https:\/\/www.facebook.com\/Aeronoticias.com.pe\/\" \/>\n<meta property=\"article:published_time\" content=\"2021-05-13T12:14:00+00:00\" \/>\n<meta property=\"article:modified_time\" content=\"2021-05-13T13:18:45+00:00\" \/>\n<meta property=\"og:image\" content=\"https:\/\/aeronoticias.com.pe\/noticiero\/wp-content\/uploads\/2019\/02\/Volaris-TSA.jpeg\" \/>\n\t<meta property=\"og:image:width\" content=\"1280\" \/>\n\t<meta property=\"og:image:height\" content=\"768\" \/>\n\t<meta property=\"og:image:type\" content=\"image\/jpeg\" \/>\n<meta name=\"author\" content=\"Jefrey Cuya\" \/>\n<meta name=\"twitter:card\" content=\"summary_large_image\" \/>\n<meta name=\"twitter:creator\" content=\"@aeronoticias\" \/>\n<meta name=\"twitter:site\" content=\"@aeronoticias\" \/>\n<meta name=\"twitter:label1\" content=\"Escrito por\" \/>\n\t<meta name=\"twitter:data1\" content=\"Jefrey Cuya\" \/>\n\t<meta name=\"twitter:label2\" content=\"Tiempo de lectura\" \/>\n\t<meta name=\"twitter:data2\" content=\"2 minutos\" \/>\n<script type=\"application\/ld+json\" class=\"yoast-schema-graph\">{\"@context\":\"https:\/\/schema.org\",\"@graph\":[{\"@type\":\"WebPage\",\"@id\":\"https:\/\/aeronoticias.com.pe\/noticiero\/transporte-aereo\/pandemia-impulso-competitividad-de-aerolineas-mexicanas\/\",\"url\":\"https:\/\/aeronoticias.com.pe\/noticiero\/transporte-aereo\/pandemia-impulso-competitividad-de-aerolineas-mexicanas\/\",\"name\":\"Pandemia impuls\u00f3 competitividad de aerol\u00edneas mexicanas\",\"isPartOf\":{\"@id\":\"https:\/\/aeronoticias.com.pe\/noticiero\/#website\"},\"primaryImageOfPage\":{\"@id\":\"https:\/\/aeronoticias.com.pe\/noticiero\/transporte-aereo\/pandemia-impulso-competitividad-de-aerolineas-mexicanas\/#primaryimage\"},\"image\":{\"@id\":\"https:\/\/aeronoticias.com.pe\/noticiero\/transporte-aereo\/pandemia-impulso-competitividad-de-aerolineas-mexicanas\/#primaryimage\"},\"thumbnailUrl\":\"https:\/\/aeronoticias.com.pe\/noticiero\/wp-content\/uploads\/2019\/02\/Volaris-TSA.jpeg\",\"datePublished\":\"2021-05-13T12:14:00+00:00\",\"dateModified\":\"2021-05-13T13:18:45+00:00\",\"author\":{\"@id\":\"https:\/\/aeronoticias.com.pe\/noticiero\/#\/schema\/person\/9ef7422a13b22ab480ffc29639f442b0\"},\"description\":\"Portal de noticias del Per\u00fa sobre el transporte a\u00e9reo, aviaci\u00f3n, turismo, hoteleria, actualidad.\",\"breadcrumb\":{\"@id\":\"https:\/\/aeronoticias.com.pe\/noticiero\/transporte-aereo\/pandemia-impulso-competitividad-de-aerolineas-mexicanas\/#breadcrumb\"},\"inLanguage\":\"es\",\"potentialAction\":[{\"@type\":\"ReadAction\",\"target\":[\"https:\/\/aeronoticias.com.pe\/noticiero\/transporte-aereo\/pandemia-impulso-competitividad-de-aerolineas-mexicanas\/\"]}]},{\"@type\":\"ImageObject\",\"inLanguage\":\"es\",\"@id\":\"https:\/\/aeronoticias.com.pe\/noticiero\/transporte-aereo\/pandemia-impulso-competitividad-de-aerolineas-mexicanas\/#primaryimage\",\"url\":\"https:\/\/aeronoticias.com.pe\/noticiero\/wp-content\/uploads\/2019\/02\/Volaris-TSA.jpeg\",\"contentUrl\":\"https:\/\/aeronoticias.com.pe\/noticiero\/wp-content\/uploads\/2019\/02\/Volaris-TSA.jpeg\",\"width\":1280,\"height\":768},{\"@type\":\"BreadcrumbList\",\"@id\":\"https:\/\/aeronoticias.com.pe\/noticiero\/transporte-aereo\/pandemia-impulso-competitividad-de-aerolineas-mexicanas\/#breadcrumb\",\"itemListElement\":[{\"@type\":\"ListItem\",\"position\":1,\"name\":\"Portada\",\"item\":\"https:\/\/aeronoticias.com.pe\/noticiero\/\"},{\"@type\":\"ListItem\",\"position\":2,\"name\":\"Pandemia impuls\u00f3 competitividad de aerol\u00edneas mexicanas\"}]},{\"@type\":\"WebSite\",\"@id\":\"https:\/\/aeronoticias.com.pe\/noticiero\/#website\",\"url\":\"https:\/\/aeronoticias.com.pe\/noticiero\/\",\"name\":\"Aeronoticias.com.pe\",\"description\":\"Noticias de tranporte aereo, turismo, hoteles, gastronomia, actualidad, internacional\",\"potentialAction\":[{\"@type\":\"SearchAction\",\"target\":{\"@type\":\"EntryPoint\",\"urlTemplate\":\"https:\/\/aeronoticias.com.pe\/noticiero\/?s={search_term_string}\"},\"query-input\":{\"@type\":\"PropertyValueSpecification\",\"valueRequired\":true,\"valueName\":\"search_term_string\"}}],\"inLanguage\":\"es\"},{\"@type\":\"Person\",\"@id\":\"https:\/\/aeronoticias.com.pe\/noticiero\/#\/schema\/person\/9ef7422a13b22ab480ffc29639f442b0\",\"name\":\"Jefrey Cuya\",\"url\":\"https:\/\/aeronoticias.com.pe\/noticiero\/author\/jefreycuya\/\"}]}<\/script>\n<!-- \/ Yoast SEO plugin. -->","yoast_head_json":{"title":"Pandemia impuls\u00f3 competitividad de aerol\u00edneas mexicanas","description":"Portal de noticias del Per\u00fa sobre el transporte a\u00e9reo, aviaci\u00f3n, turismo, hoteleria, actualidad.","robots":{"index":"index","follow":"follow","max-snippet":"max-snippet:-1","max-image-preview":"max-image-preview:large","max-video-preview":"max-video-preview:-1"},"canonical":"https:\/\/aeronoticias.com.pe\/noticiero\/transporte-aereo\/pandemia-impulso-competitividad-de-aerolineas-mexicanas\/","og_locale":"es_ES","og_type":"article","og_title":"Pandemia impuls\u00f3 competitividad de aerol\u00edneas mexicanas","og_description":"Portal de noticias del Per\u00fa sobre el transporte a\u00e9reo, aviaci\u00f3n, turismo, hoteleria, actualidad.","og_url":"https:\/\/aeronoticias.com.pe\/noticiero\/transporte-aereo\/pandemia-impulso-competitividad-de-aerolineas-mexicanas\/","og_site_name":"Aeronoticias.com.pe","article_publisher":"https:\/\/www.facebook.com\/Aeronoticias.com.pe\/","article_published_time":"2021-05-13T12:14:00+00:00","article_modified_time":"2021-05-13T13:18:45+00:00","og_image":[{"width":1280,"height":768,"url":"https:\/\/aeronoticias.com.pe\/noticiero\/wp-content\/uploads\/2019\/02\/Volaris-TSA.jpeg","type":"image\/jpeg"}],"author":"Jefrey Cuya","twitter_card":"summary_large_image","twitter_creator":"@aeronoticias","twitter_site":"@aeronoticias","twitter_misc":{"Escrito por":"Jefrey Cuya","Tiempo de lectura":"2 minutos"},"schema":{"@context":"https:\/\/schema.org","@graph":[{"@type":"WebPage","@id":"https:\/\/aeronoticias.com.pe\/noticiero\/transporte-aereo\/pandemia-impulso-competitividad-de-aerolineas-mexicanas\/","url":"https:\/\/aeronoticias.com.pe\/noticiero\/transporte-aereo\/pandemia-impulso-competitividad-de-aerolineas-mexicanas\/","name":"Pandemia impuls\u00f3 competitividad de aerol\u00edneas mexicanas","isPartOf":{"@id":"https:\/\/aeronoticias.com.pe\/noticiero\/#website"},"primaryImageOfPage":{"@id":"https:\/\/aeronoticias.com.pe\/noticiero\/transporte-aereo\/pandemia-impulso-competitividad-de-aerolineas-mexicanas\/#primaryimage"},"image":{"@id":"https:\/\/aeronoticias.com.pe\/noticiero\/transporte-aereo\/pandemia-impulso-competitividad-de-aerolineas-mexicanas\/#primaryimage"},"thumbnailUrl":"https:\/\/aeronoticias.com.pe\/noticiero\/wp-content\/uploads\/2019\/02\/Volaris-TSA.jpeg","datePublished":"2021-05-13T12:14:00+00:00","dateModified":"2021-05-13T13:18:45+00:00","author":{"@id":"https:\/\/aeronoticias.com.pe\/noticiero\/#\/schema\/person\/9ef7422a13b22ab480ffc29639f442b0"},"description":"Portal de noticias del Per\u00fa sobre el transporte a\u00e9reo, aviaci\u00f3n, turismo, hoteleria, actualidad.","breadcrumb":{"@id":"https:\/\/aeronoticias.com.pe\/noticiero\/transporte-aereo\/pandemia-impulso-competitividad-de-aerolineas-mexicanas\/#breadcrumb"},"inLanguage":"es","potentialAction":[{"@type":"ReadAction","target":["https:\/\/aeronoticias.com.pe\/noticiero\/transporte-aereo\/pandemia-impulso-competitividad-de-aerolineas-mexicanas\/"]}]},{"@type":"ImageObject","inLanguage":"es","@id":"https:\/\/aeronoticias.com.pe\/noticiero\/transporte-aereo\/pandemia-impulso-competitividad-de-aerolineas-mexicanas\/#primaryimage","url":"https:\/\/aeronoticias.com.pe\/noticiero\/wp-content\/uploads\/2019\/02\/Volaris-TSA.jpeg","contentUrl":"https:\/\/aeronoticias.com.pe\/noticiero\/wp-content\/uploads\/2019\/02\/Volaris-TSA.jpeg","width":1280,"height":768},{"@type":"BreadcrumbList","@id":"https:\/\/aeronoticias.com.pe\/noticiero\/transporte-aereo\/pandemia-impulso-competitividad-de-aerolineas-mexicanas\/#breadcrumb","itemListElement":[{"@type":"ListItem","position":1,"name":"Portada","item":"https:\/\/aeronoticias.com.pe\/noticiero\/"},{"@type":"ListItem","position":2,"name":"Pandemia impuls\u00f3 competitividad de aerol\u00edneas mexicanas"}]},{"@type":"WebSite","@id":"https:\/\/aeronoticias.com.pe\/noticiero\/#website","url":"https:\/\/aeronoticias.com.pe\/noticiero\/","name":"Aeronoticias.com.pe","description":"Noticias de tranporte aereo, turismo, hoteles, gastronomia, actualidad, internacional","potentialAction":[{"@type":"SearchAction","target":{"@type":"EntryPoint","urlTemplate":"https:\/\/aeronoticias.com.pe\/noticiero\/?s={search_term_string}"},"query-input":{"@type":"PropertyValueSpecification","valueRequired":true,"valueName":"search_term_string"}}],"inLanguage":"es"},{"@type":"Person","@id":"https:\/\/aeronoticias.com.pe\/noticiero\/#\/schema\/person\/9ef7422a13b22ab480ffc29639f442b0","name":"Jefrey Cuya","url":"https:\/\/aeronoticias.com.pe\/noticiero\/author\/jefreycuya\/"}]}},"_links":{"self":[{"href":"https:\/\/aeronoticias.com.pe\/noticiero\/wp-json\/wp\/v2\/posts\/72291","targetHints":{"allow":["GET"]}}],"collection":[{"href":"https:\/\/aeronoticias.com.pe\/noticiero\/wp-json\/wp\/v2\/posts"}],"about":[{"href":"https:\/\/aeronoticias.com.pe\/noticiero\/wp-json\/wp\/v2\/types\/post"}],"author":[{"embeddable":true,"href":"https:\/\/aeronoticias.com.pe\/noticiero\/wp-json\/wp\/v2\/users\/4"}],"replies":[{"embeddable":true,"href":"https:\/\/aeronoticias.com.pe\/noticiero\/wp-json\/wp\/v2\/comments?post=72291"}],"version-history":[{"count":0,"href":"https:\/\/aeronoticias.com.pe\/noticiero\/wp-json\/wp\/v2\/posts\/72291\/revisions"}],"wp:featuredmedia":[{"embeddable":true,"href":"https:\/\/aeronoticias.com.pe\/noticiero\/wp-json\/wp\/v2\/media\/67504"}],"wp:attachment":[{"href":"https:\/\/aeronoticias.com.pe\/noticiero\/wp-json\/wp\/v2\/media?parent=72291"}],"wp:term":[{"taxonomy":"category","embeddable":true,"href":"https:\/\/aeronoticias.com.pe\/noticiero\/wp-json\/wp\/v2\/categories?post=72291"},{"taxonomy":"post_tag","embeddable":true,"href":"https:\/\/aeronoticias.com.pe\/noticiero\/wp-json\/wp\/v2\/tags?post=72291"}],"curies":[{"name":"wp","href":"https:\/\/api.w.org\/{rel}","templated":true}]}}