{"id":72293,"date":"2021-05-13T07:11:00","date_gmt":"2021-05-13T12:11:00","guid":{"rendered":"https:\/\/aeronoticias.com.pe\/noticiero\/?p=72293"},"modified":"2021-05-13T09:14:37","modified_gmt":"2021-05-13T14:14:37","slug":"air-france-y-airbus-enfrentan-juicio-por-accidente-de-2009","status":"publish","type":"post","link":"https:\/\/aeronoticias.com.pe\/noticiero\/transporte-aereo\/air-france-y-airbus-enfrentan-juicio-por-accidente-de-2009\/","title":{"rendered":"Air France y Airbus enfrentan juicio por accidente de 2009"},"content":{"rendered":"\n<p><strong>(Aeronoticias).- <\/strong>Una Corte de Par\u00eds decidi\u00f3 que\u00a0Air France y Airbus\u00a0enfrenten un\u00a0juicio por homicidio involuntario\u00a0por su rol en el accidente del 1 de junio de 2009, cuando el\u00a0vuelo AF447 entre R\u00edo de Janeiro y Brasil\u00a0cay\u00f3 en el oc\u00e9ano Atl\u00e1ntico, dejando un saldo de 228 personas fallecidas.\u00a0<\/p>\n\n\n\n<p>Esta decisi\u00f3n judicial da un rev\u00e9s a otro mandato de 2019, el cual se\u00f1alaba que&nbsp;<strong>ninguna de las dos compa\u00f1\u00edas deb\u00eda enfrentar cargos judiciales<\/strong>, luego de que los pilotos del Airbus A330 perdieran el control de la aeronave debido a que<strong>&nbsp;los sensores de velocidad fueron bloqueados por hielo.&nbsp;<\/strong><\/p>\n\n\n\n<p>Tanto Airbus como Air France se\u00f1alaron que apelar\u00e1n la decisi\u00f3n de la corte parisina, mientras que los&nbsp;<strong>colectivos de las familias de las v\u00edctimas del accidente celebraron la decisi\u00f3n.&nbsp;<\/strong><\/p>\n\n\n\n<p>\u201cLa decisi\u00f3n que reci\u00e9n anunci\u00f3 la corte&nbsp;<strong>no refleja, de ninguna manera, las conclusiones de la investigaci\u00f3n del accidente<\/strong>\u201d,&nbsp;<strong>dijo Airbus<\/strong>&nbsp;a Reuters en un comunicado.&nbsp;<\/p>\n\n\n\n<p>Por su parte, Air France se\u00f1al\u00f3 que \u201c<strong>no cometi\u00f3 ning\u00fan acto criminal a ra\u00edz de este tr\u00e1gico accidente<\/strong>\u201d.&nbsp;<\/p>\n\n\n\n<p>Los investigadores franceses determinaron que&nbsp;<strong>la tripulaci\u00f3n no manej\u00f3 bien la situaci\u00f3n en la que se enfrentaron<\/strong>, cuando perdieron informaci\u00f3n de la velocidad a la que volaban, luego de que hielo bloqueara los sensores y causara una p\u00e9rdida de sustentaci\u00f3n.&nbsp;<\/p>\n\n\n\n<p>Por su parte, los jueces parisinos se\u00f1alaron que&nbsp;<strong>Air France tuvo fallas en el entrenamiento a sus pilotos<\/strong>&nbsp;y&nbsp;<strong>Airbus subestim\u00f3 los peligros existentes<\/strong>&nbsp;por problemas ya conocidos con los sensores de velocidad.<\/p>\n\n\n\n<p>Fuente: <strong><em>A21.<\/em><\/strong><\/p>\n","protected":false},"excerpt":{"rendered":"<p>(Aeronoticias).- Una Corte de Par\u00eds decidi\u00f3 que\u00a0Air France y Airbus\u00a0enfrenten un\u00a0juicio por homicidio involuntario\u00a0por su rol en el accidente del 1 de junio de 2009, cuando el\u00a0vuelo AF447 entre R\u00edo de Janeiro y Brasil\u00a0cay\u00f3 en el oc\u00e9ano Atl\u00e1ntico, dejando un saldo de 228 personas fallecidas.\u00a0 Esta decisi\u00f3n judicial da un rev\u00e9s a otro mandato de [&hellip;]<\/p>\n","protected":false},"author":4,"featured_media":66294,"comment_status":"open","ping_status":"open","sticky":false,"template":"","format":"standard","meta":{"tdm_status":"","tdm_grid_status":"","footnotes":""},"categories":[32,11],"tags":[181,163],"class_list":{"0":"post-72293","1":"post","2":"type-post","3":"status-publish","4":"format-standard","5":"has-post-thumbnail","7":"category-internacional","8":"category-transporte-aereo","9":"tag-airbus","10":"tag-coronavirus"},"yoast_head":"<!-- This site is optimized with the Yoast SEO plugin v25.1 - https:\/\/yoast.com\/wordpress\/plugins\/seo\/ -->\n<title>Air France y Airbus enfrentan juicio por accidente de 2009<\/title>\n<meta name=\"description\" content=\"Portal de noticias del Per\u00fa sobre el transporte a\u00e9reo, aviaci\u00f3n, turismo, hoteleria, actualidad.\" \/>\n<meta name=\"robots\" content=\"index, follow, max-snippet:-1, max-image-preview:large, max-video-preview:-1\" \/>\n<link rel=\"canonical\" href=\"https:\/\/aeronoticias.com.pe\/noticiero\/transporte-aereo\/air-france-y-airbus-enfrentan-juicio-por-accidente-de-2009\/\" \/>\n<meta property=\"og:locale\" content=\"es_ES\" \/>\n<meta property=\"og:type\" content=\"article\" \/>\n<meta property=\"og:title\" content=\"Air France y Airbus enfrentan juicio por accidente de 2009\" \/>\n<meta property=\"og:description\" content=\"Portal de noticias del Per\u00fa sobre el transporte a\u00e9reo, aviaci\u00f3n, turismo, hoteleria, actualidad.\" \/>\n<meta property=\"og:url\" content=\"https:\/\/aeronoticias.com.pe\/noticiero\/transporte-aereo\/air-france-y-airbus-enfrentan-juicio-por-accidente-de-2009\/\" \/>\n<meta property=\"og:site_name\" content=\"Aeronoticias.com.pe\" \/>\n<meta property=\"article:publisher\" content=\"https:\/\/www.facebook.com\/Aeronoticias.com.pe\/\" \/>\n<meta property=\"article:published_time\" content=\"2021-05-13T12:11:00+00:00\" \/>\n<meta property=\"article:modified_time\" content=\"2021-05-13T14:14:37+00:00\" \/>\n<meta property=\"og:image\" content=\"https:\/\/aeronoticias.com.pe\/noticiero\/wp-content\/uploads\/2019\/07\/AIR-FRANCE-1.jpg\" \/>\n\t<meta property=\"og:image:width\" content=\"860\" \/>\n\t<meta property=\"og:image:height\" content=\"573\" \/>\n\t<meta property=\"og:image:type\" content=\"image\/jpeg\" \/>\n<meta name=\"author\" content=\"Jefrey Cuya\" \/>\n<meta name=\"twitter:card\" content=\"summary_large_image\" \/>\n<meta name=\"twitter:creator\" content=\"@aeronoticias\" \/>\n<meta name=\"twitter:site\" content=\"@aeronoticias\" \/>\n<meta name=\"twitter:label1\" content=\"Escrito por\" \/>\n\t<meta name=\"twitter:data1\" content=\"Jefrey Cuya\" \/>\n\t<meta name=\"twitter:label2\" content=\"Tiempo de lectura\" \/>\n\t<meta name=\"twitter:data2\" content=\"1 minuto\" \/>\n<script type=\"application\/ld+json\" class=\"yoast-schema-graph\">{\"@context\":\"https:\/\/schema.org\",\"@graph\":[{\"@type\":\"WebPage\",\"@id\":\"https:\/\/aeronoticias.com.pe\/noticiero\/transporte-aereo\/air-france-y-airbus-enfrentan-juicio-por-accidente-de-2009\/\",\"url\":\"https:\/\/aeronoticias.com.pe\/noticiero\/transporte-aereo\/air-france-y-airbus-enfrentan-juicio-por-accidente-de-2009\/\",\"name\":\"Air France y Airbus enfrentan juicio por accidente de 2009\",\"isPartOf\":{\"@id\":\"https:\/\/aeronoticias.com.pe\/noticiero\/#website\"},\"primaryImageOfPage\":{\"@id\":\"https:\/\/aeronoticias.com.pe\/noticiero\/transporte-aereo\/air-france-y-airbus-enfrentan-juicio-por-accidente-de-2009\/#primaryimage\"},\"image\":{\"@id\":\"https:\/\/aeronoticias.com.pe\/noticiero\/transporte-aereo\/air-france-y-airbus-enfrentan-juicio-por-accidente-de-2009\/#primaryimage\"},\"thumbnailUrl\":\"https:\/\/aeronoticias.com.pe\/noticiero\/wp-content\/uploads\/2019\/07\/AIR-FRANCE-1.jpg\",\"datePublished\":\"2021-05-13T12:11:00+00:00\",\"dateModified\":\"2021-05-13T14:14:37+00:00\",\"author\":{\"@id\":\"https:\/\/aeronoticias.com.pe\/noticiero\/#\/schema\/person\/9ef7422a13b22ab480ffc29639f442b0\"},\"description\":\"Portal de noticias del Per\u00fa sobre el transporte a\u00e9reo, aviaci\u00f3n, turismo, hoteleria, actualidad.\",\"breadcrumb\":{\"@id\":\"https:\/\/aeronoticias.com.pe\/noticiero\/transporte-aereo\/air-france-y-airbus-enfrentan-juicio-por-accidente-de-2009\/#breadcrumb\"},\"inLanguage\":\"es\",\"potentialAction\":[{\"@type\":\"ReadAction\",\"target\":[\"https:\/\/aeronoticias.com.pe\/noticiero\/transporte-aereo\/air-france-y-airbus-enfrentan-juicio-por-accidente-de-2009\/\"]}]},{\"@type\":\"ImageObject\",\"inLanguage\":\"es\",\"@id\":\"https:\/\/aeronoticias.com.pe\/noticiero\/transporte-aereo\/air-france-y-airbus-enfrentan-juicio-por-accidente-de-2009\/#primaryimage\",\"url\":\"https:\/\/aeronoticias.com.pe\/noticiero\/wp-content\/uploads\/2019\/07\/AIR-FRANCE-1.jpg\",\"contentUrl\":\"https:\/\/aeronoticias.com.pe\/noticiero\/wp-content\/uploads\/2019\/07\/AIR-FRANCE-1.jpg\",\"width\":860,\"height\":573},{\"@type\":\"BreadcrumbList\",\"@id\":\"https:\/\/aeronoticias.com.pe\/noticiero\/transporte-aereo\/air-france-y-airbus-enfrentan-juicio-por-accidente-de-2009\/#breadcrumb\",\"itemListElement\":[{\"@type\":\"ListItem\",\"position\":1,\"name\":\"Portada\",\"item\":\"https:\/\/aeronoticias.com.pe\/noticiero\/\"},{\"@type\":\"ListItem\",\"position\":2,\"name\":\"Air France y Airbus enfrentan juicio por accidente de 2009\"}]},{\"@type\":\"WebSite\",\"@id\":\"https:\/\/aeronoticias.com.pe\/noticiero\/#website\",\"url\":\"https:\/\/aeronoticias.com.pe\/noticiero\/\",\"name\":\"Aeronoticias.com.pe\",\"description\":\"Noticias de tranporte aereo, turismo, hoteles, gastronomia, actualidad, internacional\",\"potentialAction\":[{\"@type\":\"SearchAction\",\"target\":{\"@type\":\"EntryPoint\",\"urlTemplate\":\"https:\/\/aeronoticias.com.pe\/noticiero\/?s={search_term_string}\"},\"query-input\":{\"@type\":\"PropertyValueSpecification\",\"valueRequired\":true,\"valueName\":\"search_term_string\"}}],\"inLanguage\":\"es\"},{\"@type\":\"Person\",\"@id\":\"https:\/\/aeronoticias.com.pe\/noticiero\/#\/schema\/person\/9ef7422a13b22ab480ffc29639f442b0\",\"name\":\"Jefrey Cuya\",\"url\":\"https:\/\/aeronoticias.com.pe\/noticiero\/author\/jefreycuya\/\"}]}<\/script>\n<!-- \/ Yoast SEO plugin. -->","yoast_head_json":{"title":"Air France y Airbus enfrentan juicio por accidente de 2009","description":"Portal de noticias del Per\u00fa sobre el transporte a\u00e9reo, aviaci\u00f3n, turismo, hoteleria, actualidad.","robots":{"index":"index","follow":"follow","max-snippet":"max-snippet:-1","max-image-preview":"max-image-preview:large","max-video-preview":"max-video-preview:-1"},"canonical":"https:\/\/aeronoticias.com.pe\/noticiero\/transporte-aereo\/air-france-y-airbus-enfrentan-juicio-por-accidente-de-2009\/","og_locale":"es_ES","og_type":"article","og_title":"Air France y Airbus enfrentan juicio por accidente de 2009","og_description":"Portal de noticias del Per\u00fa sobre el transporte a\u00e9reo, aviaci\u00f3n, turismo, hoteleria, actualidad.","og_url":"https:\/\/aeronoticias.com.pe\/noticiero\/transporte-aereo\/air-france-y-airbus-enfrentan-juicio-por-accidente-de-2009\/","og_site_name":"Aeronoticias.com.pe","article_publisher":"https:\/\/www.facebook.com\/Aeronoticias.com.pe\/","article_published_time":"2021-05-13T12:11:00+00:00","article_modified_time":"2021-05-13T14:14:37+00:00","og_image":[{"width":860,"height":573,"url":"https:\/\/aeronoticias.com.pe\/noticiero\/wp-content\/uploads\/2019\/07\/AIR-FRANCE-1.jpg","type":"image\/jpeg"}],"author":"Jefrey Cuya","twitter_card":"summary_large_image","twitter_creator":"@aeronoticias","twitter_site":"@aeronoticias","twitter_misc":{"Escrito por":"Jefrey Cuya","Tiempo de lectura":"1 minuto"},"schema":{"@context":"https:\/\/schema.org","@graph":[{"@type":"WebPage","@id":"https:\/\/aeronoticias.com.pe\/noticiero\/transporte-aereo\/air-france-y-airbus-enfrentan-juicio-por-accidente-de-2009\/","url":"https:\/\/aeronoticias.com.pe\/noticiero\/transporte-aereo\/air-france-y-airbus-enfrentan-juicio-por-accidente-de-2009\/","name":"Air France y Airbus enfrentan juicio por accidente de 2009","isPartOf":{"@id":"https:\/\/aeronoticias.com.pe\/noticiero\/#website"},"primaryImageOfPage":{"@id":"https:\/\/aeronoticias.com.pe\/noticiero\/transporte-aereo\/air-france-y-airbus-enfrentan-juicio-por-accidente-de-2009\/#primaryimage"},"image":{"@id":"https:\/\/aeronoticias.com.pe\/noticiero\/transporte-aereo\/air-france-y-airbus-enfrentan-juicio-por-accidente-de-2009\/#primaryimage"},"thumbnailUrl":"https:\/\/aeronoticias.com.pe\/noticiero\/wp-content\/uploads\/2019\/07\/AIR-FRANCE-1.jpg","datePublished":"2021-05-13T12:11:00+00:00","dateModified":"2021-05-13T14:14:37+00:00","author":{"@id":"https:\/\/aeronoticias.com.pe\/noticiero\/#\/schema\/person\/9ef7422a13b22ab480ffc29639f442b0"},"description":"Portal de noticias del Per\u00fa sobre el transporte a\u00e9reo, aviaci\u00f3n, turismo, hoteleria, actualidad.","breadcrumb":{"@id":"https:\/\/aeronoticias.com.pe\/noticiero\/transporte-aereo\/air-france-y-airbus-enfrentan-juicio-por-accidente-de-2009\/#breadcrumb"},"inLanguage":"es","potentialAction":[{"@type":"ReadAction","target":["https:\/\/aeronoticias.com.pe\/noticiero\/transporte-aereo\/air-france-y-airbus-enfrentan-juicio-por-accidente-de-2009\/"]}]},{"@type":"ImageObject","inLanguage":"es","@id":"https:\/\/aeronoticias.com.pe\/noticiero\/transporte-aereo\/air-france-y-airbus-enfrentan-juicio-por-accidente-de-2009\/#primaryimage","url":"https:\/\/aeronoticias.com.pe\/noticiero\/wp-content\/uploads\/2019\/07\/AIR-FRANCE-1.jpg","contentUrl":"https:\/\/aeronoticias.com.pe\/noticiero\/wp-content\/uploads\/2019\/07\/AIR-FRANCE-1.jpg","width":860,"height":573},{"@type":"BreadcrumbList","@id":"https:\/\/aeronoticias.com.pe\/noticiero\/transporte-aereo\/air-france-y-airbus-enfrentan-juicio-por-accidente-de-2009\/#breadcrumb","itemListElement":[{"@type":"ListItem","position":1,"name":"Portada","item":"https:\/\/aeronoticias.com.pe\/noticiero\/"},{"@type":"ListItem","position":2,"name":"Air France y Airbus enfrentan juicio por accidente de 2009"}]},{"@type":"WebSite","@id":"https:\/\/aeronoticias.com.pe\/noticiero\/#website","url":"https:\/\/aeronoticias.com.pe\/noticiero\/","name":"Aeronoticias.com.pe","description":"Noticias de tranporte aereo, turismo, hoteles, gastronomia, actualidad, internacional","potentialAction":[{"@type":"SearchAction","target":{"@type":"EntryPoint","urlTemplate":"https:\/\/aeronoticias.com.pe\/noticiero\/?s={search_term_string}"},"query-input":{"@type":"PropertyValueSpecification","valueRequired":true,"valueName":"search_term_string"}}],"inLanguage":"es"},{"@type":"Person","@id":"https:\/\/aeronoticias.com.pe\/noticiero\/#\/schema\/person\/9ef7422a13b22ab480ffc29639f442b0","name":"Jefrey Cuya","url":"https:\/\/aeronoticias.com.pe\/noticiero\/author\/jefreycuya\/"}]}},"_links":{"self":[{"href":"https:\/\/aeronoticias.com.pe\/noticiero\/wp-json\/wp\/v2\/posts\/72293","targetHints":{"allow":["GET"]}}],"collection":[{"href":"https:\/\/aeronoticias.com.pe\/noticiero\/wp-json\/wp\/v2\/posts"}],"about":[{"href":"https:\/\/aeronoticias.com.pe\/noticiero\/wp-json\/wp\/v2\/types\/post"}],"author":[{"embeddable":true,"href":"https:\/\/aeronoticias.com.pe\/noticiero\/wp-json\/wp\/v2\/users\/4"}],"replies":[{"embeddable":true,"href":"https:\/\/aeronoticias.com.pe\/noticiero\/wp-json\/wp\/v2\/comments?post=72293"}],"version-history":[{"count":0,"href":"https:\/\/aeronoticias.com.pe\/noticiero\/wp-json\/wp\/v2\/posts\/72293\/revisions"}],"wp:featuredmedia":[{"embeddable":true,"href":"https:\/\/aeronoticias.com.pe\/noticiero\/wp-json\/wp\/v2\/media\/66294"}],"wp:attachment":[{"href":"https:\/\/aeronoticias.com.pe\/noticiero\/wp-json\/wp\/v2\/media?parent=72293"}],"wp:term":[{"taxonomy":"category","embeddable":true,"href":"https:\/\/aeronoticias.com.pe\/noticiero\/wp-json\/wp\/v2\/categories?post=72293"},{"taxonomy":"post_tag","embeddable":true,"href":"https:\/\/aeronoticias.com.pe\/noticiero\/wp-json\/wp\/v2\/tags?post=72293"}],"curies":[{"name":"wp","href":"https:\/\/api.w.org\/{rel}","templated":true}]}}