{"id":72447,"date":"2021-05-22T07:51:46","date_gmt":"2021-05-22T12:51:46","guid":{"rendered":"https:\/\/aeronoticias.com.pe\/noticiero\/?p=72447"},"modified":"2021-05-22T07:51:54","modified_gmt":"2021-05-22T12:51:54","slug":"avianca-pierde-mas-de-300-millones-de-dolares-en-primer-trimestre","status":"publish","type":"post","link":"https:\/\/aeronoticias.com.pe\/noticiero\/transporte-aereo\/avianca-pierde-mas-de-300-millones-de-dolares-en-primer-trimestre\/","title":{"rendered":"Avianca pierde m\u00e1s de 300 millones de d\u00f3lares en primer trimestre"},"content":{"rendered":"\n<p><strong>(Aeronoticias)<\/strong>.- La aerol\u00ednea\u00a0Avianca Holdings\u00a0report\u00f3 p\u00e9rdidas netas por 311.6 millones de d\u00f3lares\u00a0durante el primer trimestre del a\u00f1o, 190.4 mdd m\u00e1s en comparaci\u00f3n con lo registrado en el mismo periodo del a\u00f1o anterior.\u00a0<\/p>\n\n\n\n<p>De acuerdo con su reporte financiero trimestral, la compa\u00f1\u00eda logr\u00f3&nbsp;<strong>371.4 mdd en ingresos operacionale<\/strong>s, una&nbsp;<strong>ca\u00edda de m\u00e1s del 60%&nbsp;<\/strong>en comparaci\u00f3n con los 943.9 mdd obtenidos de enero a marzo de 2020.&nbsp;<\/p>\n\n\n\n<p>La aerol\u00ednea se vio\u00a0<strong>perjudicada por los cierres de frontera y las restricciones de viaje implementados para contener la pandemia<\/strong>. Tan solo en 2020, registr\u00f3 una\u00a0<strong>p\u00e9rdida neta de mil 94 mdd como resultado de la crisis.\u00a0<\/strong><\/p>\n\n\n\n<p>Adicionalmente, durante mayo, Avianca y algunas de sus subsidiarias se acogieron de forma voluntaria al&nbsp;<strong>Cap\u00edtulo 11 de los Estados Unidos<\/strong>&nbsp;en el Tribunal de Bancarrotas del Distrito Sur de Nueva York.<\/p>\n\n\n\n<p>Como parte de su proceso de reorganizaci\u00f3n, el Tribunal aprob\u00f3 la&nbsp;<strong>estructura de financiamiento<\/strong>&nbsp;bajo la figura de Deudor en Posesi\u00f3n (DIP) de Avianca, otorg\u00e1ndole m\u00e1s de&nbsp;<strong>dos mil millones de d\u00f3lares<\/strong>.&nbsp;<\/p>\n\n\n\n<p>Asimismo, la aerol\u00ednea design\u00f3 a Adrian Neuhauser como nuevo presidente, en reemplazo de&nbsp;<strong>Anko van der Werff, quien ahora dirige Scandinavian Airlines.<\/strong><\/p>\n\n\n\n<p>Fuente: <strong><em>A21<\/em><\/strong>.<\/p>\n","protected":false},"excerpt":{"rendered":"<p>(Aeronoticias).- La aerol\u00ednea\u00a0Avianca Holdings\u00a0report\u00f3 p\u00e9rdidas netas por 311.6 millones de d\u00f3lares\u00a0durante el primer trimestre del a\u00f1o, 190.4 mdd m\u00e1s en comparaci\u00f3n con lo registrado en el mismo periodo del a\u00f1o anterior.\u00a0 De acuerdo con su reporte financiero trimestral, la compa\u00f1\u00eda logr\u00f3&nbsp;371.4 mdd en ingresos operacionales, una&nbsp;ca\u00edda de m\u00e1s del 60%&nbsp;en comparaci\u00f3n con los 943.9 mdd [&hellip;]<\/p>\n","protected":false},"author":4,"featured_media":67348,"comment_status":"open","ping_status":"open","sticky":false,"template":"","format":"standard","meta":{"tdm_status":"","tdm_grid_status":"","footnotes":""},"categories":[32,11],"tags":[153],"class_list":{"0":"post-72447","1":"post","2":"type-post","3":"status-publish","4":"format-standard","5":"has-post-thumbnail","7":"category-internacional","8":"category-transporte-aereo","9":"tag-avianca"},"yoast_head":"<!-- This site is optimized with the Yoast SEO plugin v25.1 - https:\/\/yoast.com\/wordpress\/plugins\/seo\/ -->\n<title>Avianca pierde m\u00e1s de 300 millones de d\u00f3lares en primer trimestre<\/title>\n<meta name=\"description\" content=\"Portal de noticias del Per\u00fa sobre el transporte a\u00e9reo, aviaci\u00f3n, turismo, hoteleria, actualidad.\" \/>\n<meta name=\"robots\" content=\"index, follow, max-snippet:-1, max-image-preview:large, max-video-preview:-1\" \/>\n<link rel=\"canonical\" href=\"https:\/\/aeronoticias.com.pe\/noticiero\/transporte-aereo\/avianca-pierde-mas-de-300-millones-de-dolares-en-primer-trimestre\/\" \/>\n<meta property=\"og:locale\" content=\"es_ES\" \/>\n<meta property=\"og:type\" content=\"article\" \/>\n<meta property=\"og:title\" content=\"Avianca pierde m\u00e1s de 300 millones de d\u00f3lares en primer trimestre\" \/>\n<meta property=\"og:description\" content=\"Portal de noticias del Per\u00fa sobre el transporte a\u00e9reo, aviaci\u00f3n, turismo, hoteleria, actualidad.\" \/>\n<meta property=\"og:url\" content=\"https:\/\/aeronoticias.com.pe\/noticiero\/transporte-aereo\/avianca-pierde-mas-de-300-millones-de-dolares-en-primer-trimestre\/\" \/>\n<meta property=\"og:site_name\" content=\"Aeronoticias.com.pe\" \/>\n<meta property=\"article:publisher\" content=\"https:\/\/www.facebook.com\/Aeronoticias.com.pe\/\" \/>\n<meta property=\"article:published_time\" content=\"2021-05-22T12:51:46+00:00\" \/>\n<meta property=\"article:modified_time\" content=\"2021-05-22T12:51:54+00:00\" \/>\n<meta property=\"og:image\" content=\"https:\/\/aeronoticias.com.pe\/noticiero\/wp-content\/uploads\/2019\/03\/avianca-holding.jpg\" \/>\n\t<meta property=\"og:image:width\" content=\"800\" \/>\n\t<meta property=\"og:image:height\" content=\"497\" \/>\n\t<meta property=\"og:image:type\" content=\"image\/jpeg\" \/>\n<meta name=\"author\" content=\"Jefrey Cuya\" \/>\n<meta name=\"twitter:card\" content=\"summary_large_image\" \/>\n<meta name=\"twitter:creator\" content=\"@aeronoticias\" \/>\n<meta name=\"twitter:site\" content=\"@aeronoticias\" \/>\n<meta name=\"twitter:label1\" content=\"Escrito por\" \/>\n\t<meta name=\"twitter:data1\" content=\"Jefrey Cuya\" \/>\n\t<meta name=\"twitter:label2\" content=\"Tiempo de lectura\" \/>\n\t<meta name=\"twitter:data2\" content=\"1 minuto\" \/>\n<script type=\"application\/ld+json\" class=\"yoast-schema-graph\">{\"@context\":\"https:\/\/schema.org\",\"@graph\":[{\"@type\":\"WebPage\",\"@id\":\"https:\/\/aeronoticias.com.pe\/noticiero\/transporte-aereo\/avianca-pierde-mas-de-300-millones-de-dolares-en-primer-trimestre\/\",\"url\":\"https:\/\/aeronoticias.com.pe\/noticiero\/transporte-aereo\/avianca-pierde-mas-de-300-millones-de-dolares-en-primer-trimestre\/\",\"name\":\"Avianca pierde m\u00e1s de 300 millones de d\u00f3lares en primer trimestre\",\"isPartOf\":{\"@id\":\"https:\/\/aeronoticias.com.pe\/noticiero\/#website\"},\"primaryImageOfPage\":{\"@id\":\"https:\/\/aeronoticias.com.pe\/noticiero\/transporte-aereo\/avianca-pierde-mas-de-300-millones-de-dolares-en-primer-trimestre\/#primaryimage\"},\"image\":{\"@id\":\"https:\/\/aeronoticias.com.pe\/noticiero\/transporte-aereo\/avianca-pierde-mas-de-300-millones-de-dolares-en-primer-trimestre\/#primaryimage\"},\"thumbnailUrl\":\"https:\/\/aeronoticias.com.pe\/noticiero\/wp-content\/uploads\/2019\/03\/avianca-holding.jpg\",\"datePublished\":\"2021-05-22T12:51:46+00:00\",\"dateModified\":\"2021-05-22T12:51:54+00:00\",\"author\":{\"@id\":\"https:\/\/aeronoticias.com.pe\/noticiero\/#\/schema\/person\/9ef7422a13b22ab480ffc29639f442b0\"},\"description\":\"Portal de noticias del Per\u00fa sobre el transporte a\u00e9reo, aviaci\u00f3n, turismo, hoteleria, actualidad.\",\"breadcrumb\":{\"@id\":\"https:\/\/aeronoticias.com.pe\/noticiero\/transporte-aereo\/avianca-pierde-mas-de-300-millones-de-dolares-en-primer-trimestre\/#breadcrumb\"},\"inLanguage\":\"es\",\"potentialAction\":[{\"@type\":\"ReadAction\",\"target\":[\"https:\/\/aeronoticias.com.pe\/noticiero\/transporte-aereo\/avianca-pierde-mas-de-300-millones-de-dolares-en-primer-trimestre\/\"]}]},{\"@type\":\"ImageObject\",\"inLanguage\":\"es\",\"@id\":\"https:\/\/aeronoticias.com.pe\/noticiero\/transporte-aereo\/avianca-pierde-mas-de-300-millones-de-dolares-en-primer-trimestre\/#primaryimage\",\"url\":\"https:\/\/aeronoticias.com.pe\/noticiero\/wp-content\/uploads\/2019\/03\/avianca-holding.jpg\",\"contentUrl\":\"https:\/\/aeronoticias.com.pe\/noticiero\/wp-content\/uploads\/2019\/03\/avianca-holding.jpg\",\"width\":800,\"height\":497},{\"@type\":\"BreadcrumbList\",\"@id\":\"https:\/\/aeronoticias.com.pe\/noticiero\/transporte-aereo\/avianca-pierde-mas-de-300-millones-de-dolares-en-primer-trimestre\/#breadcrumb\",\"itemListElement\":[{\"@type\":\"ListItem\",\"position\":1,\"name\":\"Portada\",\"item\":\"https:\/\/aeronoticias.com.pe\/noticiero\/\"},{\"@type\":\"ListItem\",\"position\":2,\"name\":\"Avianca pierde m\u00e1s de 300 millones de d\u00f3lares en primer trimestre\"}]},{\"@type\":\"WebSite\",\"@id\":\"https:\/\/aeronoticias.com.pe\/noticiero\/#website\",\"url\":\"https:\/\/aeronoticias.com.pe\/noticiero\/\",\"name\":\"Aeronoticias.com.pe\",\"description\":\"Noticias de tranporte aereo, turismo, hoteles, gastronomia, actualidad, internacional\",\"potentialAction\":[{\"@type\":\"SearchAction\",\"target\":{\"@type\":\"EntryPoint\",\"urlTemplate\":\"https:\/\/aeronoticias.com.pe\/noticiero\/?s={search_term_string}\"},\"query-input\":{\"@type\":\"PropertyValueSpecification\",\"valueRequired\":true,\"valueName\":\"search_term_string\"}}],\"inLanguage\":\"es\"},{\"@type\":\"Person\",\"@id\":\"https:\/\/aeronoticias.com.pe\/noticiero\/#\/schema\/person\/9ef7422a13b22ab480ffc29639f442b0\",\"name\":\"Jefrey Cuya\",\"url\":\"https:\/\/aeronoticias.com.pe\/noticiero\/author\/jefreycuya\/\"}]}<\/script>\n<!-- \/ Yoast SEO plugin. -->","yoast_head_json":{"title":"Avianca pierde m\u00e1s de 300 millones de d\u00f3lares en primer trimestre","description":"Portal de noticias del Per\u00fa sobre el transporte a\u00e9reo, aviaci\u00f3n, turismo, hoteleria, actualidad.","robots":{"index":"index","follow":"follow","max-snippet":"max-snippet:-1","max-image-preview":"max-image-preview:large","max-video-preview":"max-video-preview:-1"},"canonical":"https:\/\/aeronoticias.com.pe\/noticiero\/transporte-aereo\/avianca-pierde-mas-de-300-millones-de-dolares-en-primer-trimestre\/","og_locale":"es_ES","og_type":"article","og_title":"Avianca pierde m\u00e1s de 300 millones de d\u00f3lares en primer trimestre","og_description":"Portal de noticias del Per\u00fa sobre el transporte a\u00e9reo, aviaci\u00f3n, turismo, hoteleria, actualidad.","og_url":"https:\/\/aeronoticias.com.pe\/noticiero\/transporte-aereo\/avianca-pierde-mas-de-300-millones-de-dolares-en-primer-trimestre\/","og_site_name":"Aeronoticias.com.pe","article_publisher":"https:\/\/www.facebook.com\/Aeronoticias.com.pe\/","article_published_time":"2021-05-22T12:51:46+00:00","article_modified_time":"2021-05-22T12:51:54+00:00","og_image":[{"width":800,"height":497,"url":"https:\/\/aeronoticias.com.pe\/noticiero\/wp-content\/uploads\/2019\/03\/avianca-holding.jpg","type":"image\/jpeg"}],"author":"Jefrey Cuya","twitter_card":"summary_large_image","twitter_creator":"@aeronoticias","twitter_site":"@aeronoticias","twitter_misc":{"Escrito por":"Jefrey Cuya","Tiempo de lectura":"1 minuto"},"schema":{"@context":"https:\/\/schema.org","@graph":[{"@type":"WebPage","@id":"https:\/\/aeronoticias.com.pe\/noticiero\/transporte-aereo\/avianca-pierde-mas-de-300-millones-de-dolares-en-primer-trimestre\/","url":"https:\/\/aeronoticias.com.pe\/noticiero\/transporte-aereo\/avianca-pierde-mas-de-300-millones-de-dolares-en-primer-trimestre\/","name":"Avianca pierde m\u00e1s de 300 millones de d\u00f3lares en primer trimestre","isPartOf":{"@id":"https:\/\/aeronoticias.com.pe\/noticiero\/#website"},"primaryImageOfPage":{"@id":"https:\/\/aeronoticias.com.pe\/noticiero\/transporte-aereo\/avianca-pierde-mas-de-300-millones-de-dolares-en-primer-trimestre\/#primaryimage"},"image":{"@id":"https:\/\/aeronoticias.com.pe\/noticiero\/transporte-aereo\/avianca-pierde-mas-de-300-millones-de-dolares-en-primer-trimestre\/#primaryimage"},"thumbnailUrl":"https:\/\/aeronoticias.com.pe\/noticiero\/wp-content\/uploads\/2019\/03\/avianca-holding.jpg","datePublished":"2021-05-22T12:51:46+00:00","dateModified":"2021-05-22T12:51:54+00:00","author":{"@id":"https:\/\/aeronoticias.com.pe\/noticiero\/#\/schema\/person\/9ef7422a13b22ab480ffc29639f442b0"},"description":"Portal de noticias del Per\u00fa sobre el transporte a\u00e9reo, aviaci\u00f3n, turismo, hoteleria, actualidad.","breadcrumb":{"@id":"https:\/\/aeronoticias.com.pe\/noticiero\/transporte-aereo\/avianca-pierde-mas-de-300-millones-de-dolares-en-primer-trimestre\/#breadcrumb"},"inLanguage":"es","potentialAction":[{"@type":"ReadAction","target":["https:\/\/aeronoticias.com.pe\/noticiero\/transporte-aereo\/avianca-pierde-mas-de-300-millones-de-dolares-en-primer-trimestre\/"]}]},{"@type":"ImageObject","inLanguage":"es","@id":"https:\/\/aeronoticias.com.pe\/noticiero\/transporte-aereo\/avianca-pierde-mas-de-300-millones-de-dolares-en-primer-trimestre\/#primaryimage","url":"https:\/\/aeronoticias.com.pe\/noticiero\/wp-content\/uploads\/2019\/03\/avianca-holding.jpg","contentUrl":"https:\/\/aeronoticias.com.pe\/noticiero\/wp-content\/uploads\/2019\/03\/avianca-holding.jpg","width":800,"height":497},{"@type":"BreadcrumbList","@id":"https:\/\/aeronoticias.com.pe\/noticiero\/transporte-aereo\/avianca-pierde-mas-de-300-millones-de-dolares-en-primer-trimestre\/#breadcrumb","itemListElement":[{"@type":"ListItem","position":1,"name":"Portada","item":"https:\/\/aeronoticias.com.pe\/noticiero\/"},{"@type":"ListItem","position":2,"name":"Avianca pierde m\u00e1s de 300 millones de d\u00f3lares en primer trimestre"}]},{"@type":"WebSite","@id":"https:\/\/aeronoticias.com.pe\/noticiero\/#website","url":"https:\/\/aeronoticias.com.pe\/noticiero\/","name":"Aeronoticias.com.pe","description":"Noticias de tranporte aereo, turismo, hoteles, gastronomia, actualidad, internacional","potentialAction":[{"@type":"SearchAction","target":{"@type":"EntryPoint","urlTemplate":"https:\/\/aeronoticias.com.pe\/noticiero\/?s={search_term_string}"},"query-input":{"@type":"PropertyValueSpecification","valueRequired":true,"valueName":"search_term_string"}}],"inLanguage":"es"},{"@type":"Person","@id":"https:\/\/aeronoticias.com.pe\/noticiero\/#\/schema\/person\/9ef7422a13b22ab480ffc29639f442b0","name":"Jefrey Cuya","url":"https:\/\/aeronoticias.com.pe\/noticiero\/author\/jefreycuya\/"}]}},"_links":{"self":[{"href":"https:\/\/aeronoticias.com.pe\/noticiero\/wp-json\/wp\/v2\/posts\/72447","targetHints":{"allow":["GET"]}}],"collection":[{"href":"https:\/\/aeronoticias.com.pe\/noticiero\/wp-json\/wp\/v2\/posts"}],"about":[{"href":"https:\/\/aeronoticias.com.pe\/noticiero\/wp-json\/wp\/v2\/types\/post"}],"author":[{"embeddable":true,"href":"https:\/\/aeronoticias.com.pe\/noticiero\/wp-json\/wp\/v2\/users\/4"}],"replies":[{"embeddable":true,"href":"https:\/\/aeronoticias.com.pe\/noticiero\/wp-json\/wp\/v2\/comments?post=72447"}],"version-history":[{"count":0,"href":"https:\/\/aeronoticias.com.pe\/noticiero\/wp-json\/wp\/v2\/posts\/72447\/revisions"}],"wp:featuredmedia":[{"embeddable":true,"href":"https:\/\/aeronoticias.com.pe\/noticiero\/wp-json\/wp\/v2\/media\/67348"}],"wp:attachment":[{"href":"https:\/\/aeronoticias.com.pe\/noticiero\/wp-json\/wp\/v2\/media?parent=72447"}],"wp:term":[{"taxonomy":"category","embeddable":true,"href":"https:\/\/aeronoticias.com.pe\/noticiero\/wp-json\/wp\/v2\/categories?post=72447"},{"taxonomy":"post_tag","embeddable":true,"href":"https:\/\/aeronoticias.com.pe\/noticiero\/wp-json\/wp\/v2\/tags?post=72447"}],"curies":[{"name":"wp","href":"https:\/\/api.w.org\/{rel}","templated":true}]}}