{"id":72550,"date":"2021-05-28T14:39:37","date_gmt":"2021-05-28T19:39:37","guid":{"rendered":"https:\/\/aeronoticias.com.pe\/noticiero\/?p=72550"},"modified":"2021-05-28T15:04:17","modified_gmt":"2021-05-28T20:04:17","slug":"peru-libre-palacin-quiero-para-el-peru-un-teleferico-diez-veces-mas-grande-que-el-de-bolivia","status":"publish","type":"post","link":"https:\/\/aeronoticias.com.pe\/noticiero\/transporte-aereo\/nacional\/peru-libre-palacin-quiero-para-el-peru-un-teleferico-diez-veces-mas-grande-que-el-de-bolivia\/","title":{"rendered":"Per\u00fa Libre \/ Palac\u00edn: \u201cQuiero para el Per\u00fa un Telef\u00e9rico diez veces m\u00e1s grande que el de Bolivia\u201d"},"content":{"rendered":"\n<p><strong>(Aeronoticias)<\/strong>: Este jueves, en Exitosa te Escucha, dialogamos con\u00a0<a href=\"https:\/\/exitosanoticias.pe\/v1\/peru-libre-rechazamos-cualquier-insinuacion-de-perpetrarse-en-el-poder-dice-durand\/\">Juli\u00e1n Palac\u00edn Fern\u00e1ndez<\/a>, integrante del equipo t\u00e9cnico de Per\u00fa Libre, quien dio detalles sobre algunas de las propuestas del partido de\u00a0<strong>Pedro Castillo<\/strong>, en cuanto a lucha contra el terrorismo y los problemas que afronta el transporte en el pa\u00eds. <\/p>\n\n\n\n<p>En principio, Palac\u00edn explic\u00f3 que aumentar\u00e1 la capacidad de la Fuerza A\u00e9rea del Per\u00fa para luchar contra el terrorismo. \u201cSe tiene que implementar el proyecto SIVAN-SIPAN, que permitir\u00e1 para vigilar la Amazon\u00eda, el VRAEM. E<strong>xiste la propuesta de interceptaci\u00f3n y abatimiento de aeronaves del narcotr\u00e1fico, complementado con el cierre del espacio a\u00e9reo en las zonas donde hay pistas clandestinas<\/strong>\u201d.<\/p>\n\n\n\n<p>En otro momento, el integrante del equipo t\u00e9cnico de Per\u00fa Libre indic\u00f3 que se ampli\u00f3 la propuesta para elaborar un telef\u00e9rico en Lima.<\/p>\n\n\n\n<p><strong><br>Puedes leer: Per\u00fa Libre | Waldemar Cerr\u00f3n: \u201cEl equipo t\u00e9cnico es de nuestro partido, no de Pedro Castillo\u201d<\/strong><\/p>\n\n\n\n<p><strong>\u201cYo no quiero solo dos l\u00edneas, quiero un telef\u00e9rico diez veces superior al de Bolivia, con intersecciones en todo Lima, con 100 km de telef\u00e9ricos<\/strong>\u00a0para descongestionar el problema de 10 millones de lime\u00f1os que sufrimos dos, tres horas para llegar a nuestros trabajos. Si Bolivia tuvo \u00e9xito, nosotros siguiendo ese ejemplo, tendremos el doble de \u00e9xito. Esa es la soluci\u00f3n a la congesti\u00f3n del tr\u00e1fico vehicular\u201d, a\u00f1adi\u00f3.<\/p>\n\n\n\n<p>Sobre el candidato\u00a0<a href=\"https:\/\/exitosanoticias.pe\/v1\/propuesta-de-pedro-castillo-de-eliminar-afp-es-inconstitucional-dice-verona\/\">Pedro Castillo<\/a>, Palac\u00edn se\u00f1al\u00f3 que ha dialogado con \u00e9l y lo asesorado jur\u00eddicamente. \u201c\u00c9l es un dem\u00f3crata, va a respetar la Constituci\u00f3n, la propiedad privada, los ahorros de los peruanos y le va a dar seguridad jur\u00eddica al pa\u00eds\u201d, precis\u00f3.<\/p>\n\n\n\n<p><strong>PALAC\u00cdN ARREMETE CONTRA ROSPIGLIOSI<\/strong><\/p>\n\n\n\n<p>Juli\u00e1n Palac\u00edn aprovech\u00f3 un momento de la entrevista para referirse al exministro Fernando Rospigliosi, quien cuestion\u00f3 sus propuestas para tratar la problem\u00e1tica del VRAEM. \u201cEs un don nadie. Un disminuido intelectual. Lo reto a un debate, no me va a durar ni tres rounds\u201d, indic\u00f3.<\/p>\n\n\n\n<p><strong>Fuente: Exitosa<\/strong><\/p>\n","protected":false},"excerpt":{"rendered":"<p>(Aeronoticias): Este jueves, en Exitosa te Escucha, dialogamos con\u00a0Juli\u00e1n Palac\u00edn Fern\u00e1ndez, integrante del equipo t\u00e9cnico de Per\u00fa Libre, quien dio detalles sobre algunas de las propuestas del partido de\u00a0Pedro Castillo, en cuanto a lucha contra el terrorismo y los problemas que afronta el transporte en el pa\u00eds. En principio, Palac\u00edn explic\u00f3 que aumentar\u00e1 la capacidad [&hellip;]<\/p>\n","protected":false},"author":3,"featured_media":72551,"comment_status":"open","ping_status":"open","sticky":false,"template":"","format":"standard","meta":{"tdm_status":"","tdm_grid_status":"","footnotes":""},"categories":[51,36,8,30],"tags":[1359,1156,1416,1415],"class_list":{"0":"post-72550","1":"post","2":"type-post","3":"status-publish","4":"format-standard","5":"has-post-thumbnail","7":"category-nacional","8":"category-politica","9":"category-ultimas","10":"category-30","11":"tag-pedrocastillo","12":"tag-perulibre","13":"tag-proyectosivan-sipan","14":"tag-teleferico"},"yoast_head":"<!-- This site is optimized with the Yoast SEO plugin v25.1 - https:\/\/yoast.com\/wordpress\/plugins\/seo\/ -->\n<title>Per\u00fa Libre \/ Palac\u00edn: \u201cQuiero para el Per\u00fa un Telef\u00e9rico diez veces m\u00e1s grande que el de Bolivia\u201d<\/title>\n<meta name=\"description\" content=\"&quot;Quiero un telef\u00e9rico diez veces superior al de Bolivia, con intersecciones en todo Lima&quot;, indic\u00f3 Juli\u00e1n Palac\u00edn.\" \/>\n<meta name=\"robots\" content=\"index, follow, max-snippet:-1, max-image-preview:large, max-video-preview:-1\" \/>\n<link rel=\"canonical\" href=\"https:\/\/aeronoticias.com.pe\/noticiero\/transporte-aereo\/nacional\/peru-libre-palacin-quiero-para-el-peru-un-teleferico-diez-veces-mas-grande-que-el-de-bolivia\/\" \/>\n<meta property=\"og:locale\" content=\"es_ES\" \/>\n<meta property=\"og:type\" content=\"article\" \/>\n<meta property=\"og:title\" content=\"Per\u00fa Libre \/ Palac\u00edn: \u201cQuiero para el Per\u00fa un Telef\u00e9rico diez veces m\u00e1s grande que el de Bolivia\u201d\" \/>\n<meta property=\"og:description\" content=\"&quot;Quiero un telef\u00e9rico diez veces superior al de Bolivia, con intersecciones en todo Lima&quot;, indic\u00f3 Juli\u00e1n Palac\u00edn.\" \/>\n<meta property=\"og:url\" content=\"https:\/\/aeronoticias.com.pe\/noticiero\/transporte-aereo\/nacional\/peru-libre-palacin-quiero-para-el-peru-un-teleferico-diez-veces-mas-grande-que-el-de-bolivia\/\" \/>\n<meta property=\"og:site_name\" content=\"Aeronoticias.com.pe\" \/>\n<meta property=\"article:publisher\" content=\"https:\/\/www.facebook.com\/Aeronoticias.com.pe\/\" \/>\n<meta property=\"article:published_time\" content=\"2021-05-28T19:39:37+00:00\" \/>\n<meta property=\"article:modified_time\" content=\"2021-05-28T20:04:17+00:00\" \/>\n<meta property=\"og:image\" content=\"https:\/\/aeronoticias.com.pe\/noticiero\/wp-content\/uploads\/2021\/05\/exitossaa.jpg\" \/>\n\t<meta property=\"og:image:width\" content=\"1200\" \/>\n\t<meta property=\"og:image:height\" content=\"628\" \/>\n\t<meta property=\"og:image:type\" content=\"image\/jpeg\" \/>\n<meta name=\"author\" content=\"Redacci\u00f3n\" \/>\n<meta name=\"twitter:card\" content=\"summary_large_image\" \/>\n<meta name=\"twitter:creator\" content=\"@aeronoticias\" \/>\n<meta name=\"twitter:site\" content=\"@aeronoticias\" \/>\n<meta name=\"twitter:label1\" content=\"Escrito por\" \/>\n\t<meta name=\"twitter:data1\" content=\"Redacci\u00f3n\" \/>\n\t<meta name=\"twitter:label2\" content=\"Tiempo de lectura\" \/>\n\t<meta name=\"twitter:data2\" content=\"2 minutos\" \/>\n<script type=\"application\/ld+json\" class=\"yoast-schema-graph\">{\"@context\":\"https:\/\/schema.org\",\"@graph\":[{\"@type\":\"WebPage\",\"@id\":\"https:\/\/aeronoticias.com.pe\/noticiero\/transporte-aereo\/nacional\/peru-libre-palacin-quiero-para-el-peru-un-teleferico-diez-veces-mas-grande-que-el-de-bolivia\/\",\"url\":\"https:\/\/aeronoticias.com.pe\/noticiero\/transporte-aereo\/nacional\/peru-libre-palacin-quiero-para-el-peru-un-teleferico-diez-veces-mas-grande-que-el-de-bolivia\/\",\"name\":\"Per\u00fa Libre \/ Palac\u00edn: \u201cQuiero para el Per\u00fa un Telef\u00e9rico diez veces m\u00e1s grande que el de Bolivia\u201d\",\"isPartOf\":{\"@id\":\"https:\/\/aeronoticias.com.pe\/noticiero\/#website\"},\"primaryImageOfPage\":{\"@id\":\"https:\/\/aeronoticias.com.pe\/noticiero\/transporte-aereo\/nacional\/peru-libre-palacin-quiero-para-el-peru-un-teleferico-diez-veces-mas-grande-que-el-de-bolivia\/#primaryimage\"},\"image\":{\"@id\":\"https:\/\/aeronoticias.com.pe\/noticiero\/transporte-aereo\/nacional\/peru-libre-palacin-quiero-para-el-peru-un-teleferico-diez-veces-mas-grande-que-el-de-bolivia\/#primaryimage\"},\"thumbnailUrl\":\"https:\/\/aeronoticias.com.pe\/noticiero\/wp-content\/uploads\/2021\/05\/exitossaa.jpg\",\"datePublished\":\"2021-05-28T19:39:37+00:00\",\"dateModified\":\"2021-05-28T20:04:17+00:00\",\"author\":{\"@id\":\"https:\/\/aeronoticias.com.pe\/noticiero\/#\/schema\/person\/16212a617c73f78916b13194154243bd\"},\"description\":\"\\\"Quiero un telef\u00e9rico diez veces superior al de Bolivia, con intersecciones en todo Lima\\\", indic\u00f3 Juli\u00e1n Palac\u00edn.\",\"breadcrumb\":{\"@id\":\"https:\/\/aeronoticias.com.pe\/noticiero\/transporte-aereo\/nacional\/peru-libre-palacin-quiero-para-el-peru-un-teleferico-diez-veces-mas-grande-que-el-de-bolivia\/#breadcrumb\"},\"inLanguage\":\"es\",\"potentialAction\":[{\"@type\":\"ReadAction\",\"target\":[\"https:\/\/aeronoticias.com.pe\/noticiero\/transporte-aereo\/nacional\/peru-libre-palacin-quiero-para-el-peru-un-teleferico-diez-veces-mas-grande-que-el-de-bolivia\/\"]}]},{\"@type\":\"ImageObject\",\"inLanguage\":\"es\",\"@id\":\"https:\/\/aeronoticias.com.pe\/noticiero\/transporte-aereo\/nacional\/peru-libre-palacin-quiero-para-el-peru-un-teleferico-diez-veces-mas-grande-que-el-de-bolivia\/#primaryimage\",\"url\":\"https:\/\/aeronoticias.com.pe\/noticiero\/wp-content\/uploads\/2021\/05\/exitossaa.jpg\",\"contentUrl\":\"https:\/\/aeronoticias.com.pe\/noticiero\/wp-content\/uploads\/2021\/05\/exitossaa.jpg\",\"width\":1200,\"height\":628},{\"@type\":\"BreadcrumbList\",\"@id\":\"https:\/\/aeronoticias.com.pe\/noticiero\/transporte-aereo\/nacional\/peru-libre-palacin-quiero-para-el-peru-un-teleferico-diez-veces-mas-grande-que-el-de-bolivia\/#breadcrumb\",\"itemListElement\":[{\"@type\":\"ListItem\",\"position\":1,\"name\":\"Portada\",\"item\":\"https:\/\/aeronoticias.com.pe\/noticiero\/\"},{\"@type\":\"ListItem\",\"position\":2,\"name\":\"Per\u00fa Libre \/ Palac\u00edn: \u201cQuiero para el Per\u00fa un Telef\u00e9rico diez veces m\u00e1s grande que el de Bolivia\u201d\"}]},{\"@type\":\"WebSite\",\"@id\":\"https:\/\/aeronoticias.com.pe\/noticiero\/#website\",\"url\":\"https:\/\/aeronoticias.com.pe\/noticiero\/\",\"name\":\"Aeronoticias.com.pe\",\"description\":\"Noticias de tranporte aereo, turismo, hoteles, gastronomia, actualidad, internacional\",\"potentialAction\":[{\"@type\":\"SearchAction\",\"target\":{\"@type\":\"EntryPoint\",\"urlTemplate\":\"https:\/\/aeronoticias.com.pe\/noticiero\/?s={search_term_string}\"},\"query-input\":{\"@type\":\"PropertyValueSpecification\",\"valueRequired\":true,\"valueName\":\"search_term_string\"}}],\"inLanguage\":\"es\"},{\"@type\":\"Person\",\"@id\":\"https:\/\/aeronoticias.com.pe\/noticiero\/#\/schema\/person\/16212a617c73f78916b13194154243bd\",\"name\":\"Redacci\u00f3n\",\"sameAs\":[\"http:\/\/Redacci\u00f3n\"],\"url\":\"https:\/\/aeronoticias.com.pe\/noticiero\/author\/celeste\/\"}]}<\/script>\n<!-- \/ Yoast SEO plugin. -->","yoast_head_json":{"title":"Per\u00fa Libre \/ Palac\u00edn: \u201cQuiero para el Per\u00fa un Telef\u00e9rico diez veces m\u00e1s grande que el de Bolivia\u201d","description":"\"Quiero un telef\u00e9rico diez veces superior al de Bolivia, con intersecciones en todo Lima\", indic\u00f3 Juli\u00e1n Palac\u00edn.","robots":{"index":"index","follow":"follow","max-snippet":"max-snippet:-1","max-image-preview":"max-image-preview:large","max-video-preview":"max-video-preview:-1"},"canonical":"https:\/\/aeronoticias.com.pe\/noticiero\/transporte-aereo\/nacional\/peru-libre-palacin-quiero-para-el-peru-un-teleferico-diez-veces-mas-grande-que-el-de-bolivia\/","og_locale":"es_ES","og_type":"article","og_title":"Per\u00fa Libre \/ Palac\u00edn: \u201cQuiero para el Per\u00fa un Telef\u00e9rico diez veces m\u00e1s grande que el de Bolivia\u201d","og_description":"\"Quiero un telef\u00e9rico diez veces superior al de Bolivia, con intersecciones en todo Lima\", indic\u00f3 Juli\u00e1n Palac\u00edn.","og_url":"https:\/\/aeronoticias.com.pe\/noticiero\/transporte-aereo\/nacional\/peru-libre-palacin-quiero-para-el-peru-un-teleferico-diez-veces-mas-grande-que-el-de-bolivia\/","og_site_name":"Aeronoticias.com.pe","article_publisher":"https:\/\/www.facebook.com\/Aeronoticias.com.pe\/","article_published_time":"2021-05-28T19:39:37+00:00","article_modified_time":"2021-05-28T20:04:17+00:00","og_image":[{"width":1200,"height":628,"url":"https:\/\/aeronoticias.com.pe\/noticiero\/wp-content\/uploads\/2021\/05\/exitossaa.jpg","type":"image\/jpeg"}],"author":"Redacci\u00f3n","twitter_card":"summary_large_image","twitter_creator":"@aeronoticias","twitter_site":"@aeronoticias","twitter_misc":{"Escrito por":"Redacci\u00f3n","Tiempo de lectura":"2 minutos"},"schema":{"@context":"https:\/\/schema.org","@graph":[{"@type":"WebPage","@id":"https:\/\/aeronoticias.com.pe\/noticiero\/transporte-aereo\/nacional\/peru-libre-palacin-quiero-para-el-peru-un-teleferico-diez-veces-mas-grande-que-el-de-bolivia\/","url":"https:\/\/aeronoticias.com.pe\/noticiero\/transporte-aereo\/nacional\/peru-libre-palacin-quiero-para-el-peru-un-teleferico-diez-veces-mas-grande-que-el-de-bolivia\/","name":"Per\u00fa Libre \/ Palac\u00edn: \u201cQuiero para el Per\u00fa un Telef\u00e9rico diez veces m\u00e1s grande que el de Bolivia\u201d","isPartOf":{"@id":"https:\/\/aeronoticias.com.pe\/noticiero\/#website"},"primaryImageOfPage":{"@id":"https:\/\/aeronoticias.com.pe\/noticiero\/transporte-aereo\/nacional\/peru-libre-palacin-quiero-para-el-peru-un-teleferico-diez-veces-mas-grande-que-el-de-bolivia\/#primaryimage"},"image":{"@id":"https:\/\/aeronoticias.com.pe\/noticiero\/transporte-aereo\/nacional\/peru-libre-palacin-quiero-para-el-peru-un-teleferico-diez-veces-mas-grande-que-el-de-bolivia\/#primaryimage"},"thumbnailUrl":"https:\/\/aeronoticias.com.pe\/noticiero\/wp-content\/uploads\/2021\/05\/exitossaa.jpg","datePublished":"2021-05-28T19:39:37+00:00","dateModified":"2021-05-28T20:04:17+00:00","author":{"@id":"https:\/\/aeronoticias.com.pe\/noticiero\/#\/schema\/person\/16212a617c73f78916b13194154243bd"},"description":"\"Quiero un telef\u00e9rico diez veces superior al de Bolivia, con intersecciones en todo Lima\", indic\u00f3 Juli\u00e1n Palac\u00edn.","breadcrumb":{"@id":"https:\/\/aeronoticias.com.pe\/noticiero\/transporte-aereo\/nacional\/peru-libre-palacin-quiero-para-el-peru-un-teleferico-diez-veces-mas-grande-que-el-de-bolivia\/#breadcrumb"},"inLanguage":"es","potentialAction":[{"@type":"ReadAction","target":["https:\/\/aeronoticias.com.pe\/noticiero\/transporte-aereo\/nacional\/peru-libre-palacin-quiero-para-el-peru-un-teleferico-diez-veces-mas-grande-que-el-de-bolivia\/"]}]},{"@type":"ImageObject","inLanguage":"es","@id":"https:\/\/aeronoticias.com.pe\/noticiero\/transporte-aereo\/nacional\/peru-libre-palacin-quiero-para-el-peru-un-teleferico-diez-veces-mas-grande-que-el-de-bolivia\/#primaryimage","url":"https:\/\/aeronoticias.com.pe\/noticiero\/wp-content\/uploads\/2021\/05\/exitossaa.jpg","contentUrl":"https:\/\/aeronoticias.com.pe\/noticiero\/wp-content\/uploads\/2021\/05\/exitossaa.jpg","width":1200,"height":628},{"@type":"BreadcrumbList","@id":"https:\/\/aeronoticias.com.pe\/noticiero\/transporte-aereo\/nacional\/peru-libre-palacin-quiero-para-el-peru-un-teleferico-diez-veces-mas-grande-que-el-de-bolivia\/#breadcrumb","itemListElement":[{"@type":"ListItem","position":1,"name":"Portada","item":"https:\/\/aeronoticias.com.pe\/noticiero\/"},{"@type":"ListItem","position":2,"name":"Per\u00fa Libre \/ Palac\u00edn: \u201cQuiero para el Per\u00fa un Telef\u00e9rico diez veces m\u00e1s grande que el de Bolivia\u201d"}]},{"@type":"WebSite","@id":"https:\/\/aeronoticias.com.pe\/noticiero\/#website","url":"https:\/\/aeronoticias.com.pe\/noticiero\/","name":"Aeronoticias.com.pe","description":"Noticias de tranporte aereo, turismo, hoteles, gastronomia, actualidad, internacional","potentialAction":[{"@type":"SearchAction","target":{"@type":"EntryPoint","urlTemplate":"https:\/\/aeronoticias.com.pe\/noticiero\/?s={search_term_string}"},"query-input":{"@type":"PropertyValueSpecification","valueRequired":true,"valueName":"search_term_string"}}],"inLanguage":"es"},{"@type":"Person","@id":"https:\/\/aeronoticias.com.pe\/noticiero\/#\/schema\/person\/16212a617c73f78916b13194154243bd","name":"Redacci\u00f3n","sameAs":["http:\/\/Redacci\u00f3n"],"url":"https:\/\/aeronoticias.com.pe\/noticiero\/author\/celeste\/"}]}},"_links":{"self":[{"href":"https:\/\/aeronoticias.com.pe\/noticiero\/wp-json\/wp\/v2\/posts\/72550","targetHints":{"allow":["GET"]}}],"collection":[{"href":"https:\/\/aeronoticias.com.pe\/noticiero\/wp-json\/wp\/v2\/posts"}],"about":[{"href":"https:\/\/aeronoticias.com.pe\/noticiero\/wp-json\/wp\/v2\/types\/post"}],"author":[{"embeddable":true,"href":"https:\/\/aeronoticias.com.pe\/noticiero\/wp-json\/wp\/v2\/users\/3"}],"replies":[{"embeddable":true,"href":"https:\/\/aeronoticias.com.pe\/noticiero\/wp-json\/wp\/v2\/comments?post=72550"}],"version-history":[{"count":0,"href":"https:\/\/aeronoticias.com.pe\/noticiero\/wp-json\/wp\/v2\/posts\/72550\/revisions"}],"wp:featuredmedia":[{"embeddable":true,"href":"https:\/\/aeronoticias.com.pe\/noticiero\/wp-json\/wp\/v2\/media\/72551"}],"wp:attachment":[{"href":"https:\/\/aeronoticias.com.pe\/noticiero\/wp-json\/wp\/v2\/media?parent=72550"}],"wp:term":[{"taxonomy":"category","embeddable":true,"href":"https:\/\/aeronoticias.com.pe\/noticiero\/wp-json\/wp\/v2\/categories?post=72550"},{"taxonomy":"post_tag","embeddable":true,"href":"https:\/\/aeronoticias.com.pe\/noticiero\/wp-json\/wp\/v2\/tags?post=72550"}],"curies":[{"name":"wp","href":"https:\/\/api.w.org\/{rel}","templated":true}]}}