{"id":72555,"date":"2021-05-28T06:35:00","date_gmt":"2021-05-28T11:35:00","guid":{"rendered":"https:\/\/aeronoticias.com.pe\/noticiero\/?p=72555"},"modified":"2021-05-28T18:41:25","modified_gmt":"2021-05-28T23:41:25","slug":"arrestan-a-hombre-que-prendio-fuego-a-bordo","status":"publish","type":"post","link":"https:\/\/aeronoticias.com.pe\/noticiero\/transporte-aereo\/arrestan-a-hombre-que-prendio-fuego-a-bordo\/","title":{"rendered":"Arrestan a hombre que prendi\u00f3 fuego a bordo"},"content":{"rendered":"\n<p><strong>(Aeronoticias)<\/strong>.- Las autoridades brasile\u00f1as detuvieron a un hombre que\u00a0inici\u00f3 un incendio a bordo de un vuelo de GOL Linhas A\u00e9reas entre Minas Gerais y Sao Paulo\u00a0el d\u00eda de ayer.\u00a0<\/p>\n\n\n\n<p>De acuerdo con reportes locales, el hombre&nbsp;<strong>se encerr\u00f3 en el ba\u00f1o durante la parte final del vuelo e inici\u00f3 un incendio con papeles<\/strong>. Los miembros de la tripulaci\u00f3n, acompa\u00f1ados de un pasajero voluntario, detuvieron al hombre, el cual fue entregado ante las autoridades locales una vez que se aterriz\u00f3.&nbsp;<\/p>\n\n\n\n<p>Los pilotos informaron al Control de Tr\u00e1nsito A\u00e9reo y a la Polic\u00eda Federal de Brasil por lo que, al momento de su aterrizaje,<strong>\u00a0entraron a bordo de la aeronave y se llevaron al pasajero disruptivo.\u00a0<\/strong><\/p>\n\n\n\n<p>Como resultado del incidente,&nbsp;<strong>no hubo personas lesionadas y tampoco hubo retrasos en el aeropuerto de Sao Paulo<\/strong>, de acuerdo con dos comunicados emitidos por la aerol\u00ednea y el operador de la terminal.&nbsp;<\/p>\n\n\n\n<p>\u201cNuestra tripulaci\u00f3n, entrenada en t\u00e9cnicas de contenci\u00f3n no violentas, consigui\u00f3 detener al hombre con la ayuda voluntaria de un pasajero. La Polic\u00eda Federal y los Servicios M\u00e9dicos del aeropuertos fueron accionados por el comandante del vuelo y&nbsp;<strong>actuaron r\u00e1pidamente luego del aterrizaje, lo que ocurri\u00f3 sin afectaciones al Aeropuerto de Guarulhos en Sao Paulo<\/strong>\u201d, se\u00f1al\u00f3 GOL.&nbsp;<\/p>\n\n\n\n<p>El vuelo de GOL se llevaba a cabo a bordo de un&nbsp;<strong>B737 MAX-8<\/strong>, matr\u00edcula PR-XME.<\/p>\n\n\n\n<p>Fuente: <strong><em>A21<\/em><\/strong>.<\/p>\n","protected":false},"excerpt":{"rendered":"<p>(Aeronoticias).- Las autoridades brasile\u00f1as detuvieron a un hombre que\u00a0inici\u00f3 un incendio a bordo de un vuelo de GOL Linhas A\u00e9reas entre Minas Gerais y Sao Paulo\u00a0el d\u00eda de ayer.\u00a0 De acuerdo con reportes locales, el hombre&nbsp;se encerr\u00f3 en el ba\u00f1o durante la parte final del vuelo e inici\u00f3 un incendio con papeles. Los miembros de [&hellip;]<\/p>\n","protected":false},"author":4,"featured_media":66443,"comment_status":"open","ping_status":"open","sticky":false,"template":"","format":"standard","meta":{"tdm_status":"","tdm_grid_status":"","footnotes":""},"categories":[32,11],"tags":[1417],"class_list":{"0":"post-72555","1":"post","2":"type-post","3":"status-publish","4":"format-standard","5":"has-post-thumbnail","7":"category-internacional","8":"category-transporte-aereo","9":"tag-arresto"},"yoast_head":"<!-- This site is optimized with the Yoast SEO plugin v25.1 - https:\/\/yoast.com\/wordpress\/plugins\/seo\/ -->\n<title>Arrestan a hombre que prendi\u00f3 fuego a bordo<\/title>\n<meta name=\"description\" content=\"Portal de noticias del Per\u00fa sobre el transporte a\u00e9reo, aviaci\u00f3n, turismo, hoteleria, actualidad.\" \/>\n<meta name=\"robots\" content=\"index, follow, max-snippet:-1, max-image-preview:large, max-video-preview:-1\" \/>\n<link rel=\"canonical\" href=\"https:\/\/aeronoticias.com.pe\/noticiero\/transporte-aereo\/arrestan-a-hombre-que-prendio-fuego-a-bordo\/\" \/>\n<meta property=\"og:locale\" content=\"es_ES\" \/>\n<meta property=\"og:type\" content=\"article\" \/>\n<meta property=\"og:title\" content=\"Arrestan a hombre que prendi\u00f3 fuego a bordo\" \/>\n<meta property=\"og:description\" content=\"Portal de noticias del Per\u00fa sobre el transporte a\u00e9reo, aviaci\u00f3n, turismo, hoteleria, actualidad.\" \/>\n<meta property=\"og:url\" content=\"https:\/\/aeronoticias.com.pe\/noticiero\/transporte-aereo\/arrestan-a-hombre-que-prendio-fuego-a-bordo\/\" \/>\n<meta property=\"og:site_name\" content=\"Aeronoticias.com.pe\" \/>\n<meta property=\"article:publisher\" content=\"https:\/\/www.facebook.com\/Aeronoticias.com.pe\/\" \/>\n<meta property=\"article:published_time\" content=\"2021-05-28T11:35:00+00:00\" \/>\n<meta property=\"article:modified_time\" content=\"2021-05-28T23:41:25+00:00\" \/>\n<meta property=\"og:image\" content=\"https:\/\/aeronoticias.com.pe\/noticiero\/wp-content\/uploads\/2019\/07\/GOL-1.jpg\" \/>\n\t<meta property=\"og:image:width\" content=\"860\" \/>\n\t<meta property=\"og:image:height\" content=\"570\" \/>\n\t<meta property=\"og:image:type\" content=\"image\/jpeg\" \/>\n<meta name=\"author\" content=\"Jefrey Cuya\" \/>\n<meta name=\"twitter:card\" content=\"summary_large_image\" \/>\n<meta name=\"twitter:creator\" content=\"@aeronoticias\" \/>\n<meta name=\"twitter:site\" content=\"@aeronoticias\" \/>\n<meta name=\"twitter:label1\" content=\"Escrito por\" \/>\n\t<meta name=\"twitter:data1\" content=\"Jefrey Cuya\" \/>\n\t<meta name=\"twitter:label2\" content=\"Tiempo de lectura\" \/>\n\t<meta name=\"twitter:data2\" content=\"1 minuto\" \/>\n<script type=\"application\/ld+json\" class=\"yoast-schema-graph\">{\"@context\":\"https:\/\/schema.org\",\"@graph\":[{\"@type\":\"WebPage\",\"@id\":\"https:\/\/aeronoticias.com.pe\/noticiero\/transporte-aereo\/arrestan-a-hombre-que-prendio-fuego-a-bordo\/\",\"url\":\"https:\/\/aeronoticias.com.pe\/noticiero\/transporte-aereo\/arrestan-a-hombre-que-prendio-fuego-a-bordo\/\",\"name\":\"Arrestan a hombre que prendi\u00f3 fuego a bordo\",\"isPartOf\":{\"@id\":\"https:\/\/aeronoticias.com.pe\/noticiero\/#website\"},\"primaryImageOfPage\":{\"@id\":\"https:\/\/aeronoticias.com.pe\/noticiero\/transporte-aereo\/arrestan-a-hombre-que-prendio-fuego-a-bordo\/#primaryimage\"},\"image\":{\"@id\":\"https:\/\/aeronoticias.com.pe\/noticiero\/transporte-aereo\/arrestan-a-hombre-que-prendio-fuego-a-bordo\/#primaryimage\"},\"thumbnailUrl\":\"https:\/\/aeronoticias.com.pe\/noticiero\/wp-content\/uploads\/2019\/07\/GOL-1.jpg\",\"datePublished\":\"2021-05-28T11:35:00+00:00\",\"dateModified\":\"2021-05-28T23:41:25+00:00\",\"author\":{\"@id\":\"https:\/\/aeronoticias.com.pe\/noticiero\/#\/schema\/person\/9ef7422a13b22ab480ffc29639f442b0\"},\"description\":\"Portal de noticias del Per\u00fa sobre el transporte a\u00e9reo, aviaci\u00f3n, turismo, hoteleria, actualidad.\",\"breadcrumb\":{\"@id\":\"https:\/\/aeronoticias.com.pe\/noticiero\/transporte-aereo\/arrestan-a-hombre-que-prendio-fuego-a-bordo\/#breadcrumb\"},\"inLanguage\":\"es\",\"potentialAction\":[{\"@type\":\"ReadAction\",\"target\":[\"https:\/\/aeronoticias.com.pe\/noticiero\/transporte-aereo\/arrestan-a-hombre-que-prendio-fuego-a-bordo\/\"]}]},{\"@type\":\"ImageObject\",\"inLanguage\":\"es\",\"@id\":\"https:\/\/aeronoticias.com.pe\/noticiero\/transporte-aereo\/arrestan-a-hombre-que-prendio-fuego-a-bordo\/#primaryimage\",\"url\":\"https:\/\/aeronoticias.com.pe\/noticiero\/wp-content\/uploads\/2019\/07\/GOL-1.jpg\",\"contentUrl\":\"https:\/\/aeronoticias.com.pe\/noticiero\/wp-content\/uploads\/2019\/07\/GOL-1.jpg\",\"width\":860,\"height\":570},{\"@type\":\"BreadcrumbList\",\"@id\":\"https:\/\/aeronoticias.com.pe\/noticiero\/transporte-aereo\/arrestan-a-hombre-que-prendio-fuego-a-bordo\/#breadcrumb\",\"itemListElement\":[{\"@type\":\"ListItem\",\"position\":1,\"name\":\"Portada\",\"item\":\"https:\/\/aeronoticias.com.pe\/noticiero\/\"},{\"@type\":\"ListItem\",\"position\":2,\"name\":\"Arrestan a hombre que prendi\u00f3 fuego a bordo\"}]},{\"@type\":\"WebSite\",\"@id\":\"https:\/\/aeronoticias.com.pe\/noticiero\/#website\",\"url\":\"https:\/\/aeronoticias.com.pe\/noticiero\/\",\"name\":\"Aeronoticias.com.pe\",\"description\":\"Noticias de tranporte aereo, turismo, hoteles, gastronomia, actualidad, internacional\",\"potentialAction\":[{\"@type\":\"SearchAction\",\"target\":{\"@type\":\"EntryPoint\",\"urlTemplate\":\"https:\/\/aeronoticias.com.pe\/noticiero\/?s={search_term_string}\"},\"query-input\":{\"@type\":\"PropertyValueSpecification\",\"valueRequired\":true,\"valueName\":\"search_term_string\"}}],\"inLanguage\":\"es\"},{\"@type\":\"Person\",\"@id\":\"https:\/\/aeronoticias.com.pe\/noticiero\/#\/schema\/person\/9ef7422a13b22ab480ffc29639f442b0\",\"name\":\"Jefrey Cuya\",\"url\":\"https:\/\/aeronoticias.com.pe\/noticiero\/author\/jefreycuya\/\"}]}<\/script>\n<!-- \/ Yoast SEO plugin. -->","yoast_head_json":{"title":"Arrestan a hombre que prendi\u00f3 fuego a bordo","description":"Portal de noticias del Per\u00fa sobre el transporte a\u00e9reo, aviaci\u00f3n, turismo, hoteleria, actualidad.","robots":{"index":"index","follow":"follow","max-snippet":"max-snippet:-1","max-image-preview":"max-image-preview:large","max-video-preview":"max-video-preview:-1"},"canonical":"https:\/\/aeronoticias.com.pe\/noticiero\/transporte-aereo\/arrestan-a-hombre-que-prendio-fuego-a-bordo\/","og_locale":"es_ES","og_type":"article","og_title":"Arrestan a hombre que prendi\u00f3 fuego a bordo","og_description":"Portal de noticias del Per\u00fa sobre el transporte a\u00e9reo, aviaci\u00f3n, turismo, hoteleria, actualidad.","og_url":"https:\/\/aeronoticias.com.pe\/noticiero\/transporte-aereo\/arrestan-a-hombre-que-prendio-fuego-a-bordo\/","og_site_name":"Aeronoticias.com.pe","article_publisher":"https:\/\/www.facebook.com\/Aeronoticias.com.pe\/","article_published_time":"2021-05-28T11:35:00+00:00","article_modified_time":"2021-05-28T23:41:25+00:00","og_image":[{"width":860,"height":570,"url":"https:\/\/aeronoticias.com.pe\/noticiero\/wp-content\/uploads\/2019\/07\/GOL-1.jpg","type":"image\/jpeg"}],"author":"Jefrey Cuya","twitter_card":"summary_large_image","twitter_creator":"@aeronoticias","twitter_site":"@aeronoticias","twitter_misc":{"Escrito por":"Jefrey Cuya","Tiempo de lectura":"1 minuto"},"schema":{"@context":"https:\/\/schema.org","@graph":[{"@type":"WebPage","@id":"https:\/\/aeronoticias.com.pe\/noticiero\/transporte-aereo\/arrestan-a-hombre-que-prendio-fuego-a-bordo\/","url":"https:\/\/aeronoticias.com.pe\/noticiero\/transporte-aereo\/arrestan-a-hombre-que-prendio-fuego-a-bordo\/","name":"Arrestan a hombre que prendi\u00f3 fuego a bordo","isPartOf":{"@id":"https:\/\/aeronoticias.com.pe\/noticiero\/#website"},"primaryImageOfPage":{"@id":"https:\/\/aeronoticias.com.pe\/noticiero\/transporte-aereo\/arrestan-a-hombre-que-prendio-fuego-a-bordo\/#primaryimage"},"image":{"@id":"https:\/\/aeronoticias.com.pe\/noticiero\/transporte-aereo\/arrestan-a-hombre-que-prendio-fuego-a-bordo\/#primaryimage"},"thumbnailUrl":"https:\/\/aeronoticias.com.pe\/noticiero\/wp-content\/uploads\/2019\/07\/GOL-1.jpg","datePublished":"2021-05-28T11:35:00+00:00","dateModified":"2021-05-28T23:41:25+00:00","author":{"@id":"https:\/\/aeronoticias.com.pe\/noticiero\/#\/schema\/person\/9ef7422a13b22ab480ffc29639f442b0"},"description":"Portal de noticias del Per\u00fa sobre el transporte a\u00e9reo, aviaci\u00f3n, turismo, hoteleria, actualidad.","breadcrumb":{"@id":"https:\/\/aeronoticias.com.pe\/noticiero\/transporte-aereo\/arrestan-a-hombre-que-prendio-fuego-a-bordo\/#breadcrumb"},"inLanguage":"es","potentialAction":[{"@type":"ReadAction","target":["https:\/\/aeronoticias.com.pe\/noticiero\/transporte-aereo\/arrestan-a-hombre-que-prendio-fuego-a-bordo\/"]}]},{"@type":"ImageObject","inLanguage":"es","@id":"https:\/\/aeronoticias.com.pe\/noticiero\/transporte-aereo\/arrestan-a-hombre-que-prendio-fuego-a-bordo\/#primaryimage","url":"https:\/\/aeronoticias.com.pe\/noticiero\/wp-content\/uploads\/2019\/07\/GOL-1.jpg","contentUrl":"https:\/\/aeronoticias.com.pe\/noticiero\/wp-content\/uploads\/2019\/07\/GOL-1.jpg","width":860,"height":570},{"@type":"BreadcrumbList","@id":"https:\/\/aeronoticias.com.pe\/noticiero\/transporte-aereo\/arrestan-a-hombre-que-prendio-fuego-a-bordo\/#breadcrumb","itemListElement":[{"@type":"ListItem","position":1,"name":"Portada","item":"https:\/\/aeronoticias.com.pe\/noticiero\/"},{"@type":"ListItem","position":2,"name":"Arrestan a hombre que prendi\u00f3 fuego a bordo"}]},{"@type":"WebSite","@id":"https:\/\/aeronoticias.com.pe\/noticiero\/#website","url":"https:\/\/aeronoticias.com.pe\/noticiero\/","name":"Aeronoticias.com.pe","description":"Noticias de tranporte aereo, turismo, hoteles, gastronomia, actualidad, internacional","potentialAction":[{"@type":"SearchAction","target":{"@type":"EntryPoint","urlTemplate":"https:\/\/aeronoticias.com.pe\/noticiero\/?s={search_term_string}"},"query-input":{"@type":"PropertyValueSpecification","valueRequired":true,"valueName":"search_term_string"}}],"inLanguage":"es"},{"@type":"Person","@id":"https:\/\/aeronoticias.com.pe\/noticiero\/#\/schema\/person\/9ef7422a13b22ab480ffc29639f442b0","name":"Jefrey Cuya","url":"https:\/\/aeronoticias.com.pe\/noticiero\/author\/jefreycuya\/"}]}},"_links":{"self":[{"href":"https:\/\/aeronoticias.com.pe\/noticiero\/wp-json\/wp\/v2\/posts\/72555","targetHints":{"allow":["GET"]}}],"collection":[{"href":"https:\/\/aeronoticias.com.pe\/noticiero\/wp-json\/wp\/v2\/posts"}],"about":[{"href":"https:\/\/aeronoticias.com.pe\/noticiero\/wp-json\/wp\/v2\/types\/post"}],"author":[{"embeddable":true,"href":"https:\/\/aeronoticias.com.pe\/noticiero\/wp-json\/wp\/v2\/users\/4"}],"replies":[{"embeddable":true,"href":"https:\/\/aeronoticias.com.pe\/noticiero\/wp-json\/wp\/v2\/comments?post=72555"}],"version-history":[{"count":0,"href":"https:\/\/aeronoticias.com.pe\/noticiero\/wp-json\/wp\/v2\/posts\/72555\/revisions"}],"wp:featuredmedia":[{"embeddable":true,"href":"https:\/\/aeronoticias.com.pe\/noticiero\/wp-json\/wp\/v2\/media\/66443"}],"wp:attachment":[{"href":"https:\/\/aeronoticias.com.pe\/noticiero\/wp-json\/wp\/v2\/media?parent=72555"}],"wp:term":[{"taxonomy":"category","embeddable":true,"href":"https:\/\/aeronoticias.com.pe\/noticiero\/wp-json\/wp\/v2\/categories?post=72555"},{"taxonomy":"post_tag","embeddable":true,"href":"https:\/\/aeronoticias.com.pe\/noticiero\/wp-json\/wp\/v2\/tags?post=72555"}],"curies":[{"name":"wp","href":"https:\/\/api.w.org\/{rel}","templated":true}]}}