{"id":72560,"date":"2021-05-28T06:49:00","date_gmt":"2021-05-28T11:49:00","guid":{"rendered":"https:\/\/aeronoticias.com.pe\/noticiero\/?p=72560"},"modified":"2021-05-28T18:52:14","modified_gmt":"2021-05-28T23:52:14","slug":"aeromexico-anuncia-llegada-de-aviones-b737","status":"publish","type":"post","link":"https:\/\/aeronoticias.com.pe\/noticiero\/transporte-aereo\/internacional\/aeromexico-anuncia-llegada-de-aviones-b737\/","title":{"rendered":"Aerom\u00e9xico anuncia llegada de aviones B737"},"content":{"rendered":"\n<p><strong>(Aeronoticias)<\/strong>.- En los pr\u00f3ximos d\u00edas,\u00a0Grupo Aerom\u00e9xico recibir\u00e1 cinco nuevos aviones de las familias Boeing 737-9 MAX y 737-NG,\u00a0inform\u00f3 Andr\u00e9s Conesa, director general de la compa\u00f1\u00eda a trav\u00e9s de sus redes sociales.\u00a0<\/p>\n\n\n\n<p>Estos nuevos equipos llegan como parte del acuerdo modificado con Boeing que&nbsp;<strong>redujo su orden 54 aviones MAX<\/strong>&nbsp;<strong>a 24<\/strong>&nbsp;(y a\u00f1adi\u00f3&nbsp;<strong>cuatro nuevas unidades 787-9 Dreamliner<\/strong>). Las negociaciones se dieron en el marco de la reorganizaci\u00f3n financiera de Grupo Aerom\u00e9xico bajo el Cap\u00edtulo 11 de la Ley de Quiebras de Estados Unidos.&nbsp;<\/p>\n\n\n\n<p>\u201cAs\u00ed, seguiremos a la vanguardia con los\u00a0<strong>equipos m\u00e1s modernos, eficientes y menos contaminantes<\/strong>, aplicando los m\u00e1s altos est\u00e1ndares de seguridad de la industria para seguir conectando a nuestros clientes con M\u00e9xico y el mundo\u201d, indic\u00f3 Andr\u00e9s Conesa.\u00a0<\/p>\n\n\n\n<p>Con estos nuevos cinco aviones, Grupo Aerom\u00e9xico&nbsp;<strong>incrementar\u00e1 su flota a 111 unidades<\/strong>, compuesta por 18 Dreamliners, cinco aviones 737-700, 47 Embraer E190 y, queda por ver, c\u00f3mo se reorganiza la plantilla de aviones 737-800 y 737 MAX (actualmente tiene 30 y seis unidades, respectivamente).&nbsp;<\/p>\n\n\n\n<p>Sin embargo, como resultado de la degradaci\u00f3n a Categor\u00eda 2 por parte de la Administraci\u00f3n Federal de Aviaci\u00f3n y de su reorganizaci\u00f3n financiera, Aerom\u00e9xico mantiene abierta la posibilidad de rechazar m\u00e1s contratos de arrendamiento y reducir su flota.<\/p>\n\n\n\n<p>Fuente: <strong><em>A21.<\/em><\/strong><\/p>\n","protected":false},"excerpt":{"rendered":"<p>(Aeronoticias).- En los pr\u00f3ximos d\u00edas,\u00a0Grupo Aerom\u00e9xico recibir\u00e1 cinco nuevos aviones de las familias Boeing 737-9 MAX y 737-NG,\u00a0inform\u00f3 Andr\u00e9s Conesa, director general de la compa\u00f1\u00eda a trav\u00e9s de sus redes sociales.\u00a0 Estos nuevos equipos llegan como parte del acuerdo modificado con Boeing que&nbsp;redujo su orden 54 aviones MAX&nbsp;a 24&nbsp;(y a\u00f1adi\u00f3&nbsp;cuatro nuevas unidades 787-9 Dreamliner). Las [&hellip;]<\/p>\n","protected":false},"author":4,"featured_media":66527,"comment_status":"open","ping_status":"open","sticky":false,"template":"","format":"standard","meta":{"tdm_status":"","tdm_grid_status":"","footnotes":""},"categories":[32,11],"tags":[224,163],"class_list":{"0":"post-72560","1":"post","2":"type-post","3":"status-publish","4":"format-standard","5":"has-post-thumbnail","7":"category-internacional","8":"category-transporte-aereo","9":"tag-aeromexico","10":"tag-coronavirus"},"yoast_head":"<!-- This site is optimized with the Yoast SEO plugin v25.1 - https:\/\/yoast.com\/wordpress\/plugins\/seo\/ -->\n<title>Aerom\u00e9xico anuncia llegada de aviones B737<\/title>\n<meta name=\"description\" content=\"Portal de noticias del Per\u00fa sobre el transporte a\u00e9reo, aviaci\u00f3n, turismo, hoteleria, actualidad.\" \/>\n<meta name=\"robots\" content=\"index, follow, max-snippet:-1, max-image-preview:large, max-video-preview:-1\" \/>\n<link rel=\"canonical\" href=\"https:\/\/aeronoticias.com.pe\/noticiero\/transporte-aereo\/internacional\/aeromexico-anuncia-llegada-de-aviones-b737\/\" \/>\n<meta property=\"og:locale\" content=\"es_ES\" \/>\n<meta property=\"og:type\" content=\"article\" \/>\n<meta property=\"og:title\" content=\"Aerom\u00e9xico anuncia llegada de aviones B737\" \/>\n<meta property=\"og:description\" content=\"Portal de noticias del Per\u00fa sobre el transporte a\u00e9reo, aviaci\u00f3n, turismo, hoteleria, actualidad.\" \/>\n<meta property=\"og:url\" content=\"https:\/\/aeronoticias.com.pe\/noticiero\/transporte-aereo\/internacional\/aeromexico-anuncia-llegada-de-aviones-b737\/\" \/>\n<meta property=\"og:site_name\" content=\"Aeronoticias.com.pe\" \/>\n<meta property=\"article:publisher\" content=\"https:\/\/www.facebook.com\/Aeronoticias.com.pe\/\" \/>\n<meta property=\"article:published_time\" content=\"2021-05-28T11:49:00+00:00\" \/>\n<meta property=\"article:modified_time\" content=\"2021-05-28T23:52:14+00:00\" \/>\n<meta property=\"og:image\" content=\"https:\/\/aeronoticias.com.pe\/noticiero\/wp-content\/uploads\/2019\/06\/avion-aeromexico.jpg\" \/>\n\t<meta property=\"og:image:width\" content=\"1200\" \/>\n\t<meta property=\"og:image:height\" content=\"639\" \/>\n\t<meta property=\"og:image:type\" content=\"image\/jpeg\" \/>\n<meta name=\"author\" content=\"Jefrey Cuya\" \/>\n<meta name=\"twitter:card\" content=\"summary_large_image\" \/>\n<meta name=\"twitter:creator\" content=\"@aeronoticias\" \/>\n<meta name=\"twitter:site\" content=\"@aeronoticias\" \/>\n<meta name=\"twitter:label1\" content=\"Escrito por\" \/>\n\t<meta name=\"twitter:data1\" content=\"Jefrey Cuya\" \/>\n\t<meta name=\"twitter:label2\" content=\"Tiempo de lectura\" \/>\n\t<meta name=\"twitter:data2\" content=\"1 minuto\" \/>\n<script type=\"application\/ld+json\" class=\"yoast-schema-graph\">{\"@context\":\"https:\/\/schema.org\",\"@graph\":[{\"@type\":\"WebPage\",\"@id\":\"https:\/\/aeronoticias.com.pe\/noticiero\/transporte-aereo\/internacional\/aeromexico-anuncia-llegada-de-aviones-b737\/\",\"url\":\"https:\/\/aeronoticias.com.pe\/noticiero\/transporte-aereo\/internacional\/aeromexico-anuncia-llegada-de-aviones-b737\/\",\"name\":\"Aerom\u00e9xico anuncia llegada de aviones B737\",\"isPartOf\":{\"@id\":\"https:\/\/aeronoticias.com.pe\/noticiero\/#website\"},\"primaryImageOfPage\":{\"@id\":\"https:\/\/aeronoticias.com.pe\/noticiero\/transporte-aereo\/internacional\/aeromexico-anuncia-llegada-de-aviones-b737\/#primaryimage\"},\"image\":{\"@id\":\"https:\/\/aeronoticias.com.pe\/noticiero\/transporte-aereo\/internacional\/aeromexico-anuncia-llegada-de-aviones-b737\/#primaryimage\"},\"thumbnailUrl\":\"https:\/\/aeronoticias.com.pe\/noticiero\/wp-content\/uploads\/2019\/06\/avion-aeromexico.jpg\",\"datePublished\":\"2021-05-28T11:49:00+00:00\",\"dateModified\":\"2021-05-28T23:52:14+00:00\",\"author\":{\"@id\":\"https:\/\/aeronoticias.com.pe\/noticiero\/#\/schema\/person\/9ef7422a13b22ab480ffc29639f442b0\"},\"description\":\"Portal de noticias del Per\u00fa sobre el transporte a\u00e9reo, aviaci\u00f3n, turismo, hoteleria, actualidad.\",\"breadcrumb\":{\"@id\":\"https:\/\/aeronoticias.com.pe\/noticiero\/transporte-aereo\/internacional\/aeromexico-anuncia-llegada-de-aviones-b737\/#breadcrumb\"},\"inLanguage\":\"es\",\"potentialAction\":[{\"@type\":\"ReadAction\",\"target\":[\"https:\/\/aeronoticias.com.pe\/noticiero\/transporte-aereo\/internacional\/aeromexico-anuncia-llegada-de-aviones-b737\/\"]}]},{\"@type\":\"ImageObject\",\"inLanguage\":\"es\",\"@id\":\"https:\/\/aeronoticias.com.pe\/noticiero\/transporte-aereo\/internacional\/aeromexico-anuncia-llegada-de-aviones-b737\/#primaryimage\",\"url\":\"https:\/\/aeronoticias.com.pe\/noticiero\/wp-content\/uploads\/2019\/06\/avion-aeromexico.jpg\",\"contentUrl\":\"https:\/\/aeronoticias.com.pe\/noticiero\/wp-content\/uploads\/2019\/06\/avion-aeromexico.jpg\",\"width\":1200,\"height\":639},{\"@type\":\"BreadcrumbList\",\"@id\":\"https:\/\/aeronoticias.com.pe\/noticiero\/transporte-aereo\/internacional\/aeromexico-anuncia-llegada-de-aviones-b737\/#breadcrumb\",\"itemListElement\":[{\"@type\":\"ListItem\",\"position\":1,\"name\":\"Portada\",\"item\":\"https:\/\/aeronoticias.com.pe\/noticiero\/\"},{\"@type\":\"ListItem\",\"position\":2,\"name\":\"Aerom\u00e9xico anuncia llegada de aviones B737\"}]},{\"@type\":\"WebSite\",\"@id\":\"https:\/\/aeronoticias.com.pe\/noticiero\/#website\",\"url\":\"https:\/\/aeronoticias.com.pe\/noticiero\/\",\"name\":\"Aeronoticias.com.pe\",\"description\":\"Noticias de tranporte aereo, turismo, hoteles, gastronomia, actualidad, internacional\",\"potentialAction\":[{\"@type\":\"SearchAction\",\"target\":{\"@type\":\"EntryPoint\",\"urlTemplate\":\"https:\/\/aeronoticias.com.pe\/noticiero\/?s={search_term_string}\"},\"query-input\":{\"@type\":\"PropertyValueSpecification\",\"valueRequired\":true,\"valueName\":\"search_term_string\"}}],\"inLanguage\":\"es\"},{\"@type\":\"Person\",\"@id\":\"https:\/\/aeronoticias.com.pe\/noticiero\/#\/schema\/person\/9ef7422a13b22ab480ffc29639f442b0\",\"name\":\"Jefrey Cuya\",\"url\":\"https:\/\/aeronoticias.com.pe\/noticiero\/author\/jefreycuya\/\"}]}<\/script>\n<!-- \/ Yoast SEO plugin. -->","yoast_head_json":{"title":"Aerom\u00e9xico anuncia llegada de aviones B737","description":"Portal de noticias del Per\u00fa sobre el transporte a\u00e9reo, aviaci\u00f3n, turismo, hoteleria, actualidad.","robots":{"index":"index","follow":"follow","max-snippet":"max-snippet:-1","max-image-preview":"max-image-preview:large","max-video-preview":"max-video-preview:-1"},"canonical":"https:\/\/aeronoticias.com.pe\/noticiero\/transporte-aereo\/internacional\/aeromexico-anuncia-llegada-de-aviones-b737\/","og_locale":"es_ES","og_type":"article","og_title":"Aerom\u00e9xico anuncia llegada de aviones B737","og_description":"Portal de noticias del Per\u00fa sobre el transporte a\u00e9reo, aviaci\u00f3n, turismo, hoteleria, actualidad.","og_url":"https:\/\/aeronoticias.com.pe\/noticiero\/transporte-aereo\/internacional\/aeromexico-anuncia-llegada-de-aviones-b737\/","og_site_name":"Aeronoticias.com.pe","article_publisher":"https:\/\/www.facebook.com\/Aeronoticias.com.pe\/","article_published_time":"2021-05-28T11:49:00+00:00","article_modified_time":"2021-05-28T23:52:14+00:00","og_image":[{"width":1200,"height":639,"url":"https:\/\/aeronoticias.com.pe\/noticiero\/wp-content\/uploads\/2019\/06\/avion-aeromexico.jpg","type":"image\/jpeg"}],"author":"Jefrey Cuya","twitter_card":"summary_large_image","twitter_creator":"@aeronoticias","twitter_site":"@aeronoticias","twitter_misc":{"Escrito por":"Jefrey Cuya","Tiempo de lectura":"1 minuto"},"schema":{"@context":"https:\/\/schema.org","@graph":[{"@type":"WebPage","@id":"https:\/\/aeronoticias.com.pe\/noticiero\/transporte-aereo\/internacional\/aeromexico-anuncia-llegada-de-aviones-b737\/","url":"https:\/\/aeronoticias.com.pe\/noticiero\/transporte-aereo\/internacional\/aeromexico-anuncia-llegada-de-aviones-b737\/","name":"Aerom\u00e9xico anuncia llegada de aviones B737","isPartOf":{"@id":"https:\/\/aeronoticias.com.pe\/noticiero\/#website"},"primaryImageOfPage":{"@id":"https:\/\/aeronoticias.com.pe\/noticiero\/transporte-aereo\/internacional\/aeromexico-anuncia-llegada-de-aviones-b737\/#primaryimage"},"image":{"@id":"https:\/\/aeronoticias.com.pe\/noticiero\/transporte-aereo\/internacional\/aeromexico-anuncia-llegada-de-aviones-b737\/#primaryimage"},"thumbnailUrl":"https:\/\/aeronoticias.com.pe\/noticiero\/wp-content\/uploads\/2019\/06\/avion-aeromexico.jpg","datePublished":"2021-05-28T11:49:00+00:00","dateModified":"2021-05-28T23:52:14+00:00","author":{"@id":"https:\/\/aeronoticias.com.pe\/noticiero\/#\/schema\/person\/9ef7422a13b22ab480ffc29639f442b0"},"description":"Portal de noticias del Per\u00fa sobre el transporte a\u00e9reo, aviaci\u00f3n, turismo, hoteleria, actualidad.","breadcrumb":{"@id":"https:\/\/aeronoticias.com.pe\/noticiero\/transporte-aereo\/internacional\/aeromexico-anuncia-llegada-de-aviones-b737\/#breadcrumb"},"inLanguage":"es","potentialAction":[{"@type":"ReadAction","target":["https:\/\/aeronoticias.com.pe\/noticiero\/transporte-aereo\/internacional\/aeromexico-anuncia-llegada-de-aviones-b737\/"]}]},{"@type":"ImageObject","inLanguage":"es","@id":"https:\/\/aeronoticias.com.pe\/noticiero\/transporte-aereo\/internacional\/aeromexico-anuncia-llegada-de-aviones-b737\/#primaryimage","url":"https:\/\/aeronoticias.com.pe\/noticiero\/wp-content\/uploads\/2019\/06\/avion-aeromexico.jpg","contentUrl":"https:\/\/aeronoticias.com.pe\/noticiero\/wp-content\/uploads\/2019\/06\/avion-aeromexico.jpg","width":1200,"height":639},{"@type":"BreadcrumbList","@id":"https:\/\/aeronoticias.com.pe\/noticiero\/transporte-aereo\/internacional\/aeromexico-anuncia-llegada-de-aviones-b737\/#breadcrumb","itemListElement":[{"@type":"ListItem","position":1,"name":"Portada","item":"https:\/\/aeronoticias.com.pe\/noticiero\/"},{"@type":"ListItem","position":2,"name":"Aerom\u00e9xico anuncia llegada de aviones B737"}]},{"@type":"WebSite","@id":"https:\/\/aeronoticias.com.pe\/noticiero\/#website","url":"https:\/\/aeronoticias.com.pe\/noticiero\/","name":"Aeronoticias.com.pe","description":"Noticias de tranporte aereo, turismo, hoteles, gastronomia, actualidad, internacional","potentialAction":[{"@type":"SearchAction","target":{"@type":"EntryPoint","urlTemplate":"https:\/\/aeronoticias.com.pe\/noticiero\/?s={search_term_string}"},"query-input":{"@type":"PropertyValueSpecification","valueRequired":true,"valueName":"search_term_string"}}],"inLanguage":"es"},{"@type":"Person","@id":"https:\/\/aeronoticias.com.pe\/noticiero\/#\/schema\/person\/9ef7422a13b22ab480ffc29639f442b0","name":"Jefrey Cuya","url":"https:\/\/aeronoticias.com.pe\/noticiero\/author\/jefreycuya\/"}]}},"_links":{"self":[{"href":"https:\/\/aeronoticias.com.pe\/noticiero\/wp-json\/wp\/v2\/posts\/72560","targetHints":{"allow":["GET"]}}],"collection":[{"href":"https:\/\/aeronoticias.com.pe\/noticiero\/wp-json\/wp\/v2\/posts"}],"about":[{"href":"https:\/\/aeronoticias.com.pe\/noticiero\/wp-json\/wp\/v2\/types\/post"}],"author":[{"embeddable":true,"href":"https:\/\/aeronoticias.com.pe\/noticiero\/wp-json\/wp\/v2\/users\/4"}],"replies":[{"embeddable":true,"href":"https:\/\/aeronoticias.com.pe\/noticiero\/wp-json\/wp\/v2\/comments?post=72560"}],"version-history":[{"count":0,"href":"https:\/\/aeronoticias.com.pe\/noticiero\/wp-json\/wp\/v2\/posts\/72560\/revisions"}],"wp:featuredmedia":[{"embeddable":true,"href":"https:\/\/aeronoticias.com.pe\/noticiero\/wp-json\/wp\/v2\/media\/66527"}],"wp:attachment":[{"href":"https:\/\/aeronoticias.com.pe\/noticiero\/wp-json\/wp\/v2\/media?parent=72560"}],"wp:term":[{"taxonomy":"category","embeddable":true,"href":"https:\/\/aeronoticias.com.pe\/noticiero\/wp-json\/wp\/v2\/categories?post=72560"},{"taxonomy":"post_tag","embeddable":true,"href":"https:\/\/aeronoticias.com.pe\/noticiero\/wp-json\/wp\/v2\/tags?post=72560"}],"curies":[{"name":"wp","href":"https:\/\/api.w.org\/{rel}","templated":true}]}}