{"id":72589,"date":"2021-05-31T11:59:30","date_gmt":"2021-05-31T16:59:30","guid":{"rendered":"https:\/\/aeronoticias.com.pe\/noticiero\/?p=72589"},"modified":"2021-05-31T13:17:41","modified_gmt":"2021-05-31T18:17:41","slug":"julian-palacin-con-proyectos-en-el-sector-transportes-crearemos-mas-de-un-millon-de-puestos-de-trabajo-reactivando-la-economia","status":"publish","type":"post","link":"https:\/\/aeronoticias.com.pe\/noticiero\/nacionales\/julian-palacin-con-proyectos-en-el-sector-transportes-crearemos-mas-de-un-millon-de-puestos-de-trabajo-reactivando-la-economia\/","title":{"rendered":"Julian Palacin: con Proyectos en el sector Transportes crearemos m\u00e1s de un mill\u00f3n de puestos de trabajo reactivando la Econom\u00eda"},"content":{"rendered":"\n<p>(Aeronoticias): El miembro del Equipo T\u00e9cnico de Pedro Castillo en el sector Transportes y Comunicaciones Julian Palacin Fern\u00e1ndez  <a href=\"https:\/\/es.wikipedia.org\/wiki\/Juli%C3%A1n_Palac%C3%ADn_Fern%C3%A1ndez\">https:\/\/es.wikipedia.org\/wiki\/Juli%C3%A1n_Palac%C3%ADn_Fern%C3%A1ndez<\/a> expres\u00f3 que su aporte al Plan de Gobierno de Per\u00fa Libre 2021-2026 crear\u00eda un m\u00ednimo de un mill\u00f3n de puestos de trabajo en aeropuertos, carreteras, telef\u00e9rico de Lima, transporte mar\u00edtimo, transporte a\u00e9reo, telecomunicaciones y transporte ferroviario y en el quinto a\u00f1o con todos estos Proyectos de Infraestructura y de captaci\u00f3n de turismo receptivo con una nueva geopol\u00edtica de aeropuertos lograr\u00edamos crear en el 2026, 5 millones de puestos de trabajo.<\/p>\n\n\n\n<p>Se construir\u00e1n los Aeropuertos Internacionales de Chinchero en Cusco, de Wanka en Jun\u00edn y de Pacasmayo en La Libertad.<\/p>\n\n\n\n<p>Se impulsar\u00e1 el Transporte A\u00e9reo transfronterizo con la habilitaci\u00f3n de rango internacional de los aeropuertos low-cost de frontera en Tumbes, Piura, Cajamarca, Amazonas, Loreto, Ucayali, Madre de Dios y Tacna, declar\u00e1ndolo con cielo abierto en tercera y cuarta libertad, para el transporte de pasajeros y carga. <\/p>\n\n\n\n<p>Se rehabilitar\u00e1 aeropuertos y aer\u00f3dromos asignados a las municipalidades y las regiones que realizar\u00e1 CORPAC, quien reasume su rol hist\u00f3rico de promoci\u00f3n y desarrollo de la infraestructura aeroportuaria y se habilitar\u00e1n aeropuertos y aer\u00f3dromos asignados a las municipalidades y las regiones que realizar\u00e1 CORPAC, quien reasume su rol hist\u00f3rico de promoci\u00f3n y desarrollo de la infraestructura aeroportuaria.<\/p>\n\n\n\n<p>Habilitaci\u00f3n por parte de CORPAC de uno o dos aeropuertos Low Cost en cada Regi\u00f3n con rango internacional para captar turismo receptivo y promover el comercio de exportaci\u00f3n de las regiones, sin depender de Lima.<\/p>\n\n\n\n<p>Realizar las inversiones a trav\u00e9s de CORPAC en ayudas a la navegaci\u00f3n a\u00e9rea para garantizar la seguridad y economicidad de los servicios de transporte a\u00e9reo, armoniz\u00e1ndolo con el proyecto sistema de vigilancia amaz\u00f3nico y nacional y sistema de protecci\u00f3n amaz\u00f3nico y nacional\u00a0 de defensa (SIVAN-SIPAN), para que la nueva tecnolog\u00eda, adem\u00e1s de incrementar los est\u00e1ndares de seguridad operacional al tr\u00e1nsito a\u00e9reo, tambi\u00e9n funcione estrat\u00e9gicamente en el fortalecimiento de nuestra agricultura y la lucha contra el narcotr\u00e1fico a\u00e9reo, la interceptaci\u00f3n de aeronaves de este flagelo que viola nuestra soberan\u00eda ser\u00e1 pol\u00edtica de estado y se cerrar\u00e1 el espacio a\u00e9reo en las zonas que se detecten pistas clandestinas en el VRAEM y otros \u00e1mbitos del territorio nacional.<\/p>\n\n\n\n<div class=\"wp-block-image\"><figure class=\"aligncenter size-large\"><img loading=\"lazy\" decoding=\"async\" width=\"769\" height=\"1024\" src=\"https:\/\/aeronoticias.com.pe\/noticiero\/wp-content\/uploads\/2021\/05\/image-3-769x1024.png\" alt=\"\" class=\"wp-image-72618\" srcset=\"https:\/\/aeronoticias.com.pe\/noticiero\/wp-content\/uploads\/2021\/05\/image-3-769x1024.png 769w, https:\/\/aeronoticias.com.pe\/noticiero\/wp-content\/uploads\/2021\/05\/image-3-225x300.png 225w, https:\/\/aeronoticias.com.pe\/noticiero\/wp-content\/uploads\/2021\/05\/image-3-768x1023.png 768w, https:\/\/aeronoticias.com.pe\/noticiero\/wp-content\/uploads\/2021\/05\/image-3-150x200.png 150w, https:\/\/aeronoticias.com.pe\/noticiero\/wp-content\/uploads\/2021\/05\/image-3-300x400.png 300w, https:\/\/aeronoticias.com.pe\/noticiero\/wp-content\/uploads\/2021\/05\/image-3-696x927.png 696w, https:\/\/aeronoticias.com.pe\/noticiero\/wp-content\/uploads\/2021\/05\/image-3.png 1036w\" sizes=\"auto, (max-width: 769px) 100vw, 769px\" \/><\/figure><\/div>\n\n\n\n<div class=\"wp-block-image\"><figure class=\"aligncenter size-large\"><img loading=\"lazy\" decoding=\"async\" width=\"769\" height=\"1024\" src=\"https:\/\/aeronoticias.com.pe\/noticiero\/wp-content\/uploads\/2021\/05\/image-4-769x1024.png\" alt=\"\" class=\"wp-image-72619\" srcset=\"https:\/\/aeronoticias.com.pe\/noticiero\/wp-content\/uploads\/2021\/05\/image-4-769x1024.png 769w, https:\/\/aeronoticias.com.pe\/noticiero\/wp-content\/uploads\/2021\/05\/image-4-225x300.png 225w, https:\/\/aeronoticias.com.pe\/noticiero\/wp-content\/uploads\/2021\/05\/image-4-768x1023.png 768w, https:\/\/aeronoticias.com.pe\/noticiero\/wp-content\/uploads\/2021\/05\/image-4-150x200.png 150w, https:\/\/aeronoticias.com.pe\/noticiero\/wp-content\/uploads\/2021\/05\/image-4-300x400.png 300w, https:\/\/aeronoticias.com.pe\/noticiero\/wp-content\/uploads\/2021\/05\/image-4-696x927.png 696w, https:\/\/aeronoticias.com.pe\/noticiero\/wp-content\/uploads\/2021\/05\/image-4.png 1036w\" sizes=\"auto, (max-width: 769px) 100vw, 769px\" \/><\/figure><\/div>\n\n\n\n<p><strong>Carreteras<\/strong><\/p>\n\n\n\n<p>Asfaltar y rehabilitar el 100% de las v\u00edas a nivel Nacional, Construir y Pavimentar en 5 a\u00f1os 4,000 km de carreteras a nivel nacional, Construir y\/o rehabilitar 500 puentes a nivel nacional.<\/p>\n\n\n\n<p><strong>Transporte Mar\u00edtimo<\/strong><\/p>\n\n\n\n<p>Impulsar con inversi\u00f3n nacional y extranjera de 30 mil millones de d\u00f3lares el Proyecto Multimodal de la Isla San Lorenzo, con un puente por encima del mar y un Aeropuerto Low Cost, cuyo proceso en el marco de INVIERTE PE concluir\u00e1 a m\u00e1s tardar el 2025, de tal forma que est\u00e9 concluido el proyecto en el 2040, y el Aeropuerto Low Cost que compita con el Aeropuerto Internacional Jorge Ch\u00e1vez, en ese Per\u00fa del 2050 que esperamos recibir 30 millones de turistas por a\u00f1o.<\/p>\n\n\n\n<p>Desarrollar e impulsar el Rol de la Empresa Nacional de Puertos ENAPU, en una nueva Geopol\u00edtica de Puertos que permita con inversi\u00f3n privada una flota mercante nacional.<\/p>\n\n\n\n<p>Incentivar el cabotaje para la carga nacional e internacional<\/p>\n\n\n\n<p>Desarrollar una pol\u00edtica de inversiones p\u00fablico-privada en puertos<\/p>\n\n\n\n<p><strong>Transporte A\u00e9reo<\/strong><\/p>\n\n\n\n<p>Recuperar la Soberan\u00eda a\u00e9rea del Per\u00fa a trav\u00e9s de una L\u00ednea A\u00e9rea de Bandera de bajo costo con inversi\u00f3n privada y participaci\u00f3n del Estado sin inversi\u00f3n p\u00fablica, para que los 8 mil millones de d\u00f3lares anuales que significan la explotaci\u00f3n de las rutas internacionales del Per\u00fa, especialmente en Quintas Libertades, ingresen a la econom\u00eda peruana y no a la chilena, y creen puestos de trabajo y desarrollo para los peruanos, garantizando la libre competencia para las empresas de aviaci\u00f3n nacionales y extranjeras, este Proyecto ya fue aprobado por la Comisi\u00f3n de Transportes del Congreso de la Rep\u00fablica,<strong> Proyecto de Ley 6153\/2020-CR presentado por la Bancada de Acci\u00f3n Popular<\/strong> con la consultor\u00eda jur\u00eddica externa del miembro del equipo t\u00e9cnico de Per\u00fa Libre, <strong>Julian Palacin Fern\u00e1ndez<\/strong> y pr\u00f3ximamente se aprobar\u00e1 el texto sustitutorio en el Pleno del Congreso.<\/p>\n\n\n\n<p>Convertir al mercado de Transporte A\u00e9reo peruano en Low Cost de pasajeros y carga, invitando a todos los operadores aerocomerciales del mundo a venir al Per\u00fa y desarrollar nuestro mercado para que los pasajeros de Transporte Terrestre, con la misma tarifa puedan transportarse v\u00eda a\u00e9rea a todo el territorio nacional, especialmente a las Regiones de la Amazon\u00eda y el Centro del Per\u00fa, que est\u00e1n sin servicios a\u00e9reos o insuficientemente servidos.<\/p>\n\n\n\n<p>Apoyar el Desarrollo de la Aviaci\u00f3n Civil Peruana y las Pol\u00edticas que permitan el crecimiento de la Industria A\u00e9rea Nacional.<\/p>\n\n\n\n<p>Revisi\u00f3n de las cl\u00e1usulas anticonstitucionales monop\u00f3licas en los Contratos de Concesi\u00f3n de Aeropuertos y de otros Contratos y de la v\u00eda convencional, dejar sin efecto v\u00eda negociaci\u00f3n las cl\u00e1usulas que infrinjan la Constituci\u00f3n y afecten la Seguridad y Defensa Nacional. Auditar las inversiones privadas en aeropuertos y el cumplimiento de los Contratos y plazos para terminar las obras, especialmente la segunda pista del AIJCH, la Torre de Control y la nueva Terminal de Pasajeros.<\/p>\n\n\n\n<p>Apoyar el Desarrollo de las Escuelas de Aviaci\u00f3n Civil y Aeroclubes en cada una de las Regiones del Per\u00fa y crear<\/p>\n\n\n\n<p><strong>Telecomunicaciones <\/strong><\/p>\n\n\n\n<p>Redefinir el Plan Nacional de Implementaci\u00f3n de la Red Dorsal de Fibra \u00d3ptica, hay que replantearla para que el internet sea efectivo en un 100% en el Territorio Nacional.<\/p>\n\n\n\n<p><strong>Transporte Ferroviario<\/strong><\/p>\n\n\n\n<p>Megaproyecto del Tren Bala Ferroviario Panamericano Norte o Tren Costero Norte-Lima-Tumbes de 1,380 Km. y con una l\u00ednea que interconecte el Proyecto Multimodal de la Isla San Lorenzo con Pucallpa y\/o Iquitos y Arequipa con Cuzco, con licitaci\u00f3n p\u00fablica internacional para lograr inversi\u00f3n privada <\/p>\n\n\n\n<p><strong>Telef\u00e9rico de Lima<\/strong><\/p>\n\n\n\n<p>Para interconectar con todos los distritos de Lima con 100Km y beneficiar a 10 millones de lime\u00f1os.<\/p>\n\n\n\n<p>Por ultimo el abogado Julian Palacin Fernandez, miembro del Equipo T\u00e9cnico de Per\u00fa Libre dijo: <strong>\u201cQuiero para el Per\u00fa un Telef\u00e9rico diez veces m\u00e1s grande que el de Bolivia\u201d<\/strong>, dando detalles sobre algunas de las propuestas del partido de&nbsp;<strong>Pedro Castillo<\/strong>, en cuanto a lucha contra el terrorismo y los problemas que afronta el transporte en el pa\u00eds.<\/p>\n\n\n\n<p>En principio, Palac\u00edn explic\u00f3 que aumentar\u00e1 la capacidad de la Fuerza A\u00e9rea del Per\u00fa para luchar contra el terrorismo. \u201cSe tiene que implementar el proyecto SIVAN-SIPAN, que permitir\u00e1 para vigilar la Amazon\u00eda, el VRAEM. E<strong>xiste la propuesta de interceptaci\u00f3n y abatimiento de aeronaves del narcotr\u00e1fico, complementado con el cierre del espacio a\u00e9reo en las zonas donde hay pistas clandestinas<\/strong>\u201d.<\/p>\n\n\n\n<p><\/p>\n\n\n\n<p>En otro momento, el integrante del equipo t\u00e9cnico de Per\u00fa Libre indic\u00f3 que se ampli\u00f3 la propuesta para elaborar un telef\u00e9rico en Lima, Palacin dijo <strong>\u201cYo no quiero solo dos l\u00edneas, quiero un telef\u00e9rico diez veces superior al de Bolivia, con intersecciones en todo Lima, con 100 km de telef\u00e9ricos<\/strong>&nbsp;para descongestionar el problema de 10 millones de lime\u00f1os que sufrimos dos, tres horas para llegar a nuestros trabajos. Si Bolivia tuvo \u00e9xito, nosotros siguiendo ese ejemplo, tendremos el doble de \u00e9xito. Esa es la soluci\u00f3n a la congesti\u00f3n del tr\u00e1fico vehicular\u201d, a\u00f1adi\u00f3. <strong>Fuente: Exitosa<\/strong>, <a href=\"https:\/\/exitosanoticias.pe\/v1\/peru-libre-palacin-quiero-para-el-peru-un-teleferico-diez-mas-grande-que-el-de-bolivia\/\">https:\/\/exitosanoticias.pe\/v1\/peru-libre-palacin-quiero-para-el-peru-un-teleferico-diez-mas-grande-que-el-de-bolivia\/<\/a><\/p>\n\n\n\n<p><strong>El Abogado Juli\u00e1n Palacin Guti\u00e9rrez (42) fue el colaborador  de Juli\u00e1n Palacin (Padre) en el Plan de Gobierno de Per\u00fa Libre en el Ministerio de Transportes y Comunicaciones<\/strong><\/p>\n\n\n\n<p>Por ultimo dijo, que todo el trabajo de investigaci\u00f3n acad\u00e9mico del Plan de Gobierno de PERU LIBRE en el Ministerio de Transportes y Comunicaciones lo ha trabajado con el abogado <strong>Juli\u00e1n Fernando Palacin Guti\u00e9rrez (42),<\/strong>  militante de Per\u00fa Libre y candidato al Congreso por Lima por Per\u00fa Libre, quien saco la 4ta votaci\u00f3n en Lima y que se desempe\u00f1a como alto dirigente del Comit\u00e9 Ejecutivo de Per\u00fa Libre en Lima y tiene amplia experiencia como Abogado en ejercicio de su Estudio Jur\u00eddico, en el sector Transportes y Comunicaciones, a el dijo Julian Palacin, mi agradecimiento por estos 6 meses de trabajo intenso en el Plan de Gobierno de Per\u00fa en el Ministerio de Transportes y Comunicaciones. <\/p>\n\n\n\n<figure class=\"wp-block-embed-youtube wp-block-embed is-type-video is-provider-youtube wp-embed-aspect-4-3 wp-has-aspect-ratio\"><div class=\"wp-block-embed__wrapper\">\n<div class=\"youtube-embed\" data-video_id=\"hVWFAHJSGyw\"><iframe loading=\"lazy\" title=\"El l\u00e1piz lime\u00f1o de Per\u00fa Libre: Jul\u00edan Palac\u00edn\" width=\"696\" height=\"522\" src=\"https:\/\/www.youtube.com\/embed\/hVWFAHJSGyw?feature=oembed&#038;enablejsapi=1&#038;enablejsapi=1\" frameborder=\"0\" allow=\"accelerometer; autoplay; clipboard-write; encrypted-media; gyroscope; picture-in-picture\" allowfullscreen><\/iframe><\/div>\n<\/div><\/figure>\n\n\n\n<p><\/p>\n\n\n\n<p><strong>Por: Raymundo Hurtado Mart\u00ednez<\/strong><\/p>\n\n\n\n<p><\/p>\n","protected":false},"excerpt":{"rendered":"<p>(Aeronoticias): El miembro del Equipo T\u00e9cnico de Pedro Castillo en el sector Transportes y Comunicaciones Julian Palacin Fern\u00e1ndez https:\/\/es.wikipedia.org\/wiki\/Juli%C3%A1n_Palac%C3%ADn_Fern%C3%A1ndez expres\u00f3 que su aporte al Plan de Gobierno de Per\u00fa Libre 2021-2026 crear\u00eda un m\u00ednimo de un mill\u00f3n de puestos de trabajo en aeropuertos, carreteras, telef\u00e9rico de Lima, transporte mar\u00edtimo, transporte a\u00e9reo, telecomunicaciones y transporte ferroviario [&hellip;]<\/p>\n","protected":false},"author":3,"featured_media":72604,"comment_status":"open","ping_status":"open","sticky":false,"template":"","format":"standard","meta":{"tdm_status":"","tdm_grid_status":"","footnotes":""},"categories":[38,36,30],"tags":[],"class_list":{"0":"post-72589","1":"post","2":"type-post","3":"status-publish","4":"format-standard","5":"has-post-thumbnail","7":"category-nacionales","8":"category-politica","9":"category-30"},"yoast_head":"<!-- This site is optimized with the Yoast SEO plugin v25.1 - https:\/\/yoast.com\/wordpress\/plugins\/seo\/ -->\n<title>Julian Palacin: con Proyectos en el sector Transportes crearemos m\u00e1s de un mill\u00f3n de puestos de trabajo reactivando la Econom\u00eda<\/title>\n<meta name=\"description\" content=\"Julian Palacin, miembro del Equipo T\u00e9cnico de Per\u00fa Libre inform\u00f3 sobre las obras principales que recomienda con inversi\u00f3n p\u00fablica y privada en el Ministerio de Transportes y Comunicaciones\" \/>\n<meta name=\"robots\" content=\"index, follow, max-snippet:-1, max-image-preview:large, max-video-preview:-1\" \/>\n<link rel=\"canonical\" href=\"https:\/\/aeronoticias.com.pe\/noticiero\/nacionales\/julian-palacin-con-proyectos-en-el-sector-transportes-crearemos-mas-de-un-millon-de-puestos-de-trabajo-reactivando-la-economia\/\" \/>\n<meta property=\"og:locale\" content=\"es_ES\" \/>\n<meta property=\"og:type\" content=\"article\" \/>\n<meta property=\"og:title\" content=\"Julian Palacin: con Proyectos en el sector Transportes crearemos m\u00e1s de un mill\u00f3n de puestos de trabajo reactivando la Econom\u00eda\" \/>\n<meta property=\"og:description\" content=\"Julian Palacin, miembro del Equipo T\u00e9cnico de Per\u00fa Libre inform\u00f3 sobre las obras principales que recomienda con inversi\u00f3n p\u00fablica y privada en el Ministerio de Transportes y Comunicaciones\" \/>\n<meta property=\"og:url\" content=\"https:\/\/aeronoticias.com.pe\/noticiero\/nacionales\/julian-palacin-con-proyectos-en-el-sector-transportes-crearemos-mas-de-un-millon-de-puestos-de-trabajo-reactivando-la-economia\/\" \/>\n<meta property=\"og:site_name\" content=\"Aeronoticias.com.pe\" \/>\n<meta property=\"article:publisher\" content=\"https:\/\/www.facebook.com\/Aeronoticias.com.pe\/\" \/>\n<meta property=\"article:published_time\" content=\"2021-05-31T16:59:30+00:00\" \/>\n<meta property=\"article:modified_time\" content=\"2021-05-31T18:17:41+00:00\" \/>\n<meta property=\"og:image\" content=\"https:\/\/aeronoticias.com.pe\/noticiero\/wp-content\/uploads\/2021\/05\/julianpalacin-pedrocastillo.jpg\" \/>\n\t<meta property=\"og:image:width\" content=\"1878\" \/>\n\t<meta property=\"og:image:height\" content=\"952\" \/>\n\t<meta property=\"og:image:type\" content=\"image\/jpeg\" \/>\n<meta name=\"author\" content=\"Redacci\u00f3n\" \/>\n<meta name=\"twitter:card\" content=\"summary_large_image\" \/>\n<meta name=\"twitter:creator\" content=\"@aeronoticias\" \/>\n<meta name=\"twitter:site\" content=\"@aeronoticias\" \/>\n<meta name=\"twitter:label1\" content=\"Escrito por\" \/>\n\t<meta name=\"twitter:data1\" content=\"Redacci\u00f3n\" \/>\n\t<meta name=\"twitter:label2\" content=\"Tiempo de lectura\" \/>\n\t<meta name=\"twitter:data2\" content=\"7 minutos\" \/>\n<script type=\"application\/ld+json\" class=\"yoast-schema-graph\">{\"@context\":\"https:\/\/schema.org\",\"@graph\":[{\"@type\":\"WebPage\",\"@id\":\"https:\/\/aeronoticias.com.pe\/noticiero\/nacionales\/julian-palacin-con-proyectos-en-el-sector-transportes-crearemos-mas-de-un-millon-de-puestos-de-trabajo-reactivando-la-economia\/\",\"url\":\"https:\/\/aeronoticias.com.pe\/noticiero\/nacionales\/julian-palacin-con-proyectos-en-el-sector-transportes-crearemos-mas-de-un-millon-de-puestos-de-trabajo-reactivando-la-economia\/\",\"name\":\"Julian Palacin: con Proyectos en el sector Transportes crearemos m\u00e1s de un mill\u00f3n de puestos de trabajo reactivando la Econom\u00eda\",\"isPartOf\":{\"@id\":\"https:\/\/aeronoticias.com.pe\/noticiero\/#website\"},\"primaryImageOfPage\":{\"@id\":\"https:\/\/aeronoticias.com.pe\/noticiero\/nacionales\/julian-palacin-con-proyectos-en-el-sector-transportes-crearemos-mas-de-un-millon-de-puestos-de-trabajo-reactivando-la-economia\/#primaryimage\"},\"image\":{\"@id\":\"https:\/\/aeronoticias.com.pe\/noticiero\/nacionales\/julian-palacin-con-proyectos-en-el-sector-transportes-crearemos-mas-de-un-millon-de-puestos-de-trabajo-reactivando-la-economia\/#primaryimage\"},\"thumbnailUrl\":\"https:\/\/aeronoticias.com.pe\/noticiero\/wp-content\/uploads\/2021\/05\/julianpalacin-pedrocastillo.jpg\",\"datePublished\":\"2021-05-31T16:59:30+00:00\",\"dateModified\":\"2021-05-31T18:17:41+00:00\",\"author\":{\"@id\":\"https:\/\/aeronoticias.com.pe\/noticiero\/#\/schema\/person\/16212a617c73f78916b13194154243bd\"},\"description\":\"Julian Palacin, miembro del Equipo T\u00e9cnico de Per\u00fa Libre inform\u00f3 sobre las obras principales que recomienda con inversi\u00f3n p\u00fablica y privada en el Ministerio de Transportes y Comunicaciones\",\"breadcrumb\":{\"@id\":\"https:\/\/aeronoticias.com.pe\/noticiero\/nacionales\/julian-palacin-con-proyectos-en-el-sector-transportes-crearemos-mas-de-un-millon-de-puestos-de-trabajo-reactivando-la-economia\/#breadcrumb\"},\"inLanguage\":\"es\",\"potentialAction\":[{\"@type\":\"ReadAction\",\"target\":[\"https:\/\/aeronoticias.com.pe\/noticiero\/nacionales\/julian-palacin-con-proyectos-en-el-sector-transportes-crearemos-mas-de-un-millon-de-puestos-de-trabajo-reactivando-la-economia\/\"]}]},{\"@type\":\"ImageObject\",\"inLanguage\":\"es\",\"@id\":\"https:\/\/aeronoticias.com.pe\/noticiero\/nacionales\/julian-palacin-con-proyectos-en-el-sector-transportes-crearemos-mas-de-un-millon-de-puestos-de-trabajo-reactivando-la-economia\/#primaryimage\",\"url\":\"https:\/\/aeronoticias.com.pe\/noticiero\/wp-content\/uploads\/2021\/05\/julianpalacin-pedrocastillo.jpg\",\"contentUrl\":\"https:\/\/aeronoticias.com.pe\/noticiero\/wp-content\/uploads\/2021\/05\/julianpalacin-pedrocastillo.jpg\",\"width\":1878,\"height\":952},{\"@type\":\"BreadcrumbList\",\"@id\":\"https:\/\/aeronoticias.com.pe\/noticiero\/nacionales\/julian-palacin-con-proyectos-en-el-sector-transportes-crearemos-mas-de-un-millon-de-puestos-de-trabajo-reactivando-la-economia\/#breadcrumb\",\"itemListElement\":[{\"@type\":\"ListItem\",\"position\":1,\"name\":\"Portada\",\"item\":\"https:\/\/aeronoticias.com.pe\/noticiero\/\"},{\"@type\":\"ListItem\",\"position\":2,\"name\":\"Julian Palacin: con Proyectos en el sector Transportes crearemos m\u00e1s de un mill\u00f3n de puestos de trabajo reactivando la Econom\u00eda\"}]},{\"@type\":\"WebSite\",\"@id\":\"https:\/\/aeronoticias.com.pe\/noticiero\/#website\",\"url\":\"https:\/\/aeronoticias.com.pe\/noticiero\/\",\"name\":\"Aeronoticias.com.pe\",\"description\":\"Noticias de tranporte aereo, turismo, hoteles, gastronomia, actualidad, internacional\",\"potentialAction\":[{\"@type\":\"SearchAction\",\"target\":{\"@type\":\"EntryPoint\",\"urlTemplate\":\"https:\/\/aeronoticias.com.pe\/noticiero\/?s={search_term_string}\"},\"query-input\":{\"@type\":\"PropertyValueSpecification\",\"valueRequired\":true,\"valueName\":\"search_term_string\"}}],\"inLanguage\":\"es\"},{\"@type\":\"Person\",\"@id\":\"https:\/\/aeronoticias.com.pe\/noticiero\/#\/schema\/person\/16212a617c73f78916b13194154243bd\",\"name\":\"Redacci\u00f3n\",\"sameAs\":[\"http:\/\/Redacci\u00f3n\"],\"url\":\"https:\/\/aeronoticias.com.pe\/noticiero\/author\/celeste\/\"}]}<\/script>\n<!-- \/ Yoast SEO plugin. -->","yoast_head_json":{"title":"Julian Palacin: con Proyectos en el sector Transportes crearemos m\u00e1s de un mill\u00f3n de puestos de trabajo reactivando la Econom\u00eda","description":"Julian Palacin, miembro del Equipo T\u00e9cnico de Per\u00fa Libre inform\u00f3 sobre las obras principales que recomienda con inversi\u00f3n p\u00fablica y privada en el Ministerio de Transportes y Comunicaciones","robots":{"index":"index","follow":"follow","max-snippet":"max-snippet:-1","max-image-preview":"max-image-preview:large","max-video-preview":"max-video-preview:-1"},"canonical":"https:\/\/aeronoticias.com.pe\/noticiero\/nacionales\/julian-palacin-con-proyectos-en-el-sector-transportes-crearemos-mas-de-un-millon-de-puestos-de-trabajo-reactivando-la-economia\/","og_locale":"es_ES","og_type":"article","og_title":"Julian Palacin: con Proyectos en el sector Transportes crearemos m\u00e1s de un mill\u00f3n de puestos de trabajo reactivando la Econom\u00eda","og_description":"Julian Palacin, miembro del Equipo T\u00e9cnico de Per\u00fa Libre inform\u00f3 sobre las obras principales que recomienda con inversi\u00f3n p\u00fablica y privada en el Ministerio de Transportes y Comunicaciones","og_url":"https:\/\/aeronoticias.com.pe\/noticiero\/nacionales\/julian-palacin-con-proyectos-en-el-sector-transportes-crearemos-mas-de-un-millon-de-puestos-de-trabajo-reactivando-la-economia\/","og_site_name":"Aeronoticias.com.pe","article_publisher":"https:\/\/www.facebook.com\/Aeronoticias.com.pe\/","article_published_time":"2021-05-31T16:59:30+00:00","article_modified_time":"2021-05-31T18:17:41+00:00","og_image":[{"width":1878,"height":952,"url":"https:\/\/aeronoticias.com.pe\/noticiero\/wp-content\/uploads\/2021\/05\/julianpalacin-pedrocastillo.jpg","type":"image\/jpeg"}],"author":"Redacci\u00f3n","twitter_card":"summary_large_image","twitter_creator":"@aeronoticias","twitter_site":"@aeronoticias","twitter_misc":{"Escrito por":"Redacci\u00f3n","Tiempo de lectura":"7 minutos"},"schema":{"@context":"https:\/\/schema.org","@graph":[{"@type":"WebPage","@id":"https:\/\/aeronoticias.com.pe\/noticiero\/nacionales\/julian-palacin-con-proyectos-en-el-sector-transportes-crearemos-mas-de-un-millon-de-puestos-de-trabajo-reactivando-la-economia\/","url":"https:\/\/aeronoticias.com.pe\/noticiero\/nacionales\/julian-palacin-con-proyectos-en-el-sector-transportes-crearemos-mas-de-un-millon-de-puestos-de-trabajo-reactivando-la-economia\/","name":"Julian Palacin: con Proyectos en el sector Transportes crearemos m\u00e1s de un mill\u00f3n de puestos de trabajo reactivando la Econom\u00eda","isPartOf":{"@id":"https:\/\/aeronoticias.com.pe\/noticiero\/#website"},"primaryImageOfPage":{"@id":"https:\/\/aeronoticias.com.pe\/noticiero\/nacionales\/julian-palacin-con-proyectos-en-el-sector-transportes-crearemos-mas-de-un-millon-de-puestos-de-trabajo-reactivando-la-economia\/#primaryimage"},"image":{"@id":"https:\/\/aeronoticias.com.pe\/noticiero\/nacionales\/julian-palacin-con-proyectos-en-el-sector-transportes-crearemos-mas-de-un-millon-de-puestos-de-trabajo-reactivando-la-economia\/#primaryimage"},"thumbnailUrl":"https:\/\/aeronoticias.com.pe\/noticiero\/wp-content\/uploads\/2021\/05\/julianpalacin-pedrocastillo.jpg","datePublished":"2021-05-31T16:59:30+00:00","dateModified":"2021-05-31T18:17:41+00:00","author":{"@id":"https:\/\/aeronoticias.com.pe\/noticiero\/#\/schema\/person\/16212a617c73f78916b13194154243bd"},"description":"Julian Palacin, miembro del Equipo T\u00e9cnico de Per\u00fa Libre inform\u00f3 sobre las obras principales que recomienda con inversi\u00f3n p\u00fablica y privada en el Ministerio de Transportes y Comunicaciones","breadcrumb":{"@id":"https:\/\/aeronoticias.com.pe\/noticiero\/nacionales\/julian-palacin-con-proyectos-en-el-sector-transportes-crearemos-mas-de-un-millon-de-puestos-de-trabajo-reactivando-la-economia\/#breadcrumb"},"inLanguage":"es","potentialAction":[{"@type":"ReadAction","target":["https:\/\/aeronoticias.com.pe\/noticiero\/nacionales\/julian-palacin-con-proyectos-en-el-sector-transportes-crearemos-mas-de-un-millon-de-puestos-de-trabajo-reactivando-la-economia\/"]}]},{"@type":"ImageObject","inLanguage":"es","@id":"https:\/\/aeronoticias.com.pe\/noticiero\/nacionales\/julian-palacin-con-proyectos-en-el-sector-transportes-crearemos-mas-de-un-millon-de-puestos-de-trabajo-reactivando-la-economia\/#primaryimage","url":"https:\/\/aeronoticias.com.pe\/noticiero\/wp-content\/uploads\/2021\/05\/julianpalacin-pedrocastillo.jpg","contentUrl":"https:\/\/aeronoticias.com.pe\/noticiero\/wp-content\/uploads\/2021\/05\/julianpalacin-pedrocastillo.jpg","width":1878,"height":952},{"@type":"BreadcrumbList","@id":"https:\/\/aeronoticias.com.pe\/noticiero\/nacionales\/julian-palacin-con-proyectos-en-el-sector-transportes-crearemos-mas-de-un-millon-de-puestos-de-trabajo-reactivando-la-economia\/#breadcrumb","itemListElement":[{"@type":"ListItem","position":1,"name":"Portada","item":"https:\/\/aeronoticias.com.pe\/noticiero\/"},{"@type":"ListItem","position":2,"name":"Julian Palacin: con Proyectos en el sector Transportes crearemos m\u00e1s de un mill\u00f3n de puestos de trabajo reactivando la Econom\u00eda"}]},{"@type":"WebSite","@id":"https:\/\/aeronoticias.com.pe\/noticiero\/#website","url":"https:\/\/aeronoticias.com.pe\/noticiero\/","name":"Aeronoticias.com.pe","description":"Noticias de tranporte aereo, turismo, hoteles, gastronomia, actualidad, internacional","potentialAction":[{"@type":"SearchAction","target":{"@type":"EntryPoint","urlTemplate":"https:\/\/aeronoticias.com.pe\/noticiero\/?s={search_term_string}"},"query-input":{"@type":"PropertyValueSpecification","valueRequired":true,"valueName":"search_term_string"}}],"inLanguage":"es"},{"@type":"Person","@id":"https:\/\/aeronoticias.com.pe\/noticiero\/#\/schema\/person\/16212a617c73f78916b13194154243bd","name":"Redacci\u00f3n","sameAs":["http:\/\/Redacci\u00f3n"],"url":"https:\/\/aeronoticias.com.pe\/noticiero\/author\/celeste\/"}]}},"_links":{"self":[{"href":"https:\/\/aeronoticias.com.pe\/noticiero\/wp-json\/wp\/v2\/posts\/72589","targetHints":{"allow":["GET"]}}],"collection":[{"href":"https:\/\/aeronoticias.com.pe\/noticiero\/wp-json\/wp\/v2\/posts"}],"about":[{"href":"https:\/\/aeronoticias.com.pe\/noticiero\/wp-json\/wp\/v2\/types\/post"}],"author":[{"embeddable":true,"href":"https:\/\/aeronoticias.com.pe\/noticiero\/wp-json\/wp\/v2\/users\/3"}],"replies":[{"embeddable":true,"href":"https:\/\/aeronoticias.com.pe\/noticiero\/wp-json\/wp\/v2\/comments?post=72589"}],"version-history":[{"count":0,"href":"https:\/\/aeronoticias.com.pe\/noticiero\/wp-json\/wp\/v2\/posts\/72589\/revisions"}],"wp:featuredmedia":[{"embeddable":true,"href":"https:\/\/aeronoticias.com.pe\/noticiero\/wp-json\/wp\/v2\/media\/72604"}],"wp:attachment":[{"href":"https:\/\/aeronoticias.com.pe\/noticiero\/wp-json\/wp\/v2\/media?parent=72589"}],"wp:term":[{"taxonomy":"category","embeddable":true,"href":"https:\/\/aeronoticias.com.pe\/noticiero\/wp-json\/wp\/v2\/categories?post=72589"},{"taxonomy":"post_tag","embeddable":true,"href":"https:\/\/aeronoticias.com.pe\/noticiero\/wp-json\/wp\/v2\/tags?post=72589"}],"curies":[{"name":"wp","href":"https:\/\/api.w.org\/{rel}","templated":true}]}}