{"id":72621,"date":"2021-05-31T16:59:33","date_gmt":"2021-05-31T21:59:33","guid":{"rendered":"https:\/\/aeronoticias.com.pe\/noticiero\/?p=72621"},"modified":"2021-05-31T17:21:27","modified_gmt":"2021-05-31T22:21:27","slug":"expreso-cuestiona-que-pedro-castillo-vuele-en-avion-y-pretende-que-se-transporte-a-caballo","status":"publish","type":"post","link":"https:\/\/aeronoticias.com.pe\/noticiero\/ultimas\/expreso-cuestiona-que-pedro-castillo-vuele-en-avion-y-pretende-que-se-transporte-a-caballo\/","title":{"rendered":"Expreso cuestiona que Pedro Castillo vuele en avi\u00f3n y pretende que se transporte a caballo"},"content":{"rendered":"\n<p><strong>(Aeronoticias)<\/strong> En el argot period\u00edstico, \u2018mermelada\u2019 es sin\u00f3nimo de coima es decir el acto anti\u00e9tico y delincuencial por el cual un periodista recibe una prestaci\u00f3n o ventaja que en nuestro mercado es com\u00fan que sea inclusive en pasajes a\u00e9reos con descuento del 75% o 100% a cambio de escribir algo, da\u00f1ar la imagen a un defensor del Per\u00fa, impedir que hable y defienda sus ideas y esta conducta anti\u00e9tica siempre ser\u00e1 a favor de quien le ha pagado y exige el da\u00f1o p\u00fablico, ya sea contra un pol\u00edtico, un empresario, un abogado, un ingeniero o un profesional en general, para beneficiar a un partido pol\u00edtico, una empresa, grupo de poder y\/o a veces una l\u00ednea a\u00e9rea de bandera del pa\u00eds extranjero que se sienta afectada por alguien que defienda la soberan\u00eda a\u00e9rea del Per\u00fa o quien quiera que sea, dependiendo de la secci\u00f3n o el tema del que se trata. <a href=\"https:\/\/caretas.pe\/caretas-tv\/que-es-prensa-mermelera\/\" target=\"_blank\" rel=\"noreferrer noopener\">https:\/\/caretas.pe\/caretas-tv\/que-es-prensa-mermelera\/<\/a>. No queremos decir que el diario Expreso que pr\u00e1cticamente no tiene lector\u00eda porque nadie le cree, pero sus informaciones sin objetividad nos hacen dudar de su imparcialidad.<br><br>Efectivamente el 10 de Mayo del 2021 este medio de comunicaci\u00f3n publica el art\u00edculo <a href=\"https:\/\/www.expreso.com.pe\/en-portada\/la-metamorfosis-de-castillo-del-caballo-al-avion-privado\/\" target=\"_blank\" rel=\"noreferrer noopener\">\u00abLa metamorfosis de Castillo: del caballo al avi\u00f3n privado\u00bb<\/a>, en el que el diario Expreso miente cuando dice que Pedro Castillo tiene a su disposici\u00f3n una avioneta privada, lo que hace Pedro Castillo como cualquier ciudadano es adquirir billetes de pasajes a\u00e9reos en una empresa de transporte regular o no regular para transportarse dentro del territorio nacional v\u00eda a\u00e9rea de un punto a otro pero claro con mala intenci\u00f3n Expreso dice que tiene la disposici\u00f3n de un avi\u00f3n privado creemos que est\u00e1 confundiendo con Hernando de Soto en la primera vuelta electoral vol\u00f3 en un jet privado de 30 millones de d\u00f3lares cuya hora de vuelo costaba 4 mil d\u00f3lares y se desplaz\u00f3 por todo el territorio nacional o el caso de Keiko que las 3 campa\u00f1as electorales volaba en conocidas empresas a\u00e9reas privadas con aviones similares a los de Soto y por supuesto los periodistas mermeleros del Per\u00fa jam\u00e1s cuestionaron vuelo alguno de C\u00e9sar Acu\u00f1a, Rafael L\u00f3pez Aliaga, Keiko Fujimori, es decir para los impresentables de Expreso ellos tienen derecho a subir a un avi\u00f3n y Pedro Castillo tiene derecho a subir a un caballo, y eso ser\u00eda discriminaci\u00f3n; estos \u00absinverg\u00fcenzas de la mermelada peruana\u00bb pretenden que Pedro Castillo Terrones se transporte a caballo, este es el periodismo que tanto da\u00f1o le hace a la sociedad y las familias peruanas y el supuesto autocontrol \u00e9tico \u00abbien gracias\u00bb, el Poder Judicial deber\u00eda encargarse de ellos.<br><br>El caso es que la legi\u00f3n de periodistas \u00abmermeleros\u00bb que ya sabemos quienes son y en que medios de comunicaci\u00f3n trabajan han desatado con furia una investigaci\u00f3n \u201cperiod\u00edstica\u201d cuestionando por qu\u00e9 se hab\u00eda trasladado Pedro Castillo en una peque\u00f1a aeronave antigua de la empresa a\u00e9rea MovilTour en la ruta Arequipa-Puno y est\u00e1n investigando quien habr\u00e1 financiado la hora de vuelo de ese avi\u00f3n lo cual es una prueba de que el periodismo \u201cmermelero\u201d est\u00e1 cumpliendo su funci\u00f3n cuestionan un pago de 1,500 d\u00f3lares y no investigan los 5 millones de d\u00f3lares en horas de vuelo de los otros candidatos, es que claro la mermelada gobierna sus conciencias y direcciona sus informaciones.<br><br>Nosotros creemos que campa\u00f1as as\u00ed ensucian la noble profesi\u00f3n de periodista y afectan a los honorables que ejercen la profesi\u00f3n con dignidad, los que promueven falsedades en estas informaciones nauseabundas que tratan de da\u00f1ar a terceros que no tienen nada que ver por un vuelo d menos de una hora de Arequipa a Puno, lamentablemente en el Per\u00fa periodista miserables se prestan a esto y la justicia tarde o temprano les tendr\u00e1 que caer.<br><br>Como s\u00edntesis el mensaje de Expreso a los peruanos es que las personas de bajos recursos es decir los pobres como Pedro Castillo no tienen derecho a transportarse en una avioneta, deber\u00edan hacerlo a caballo y esto debe merecer de oficio que INDECOPI le abra un procedimiento sancionador a Expreso y a los que fueran responsables por discriminaci\u00f3n y esperamos les ponga la multa que corresponde, este pensamiento es una verg\u00fcenza para el pa\u00eds y para la conciencia hist\u00f3rica del Per\u00fa.<br><br>El periodismo infame cuando desinforma y miente incurre en responsabilidad penal por difamaci\u00f3n agravada a tenor de lo dispuesto en el Art. 132 del c\u00f3digo penal y responsabilidad civil, personal y de su medio de comunicaci\u00f3n.<br><\/p>\n\n\n\n<p><\/p>\n","protected":false},"excerpt":{"rendered":"<p>(Aeronoticias) En el argot period\u00edstico, \u2018mermelada\u2019 es sin\u00f3nimo de coima es decir el acto anti\u00e9tico y delincuencial por el cual un periodista recibe una prestaci\u00f3n o ventaja que en nuestro mercado es com\u00fan que sea inclusive en pasajes a\u00e9reos con descuento del 75% o 100% a cambio de escribir algo, da\u00f1ar la imagen a un [&hellip;]<\/p>\n","protected":false},"author":3,"featured_media":72628,"comment_status":"open","ping_status":"open","sticky":false,"template":"","format":"standard","meta":{"tdm_status":"","tdm_grid_status":"","footnotes":""},"categories":[8,30],"tags":[],"class_list":{"0":"post-72621","1":"post","2":"type-post","3":"status-publish","4":"format-standard","5":"has-post-thumbnail","7":"category-ultimas","8":"category-30"},"yoast_head":"<!-- This site is optimized with the Yoast SEO plugin v25.1 - https:\/\/yoast.com\/wordpress\/plugins\/seo\/ -->\n<title>Expreso cuestiona que Pedro Castillo vuele en avi\u00f3n y pretende que se transporte a caballo<\/title>\n<meta name=\"description\" content=\"En el argot period\u00edstico, \u2018mermelada\u2019 es sin\u00f3nimo de coima es decir el acto anti\u00e9tico y delincuencial por el cual un periodista recibe una prestaci\u00f3n o ventaja que en nuestro mercado es com\u00fan que sea inclusive en pasajes a\u00e9reos con descuento del 75% o 100% a cambio de escribir algo, da\u00f1ar la imagen a un defensor del Per\u00fa\" \/>\n<meta name=\"robots\" content=\"index, follow, max-snippet:-1, max-image-preview:large, max-video-preview:-1\" \/>\n<link rel=\"canonical\" href=\"https:\/\/aeronoticias.com.pe\/noticiero\/ultimas\/expreso-cuestiona-que-pedro-castillo-vuele-en-avion-y-pretende-que-se-transporte-a-caballo\/\" \/>\n<meta property=\"og:locale\" content=\"es_ES\" \/>\n<meta property=\"og:type\" content=\"article\" \/>\n<meta property=\"og:title\" content=\"Expreso cuestiona que Pedro Castillo vuele en avi\u00f3n y pretende que se transporte a caballo\" \/>\n<meta property=\"og:description\" content=\"En el argot period\u00edstico, \u2018mermelada\u2019 es sin\u00f3nimo de coima es decir el acto anti\u00e9tico y delincuencial por el cual un periodista recibe una prestaci\u00f3n o ventaja que en nuestro mercado es com\u00fan que sea inclusive en pasajes a\u00e9reos con descuento del 75% o 100% a cambio de escribir algo, da\u00f1ar la imagen a un defensor del Per\u00fa\" \/>\n<meta property=\"og:url\" content=\"https:\/\/aeronoticias.com.pe\/noticiero\/ultimas\/expreso-cuestiona-que-pedro-castillo-vuele-en-avion-y-pretende-que-se-transporte-a-caballo\/\" \/>\n<meta property=\"og:site_name\" content=\"Aeronoticias.com.pe\" \/>\n<meta property=\"article:publisher\" content=\"https:\/\/www.facebook.com\/Aeronoticias.com.pe\/\" \/>\n<meta property=\"article:published_time\" content=\"2021-05-31T21:59:33+00:00\" \/>\n<meta property=\"article:modified_time\" content=\"2021-05-31T22:21:27+00:00\" \/>\n<meta property=\"og:image\" content=\"https:\/\/aeronoticias.com.pe\/noticiero\/wp-content\/uploads\/2021\/05\/discriminacion-pcastillo.jpg\" \/>\n\t<meta property=\"og:image:width\" content=\"1650\" \/>\n\t<meta property=\"og:image:height\" content=\"1280\" \/>\n\t<meta property=\"og:image:type\" content=\"image\/jpeg\" \/>\n<meta name=\"author\" content=\"Redacci\u00f3n\" \/>\n<meta name=\"twitter:card\" content=\"summary_large_image\" \/>\n<meta name=\"twitter:creator\" content=\"@aeronoticias\" \/>\n<meta name=\"twitter:site\" content=\"@aeronoticias\" \/>\n<meta name=\"twitter:label1\" content=\"Escrito por\" \/>\n\t<meta name=\"twitter:data1\" content=\"Redacci\u00f3n\" \/>\n\t<meta name=\"twitter:label2\" content=\"Tiempo de lectura\" \/>\n\t<meta name=\"twitter:data2\" content=\"4 minutos\" \/>\n<script type=\"application\/ld+json\" class=\"yoast-schema-graph\">{\"@context\":\"https:\/\/schema.org\",\"@graph\":[{\"@type\":\"WebPage\",\"@id\":\"https:\/\/aeronoticias.com.pe\/noticiero\/ultimas\/expreso-cuestiona-que-pedro-castillo-vuele-en-avion-y-pretende-que-se-transporte-a-caballo\/\",\"url\":\"https:\/\/aeronoticias.com.pe\/noticiero\/ultimas\/expreso-cuestiona-que-pedro-castillo-vuele-en-avion-y-pretende-que-se-transporte-a-caballo\/\",\"name\":\"Expreso cuestiona que Pedro Castillo vuele en avi\u00f3n y pretende que se transporte a caballo\",\"isPartOf\":{\"@id\":\"https:\/\/aeronoticias.com.pe\/noticiero\/#website\"},\"primaryImageOfPage\":{\"@id\":\"https:\/\/aeronoticias.com.pe\/noticiero\/ultimas\/expreso-cuestiona-que-pedro-castillo-vuele-en-avion-y-pretende-que-se-transporte-a-caballo\/#primaryimage\"},\"image\":{\"@id\":\"https:\/\/aeronoticias.com.pe\/noticiero\/ultimas\/expreso-cuestiona-que-pedro-castillo-vuele-en-avion-y-pretende-que-se-transporte-a-caballo\/#primaryimage\"},\"thumbnailUrl\":\"https:\/\/aeronoticias.com.pe\/noticiero\/wp-content\/uploads\/2021\/05\/discriminacion-pcastillo.jpg\",\"datePublished\":\"2021-05-31T21:59:33+00:00\",\"dateModified\":\"2021-05-31T22:21:27+00:00\",\"author\":{\"@id\":\"https:\/\/aeronoticias.com.pe\/noticiero\/#\/schema\/person\/16212a617c73f78916b13194154243bd\"},\"description\":\"En el argot period\u00edstico, \u2018mermelada\u2019 es sin\u00f3nimo de coima es decir el acto anti\u00e9tico y delincuencial por el cual un periodista recibe una prestaci\u00f3n o ventaja que en nuestro mercado es com\u00fan que sea inclusive en pasajes a\u00e9reos con descuento del 75% o 100% a cambio de escribir algo, da\u00f1ar la imagen a un defensor del Per\u00fa\",\"breadcrumb\":{\"@id\":\"https:\/\/aeronoticias.com.pe\/noticiero\/ultimas\/expreso-cuestiona-que-pedro-castillo-vuele-en-avion-y-pretende-que-se-transporte-a-caballo\/#breadcrumb\"},\"inLanguage\":\"es\",\"potentialAction\":[{\"@type\":\"ReadAction\",\"target\":[\"https:\/\/aeronoticias.com.pe\/noticiero\/ultimas\/expreso-cuestiona-que-pedro-castillo-vuele-en-avion-y-pretende-que-se-transporte-a-caballo\/\"]}]},{\"@type\":\"ImageObject\",\"inLanguage\":\"es\",\"@id\":\"https:\/\/aeronoticias.com.pe\/noticiero\/ultimas\/expreso-cuestiona-que-pedro-castillo-vuele-en-avion-y-pretende-que-se-transporte-a-caballo\/#primaryimage\",\"url\":\"https:\/\/aeronoticias.com.pe\/noticiero\/wp-content\/uploads\/2021\/05\/discriminacion-pcastillo.jpg\",\"contentUrl\":\"https:\/\/aeronoticias.com.pe\/noticiero\/wp-content\/uploads\/2021\/05\/discriminacion-pcastillo.jpg\",\"width\":1650,\"height\":1280},{\"@type\":\"BreadcrumbList\",\"@id\":\"https:\/\/aeronoticias.com.pe\/noticiero\/ultimas\/expreso-cuestiona-que-pedro-castillo-vuele-en-avion-y-pretende-que-se-transporte-a-caballo\/#breadcrumb\",\"itemListElement\":[{\"@type\":\"ListItem\",\"position\":1,\"name\":\"Portada\",\"item\":\"https:\/\/aeronoticias.com.pe\/noticiero\/\"},{\"@type\":\"ListItem\",\"position\":2,\"name\":\"Expreso cuestiona que Pedro Castillo vuele en avi\u00f3n y pretende que se transporte a caballo\"}]},{\"@type\":\"WebSite\",\"@id\":\"https:\/\/aeronoticias.com.pe\/noticiero\/#website\",\"url\":\"https:\/\/aeronoticias.com.pe\/noticiero\/\",\"name\":\"Aeronoticias.com.pe\",\"description\":\"Noticias de tranporte aereo, turismo, hoteles, gastronomia, actualidad, internacional\",\"potentialAction\":[{\"@type\":\"SearchAction\",\"target\":{\"@type\":\"EntryPoint\",\"urlTemplate\":\"https:\/\/aeronoticias.com.pe\/noticiero\/?s={search_term_string}\"},\"query-input\":{\"@type\":\"PropertyValueSpecification\",\"valueRequired\":true,\"valueName\":\"search_term_string\"}}],\"inLanguage\":\"es\"},{\"@type\":\"Person\",\"@id\":\"https:\/\/aeronoticias.com.pe\/noticiero\/#\/schema\/person\/16212a617c73f78916b13194154243bd\",\"name\":\"Redacci\u00f3n\",\"sameAs\":[\"http:\/\/Redacci\u00f3n\"],\"url\":\"https:\/\/aeronoticias.com.pe\/noticiero\/author\/celeste\/\"}]}<\/script>\n<!-- \/ Yoast SEO plugin. -->","yoast_head_json":{"title":"Expreso cuestiona que Pedro Castillo vuele en avi\u00f3n y pretende que se transporte a caballo","description":"En el argot period\u00edstico, \u2018mermelada\u2019 es sin\u00f3nimo de coima es decir el acto anti\u00e9tico y delincuencial por el cual un periodista recibe una prestaci\u00f3n o ventaja que en nuestro mercado es com\u00fan que sea inclusive en pasajes a\u00e9reos con descuento del 75% o 100% a cambio de escribir algo, da\u00f1ar la imagen a un defensor del Per\u00fa","robots":{"index":"index","follow":"follow","max-snippet":"max-snippet:-1","max-image-preview":"max-image-preview:large","max-video-preview":"max-video-preview:-1"},"canonical":"https:\/\/aeronoticias.com.pe\/noticiero\/ultimas\/expreso-cuestiona-que-pedro-castillo-vuele-en-avion-y-pretende-que-se-transporte-a-caballo\/","og_locale":"es_ES","og_type":"article","og_title":"Expreso cuestiona que Pedro Castillo vuele en avi\u00f3n y pretende que se transporte a caballo","og_description":"En el argot period\u00edstico, \u2018mermelada\u2019 es sin\u00f3nimo de coima es decir el acto anti\u00e9tico y delincuencial por el cual un periodista recibe una prestaci\u00f3n o ventaja que en nuestro mercado es com\u00fan que sea inclusive en pasajes a\u00e9reos con descuento del 75% o 100% a cambio de escribir algo, da\u00f1ar la imagen a un defensor del Per\u00fa","og_url":"https:\/\/aeronoticias.com.pe\/noticiero\/ultimas\/expreso-cuestiona-que-pedro-castillo-vuele-en-avion-y-pretende-que-se-transporte-a-caballo\/","og_site_name":"Aeronoticias.com.pe","article_publisher":"https:\/\/www.facebook.com\/Aeronoticias.com.pe\/","article_published_time":"2021-05-31T21:59:33+00:00","article_modified_time":"2021-05-31T22:21:27+00:00","og_image":[{"width":1650,"height":1280,"url":"https:\/\/aeronoticias.com.pe\/noticiero\/wp-content\/uploads\/2021\/05\/discriminacion-pcastillo.jpg","type":"image\/jpeg"}],"author":"Redacci\u00f3n","twitter_card":"summary_large_image","twitter_creator":"@aeronoticias","twitter_site":"@aeronoticias","twitter_misc":{"Escrito por":"Redacci\u00f3n","Tiempo de lectura":"4 minutos"},"schema":{"@context":"https:\/\/schema.org","@graph":[{"@type":"WebPage","@id":"https:\/\/aeronoticias.com.pe\/noticiero\/ultimas\/expreso-cuestiona-que-pedro-castillo-vuele-en-avion-y-pretende-que-se-transporte-a-caballo\/","url":"https:\/\/aeronoticias.com.pe\/noticiero\/ultimas\/expreso-cuestiona-que-pedro-castillo-vuele-en-avion-y-pretende-que-se-transporte-a-caballo\/","name":"Expreso cuestiona que Pedro Castillo vuele en avi\u00f3n y pretende que se transporte a caballo","isPartOf":{"@id":"https:\/\/aeronoticias.com.pe\/noticiero\/#website"},"primaryImageOfPage":{"@id":"https:\/\/aeronoticias.com.pe\/noticiero\/ultimas\/expreso-cuestiona-que-pedro-castillo-vuele-en-avion-y-pretende-que-se-transporte-a-caballo\/#primaryimage"},"image":{"@id":"https:\/\/aeronoticias.com.pe\/noticiero\/ultimas\/expreso-cuestiona-que-pedro-castillo-vuele-en-avion-y-pretende-que-se-transporte-a-caballo\/#primaryimage"},"thumbnailUrl":"https:\/\/aeronoticias.com.pe\/noticiero\/wp-content\/uploads\/2021\/05\/discriminacion-pcastillo.jpg","datePublished":"2021-05-31T21:59:33+00:00","dateModified":"2021-05-31T22:21:27+00:00","author":{"@id":"https:\/\/aeronoticias.com.pe\/noticiero\/#\/schema\/person\/16212a617c73f78916b13194154243bd"},"description":"En el argot period\u00edstico, \u2018mermelada\u2019 es sin\u00f3nimo de coima es decir el acto anti\u00e9tico y delincuencial por el cual un periodista recibe una prestaci\u00f3n o ventaja que en nuestro mercado es com\u00fan que sea inclusive en pasajes a\u00e9reos con descuento del 75% o 100% a cambio de escribir algo, da\u00f1ar la imagen a un defensor del Per\u00fa","breadcrumb":{"@id":"https:\/\/aeronoticias.com.pe\/noticiero\/ultimas\/expreso-cuestiona-que-pedro-castillo-vuele-en-avion-y-pretende-que-se-transporte-a-caballo\/#breadcrumb"},"inLanguage":"es","potentialAction":[{"@type":"ReadAction","target":["https:\/\/aeronoticias.com.pe\/noticiero\/ultimas\/expreso-cuestiona-que-pedro-castillo-vuele-en-avion-y-pretende-que-se-transporte-a-caballo\/"]}]},{"@type":"ImageObject","inLanguage":"es","@id":"https:\/\/aeronoticias.com.pe\/noticiero\/ultimas\/expreso-cuestiona-que-pedro-castillo-vuele-en-avion-y-pretende-que-se-transporte-a-caballo\/#primaryimage","url":"https:\/\/aeronoticias.com.pe\/noticiero\/wp-content\/uploads\/2021\/05\/discriminacion-pcastillo.jpg","contentUrl":"https:\/\/aeronoticias.com.pe\/noticiero\/wp-content\/uploads\/2021\/05\/discriminacion-pcastillo.jpg","width":1650,"height":1280},{"@type":"BreadcrumbList","@id":"https:\/\/aeronoticias.com.pe\/noticiero\/ultimas\/expreso-cuestiona-que-pedro-castillo-vuele-en-avion-y-pretende-que-se-transporte-a-caballo\/#breadcrumb","itemListElement":[{"@type":"ListItem","position":1,"name":"Portada","item":"https:\/\/aeronoticias.com.pe\/noticiero\/"},{"@type":"ListItem","position":2,"name":"Expreso cuestiona que Pedro Castillo vuele en avi\u00f3n y pretende que se transporte a caballo"}]},{"@type":"WebSite","@id":"https:\/\/aeronoticias.com.pe\/noticiero\/#website","url":"https:\/\/aeronoticias.com.pe\/noticiero\/","name":"Aeronoticias.com.pe","description":"Noticias de tranporte aereo, turismo, hoteles, gastronomia, actualidad, internacional","potentialAction":[{"@type":"SearchAction","target":{"@type":"EntryPoint","urlTemplate":"https:\/\/aeronoticias.com.pe\/noticiero\/?s={search_term_string}"},"query-input":{"@type":"PropertyValueSpecification","valueRequired":true,"valueName":"search_term_string"}}],"inLanguage":"es"},{"@type":"Person","@id":"https:\/\/aeronoticias.com.pe\/noticiero\/#\/schema\/person\/16212a617c73f78916b13194154243bd","name":"Redacci\u00f3n","sameAs":["http:\/\/Redacci\u00f3n"],"url":"https:\/\/aeronoticias.com.pe\/noticiero\/author\/celeste\/"}]}},"_links":{"self":[{"href":"https:\/\/aeronoticias.com.pe\/noticiero\/wp-json\/wp\/v2\/posts\/72621","targetHints":{"allow":["GET"]}}],"collection":[{"href":"https:\/\/aeronoticias.com.pe\/noticiero\/wp-json\/wp\/v2\/posts"}],"about":[{"href":"https:\/\/aeronoticias.com.pe\/noticiero\/wp-json\/wp\/v2\/types\/post"}],"author":[{"embeddable":true,"href":"https:\/\/aeronoticias.com.pe\/noticiero\/wp-json\/wp\/v2\/users\/3"}],"replies":[{"embeddable":true,"href":"https:\/\/aeronoticias.com.pe\/noticiero\/wp-json\/wp\/v2\/comments?post=72621"}],"version-history":[{"count":0,"href":"https:\/\/aeronoticias.com.pe\/noticiero\/wp-json\/wp\/v2\/posts\/72621\/revisions"}],"wp:featuredmedia":[{"embeddable":true,"href":"https:\/\/aeronoticias.com.pe\/noticiero\/wp-json\/wp\/v2\/media\/72628"}],"wp:attachment":[{"href":"https:\/\/aeronoticias.com.pe\/noticiero\/wp-json\/wp\/v2\/media?parent=72621"}],"wp:term":[{"taxonomy":"category","embeddable":true,"href":"https:\/\/aeronoticias.com.pe\/noticiero\/wp-json\/wp\/v2\/categories?post=72621"},{"taxonomy":"post_tag","embeddable":true,"href":"https:\/\/aeronoticias.com.pe\/noticiero\/wp-json\/wp\/v2\/tags?post=72621"}],"curies":[{"name":"wp","href":"https:\/\/api.w.org\/{rel}","templated":true}]}}