{"id":73071,"date":"2021-06-18T08:36:07","date_gmt":"2021-06-18T13:36:07","guid":{"rendered":"https:\/\/aeronoticias.com.pe\/noticiero\/?p=73071"},"modified":"2021-06-18T08:36:11","modified_gmt":"2021-06-18T13:36:11","slug":"julian-palacin-sobre-candidatura-de-castillo-el-ha-dicho-que-no-es-chavista","status":"publish","type":"post","link":"https:\/\/aeronoticias.com.pe\/noticiero\/nacionales\/julian-palacin-sobre-candidatura-de-castillo-el-ha-dicho-que-no-es-chavista\/","title":{"rendered":"Juli\u00e1n Palac\u00edn sobre candidatura de Castillo: \u00ab\u00c9l ha dicho que no es chavista\u00bb"},"content":{"rendered":"\n<p><strong>(Aeronoticias)<\/strong>: Despu\u00e9s de que la\u00a0<strong>Oficina Nacional de Procesos Electorales<\/strong>\u00a0(<a href=\"https:\/\/libero.pe\/tag\/onpe\">ONPE<\/a>) presentar\u00e1 al 100% las actas procesadas y contabilizadas,\u00a0<strong>Juli\u00e1n Palac\u00edn<\/strong>, miembro del equipo t\u00e9cnico de\u00a0<a href=\"https:\/\/libero.pe\/tag\/peru-libre\">Per\u00fa Libre<\/a>, coment\u00f3 que apoyar\u00e1 a\u00a0<a href=\"https:\/\/libero.pe\/tag\/pedro-castillo\">Pedro Castillo<\/a>\u00a0mientras no se incline al comunismo y asegur\u00f3 que el candidato presidencial no es chavista.<\/p>\n\n\n\n<p><em>\u201cEl (<strong>Pedro Castillo<\/strong>) ha dicho que no es comunista, no es marxista, no es leninista y que no es chavista. Lo ha dicho no una, sino 5 a 6 veces\u201d<\/em>, precis\u00f3.<\/p>\n\n\n\n<p>Respecto a la posici\u00f3n pol\u00edtica de Castillo Terrenos, indic\u00f3 que tiene principios democr\u00e1ticos y respetar\u00e1 la propiedad privada.<\/p>\n\n\n\n<p><em>\u201cEl respetar\u00e1 la autonom\u00eda del Banco Central de Reservar del Per\u00fa (\u2026) nosotros somos dem\u00f3cratas y el comunismo ha fracasado en todo el mundo porque afecta la propiedad privada\u201d<\/em>, asegur\u00f3 durante una entrevista con\u00a0<a href=\"https:\/\/libero.pe\/tag\/juliana-oxenford\">Juliana Oxenford<\/a>\u00a0en ATV.<\/p>\n\n\n\n<p><strong>Fuente: Libero<\/strong><\/p>\n","protected":false},"excerpt":{"rendered":"<p>(Aeronoticias): Despu\u00e9s de que la\u00a0Oficina Nacional de Procesos Electorales\u00a0(ONPE) presentar\u00e1 al 100% las actas procesadas y contabilizadas,\u00a0Juli\u00e1n Palac\u00edn, miembro del equipo t\u00e9cnico de\u00a0Per\u00fa Libre, coment\u00f3 que apoyar\u00e1 a\u00a0Pedro Castillo\u00a0mientras no se incline al comunismo y asegur\u00f3 que el candidato presidencial no es chavista. \u201cEl (Pedro Castillo) ha dicho que no es comunista, no es marxista, [&hellip;]<\/p>\n","protected":false},"author":3,"featured_media":73072,"comment_status":"open","ping_status":"open","sticky":false,"template":"","format":"standard","meta":{"tdm_status":"","tdm_grid_status":"","footnotes":""},"categories":[38,36,30],"tags":[1406,1456],"class_list":{"0":"post-73071","1":"post","2":"type-post","3":"status-publish","4":"format-standard","5":"has-post-thumbnail","7":"category-nacionales","8":"category-politica","9":"category-30","10":"tag-julianpalacinf","11":"tag-pedrocastillot"},"yoast_head":"<!-- This site is optimized with the Yoast SEO plugin v25.1 - https:\/\/yoast.com\/wordpress\/plugins\/seo\/ -->\n<title>Juli\u00e1n Palac\u00edn sobre candidatura de Castillo: &quot;\u00c9l ha dicho que no es chavista&quot;<\/title>\n<meta name=\"description\" content=\"El miembro del equipo t\u00e9cnico de Per\u00fa Libre asegur\u00f3 que candidato presidencial no es comunista y respetar\u00e1 la autonom\u00eda del BCR.\" \/>\n<meta name=\"robots\" content=\"index, follow, max-snippet:-1, max-image-preview:large, max-video-preview:-1\" \/>\n<link rel=\"canonical\" href=\"https:\/\/aeronoticias.com.pe\/noticiero\/nacionales\/julian-palacin-sobre-candidatura-de-castillo-el-ha-dicho-que-no-es-chavista\/\" \/>\n<meta property=\"og:locale\" content=\"es_ES\" \/>\n<meta property=\"og:type\" content=\"article\" \/>\n<meta property=\"og:title\" content=\"Juli\u00e1n Palac\u00edn sobre candidatura de Castillo: &quot;\u00c9l ha dicho que no es chavista&quot;\" \/>\n<meta property=\"og:description\" content=\"El miembro del equipo t\u00e9cnico de Per\u00fa Libre asegur\u00f3 que candidato presidencial no es comunista y respetar\u00e1 la autonom\u00eda del BCR.\" \/>\n<meta property=\"og:url\" content=\"https:\/\/aeronoticias.com.pe\/noticiero\/nacionales\/julian-palacin-sobre-candidatura-de-castillo-el-ha-dicho-que-no-es-chavista\/\" \/>\n<meta property=\"og:site_name\" content=\"Aeronoticias.com.pe\" \/>\n<meta property=\"article:publisher\" content=\"https:\/\/www.facebook.com\/Aeronoticias.com.pe\/\" \/>\n<meta property=\"article:published_time\" content=\"2021-06-18T13:36:07+00:00\" \/>\n<meta property=\"article:modified_time\" content=\"2021-06-18T13:36:11+00:00\" \/>\n<meta property=\"og:image\" content=\"https:\/\/aeronoticias.com.pe\/noticiero\/wp-content\/uploads\/2021\/06\/castillo-y-palacin.jpg\" \/>\n\t<meta property=\"og:image:width\" content=\"670\" \/>\n\t<meta property=\"og:image:height\" content=\"369\" \/>\n\t<meta property=\"og:image:type\" content=\"image\/jpeg\" \/>\n<meta name=\"author\" content=\"Redacci\u00f3n\" \/>\n<meta name=\"twitter:card\" content=\"summary_large_image\" \/>\n<meta name=\"twitter:creator\" content=\"@aeronoticias\" \/>\n<meta name=\"twitter:site\" content=\"@aeronoticias\" \/>\n<meta name=\"twitter:label1\" content=\"Escrito por\" \/>\n\t<meta name=\"twitter:data1\" content=\"Redacci\u00f3n\" \/>\n\t<meta name=\"twitter:label2\" content=\"Tiempo de lectura\" \/>\n\t<meta name=\"twitter:data2\" content=\"1 minuto\" \/>\n<script type=\"application\/ld+json\" class=\"yoast-schema-graph\">{\"@context\":\"https:\/\/schema.org\",\"@graph\":[{\"@type\":\"WebPage\",\"@id\":\"https:\/\/aeronoticias.com.pe\/noticiero\/nacionales\/julian-palacin-sobre-candidatura-de-castillo-el-ha-dicho-que-no-es-chavista\/\",\"url\":\"https:\/\/aeronoticias.com.pe\/noticiero\/nacionales\/julian-palacin-sobre-candidatura-de-castillo-el-ha-dicho-que-no-es-chavista\/\",\"name\":\"Juli\u00e1n Palac\u00edn sobre candidatura de Castillo: \\\"\u00c9l ha dicho que no es chavista\\\"\",\"isPartOf\":{\"@id\":\"https:\/\/aeronoticias.com.pe\/noticiero\/#website\"},\"primaryImageOfPage\":{\"@id\":\"https:\/\/aeronoticias.com.pe\/noticiero\/nacionales\/julian-palacin-sobre-candidatura-de-castillo-el-ha-dicho-que-no-es-chavista\/#primaryimage\"},\"image\":{\"@id\":\"https:\/\/aeronoticias.com.pe\/noticiero\/nacionales\/julian-palacin-sobre-candidatura-de-castillo-el-ha-dicho-que-no-es-chavista\/#primaryimage\"},\"thumbnailUrl\":\"https:\/\/aeronoticias.com.pe\/noticiero\/wp-content\/uploads\/2021\/06\/castillo-y-palacin.jpg\",\"datePublished\":\"2021-06-18T13:36:07+00:00\",\"dateModified\":\"2021-06-18T13:36:11+00:00\",\"author\":{\"@id\":\"https:\/\/aeronoticias.com.pe\/noticiero\/#\/schema\/person\/16212a617c73f78916b13194154243bd\"},\"description\":\"El miembro del equipo t\u00e9cnico de Per\u00fa Libre asegur\u00f3 que candidato presidencial no es comunista y respetar\u00e1 la autonom\u00eda del BCR.\",\"breadcrumb\":{\"@id\":\"https:\/\/aeronoticias.com.pe\/noticiero\/nacionales\/julian-palacin-sobre-candidatura-de-castillo-el-ha-dicho-que-no-es-chavista\/#breadcrumb\"},\"inLanguage\":\"es\",\"potentialAction\":[{\"@type\":\"ReadAction\",\"target\":[\"https:\/\/aeronoticias.com.pe\/noticiero\/nacionales\/julian-palacin-sobre-candidatura-de-castillo-el-ha-dicho-que-no-es-chavista\/\"]}]},{\"@type\":\"ImageObject\",\"inLanguage\":\"es\",\"@id\":\"https:\/\/aeronoticias.com.pe\/noticiero\/nacionales\/julian-palacin-sobre-candidatura-de-castillo-el-ha-dicho-que-no-es-chavista\/#primaryimage\",\"url\":\"https:\/\/aeronoticias.com.pe\/noticiero\/wp-content\/uploads\/2021\/06\/castillo-y-palacin.jpg\",\"contentUrl\":\"https:\/\/aeronoticias.com.pe\/noticiero\/wp-content\/uploads\/2021\/06\/castillo-y-palacin.jpg\",\"width\":670,\"height\":369},{\"@type\":\"BreadcrumbList\",\"@id\":\"https:\/\/aeronoticias.com.pe\/noticiero\/nacionales\/julian-palacin-sobre-candidatura-de-castillo-el-ha-dicho-que-no-es-chavista\/#breadcrumb\",\"itemListElement\":[{\"@type\":\"ListItem\",\"position\":1,\"name\":\"Portada\",\"item\":\"https:\/\/aeronoticias.com.pe\/noticiero\/\"},{\"@type\":\"ListItem\",\"position\":2,\"name\":\"Juli\u00e1n Palac\u00edn sobre candidatura de Castillo: \u00ab\u00c9l ha dicho que no es chavista\u00bb\"}]},{\"@type\":\"WebSite\",\"@id\":\"https:\/\/aeronoticias.com.pe\/noticiero\/#website\",\"url\":\"https:\/\/aeronoticias.com.pe\/noticiero\/\",\"name\":\"Aeronoticias.com.pe\",\"description\":\"Noticias de tranporte aereo, turismo, hoteles, gastronomia, actualidad, internacional\",\"potentialAction\":[{\"@type\":\"SearchAction\",\"target\":{\"@type\":\"EntryPoint\",\"urlTemplate\":\"https:\/\/aeronoticias.com.pe\/noticiero\/?s={search_term_string}\"},\"query-input\":{\"@type\":\"PropertyValueSpecification\",\"valueRequired\":true,\"valueName\":\"search_term_string\"}}],\"inLanguage\":\"es\"},{\"@type\":\"Person\",\"@id\":\"https:\/\/aeronoticias.com.pe\/noticiero\/#\/schema\/person\/16212a617c73f78916b13194154243bd\",\"name\":\"Redacci\u00f3n\",\"sameAs\":[\"http:\/\/Redacci\u00f3n\"],\"url\":\"https:\/\/aeronoticias.com.pe\/noticiero\/author\/celeste\/\"}]}<\/script>\n<!-- \/ Yoast SEO plugin. -->","yoast_head_json":{"title":"Juli\u00e1n Palac\u00edn sobre candidatura de Castillo: \"\u00c9l ha dicho que no es chavista\"","description":"El miembro del equipo t\u00e9cnico de Per\u00fa Libre asegur\u00f3 que candidato presidencial no es comunista y respetar\u00e1 la autonom\u00eda del BCR.","robots":{"index":"index","follow":"follow","max-snippet":"max-snippet:-1","max-image-preview":"max-image-preview:large","max-video-preview":"max-video-preview:-1"},"canonical":"https:\/\/aeronoticias.com.pe\/noticiero\/nacionales\/julian-palacin-sobre-candidatura-de-castillo-el-ha-dicho-que-no-es-chavista\/","og_locale":"es_ES","og_type":"article","og_title":"Juli\u00e1n Palac\u00edn sobre candidatura de Castillo: \"\u00c9l ha dicho que no es chavista\"","og_description":"El miembro del equipo t\u00e9cnico de Per\u00fa Libre asegur\u00f3 que candidato presidencial no es comunista y respetar\u00e1 la autonom\u00eda del BCR.","og_url":"https:\/\/aeronoticias.com.pe\/noticiero\/nacionales\/julian-palacin-sobre-candidatura-de-castillo-el-ha-dicho-que-no-es-chavista\/","og_site_name":"Aeronoticias.com.pe","article_publisher":"https:\/\/www.facebook.com\/Aeronoticias.com.pe\/","article_published_time":"2021-06-18T13:36:07+00:00","article_modified_time":"2021-06-18T13:36:11+00:00","og_image":[{"width":670,"height":369,"url":"https:\/\/aeronoticias.com.pe\/noticiero\/wp-content\/uploads\/2021\/06\/castillo-y-palacin.jpg","type":"image\/jpeg"}],"author":"Redacci\u00f3n","twitter_card":"summary_large_image","twitter_creator":"@aeronoticias","twitter_site":"@aeronoticias","twitter_misc":{"Escrito por":"Redacci\u00f3n","Tiempo de lectura":"1 minuto"},"schema":{"@context":"https:\/\/schema.org","@graph":[{"@type":"WebPage","@id":"https:\/\/aeronoticias.com.pe\/noticiero\/nacionales\/julian-palacin-sobre-candidatura-de-castillo-el-ha-dicho-que-no-es-chavista\/","url":"https:\/\/aeronoticias.com.pe\/noticiero\/nacionales\/julian-palacin-sobre-candidatura-de-castillo-el-ha-dicho-que-no-es-chavista\/","name":"Juli\u00e1n Palac\u00edn sobre candidatura de Castillo: \"\u00c9l ha dicho que no es chavista\"","isPartOf":{"@id":"https:\/\/aeronoticias.com.pe\/noticiero\/#website"},"primaryImageOfPage":{"@id":"https:\/\/aeronoticias.com.pe\/noticiero\/nacionales\/julian-palacin-sobre-candidatura-de-castillo-el-ha-dicho-que-no-es-chavista\/#primaryimage"},"image":{"@id":"https:\/\/aeronoticias.com.pe\/noticiero\/nacionales\/julian-palacin-sobre-candidatura-de-castillo-el-ha-dicho-que-no-es-chavista\/#primaryimage"},"thumbnailUrl":"https:\/\/aeronoticias.com.pe\/noticiero\/wp-content\/uploads\/2021\/06\/castillo-y-palacin.jpg","datePublished":"2021-06-18T13:36:07+00:00","dateModified":"2021-06-18T13:36:11+00:00","author":{"@id":"https:\/\/aeronoticias.com.pe\/noticiero\/#\/schema\/person\/16212a617c73f78916b13194154243bd"},"description":"El miembro del equipo t\u00e9cnico de Per\u00fa Libre asegur\u00f3 que candidato presidencial no es comunista y respetar\u00e1 la autonom\u00eda del BCR.","breadcrumb":{"@id":"https:\/\/aeronoticias.com.pe\/noticiero\/nacionales\/julian-palacin-sobre-candidatura-de-castillo-el-ha-dicho-que-no-es-chavista\/#breadcrumb"},"inLanguage":"es","potentialAction":[{"@type":"ReadAction","target":["https:\/\/aeronoticias.com.pe\/noticiero\/nacionales\/julian-palacin-sobre-candidatura-de-castillo-el-ha-dicho-que-no-es-chavista\/"]}]},{"@type":"ImageObject","inLanguage":"es","@id":"https:\/\/aeronoticias.com.pe\/noticiero\/nacionales\/julian-palacin-sobre-candidatura-de-castillo-el-ha-dicho-que-no-es-chavista\/#primaryimage","url":"https:\/\/aeronoticias.com.pe\/noticiero\/wp-content\/uploads\/2021\/06\/castillo-y-palacin.jpg","contentUrl":"https:\/\/aeronoticias.com.pe\/noticiero\/wp-content\/uploads\/2021\/06\/castillo-y-palacin.jpg","width":670,"height":369},{"@type":"BreadcrumbList","@id":"https:\/\/aeronoticias.com.pe\/noticiero\/nacionales\/julian-palacin-sobre-candidatura-de-castillo-el-ha-dicho-que-no-es-chavista\/#breadcrumb","itemListElement":[{"@type":"ListItem","position":1,"name":"Portada","item":"https:\/\/aeronoticias.com.pe\/noticiero\/"},{"@type":"ListItem","position":2,"name":"Juli\u00e1n Palac\u00edn sobre candidatura de Castillo: \u00ab\u00c9l ha dicho que no es chavista\u00bb"}]},{"@type":"WebSite","@id":"https:\/\/aeronoticias.com.pe\/noticiero\/#website","url":"https:\/\/aeronoticias.com.pe\/noticiero\/","name":"Aeronoticias.com.pe","description":"Noticias de tranporte aereo, turismo, hoteles, gastronomia, actualidad, internacional","potentialAction":[{"@type":"SearchAction","target":{"@type":"EntryPoint","urlTemplate":"https:\/\/aeronoticias.com.pe\/noticiero\/?s={search_term_string}"},"query-input":{"@type":"PropertyValueSpecification","valueRequired":true,"valueName":"search_term_string"}}],"inLanguage":"es"},{"@type":"Person","@id":"https:\/\/aeronoticias.com.pe\/noticiero\/#\/schema\/person\/16212a617c73f78916b13194154243bd","name":"Redacci\u00f3n","sameAs":["http:\/\/Redacci\u00f3n"],"url":"https:\/\/aeronoticias.com.pe\/noticiero\/author\/celeste\/"}]}},"_links":{"self":[{"href":"https:\/\/aeronoticias.com.pe\/noticiero\/wp-json\/wp\/v2\/posts\/73071","targetHints":{"allow":["GET"]}}],"collection":[{"href":"https:\/\/aeronoticias.com.pe\/noticiero\/wp-json\/wp\/v2\/posts"}],"about":[{"href":"https:\/\/aeronoticias.com.pe\/noticiero\/wp-json\/wp\/v2\/types\/post"}],"author":[{"embeddable":true,"href":"https:\/\/aeronoticias.com.pe\/noticiero\/wp-json\/wp\/v2\/users\/3"}],"replies":[{"embeddable":true,"href":"https:\/\/aeronoticias.com.pe\/noticiero\/wp-json\/wp\/v2\/comments?post=73071"}],"version-history":[{"count":0,"href":"https:\/\/aeronoticias.com.pe\/noticiero\/wp-json\/wp\/v2\/posts\/73071\/revisions"}],"wp:featuredmedia":[{"embeddable":true,"href":"https:\/\/aeronoticias.com.pe\/noticiero\/wp-json\/wp\/v2\/media\/73072"}],"wp:attachment":[{"href":"https:\/\/aeronoticias.com.pe\/noticiero\/wp-json\/wp\/v2\/media?parent=73071"}],"wp:term":[{"taxonomy":"category","embeddable":true,"href":"https:\/\/aeronoticias.com.pe\/noticiero\/wp-json\/wp\/v2\/categories?post=73071"},{"taxonomy":"post_tag","embeddable":true,"href":"https:\/\/aeronoticias.com.pe\/noticiero\/wp-json\/wp\/v2\/tags?post=73071"}],"curies":[{"name":"wp","href":"https:\/\/api.w.org\/{rel}","templated":true}]}}