{"id":73074,"date":"2021-06-18T09:06:18","date_gmt":"2021-06-18T14:06:18","guid":{"rendered":"https:\/\/aeronoticias.com.pe\/noticiero\/?p=73074"},"modified":"2021-06-18T09:06:25","modified_gmt":"2021-06-18T14:06:25","slug":"palacin-fuerza-popular-busca-evitar-proclamacion-presidencial-para-que-congreso-anule-elecciones","status":"publish","type":"post","link":"https:\/\/aeronoticias.com.pe\/noticiero\/nacionales\/palacin-fuerza-popular-busca-evitar-proclamacion-presidencial-para-que-congreso-anule-elecciones\/","title":{"rendered":"Palac\u00edn: Fuerza Popular busca evitar proclamaci\u00f3n presidencial para que Congreso anule elecciones"},"content":{"rendered":"\n<p><strong>(Aeronoticias)<\/strong>: \u00abEllos quieren que el Congreso nombre un presidente y que este anule las elecciones\u00bb, expres\u00f3 el integrante del equipo t\u00e9cnico de Per\u00fa Libre.<\/p>\n\n\n\n<p>En entrevista para Exitosa, el abogado\u00a0<strong><a href=\"https:\/\/exitosanoticias.pe\/v1\/julian-palacin-fuerza-popular-quiere-recargar-al-jne-con-nulidades-fuera-de-tiempo\/\">Juli\u00e1n Palac\u00edn<\/a>, integrante del equipo t\u00e9cnico de Per\u00fa Libre, advirti\u00f3 que\u00a0<a href=\"https:\/\/exitosanoticias.pe\/v1\/ciudadana-acusada-de-haber-sido-suplantada-amenaza-con-denunciar-a-fuerza-popular-si-no-se-retractan\/\">Fuerza Popular<\/a>, con los pedidos de nulidad de actas de votaci\u00f3n que present\u00f3, busca evitar la proclamaci\u00f3n presidencial para que el Congreso de la Rep\u00fablica designe a un presidente, quien anular\u00eda la segunda vuelta electoral<\/strong>\u00a0y convocar\u00eda a nuevas Elecciones.<\/p>\n\n\n\n<p>\u201cLa estrategia legal de Fuerza Popular es presentar mil, 2 mil, 5 mil 10 mil, y -si pueden- 80 mil recursos de nulidad porque sostienen que no tiene que haber presidente proclamado el 28 de julio. Ellos\u00a0<strong>quieren que el Congreso nombre un presidente y que este asuma la presidencia<\/strong>;\u00a0y,<strong>\u00a0violando el art\u00edculo 184 de Constituci\u00f3n, anule y convoque a nuevas Elecciones<\/strong>\u201c, declar\u00f3 a nuestro medio.<\/p>\n\n\n\n<p>Sin embargo, de acuerdo a Palac\u00edn, la anulaci\u00f3n de Elecciones solo es posible cuando los votos nulos y blancos superen los dos tercios de los votos v\u00e1lidos, situaci\u00f3n que no sucedi\u00f3.\u00a0\u201cQuiero decirle a la opini\u00f3n p\u00fablica que la Constituci\u00f3n es clara. Solo\u00a0<strong>se pueden anular las Elecciones cuando [se registran] dos tercios de votos nulos o blancos<\/strong>\u201c, expres\u00f3.<\/p>\n\n\n\n<p>Asimismo, el jurista reiter\u00f3 que la estrategia legal del partido naranja es\u00a0<strong>recargar de solicitudes a los Jurados Electorales Especiales (JEE) y el Jurado Nacional de Elecciones (JNE) a fin de dilatar el proceso<\/strong>\u00a0electoral.<\/p>\n\n\n\n<p>\u201cFuerza Popular est\u00e1 sorprendiendo al pueblo peruano. Solo 134 pedidos de nulidad han sido presentandos antes del 9 de junio a las 8 de la noche. En consecuencia,<strong>\u00a0todo lo dem\u00e1s es extempor\u00e1neo y debe ser declarado improcedente por los JEE y por el JNE<\/strong>\u201c. manifest\u00f3.<\/p>\n\n\n\n<p>Posteriormente,\u00a0<strong>el letrado calific\u00f3 de \u2018litigante malicioso\u2019 a la agrupaci\u00f3n liderada por Keiko Fujimori<\/strong>. Es m\u00e1s, alert\u00f3 de que sus reclamos \u2018entorpecen\u2019 la transferencia del poder, carecen de fundamentos y podr\u00eda configurar como fraude procesal.<\/p>\n\n\n\n<p>\u201cYo litigo hace 43 a\u00f1os en el Poder Judicial del Per\u00fa. Y nunca he visto que se permita eso (recursos de FP) al llamado litigante malicioso, aquel que entorpece el proceso y que presenta recursos sin pruebas.\u00a0Esto\u00a0<strong>es fraude procesal y est\u00e1 sancionado en el C\u00f3digo Penal<\/strong>\u201c, puntualiz\u00f3 en Exitosa.<\/p>\n\n\n\n<figure class=\"wp-block-embed-twitter wp-block-embed is-type-rich is-provider-twitter\"><div class=\"wp-block-embed__wrapper\">\n<blockquote class=\"twitter-tweet\" data-width=\"550\" data-dnt=\"true\"><p lang=\"es\" dir=\"ltr\">\ud83d\udd34\ud83d\udd35El abogado Juli\u00e1n Palac\u00edn (Per\u00fa Libre) advierte que Fuerza Popular busca evitar proclamaci\u00f3n presidencial para que Congreso designe a un presidente que anule las elecciones.<br><br>\ud83d\udcfb \u25ba 95.5 FM<br>\ud83d\udcfa \u25ba 6.1 se\u00f1al abierta<br>\ud83c\udf10 \u25ba <a href=\"https:\/\/t.co\/0omNtmFKQk\">https:\/\/t.co\/0omNtmFKQk<\/a><br>\ud83d\udcf2 \u25ba 940 800 800 <a href=\"https:\/\/t.co\/XOP5KUuSt6\">pic.twitter.com\/XOP5KUuSt6<\/a><\/p>&mdash; Exitosa Noticias (@exitosape) <a href=\"https:\/\/twitter.com\/exitosape\/status\/1405865300231401475?ref_src=twsrc%5Etfw\">June 18, 2021<\/a><\/blockquote><script async src=\"https:\/\/platform.twitter.com\/widgets.js\" charset=\"utf-8\"><\/script>\n<\/div><\/figure>\n\n\n\n<p><strong>Fuente: Exitosa<\/strong><\/p>\n","protected":false},"excerpt":{"rendered":"<p>(Aeronoticias): \u00abEllos quieren que el Congreso nombre un presidente y que este anule las elecciones\u00bb, expres\u00f3 el integrante del equipo t\u00e9cnico de Per\u00fa Libre. En entrevista para Exitosa, el abogado\u00a0Juli\u00e1n Palac\u00edn, integrante del equipo t\u00e9cnico de Per\u00fa Libre, advirti\u00f3 que\u00a0Fuerza Popular, con los pedidos de nulidad de actas de votaci\u00f3n que present\u00f3, busca evitar la [&hellip;]<\/p>\n","protected":false},"author":3,"featured_media":73076,"comment_status":"open","ping_status":"open","sticky":false,"template":"","format":"standard","meta":{"tdm_status":"","tdm_grid_status":"","footnotes":""},"categories":[38,36,8,30],"tags":[1457,1156],"class_list":{"0":"post-73074","1":"post","2":"type-post","3":"status-publish","4":"format-standard","5":"has-post-thumbnail","7":"category-nacionales","8":"category-politica","9":"category-ultimas","10":"category-30","11":"tag-pedrocastillof","12":"tag-perulibre"},"yoast_head":"<!-- This site is optimized with the Yoast SEO plugin v25.1 - https:\/\/yoast.com\/wordpress\/plugins\/seo\/ -->\n<title>Palac\u00edn: Fuerza Popular busca evitar proclamaci\u00f3n presidencial para que Congreso anule elecciones<\/title>\n<meta name=\"description\" content=\"Portal de noticias del Per\u00fa sobre el transporte a\u00e9reo, aviaci\u00f3n, turismo, hoteleria, actualidad.\" \/>\n<meta name=\"robots\" content=\"index, follow, max-snippet:-1, max-image-preview:large, max-video-preview:-1\" \/>\n<link rel=\"canonical\" href=\"https:\/\/aeronoticias.com.pe\/noticiero\/nacionales\/palacin-fuerza-popular-busca-evitar-proclamacion-presidencial-para-que-congreso-anule-elecciones\/\" \/>\n<meta property=\"og:locale\" content=\"es_ES\" \/>\n<meta property=\"og:type\" content=\"article\" \/>\n<meta property=\"og:title\" content=\"Palac\u00edn: Fuerza Popular busca evitar proclamaci\u00f3n presidencial para que Congreso anule elecciones\" \/>\n<meta property=\"og:description\" content=\"Portal de noticias del Per\u00fa sobre el transporte a\u00e9reo, aviaci\u00f3n, turismo, hoteleria, actualidad.\" \/>\n<meta property=\"og:url\" content=\"https:\/\/aeronoticias.com.pe\/noticiero\/nacionales\/palacin-fuerza-popular-busca-evitar-proclamacion-presidencial-para-que-congreso-anule-elecciones\/\" \/>\n<meta property=\"og:site_name\" content=\"Aeronoticias.com.pe\" \/>\n<meta property=\"article:publisher\" content=\"https:\/\/www.facebook.com\/Aeronoticias.com.pe\/\" \/>\n<meta property=\"article:published_time\" content=\"2021-06-18T14:06:18+00:00\" \/>\n<meta property=\"article:modified_time\" content=\"2021-06-18T14:06:25+00:00\" \/>\n<meta property=\"og:image\" content=\"https:\/\/aeronoticias.com.pe\/noticiero\/wp-content\/uploads\/2021\/06\/palacin4.png\" \/>\n\t<meta property=\"og:image:width\" content=\"1200\" \/>\n\t<meta property=\"og:image:height\" content=\"628\" \/>\n\t<meta property=\"og:image:type\" content=\"image\/png\" \/>\n<meta name=\"author\" content=\"Redacci\u00f3n\" \/>\n<meta name=\"twitter:card\" content=\"summary_large_image\" \/>\n<meta name=\"twitter:creator\" content=\"@aeronoticias\" \/>\n<meta name=\"twitter:site\" content=\"@aeronoticias\" \/>\n<meta name=\"twitter:label1\" content=\"Escrito por\" \/>\n\t<meta name=\"twitter:data1\" content=\"Redacci\u00f3n\" \/>\n\t<meta name=\"twitter:label2\" content=\"Tiempo de lectura\" \/>\n\t<meta name=\"twitter:data2\" content=\"2 minutos\" \/>\n<script type=\"application\/ld+json\" class=\"yoast-schema-graph\">{\"@context\":\"https:\/\/schema.org\",\"@graph\":[{\"@type\":\"WebPage\",\"@id\":\"https:\/\/aeronoticias.com.pe\/noticiero\/nacionales\/palacin-fuerza-popular-busca-evitar-proclamacion-presidencial-para-que-congreso-anule-elecciones\/\",\"url\":\"https:\/\/aeronoticias.com.pe\/noticiero\/nacionales\/palacin-fuerza-popular-busca-evitar-proclamacion-presidencial-para-que-congreso-anule-elecciones\/\",\"name\":\"Palac\u00edn: Fuerza Popular busca evitar proclamaci\u00f3n presidencial para que Congreso anule elecciones\",\"isPartOf\":{\"@id\":\"https:\/\/aeronoticias.com.pe\/noticiero\/#website\"},\"primaryImageOfPage\":{\"@id\":\"https:\/\/aeronoticias.com.pe\/noticiero\/nacionales\/palacin-fuerza-popular-busca-evitar-proclamacion-presidencial-para-que-congreso-anule-elecciones\/#primaryimage\"},\"image\":{\"@id\":\"https:\/\/aeronoticias.com.pe\/noticiero\/nacionales\/palacin-fuerza-popular-busca-evitar-proclamacion-presidencial-para-que-congreso-anule-elecciones\/#primaryimage\"},\"thumbnailUrl\":\"https:\/\/aeronoticias.com.pe\/noticiero\/wp-content\/uploads\/2021\/06\/palacin4.png\",\"datePublished\":\"2021-06-18T14:06:18+00:00\",\"dateModified\":\"2021-06-18T14:06:25+00:00\",\"author\":{\"@id\":\"https:\/\/aeronoticias.com.pe\/noticiero\/#\/schema\/person\/16212a617c73f78916b13194154243bd\"},\"description\":\"Portal de noticias del Per\u00fa sobre el transporte a\u00e9reo, aviaci\u00f3n, turismo, hoteleria, actualidad.\",\"breadcrumb\":{\"@id\":\"https:\/\/aeronoticias.com.pe\/noticiero\/nacionales\/palacin-fuerza-popular-busca-evitar-proclamacion-presidencial-para-que-congreso-anule-elecciones\/#breadcrumb\"},\"inLanguage\":\"es\",\"potentialAction\":[{\"@type\":\"ReadAction\",\"target\":[\"https:\/\/aeronoticias.com.pe\/noticiero\/nacionales\/palacin-fuerza-popular-busca-evitar-proclamacion-presidencial-para-que-congreso-anule-elecciones\/\"]}]},{\"@type\":\"ImageObject\",\"inLanguage\":\"es\",\"@id\":\"https:\/\/aeronoticias.com.pe\/noticiero\/nacionales\/palacin-fuerza-popular-busca-evitar-proclamacion-presidencial-para-que-congreso-anule-elecciones\/#primaryimage\",\"url\":\"https:\/\/aeronoticias.com.pe\/noticiero\/wp-content\/uploads\/2021\/06\/palacin4.png\",\"contentUrl\":\"https:\/\/aeronoticias.com.pe\/noticiero\/wp-content\/uploads\/2021\/06\/palacin4.png\",\"width\":1200,\"height\":628},{\"@type\":\"BreadcrumbList\",\"@id\":\"https:\/\/aeronoticias.com.pe\/noticiero\/nacionales\/palacin-fuerza-popular-busca-evitar-proclamacion-presidencial-para-que-congreso-anule-elecciones\/#breadcrumb\",\"itemListElement\":[{\"@type\":\"ListItem\",\"position\":1,\"name\":\"Portada\",\"item\":\"https:\/\/aeronoticias.com.pe\/noticiero\/\"},{\"@type\":\"ListItem\",\"position\":2,\"name\":\"Palac\u00edn: Fuerza Popular busca evitar proclamaci\u00f3n presidencial para que Congreso anule elecciones\"}]},{\"@type\":\"WebSite\",\"@id\":\"https:\/\/aeronoticias.com.pe\/noticiero\/#website\",\"url\":\"https:\/\/aeronoticias.com.pe\/noticiero\/\",\"name\":\"Aeronoticias.com.pe\",\"description\":\"Noticias de tranporte aereo, turismo, hoteles, gastronomia, actualidad, internacional\",\"potentialAction\":[{\"@type\":\"SearchAction\",\"target\":{\"@type\":\"EntryPoint\",\"urlTemplate\":\"https:\/\/aeronoticias.com.pe\/noticiero\/?s={search_term_string}\"},\"query-input\":{\"@type\":\"PropertyValueSpecification\",\"valueRequired\":true,\"valueName\":\"search_term_string\"}}],\"inLanguage\":\"es\"},{\"@type\":\"Person\",\"@id\":\"https:\/\/aeronoticias.com.pe\/noticiero\/#\/schema\/person\/16212a617c73f78916b13194154243bd\",\"name\":\"Redacci\u00f3n\",\"sameAs\":[\"http:\/\/Redacci\u00f3n\"],\"url\":\"https:\/\/aeronoticias.com.pe\/noticiero\/author\/celeste\/\"}]}<\/script>\n<!-- \/ Yoast SEO plugin. -->","yoast_head_json":{"title":"Palac\u00edn: Fuerza Popular busca evitar proclamaci\u00f3n presidencial para que Congreso anule elecciones","description":"Portal de noticias del Per\u00fa sobre el transporte a\u00e9reo, aviaci\u00f3n, turismo, hoteleria, actualidad.","robots":{"index":"index","follow":"follow","max-snippet":"max-snippet:-1","max-image-preview":"max-image-preview:large","max-video-preview":"max-video-preview:-1"},"canonical":"https:\/\/aeronoticias.com.pe\/noticiero\/nacionales\/palacin-fuerza-popular-busca-evitar-proclamacion-presidencial-para-que-congreso-anule-elecciones\/","og_locale":"es_ES","og_type":"article","og_title":"Palac\u00edn: Fuerza Popular busca evitar proclamaci\u00f3n presidencial para que Congreso anule elecciones","og_description":"Portal de noticias del Per\u00fa sobre el transporte a\u00e9reo, aviaci\u00f3n, turismo, hoteleria, actualidad.","og_url":"https:\/\/aeronoticias.com.pe\/noticiero\/nacionales\/palacin-fuerza-popular-busca-evitar-proclamacion-presidencial-para-que-congreso-anule-elecciones\/","og_site_name":"Aeronoticias.com.pe","article_publisher":"https:\/\/www.facebook.com\/Aeronoticias.com.pe\/","article_published_time":"2021-06-18T14:06:18+00:00","article_modified_time":"2021-06-18T14:06:25+00:00","og_image":[{"width":1200,"height":628,"url":"https:\/\/aeronoticias.com.pe\/noticiero\/wp-content\/uploads\/2021\/06\/palacin4.png","type":"image\/png"}],"author":"Redacci\u00f3n","twitter_card":"summary_large_image","twitter_creator":"@aeronoticias","twitter_site":"@aeronoticias","twitter_misc":{"Escrito por":"Redacci\u00f3n","Tiempo de lectura":"2 minutos"},"schema":{"@context":"https:\/\/schema.org","@graph":[{"@type":"WebPage","@id":"https:\/\/aeronoticias.com.pe\/noticiero\/nacionales\/palacin-fuerza-popular-busca-evitar-proclamacion-presidencial-para-que-congreso-anule-elecciones\/","url":"https:\/\/aeronoticias.com.pe\/noticiero\/nacionales\/palacin-fuerza-popular-busca-evitar-proclamacion-presidencial-para-que-congreso-anule-elecciones\/","name":"Palac\u00edn: Fuerza Popular busca evitar proclamaci\u00f3n presidencial para que Congreso anule elecciones","isPartOf":{"@id":"https:\/\/aeronoticias.com.pe\/noticiero\/#website"},"primaryImageOfPage":{"@id":"https:\/\/aeronoticias.com.pe\/noticiero\/nacionales\/palacin-fuerza-popular-busca-evitar-proclamacion-presidencial-para-que-congreso-anule-elecciones\/#primaryimage"},"image":{"@id":"https:\/\/aeronoticias.com.pe\/noticiero\/nacionales\/palacin-fuerza-popular-busca-evitar-proclamacion-presidencial-para-que-congreso-anule-elecciones\/#primaryimage"},"thumbnailUrl":"https:\/\/aeronoticias.com.pe\/noticiero\/wp-content\/uploads\/2021\/06\/palacin4.png","datePublished":"2021-06-18T14:06:18+00:00","dateModified":"2021-06-18T14:06:25+00:00","author":{"@id":"https:\/\/aeronoticias.com.pe\/noticiero\/#\/schema\/person\/16212a617c73f78916b13194154243bd"},"description":"Portal de noticias del Per\u00fa sobre el transporte a\u00e9reo, aviaci\u00f3n, turismo, hoteleria, actualidad.","breadcrumb":{"@id":"https:\/\/aeronoticias.com.pe\/noticiero\/nacionales\/palacin-fuerza-popular-busca-evitar-proclamacion-presidencial-para-que-congreso-anule-elecciones\/#breadcrumb"},"inLanguage":"es","potentialAction":[{"@type":"ReadAction","target":["https:\/\/aeronoticias.com.pe\/noticiero\/nacionales\/palacin-fuerza-popular-busca-evitar-proclamacion-presidencial-para-que-congreso-anule-elecciones\/"]}]},{"@type":"ImageObject","inLanguage":"es","@id":"https:\/\/aeronoticias.com.pe\/noticiero\/nacionales\/palacin-fuerza-popular-busca-evitar-proclamacion-presidencial-para-que-congreso-anule-elecciones\/#primaryimage","url":"https:\/\/aeronoticias.com.pe\/noticiero\/wp-content\/uploads\/2021\/06\/palacin4.png","contentUrl":"https:\/\/aeronoticias.com.pe\/noticiero\/wp-content\/uploads\/2021\/06\/palacin4.png","width":1200,"height":628},{"@type":"BreadcrumbList","@id":"https:\/\/aeronoticias.com.pe\/noticiero\/nacionales\/palacin-fuerza-popular-busca-evitar-proclamacion-presidencial-para-que-congreso-anule-elecciones\/#breadcrumb","itemListElement":[{"@type":"ListItem","position":1,"name":"Portada","item":"https:\/\/aeronoticias.com.pe\/noticiero\/"},{"@type":"ListItem","position":2,"name":"Palac\u00edn: Fuerza Popular busca evitar proclamaci\u00f3n presidencial para que Congreso anule elecciones"}]},{"@type":"WebSite","@id":"https:\/\/aeronoticias.com.pe\/noticiero\/#website","url":"https:\/\/aeronoticias.com.pe\/noticiero\/","name":"Aeronoticias.com.pe","description":"Noticias de tranporte aereo, turismo, hoteles, gastronomia, actualidad, internacional","potentialAction":[{"@type":"SearchAction","target":{"@type":"EntryPoint","urlTemplate":"https:\/\/aeronoticias.com.pe\/noticiero\/?s={search_term_string}"},"query-input":{"@type":"PropertyValueSpecification","valueRequired":true,"valueName":"search_term_string"}}],"inLanguage":"es"},{"@type":"Person","@id":"https:\/\/aeronoticias.com.pe\/noticiero\/#\/schema\/person\/16212a617c73f78916b13194154243bd","name":"Redacci\u00f3n","sameAs":["http:\/\/Redacci\u00f3n"],"url":"https:\/\/aeronoticias.com.pe\/noticiero\/author\/celeste\/"}]}},"_links":{"self":[{"href":"https:\/\/aeronoticias.com.pe\/noticiero\/wp-json\/wp\/v2\/posts\/73074","targetHints":{"allow":["GET"]}}],"collection":[{"href":"https:\/\/aeronoticias.com.pe\/noticiero\/wp-json\/wp\/v2\/posts"}],"about":[{"href":"https:\/\/aeronoticias.com.pe\/noticiero\/wp-json\/wp\/v2\/types\/post"}],"author":[{"embeddable":true,"href":"https:\/\/aeronoticias.com.pe\/noticiero\/wp-json\/wp\/v2\/users\/3"}],"replies":[{"embeddable":true,"href":"https:\/\/aeronoticias.com.pe\/noticiero\/wp-json\/wp\/v2\/comments?post=73074"}],"version-history":[{"count":0,"href":"https:\/\/aeronoticias.com.pe\/noticiero\/wp-json\/wp\/v2\/posts\/73074\/revisions"}],"wp:featuredmedia":[{"embeddable":true,"href":"https:\/\/aeronoticias.com.pe\/noticiero\/wp-json\/wp\/v2\/media\/73076"}],"wp:attachment":[{"href":"https:\/\/aeronoticias.com.pe\/noticiero\/wp-json\/wp\/v2\/media?parent=73074"}],"wp:term":[{"taxonomy":"category","embeddable":true,"href":"https:\/\/aeronoticias.com.pe\/noticiero\/wp-json\/wp\/v2\/categories?post=73074"},{"taxonomy":"post_tag","embeddable":true,"href":"https:\/\/aeronoticias.com.pe\/noticiero\/wp-json\/wp\/v2\/tags?post=73074"}],"curies":[{"name":"wp","href":"https:\/\/api.w.org\/{rel}","templated":true}]}}