{"id":73078,"date":"2021-06-18T10:00:14","date_gmt":"2021-06-18T15:00:14","guid":{"rendered":"https:\/\/aeronoticias.com.pe\/noticiero\/?p=73078"},"modified":"2021-06-18T10:03:56","modified_gmt":"2021-06-18T15:03:56","slug":"julian-palacin-de-peru-libre-yo-confio-en-el-presidente-del-jurado-nacional-de-elecciones","status":"publish","type":"post","link":"https:\/\/aeronoticias.com.pe\/noticiero\/nacionales\/julian-palacin-de-peru-libre-yo-confio-en-el-presidente-del-jurado-nacional-de-elecciones\/","title":{"rendered":"Juli\u00e1n Palac\u00edn, de Per\u00fa Libre: \u201cYo conf\u00edo en el presidente del Jurado Nacional de Elecciones\u201d"},"content":{"rendered":"\n<p><strong>(Aeronoticas)<\/strong>: El abogado\u00a0<a href=\"https:\/\/rpp.pe\/politica\/elecciones\/elecciones-2021-julian-palacin-no-procede-la-nulidad-de-actas-electorales-porque-el-escrutinio-es-irreversible-noticia-1341446\"><strong>Juli\u00e1n Palac\u00edn<\/strong><\/a>, integrante del equipo t\u00e9cnico de Per\u00fa Libre, asegur\u00f3 que conf\u00eda en el presidente del\u00a0<strong>Jurado Nacional de Elecciones<\/strong>\u00a0(<strong>JNE<\/strong>),\u00a0<strong>Jorge Salas Arenas<\/strong>, as\u00ed como en el titular del Jurado Electoral Lima Centro 1, Luis Carrasco Alarc\u00f3n, a fin de que se resuelvan a cabalidad los pedidos de nulidad de actas presentados por Fuerza Popular.<\/p>\n\n\n\n<p>\u201cYo conf\u00edo en el presidente del\u00a0<strong>Jurado Nacional de Elecciones<\/strong>, que es un jurista de trayectoria, y tambi\u00e9n en Luis Carrasco Alarc\u00f3n, que es otro juez superior de trayectoria, honestidad y honorabilidad, que son la reserva moral de esta justicia peruana que no va a ser sorprendida\u201d, manifest\u00f3 a la prensa.<\/p>\n\n\n\n<p>El representante de\u00a0<strong>Per\u00fa Libre<\/strong>\u00a0brind\u00f3 estas declaraciones tras reunirse con el candidato presidencial Pedro Castillo en la casa donde se aloja, en Bre\u00f1a.<\/p>\n\n\n\n<p><a href=\"https:\/\/rpp.pe\/politica\/elecciones\/julian-palacin-de-peru-libre-yo-confio-en-el-presidente-del-jurado-nacional-de-elecciones-noticia-1342769\">https:\/\/rpp.pe\/politica\/elecciones\/julian-palacin-de-peru-libre-yo-confio-en-el-presidente-del-jurado-nacional-de-elecciones-noticia-1342769<\/a><\/p>\n\n\n\n<p><strong>Cuestionamientos<\/strong><\/p>\n\n\n\n<p><strong>Juli\u00e1n Palac\u00edn<\/strong>\u00a0cuestion\u00f3 -sin mencionarlo expl\u00edcitamente- al expresidente del Tribunal Constitucional<strong>\u00a0\u00d3scar Urviola<\/strong>, quien\u00a0<a href=\"https:\/\/rpp.pe\/politica\/elecciones\/elecciones-2021-oscar-urviola-sobre-pedidos-de-nulidad-la-unica-autoridad-competente-y-definitiva-es-el-jne-noticia-1342217?ref=rpp\">fue presentado por Keiko Fujimori como defensor de los votos de Fuerza Popular<\/a>.<\/p>\n\n\n\n<p>El abogado indic\u00f3 que lamenta que \u201csupuestos se\u00f1ores que han estado en el Tribunal Constitucional ahora est\u00e9n expresando inconsistentemente figuras jur\u00eddicas que violan la Constituci\u00f3n\u201d.<\/p>\n\n\n\n<p>En ese sentido, ret\u00f3 al titular del TC a debatir, para demostrar que \u201cle est\u00e1n mintiendo jur\u00eddicamente al pa\u00eds\u201d.<\/p>\n\n\n\n<p><strong>Fuente: Rpp<\/strong><\/p>\n","protected":false},"excerpt":{"rendered":"<p>(Aeronoticas): El abogado\u00a0Juli\u00e1n Palac\u00edn, integrante del equipo t\u00e9cnico de Per\u00fa Libre, asegur\u00f3 que conf\u00eda en el presidente del\u00a0Jurado Nacional de Elecciones\u00a0(JNE),\u00a0Jorge Salas Arenas, as\u00ed como en el titular del Jurado Electoral Lima Centro 1, Luis Carrasco Alarc\u00f3n, a fin de que se resuelvan a cabalidad los pedidos de nulidad de actas presentados por Fuerza Popular. [&hellip;]<\/p>\n","protected":false},"author":3,"featured_media":73080,"comment_status":"open","ping_status":"open","sticky":false,"template":"","format":"standard","meta":{"tdm_status":"","tdm_grid_status":"","footnotes":""},"categories":[38,36,8,30],"tags":[1228,1406,1156,1458],"class_list":{"0":"post-73078","1":"post","2":"type-post","3":"status-publish","4":"format-standard","5":"has-post-thumbnail","7":"category-nacionales","8":"category-politica","9":"category-ultimas","10":"category-30","11":"tag-jne","12":"tag-julianpalacinf","13":"tag-perulibre","14":"tag-temeridadprocesal"},"yoast_head":"<!-- This site is optimized with the Yoast SEO plugin v25.1 - https:\/\/yoast.com\/wordpress\/plugins\/seo\/ -->\n<title>Juli\u00e1n Palac\u00edn, de Per\u00fa Libre: \u201cYo conf\u00edo en el presidente del Jurado Nacional de Elecciones\u201d<\/title>\n<meta name=\"description\" content=\"El abogado, integrante del equipo t\u00e9cnico de Per\u00fa Libre, cuestion\u00f3 -sin mencionarlo expl\u00edcitamente- al expresidente del TC \u00d3scar Urviola por expresar \u201cinconsistentemente figuras jur\u00eddicas que violan la Constituci\u00f3n\u201d.\" \/>\n<meta name=\"robots\" content=\"index, follow, max-snippet:-1, max-image-preview:large, max-video-preview:-1\" \/>\n<link rel=\"canonical\" href=\"https:\/\/aeronoticias.com.pe\/noticiero\/nacionales\/julian-palacin-de-peru-libre-yo-confio-en-el-presidente-del-jurado-nacional-de-elecciones\/\" \/>\n<meta property=\"og:locale\" content=\"es_ES\" \/>\n<meta property=\"og:type\" content=\"article\" \/>\n<meta property=\"og:title\" content=\"Juli\u00e1n Palac\u00edn, de Per\u00fa Libre: \u201cYo conf\u00edo en el presidente del Jurado Nacional de Elecciones\u201d\" \/>\n<meta property=\"og:description\" content=\"El abogado, integrante del equipo t\u00e9cnico de Per\u00fa Libre, cuestion\u00f3 -sin mencionarlo expl\u00edcitamente- al expresidente del TC \u00d3scar Urviola por expresar \u201cinconsistentemente figuras jur\u00eddicas que violan la Constituci\u00f3n\u201d.\" \/>\n<meta property=\"og:url\" content=\"https:\/\/aeronoticias.com.pe\/noticiero\/nacionales\/julian-palacin-de-peru-libre-yo-confio-en-el-presidente-del-jurado-nacional-de-elecciones\/\" \/>\n<meta property=\"og:site_name\" content=\"Aeronoticias.com.pe\" \/>\n<meta property=\"article:publisher\" content=\"https:\/\/www.facebook.com\/Aeronoticias.com.pe\/\" \/>\n<meta property=\"article:published_time\" content=\"2021-06-18T15:00:14+00:00\" \/>\n<meta property=\"article:modified_time\" content=\"2021-06-18T15:03:56+00:00\" \/>\n<meta property=\"og:image\" content=\"https:\/\/aeronoticias.com.pe\/noticiero\/wp-content\/uploads\/2021\/06\/RPP2.jpg\" \/>\n\t<meta property=\"og:image:width\" content=\"800\" \/>\n\t<meta property=\"og:image:height\" content=\"449\" \/>\n\t<meta property=\"og:image:type\" content=\"image\/jpeg\" \/>\n<meta name=\"author\" content=\"Redacci\u00f3n\" \/>\n<meta name=\"twitter:card\" content=\"summary_large_image\" \/>\n<meta name=\"twitter:creator\" content=\"@aeronoticias\" \/>\n<meta name=\"twitter:site\" content=\"@aeronoticias\" \/>\n<meta name=\"twitter:label1\" content=\"Escrito por\" \/>\n\t<meta name=\"twitter:data1\" content=\"Redacci\u00f3n\" \/>\n\t<meta name=\"twitter:label2\" content=\"Tiempo de lectura\" \/>\n\t<meta name=\"twitter:data2\" content=\"1 minuto\" \/>\n<script type=\"application\/ld+json\" class=\"yoast-schema-graph\">{\"@context\":\"https:\/\/schema.org\",\"@graph\":[{\"@type\":\"WebPage\",\"@id\":\"https:\/\/aeronoticias.com.pe\/noticiero\/nacionales\/julian-palacin-de-peru-libre-yo-confio-en-el-presidente-del-jurado-nacional-de-elecciones\/\",\"url\":\"https:\/\/aeronoticias.com.pe\/noticiero\/nacionales\/julian-palacin-de-peru-libre-yo-confio-en-el-presidente-del-jurado-nacional-de-elecciones\/\",\"name\":\"Juli\u00e1n Palac\u00edn, de Per\u00fa Libre: \u201cYo conf\u00edo en el presidente del Jurado Nacional de Elecciones\u201d\",\"isPartOf\":{\"@id\":\"https:\/\/aeronoticias.com.pe\/noticiero\/#website\"},\"primaryImageOfPage\":{\"@id\":\"https:\/\/aeronoticias.com.pe\/noticiero\/nacionales\/julian-palacin-de-peru-libre-yo-confio-en-el-presidente-del-jurado-nacional-de-elecciones\/#primaryimage\"},\"image\":{\"@id\":\"https:\/\/aeronoticias.com.pe\/noticiero\/nacionales\/julian-palacin-de-peru-libre-yo-confio-en-el-presidente-del-jurado-nacional-de-elecciones\/#primaryimage\"},\"thumbnailUrl\":\"https:\/\/aeronoticias.com.pe\/noticiero\/wp-content\/uploads\/2021\/06\/RPP2.jpg\",\"datePublished\":\"2021-06-18T15:00:14+00:00\",\"dateModified\":\"2021-06-18T15:03:56+00:00\",\"author\":{\"@id\":\"https:\/\/aeronoticias.com.pe\/noticiero\/#\/schema\/person\/16212a617c73f78916b13194154243bd\"},\"description\":\"El abogado, integrante del equipo t\u00e9cnico de Per\u00fa Libre, cuestion\u00f3 -sin mencionarlo expl\u00edcitamente- al expresidente del TC \u00d3scar Urviola por expresar \u201cinconsistentemente figuras jur\u00eddicas que violan la Constituci\u00f3n\u201d.\",\"breadcrumb\":{\"@id\":\"https:\/\/aeronoticias.com.pe\/noticiero\/nacionales\/julian-palacin-de-peru-libre-yo-confio-en-el-presidente-del-jurado-nacional-de-elecciones\/#breadcrumb\"},\"inLanguage\":\"es\",\"potentialAction\":[{\"@type\":\"ReadAction\",\"target\":[\"https:\/\/aeronoticias.com.pe\/noticiero\/nacionales\/julian-palacin-de-peru-libre-yo-confio-en-el-presidente-del-jurado-nacional-de-elecciones\/\"]}]},{\"@type\":\"ImageObject\",\"inLanguage\":\"es\",\"@id\":\"https:\/\/aeronoticias.com.pe\/noticiero\/nacionales\/julian-palacin-de-peru-libre-yo-confio-en-el-presidente-del-jurado-nacional-de-elecciones\/#primaryimage\",\"url\":\"https:\/\/aeronoticias.com.pe\/noticiero\/wp-content\/uploads\/2021\/06\/RPP2.jpg\",\"contentUrl\":\"https:\/\/aeronoticias.com.pe\/noticiero\/wp-content\/uploads\/2021\/06\/RPP2.jpg\",\"width\":800,\"height\":449},{\"@type\":\"BreadcrumbList\",\"@id\":\"https:\/\/aeronoticias.com.pe\/noticiero\/nacionales\/julian-palacin-de-peru-libre-yo-confio-en-el-presidente-del-jurado-nacional-de-elecciones\/#breadcrumb\",\"itemListElement\":[{\"@type\":\"ListItem\",\"position\":1,\"name\":\"Portada\",\"item\":\"https:\/\/aeronoticias.com.pe\/noticiero\/\"},{\"@type\":\"ListItem\",\"position\":2,\"name\":\"Juli\u00e1n Palac\u00edn, de Per\u00fa Libre: \u201cYo conf\u00edo en el presidente del Jurado Nacional de Elecciones\u201d\"}]},{\"@type\":\"WebSite\",\"@id\":\"https:\/\/aeronoticias.com.pe\/noticiero\/#website\",\"url\":\"https:\/\/aeronoticias.com.pe\/noticiero\/\",\"name\":\"Aeronoticias.com.pe\",\"description\":\"Noticias de tranporte aereo, turismo, hoteles, gastronomia, actualidad, internacional\",\"potentialAction\":[{\"@type\":\"SearchAction\",\"target\":{\"@type\":\"EntryPoint\",\"urlTemplate\":\"https:\/\/aeronoticias.com.pe\/noticiero\/?s={search_term_string}\"},\"query-input\":{\"@type\":\"PropertyValueSpecification\",\"valueRequired\":true,\"valueName\":\"search_term_string\"}}],\"inLanguage\":\"es\"},{\"@type\":\"Person\",\"@id\":\"https:\/\/aeronoticias.com.pe\/noticiero\/#\/schema\/person\/16212a617c73f78916b13194154243bd\",\"name\":\"Redacci\u00f3n\",\"sameAs\":[\"http:\/\/Redacci\u00f3n\"],\"url\":\"https:\/\/aeronoticias.com.pe\/noticiero\/author\/celeste\/\"}]}<\/script>\n<!-- \/ Yoast SEO plugin. -->","yoast_head_json":{"title":"Juli\u00e1n Palac\u00edn, de Per\u00fa Libre: \u201cYo conf\u00edo en el presidente del Jurado Nacional de Elecciones\u201d","description":"El abogado, integrante del equipo t\u00e9cnico de Per\u00fa Libre, cuestion\u00f3 -sin mencionarlo expl\u00edcitamente- al expresidente del TC \u00d3scar Urviola por expresar \u201cinconsistentemente figuras jur\u00eddicas que violan la Constituci\u00f3n\u201d.","robots":{"index":"index","follow":"follow","max-snippet":"max-snippet:-1","max-image-preview":"max-image-preview:large","max-video-preview":"max-video-preview:-1"},"canonical":"https:\/\/aeronoticias.com.pe\/noticiero\/nacionales\/julian-palacin-de-peru-libre-yo-confio-en-el-presidente-del-jurado-nacional-de-elecciones\/","og_locale":"es_ES","og_type":"article","og_title":"Juli\u00e1n Palac\u00edn, de Per\u00fa Libre: \u201cYo conf\u00edo en el presidente del Jurado Nacional de Elecciones\u201d","og_description":"El abogado, integrante del equipo t\u00e9cnico de Per\u00fa Libre, cuestion\u00f3 -sin mencionarlo expl\u00edcitamente- al expresidente del TC \u00d3scar Urviola por expresar \u201cinconsistentemente figuras jur\u00eddicas que violan la Constituci\u00f3n\u201d.","og_url":"https:\/\/aeronoticias.com.pe\/noticiero\/nacionales\/julian-palacin-de-peru-libre-yo-confio-en-el-presidente-del-jurado-nacional-de-elecciones\/","og_site_name":"Aeronoticias.com.pe","article_publisher":"https:\/\/www.facebook.com\/Aeronoticias.com.pe\/","article_published_time":"2021-06-18T15:00:14+00:00","article_modified_time":"2021-06-18T15:03:56+00:00","og_image":[{"width":800,"height":449,"url":"https:\/\/aeronoticias.com.pe\/noticiero\/wp-content\/uploads\/2021\/06\/RPP2.jpg","type":"image\/jpeg"}],"author":"Redacci\u00f3n","twitter_card":"summary_large_image","twitter_creator":"@aeronoticias","twitter_site":"@aeronoticias","twitter_misc":{"Escrito por":"Redacci\u00f3n","Tiempo de lectura":"1 minuto"},"schema":{"@context":"https:\/\/schema.org","@graph":[{"@type":"WebPage","@id":"https:\/\/aeronoticias.com.pe\/noticiero\/nacionales\/julian-palacin-de-peru-libre-yo-confio-en-el-presidente-del-jurado-nacional-de-elecciones\/","url":"https:\/\/aeronoticias.com.pe\/noticiero\/nacionales\/julian-palacin-de-peru-libre-yo-confio-en-el-presidente-del-jurado-nacional-de-elecciones\/","name":"Juli\u00e1n Palac\u00edn, de Per\u00fa Libre: \u201cYo conf\u00edo en el presidente del Jurado Nacional de Elecciones\u201d","isPartOf":{"@id":"https:\/\/aeronoticias.com.pe\/noticiero\/#website"},"primaryImageOfPage":{"@id":"https:\/\/aeronoticias.com.pe\/noticiero\/nacionales\/julian-palacin-de-peru-libre-yo-confio-en-el-presidente-del-jurado-nacional-de-elecciones\/#primaryimage"},"image":{"@id":"https:\/\/aeronoticias.com.pe\/noticiero\/nacionales\/julian-palacin-de-peru-libre-yo-confio-en-el-presidente-del-jurado-nacional-de-elecciones\/#primaryimage"},"thumbnailUrl":"https:\/\/aeronoticias.com.pe\/noticiero\/wp-content\/uploads\/2021\/06\/RPP2.jpg","datePublished":"2021-06-18T15:00:14+00:00","dateModified":"2021-06-18T15:03:56+00:00","author":{"@id":"https:\/\/aeronoticias.com.pe\/noticiero\/#\/schema\/person\/16212a617c73f78916b13194154243bd"},"description":"El abogado, integrante del equipo t\u00e9cnico de Per\u00fa Libre, cuestion\u00f3 -sin mencionarlo expl\u00edcitamente- al expresidente del TC \u00d3scar Urviola por expresar \u201cinconsistentemente figuras jur\u00eddicas que violan la Constituci\u00f3n\u201d.","breadcrumb":{"@id":"https:\/\/aeronoticias.com.pe\/noticiero\/nacionales\/julian-palacin-de-peru-libre-yo-confio-en-el-presidente-del-jurado-nacional-de-elecciones\/#breadcrumb"},"inLanguage":"es","potentialAction":[{"@type":"ReadAction","target":["https:\/\/aeronoticias.com.pe\/noticiero\/nacionales\/julian-palacin-de-peru-libre-yo-confio-en-el-presidente-del-jurado-nacional-de-elecciones\/"]}]},{"@type":"ImageObject","inLanguage":"es","@id":"https:\/\/aeronoticias.com.pe\/noticiero\/nacionales\/julian-palacin-de-peru-libre-yo-confio-en-el-presidente-del-jurado-nacional-de-elecciones\/#primaryimage","url":"https:\/\/aeronoticias.com.pe\/noticiero\/wp-content\/uploads\/2021\/06\/RPP2.jpg","contentUrl":"https:\/\/aeronoticias.com.pe\/noticiero\/wp-content\/uploads\/2021\/06\/RPP2.jpg","width":800,"height":449},{"@type":"BreadcrumbList","@id":"https:\/\/aeronoticias.com.pe\/noticiero\/nacionales\/julian-palacin-de-peru-libre-yo-confio-en-el-presidente-del-jurado-nacional-de-elecciones\/#breadcrumb","itemListElement":[{"@type":"ListItem","position":1,"name":"Portada","item":"https:\/\/aeronoticias.com.pe\/noticiero\/"},{"@type":"ListItem","position":2,"name":"Juli\u00e1n Palac\u00edn, de Per\u00fa Libre: \u201cYo conf\u00edo en el presidente del Jurado Nacional de Elecciones\u201d"}]},{"@type":"WebSite","@id":"https:\/\/aeronoticias.com.pe\/noticiero\/#website","url":"https:\/\/aeronoticias.com.pe\/noticiero\/","name":"Aeronoticias.com.pe","description":"Noticias de tranporte aereo, turismo, hoteles, gastronomia, actualidad, internacional","potentialAction":[{"@type":"SearchAction","target":{"@type":"EntryPoint","urlTemplate":"https:\/\/aeronoticias.com.pe\/noticiero\/?s={search_term_string}"},"query-input":{"@type":"PropertyValueSpecification","valueRequired":true,"valueName":"search_term_string"}}],"inLanguage":"es"},{"@type":"Person","@id":"https:\/\/aeronoticias.com.pe\/noticiero\/#\/schema\/person\/16212a617c73f78916b13194154243bd","name":"Redacci\u00f3n","sameAs":["http:\/\/Redacci\u00f3n"],"url":"https:\/\/aeronoticias.com.pe\/noticiero\/author\/celeste\/"}]}},"_links":{"self":[{"href":"https:\/\/aeronoticias.com.pe\/noticiero\/wp-json\/wp\/v2\/posts\/73078","targetHints":{"allow":["GET"]}}],"collection":[{"href":"https:\/\/aeronoticias.com.pe\/noticiero\/wp-json\/wp\/v2\/posts"}],"about":[{"href":"https:\/\/aeronoticias.com.pe\/noticiero\/wp-json\/wp\/v2\/types\/post"}],"author":[{"embeddable":true,"href":"https:\/\/aeronoticias.com.pe\/noticiero\/wp-json\/wp\/v2\/users\/3"}],"replies":[{"embeddable":true,"href":"https:\/\/aeronoticias.com.pe\/noticiero\/wp-json\/wp\/v2\/comments?post=73078"}],"version-history":[{"count":0,"href":"https:\/\/aeronoticias.com.pe\/noticiero\/wp-json\/wp\/v2\/posts\/73078\/revisions"}],"wp:featuredmedia":[{"embeddable":true,"href":"https:\/\/aeronoticias.com.pe\/noticiero\/wp-json\/wp\/v2\/media\/73080"}],"wp:attachment":[{"href":"https:\/\/aeronoticias.com.pe\/noticiero\/wp-json\/wp\/v2\/media?parent=73078"}],"wp:term":[{"taxonomy":"category","embeddable":true,"href":"https:\/\/aeronoticias.com.pe\/noticiero\/wp-json\/wp\/v2\/categories?post=73078"},{"taxonomy":"post_tag","embeddable":true,"href":"https:\/\/aeronoticias.com.pe\/noticiero\/wp-json\/wp\/v2\/tags?post=73078"}],"curies":[{"name":"wp","href":"https:\/\/api.w.org\/{rel}","templated":true}]}}