{"id":73091,"date":"2021-06-19T23:52:47","date_gmt":"2021-06-20T04:52:47","guid":{"rendered":"https:\/\/aeronoticias.com.pe\/noticiero\/?p=73091"},"modified":"2021-06-20T12:07:37","modified_gmt":"2021-06-20T17:07:37","slug":"collazos-portocarrero-y-cordova-que-condecoraron-al-fiscal-supremo-destituido-de-los-cuellos-blancos-no-tienen-espacio-en-peru-libre","status":"publish","type":"post","link":"https:\/\/aeronoticias.com.pe\/noticiero\/ultimas\/collazos-portocarrero-y-cordova-que-condecoraron-al-fiscal-supremo-destituido-de-los-cuellos-blancos-no-tienen-espacio-en-peru-libre\/","title":{"rendered":"Collazos, Portocarrero y C\u00f3rdova, que condecoraron al Fiscal Supremo destituido de los \u00abCuellos Blancos\u00bb, no tienen espacio en Per\u00fa Libre"},"content":{"rendered":"\n<p><strong>(Aeronoticias)<\/strong> El periodista Aldo Mari\u00e1tegui public\u00f3 en su Twitter, que el encargado de la Direcci\u00f3n de Econom\u00eda del Colegio de Abogados de Lima, Sergio Oscar Collazos Rom\u00e1n, de la Directiva de Sergio C\u00f3rdova y Mar\u00eda Portocarrero Hidalgo, hasta el d\u00eda de hoy no hacen las Elecciones para la nueva Junta Directiva del CAL y vincul\u00f3 a Collazos con Per\u00fa Libre, dijo el Dr. Walter Ayala, Asesor Legal de Per\u00fa Libre y ex Director de \u00c9tica Profesional del CAL, que renunci\u00f3 cuando Mar\u00eda Portocarrero, Sergio Collazos y Sergio C\u00f3rdova, trataron de blindar al Fiscal Supremo Pedro Chavarry, luego destituido por el Jurado Nacional de Elecciones por pertenecer a los \u00abCuellos Blancos\u00bb.<\/p>\n\n\n\n<p>Debemos recordar, que el representante del gremio y ante el Jurado Nacional de Elecciones se ten\u00eda que designar, luego que la Junta Directiva del CAL, cuyo manejo econ\u00f3mico est\u00e1 a cargo de Collazos, dice Mari\u00e1tegui, \u00abten\u00eda\u00bb que dar los fondos para las Elecciones y tiene raz\u00f3n, se sabotearon las Elecciones porque los apristas iban a perder, seg\u00fan nos informaron fuentes del Comit\u00e9 Electoral del CAL.<\/p>\n\n\n\n<figure class=\"wp-block-image size-large\"><img loading=\"lazy\" decoding=\"async\" width=\"479\" height=\"394\" src=\"https:\/\/aeronoticias.com.pe\/noticiero\/wp-content\/uploads\/2021\/06\/mariateguitwitter.jpg\" alt=\"\" class=\"wp-image-73126\" srcset=\"https:\/\/aeronoticias.com.pe\/noticiero\/wp-content\/uploads\/2021\/06\/mariateguitwitter.jpg 479w, https:\/\/aeronoticias.com.pe\/noticiero\/wp-content\/uploads\/2021\/06\/mariateguitwitter-300x247.jpg 300w, https:\/\/aeronoticias.com.pe\/noticiero\/wp-content\/uploads\/2021\/06\/mariateguitwitter-150x123.jpg 150w\" sizes=\"auto, (max-width: 479px) 100vw, 479px\" \/><figcaption>Fuente: Twitter Aldo Marti\u00e1tegui<\/figcaption><\/figure>\n\n\n\n<p>Fuentes allegadas a Pedro Castillo, nos informaron que en Per\u00fa Libre no hay espacio para la corrupci\u00f3n y ninguno de los miembros de la Junta Directiva del Colegio de Abogados de Lima (CAL) de la gesti\u00f3n irregular de Mar\u00eda Portocarrero, tendr\u00edan posibilidad alguna aunque se infiltren, ya que adem\u00e1s son responsables de perder el local hist\u00f3rico del cuarto piso del CAL del Colegio de Abogados de Lima, fueron sancionados varias veces por Indecopi e interfirieron el Comit\u00e9 Electoral y nunca lo apoyaron con los fondos para la elecci\u00f3n de la nueva Junta Directiva el 30 de noviembre del 2019, fecha en que ten\u00edan que entregar el mandato y tambi\u00e9n sabotearon para favorecer al fujimorismo y al aprismo, la elecci\u00f3n de nuestro representante ante el Jurado Nacional de Elecciones.<\/p>\n\n\n\n<p>Asimismo, en la Pandemia no adquirieron Plantas de Ox\u00edgeno, cerraron el Policl\u00ednico mientras nuestros colegas mor\u00edan de COVID sin apoyo alguno.<\/p>\n\n\n\n<p>Lo m\u00e1s grave es que Mar\u00eda Portocarrero Zamora y su Junta Directiva, condecoraron al Fiscal destituido Pedro Chavarry, adem\u00e1s trataron de blindarlo, lo que habr\u00eda originado la renuncia del Director de \u00c9tica Profesional del CAL, el Abogado Walter Ayala. <a href=\"https:\/\/larepublica.pe\/politica\/1389221-pedro-chavarry-decana-cal-condecoro-chavarry-abril-meritos\/\" target=\"_blank\" rel=\"noreferrer noopener\">Cuando el Colegio de Abogados condecor\u00f3 a Ch\u00e1varry por sus \u00abm\u00e9ritos\u00bb<\/a>.<\/p>\n\n\n\n<p>El sabotaje a las Elecciones del representante del CAL al JNE, se origin\u00f3 porque en las encuestas tres meses antes daban como ganadora al JNE a honorable dirigente gremial del CAL, ex Delegada  Dra. Mercedes Morocho Arias, que no era de la simpat\u00eda del fujiaprismo. En la \u00e9poca, las Elecciones fueron controvertidas, ya que la encuesta publicada en Caretas dec\u00eda que Juli\u00e1n Palacin de Per\u00fa Libre ganaba con el 37%, segundo Villa Stein con 35% y tercero Mar\u00eda Portocarrero con 9%, al final la ONPE que manejaba Jos\u00e9 Luis Cavassa en el escrutinio discutido pas\u00f3 a tercer lugar a Juli\u00e1n Palacin por 40 votos y luego la actual Directiva del CAL condecor\u00f3 a Pedro Chavarry. <a href=\"https:\/\/www.americatv.com.pe\/noticias\/actualidad\/exfuncionario-onpe-jose-luis-cavassa-fue-detenido-esta-madrugada-n332108\" target=\"_blank\" rel=\"noreferrer noopener\">Exfuncionario de la ONPE, Jos\u00e9 Luis Cavassa, fue detenido esta madrugada<\/a><\/p>\n\n\n\n<p>Por \u00faltimo, la revelaci\u00f3n hecha por Aldo Mari\u00e1tegui muestra que Sergio Oscar Collazos Rom\u00e1n, se habr\u00eda infiltrado en Per\u00fa Libre para acercarse, y nos informaron que habr\u00eda llegado de la mano de Sergio C\u00f3rdova del grupo de Mar\u00eda Portocarrero, quienes no tendr\u00e1n ning\u00fan espacio en Per\u00fa Libre.<\/p>\n","protected":false},"excerpt":{"rendered":"<p>(Aeronoticias) El periodista Aldo Mari\u00e1tegui public\u00f3 en su Twitter, que el encargado de la Direcci\u00f3n de Econom\u00eda del Colegio de Abogados de Lima, Sergio Oscar Collazos Rom\u00e1n, de la Directiva de Sergio C\u00f3rdova y Mar\u00eda Portocarrero Hidalgo, hasta el d\u00eda de hoy no hacen las Elecciones para la nueva Junta Directiva del CAL y vincul\u00f3 [&hellip;]<\/p>\n","protected":false},"author":3,"featured_media":73124,"comment_status":"open","ping_status":"open","sticky":false,"template":"","format":"standard","meta":{"tdm_status":"","tdm_grid_status":"","footnotes":""},"categories":[8,30],"tags":[],"class_list":{"0":"post-73091","1":"post","2":"type-post","3":"status-publish","4":"format-standard","5":"has-post-thumbnail","7":"category-ultimas","8":"category-30"},"yoast_head":"<!-- This site is optimized with the Yoast SEO plugin v25.1 - https:\/\/yoast.com\/wordpress\/plugins\/seo\/ -->\n<title>Collazos, Portocarrero y C\u00f3rdova, que condecoraron al Fiscal Supremo destituido de los &quot;Cuellos Blancos&quot;, no tienen espacio en Per\u00fa Libre<\/title>\n<meta name=\"description\" content=\"Walter Ayala dice que Per\u00fa Libre no acepta corruptos, que condecoraron a miembros de los &quot;Cuellos Blancos&quot;.\" \/>\n<meta name=\"robots\" content=\"index, follow, max-snippet:-1, max-image-preview:large, max-video-preview:-1\" \/>\n<link rel=\"canonical\" href=\"https:\/\/aeronoticias.com.pe\/noticiero\/ultimas\/collazos-portocarrero-y-cordova-que-condecoraron-al-fiscal-supremo-destituido-de-los-cuellos-blancos-no-tienen-espacio-en-peru-libre\/\" \/>\n<meta property=\"og:locale\" content=\"es_ES\" \/>\n<meta property=\"og:type\" content=\"article\" \/>\n<meta property=\"og:title\" content=\"Collazos, Portocarrero y C\u00f3rdova, que condecoraron al Fiscal Supremo destituido de los &quot;Cuellos Blancos&quot;, no tienen espacio en Per\u00fa Libre\" \/>\n<meta property=\"og:description\" content=\"Walter Ayala dice que Per\u00fa Libre no acepta corruptos, que condecoraron a miembros de los &quot;Cuellos Blancos&quot;.\" \/>\n<meta property=\"og:url\" content=\"https:\/\/aeronoticias.com.pe\/noticiero\/ultimas\/collazos-portocarrero-y-cordova-que-condecoraron-al-fiscal-supremo-destituido-de-los-cuellos-blancos-no-tienen-espacio-en-peru-libre\/\" \/>\n<meta property=\"og:site_name\" content=\"Aeronoticias.com.pe\" \/>\n<meta property=\"article:publisher\" content=\"https:\/\/www.facebook.com\/Aeronoticias.com.pe\/\" \/>\n<meta property=\"article:published_time\" content=\"2021-06-20T04:52:47+00:00\" \/>\n<meta property=\"article:modified_time\" content=\"2021-06-20T17:07:37+00:00\" \/>\n<meta property=\"og:image\" content=\"https:\/\/aeronoticias.com.pe\/noticiero\/wp-content\/uploads\/2021\/06\/condecoracionchavarrycal.jpg\" \/>\n\t<meta property=\"og:image:width\" content=\"1024\" \/>\n\t<meta property=\"og:image:height\" content=\"420\" \/>\n\t<meta property=\"og:image:type\" content=\"image\/jpeg\" \/>\n<meta name=\"author\" content=\"Redacci\u00f3n\" \/>\n<meta name=\"twitter:card\" content=\"summary_large_image\" \/>\n<meta name=\"twitter:creator\" content=\"@aeronoticias\" \/>\n<meta name=\"twitter:site\" content=\"@aeronoticias\" \/>\n<meta name=\"twitter:label1\" content=\"Escrito por\" \/>\n\t<meta name=\"twitter:data1\" content=\"Redacci\u00f3n\" \/>\n\t<meta name=\"twitter:label2\" content=\"Tiempo de lectura\" \/>\n\t<meta name=\"twitter:data2\" content=\"3 minutos\" \/>\n<script type=\"application\/ld+json\" class=\"yoast-schema-graph\">{\"@context\":\"https:\/\/schema.org\",\"@graph\":[{\"@type\":\"WebPage\",\"@id\":\"https:\/\/aeronoticias.com.pe\/noticiero\/ultimas\/collazos-portocarrero-y-cordova-que-condecoraron-al-fiscal-supremo-destituido-de-los-cuellos-blancos-no-tienen-espacio-en-peru-libre\/\",\"url\":\"https:\/\/aeronoticias.com.pe\/noticiero\/ultimas\/collazos-portocarrero-y-cordova-que-condecoraron-al-fiscal-supremo-destituido-de-los-cuellos-blancos-no-tienen-espacio-en-peru-libre\/\",\"name\":\"Collazos, Portocarrero y C\u00f3rdova, que condecoraron al Fiscal Supremo destituido de los \\\"Cuellos Blancos\\\", no tienen espacio en Per\u00fa Libre\",\"isPartOf\":{\"@id\":\"https:\/\/aeronoticias.com.pe\/noticiero\/#website\"},\"primaryImageOfPage\":{\"@id\":\"https:\/\/aeronoticias.com.pe\/noticiero\/ultimas\/collazos-portocarrero-y-cordova-que-condecoraron-al-fiscal-supremo-destituido-de-los-cuellos-blancos-no-tienen-espacio-en-peru-libre\/#primaryimage\"},\"image\":{\"@id\":\"https:\/\/aeronoticias.com.pe\/noticiero\/ultimas\/collazos-portocarrero-y-cordova-que-condecoraron-al-fiscal-supremo-destituido-de-los-cuellos-blancos-no-tienen-espacio-en-peru-libre\/#primaryimage\"},\"thumbnailUrl\":\"https:\/\/aeronoticias.com.pe\/noticiero\/wp-content\/uploads\/2021\/06\/condecoracionchavarrycal.jpg\",\"datePublished\":\"2021-06-20T04:52:47+00:00\",\"dateModified\":\"2021-06-20T17:07:37+00:00\",\"author\":{\"@id\":\"https:\/\/aeronoticias.com.pe\/noticiero\/#\/schema\/person\/16212a617c73f78916b13194154243bd\"},\"description\":\"Walter Ayala dice que Per\u00fa Libre no acepta corruptos, que condecoraron a miembros de los \\\"Cuellos Blancos\\\".\",\"breadcrumb\":{\"@id\":\"https:\/\/aeronoticias.com.pe\/noticiero\/ultimas\/collazos-portocarrero-y-cordova-que-condecoraron-al-fiscal-supremo-destituido-de-los-cuellos-blancos-no-tienen-espacio-en-peru-libre\/#breadcrumb\"},\"inLanguage\":\"es\",\"potentialAction\":[{\"@type\":\"ReadAction\",\"target\":[\"https:\/\/aeronoticias.com.pe\/noticiero\/ultimas\/collazos-portocarrero-y-cordova-que-condecoraron-al-fiscal-supremo-destituido-de-los-cuellos-blancos-no-tienen-espacio-en-peru-libre\/\"]}]},{\"@type\":\"ImageObject\",\"inLanguage\":\"es\",\"@id\":\"https:\/\/aeronoticias.com.pe\/noticiero\/ultimas\/collazos-portocarrero-y-cordova-que-condecoraron-al-fiscal-supremo-destituido-de-los-cuellos-blancos-no-tienen-espacio-en-peru-libre\/#primaryimage\",\"url\":\"https:\/\/aeronoticias.com.pe\/noticiero\/wp-content\/uploads\/2021\/06\/condecoracionchavarrycal.jpg\",\"contentUrl\":\"https:\/\/aeronoticias.com.pe\/noticiero\/wp-content\/uploads\/2021\/06\/condecoracionchavarrycal.jpg\",\"width\":1024,\"height\":420},{\"@type\":\"BreadcrumbList\",\"@id\":\"https:\/\/aeronoticias.com.pe\/noticiero\/ultimas\/collazos-portocarrero-y-cordova-que-condecoraron-al-fiscal-supremo-destituido-de-los-cuellos-blancos-no-tienen-espacio-en-peru-libre\/#breadcrumb\",\"itemListElement\":[{\"@type\":\"ListItem\",\"position\":1,\"name\":\"Portada\",\"item\":\"https:\/\/aeronoticias.com.pe\/noticiero\/\"},{\"@type\":\"ListItem\",\"position\":2,\"name\":\"Collazos, Portocarrero y C\u00f3rdova, que condecoraron al Fiscal Supremo destituido de los \u00abCuellos Blancos\u00bb, no tienen espacio en Per\u00fa Libre\"}]},{\"@type\":\"WebSite\",\"@id\":\"https:\/\/aeronoticias.com.pe\/noticiero\/#website\",\"url\":\"https:\/\/aeronoticias.com.pe\/noticiero\/\",\"name\":\"Aeronoticias.com.pe\",\"description\":\"Noticias de tranporte aereo, turismo, hoteles, gastronomia, actualidad, internacional\",\"potentialAction\":[{\"@type\":\"SearchAction\",\"target\":{\"@type\":\"EntryPoint\",\"urlTemplate\":\"https:\/\/aeronoticias.com.pe\/noticiero\/?s={search_term_string}\"},\"query-input\":{\"@type\":\"PropertyValueSpecification\",\"valueRequired\":true,\"valueName\":\"search_term_string\"}}],\"inLanguage\":\"es\"},{\"@type\":\"Person\",\"@id\":\"https:\/\/aeronoticias.com.pe\/noticiero\/#\/schema\/person\/16212a617c73f78916b13194154243bd\",\"name\":\"Redacci\u00f3n\",\"sameAs\":[\"http:\/\/Redacci\u00f3n\"],\"url\":\"https:\/\/aeronoticias.com.pe\/noticiero\/author\/celeste\/\"}]}<\/script>\n<!-- \/ Yoast SEO plugin. -->","yoast_head_json":{"title":"Collazos, Portocarrero y C\u00f3rdova, que condecoraron al Fiscal Supremo destituido de los \"Cuellos Blancos\", no tienen espacio en Per\u00fa Libre","description":"Walter Ayala dice que Per\u00fa Libre no acepta corruptos, que condecoraron a miembros de los \"Cuellos Blancos\".","robots":{"index":"index","follow":"follow","max-snippet":"max-snippet:-1","max-image-preview":"max-image-preview:large","max-video-preview":"max-video-preview:-1"},"canonical":"https:\/\/aeronoticias.com.pe\/noticiero\/ultimas\/collazos-portocarrero-y-cordova-que-condecoraron-al-fiscal-supremo-destituido-de-los-cuellos-blancos-no-tienen-espacio-en-peru-libre\/","og_locale":"es_ES","og_type":"article","og_title":"Collazos, Portocarrero y C\u00f3rdova, que condecoraron al Fiscal Supremo destituido de los \"Cuellos Blancos\", no tienen espacio en Per\u00fa Libre","og_description":"Walter Ayala dice que Per\u00fa Libre no acepta corruptos, que condecoraron a miembros de los \"Cuellos Blancos\".","og_url":"https:\/\/aeronoticias.com.pe\/noticiero\/ultimas\/collazos-portocarrero-y-cordova-que-condecoraron-al-fiscal-supremo-destituido-de-los-cuellos-blancos-no-tienen-espacio-en-peru-libre\/","og_site_name":"Aeronoticias.com.pe","article_publisher":"https:\/\/www.facebook.com\/Aeronoticias.com.pe\/","article_published_time":"2021-06-20T04:52:47+00:00","article_modified_time":"2021-06-20T17:07:37+00:00","og_image":[{"width":1024,"height":420,"url":"https:\/\/aeronoticias.com.pe\/noticiero\/wp-content\/uploads\/2021\/06\/condecoracionchavarrycal.jpg","type":"image\/jpeg"}],"author":"Redacci\u00f3n","twitter_card":"summary_large_image","twitter_creator":"@aeronoticias","twitter_site":"@aeronoticias","twitter_misc":{"Escrito por":"Redacci\u00f3n","Tiempo de lectura":"3 minutos"},"schema":{"@context":"https:\/\/schema.org","@graph":[{"@type":"WebPage","@id":"https:\/\/aeronoticias.com.pe\/noticiero\/ultimas\/collazos-portocarrero-y-cordova-que-condecoraron-al-fiscal-supremo-destituido-de-los-cuellos-blancos-no-tienen-espacio-en-peru-libre\/","url":"https:\/\/aeronoticias.com.pe\/noticiero\/ultimas\/collazos-portocarrero-y-cordova-que-condecoraron-al-fiscal-supremo-destituido-de-los-cuellos-blancos-no-tienen-espacio-en-peru-libre\/","name":"Collazos, Portocarrero y C\u00f3rdova, que condecoraron al Fiscal Supremo destituido de los \"Cuellos Blancos\", no tienen espacio en Per\u00fa Libre","isPartOf":{"@id":"https:\/\/aeronoticias.com.pe\/noticiero\/#website"},"primaryImageOfPage":{"@id":"https:\/\/aeronoticias.com.pe\/noticiero\/ultimas\/collazos-portocarrero-y-cordova-que-condecoraron-al-fiscal-supremo-destituido-de-los-cuellos-blancos-no-tienen-espacio-en-peru-libre\/#primaryimage"},"image":{"@id":"https:\/\/aeronoticias.com.pe\/noticiero\/ultimas\/collazos-portocarrero-y-cordova-que-condecoraron-al-fiscal-supremo-destituido-de-los-cuellos-blancos-no-tienen-espacio-en-peru-libre\/#primaryimage"},"thumbnailUrl":"https:\/\/aeronoticias.com.pe\/noticiero\/wp-content\/uploads\/2021\/06\/condecoracionchavarrycal.jpg","datePublished":"2021-06-20T04:52:47+00:00","dateModified":"2021-06-20T17:07:37+00:00","author":{"@id":"https:\/\/aeronoticias.com.pe\/noticiero\/#\/schema\/person\/16212a617c73f78916b13194154243bd"},"description":"Walter Ayala dice que Per\u00fa Libre no acepta corruptos, que condecoraron a miembros de los \"Cuellos Blancos\".","breadcrumb":{"@id":"https:\/\/aeronoticias.com.pe\/noticiero\/ultimas\/collazos-portocarrero-y-cordova-que-condecoraron-al-fiscal-supremo-destituido-de-los-cuellos-blancos-no-tienen-espacio-en-peru-libre\/#breadcrumb"},"inLanguage":"es","potentialAction":[{"@type":"ReadAction","target":["https:\/\/aeronoticias.com.pe\/noticiero\/ultimas\/collazos-portocarrero-y-cordova-que-condecoraron-al-fiscal-supremo-destituido-de-los-cuellos-blancos-no-tienen-espacio-en-peru-libre\/"]}]},{"@type":"ImageObject","inLanguage":"es","@id":"https:\/\/aeronoticias.com.pe\/noticiero\/ultimas\/collazos-portocarrero-y-cordova-que-condecoraron-al-fiscal-supremo-destituido-de-los-cuellos-blancos-no-tienen-espacio-en-peru-libre\/#primaryimage","url":"https:\/\/aeronoticias.com.pe\/noticiero\/wp-content\/uploads\/2021\/06\/condecoracionchavarrycal.jpg","contentUrl":"https:\/\/aeronoticias.com.pe\/noticiero\/wp-content\/uploads\/2021\/06\/condecoracionchavarrycal.jpg","width":1024,"height":420},{"@type":"BreadcrumbList","@id":"https:\/\/aeronoticias.com.pe\/noticiero\/ultimas\/collazos-portocarrero-y-cordova-que-condecoraron-al-fiscal-supremo-destituido-de-los-cuellos-blancos-no-tienen-espacio-en-peru-libre\/#breadcrumb","itemListElement":[{"@type":"ListItem","position":1,"name":"Portada","item":"https:\/\/aeronoticias.com.pe\/noticiero\/"},{"@type":"ListItem","position":2,"name":"Collazos, Portocarrero y C\u00f3rdova, que condecoraron al Fiscal Supremo destituido de los \u00abCuellos Blancos\u00bb, no tienen espacio en Per\u00fa Libre"}]},{"@type":"WebSite","@id":"https:\/\/aeronoticias.com.pe\/noticiero\/#website","url":"https:\/\/aeronoticias.com.pe\/noticiero\/","name":"Aeronoticias.com.pe","description":"Noticias de tranporte aereo, turismo, hoteles, gastronomia, actualidad, internacional","potentialAction":[{"@type":"SearchAction","target":{"@type":"EntryPoint","urlTemplate":"https:\/\/aeronoticias.com.pe\/noticiero\/?s={search_term_string}"},"query-input":{"@type":"PropertyValueSpecification","valueRequired":true,"valueName":"search_term_string"}}],"inLanguage":"es"},{"@type":"Person","@id":"https:\/\/aeronoticias.com.pe\/noticiero\/#\/schema\/person\/16212a617c73f78916b13194154243bd","name":"Redacci\u00f3n","sameAs":["http:\/\/Redacci\u00f3n"],"url":"https:\/\/aeronoticias.com.pe\/noticiero\/author\/celeste\/"}]}},"_links":{"self":[{"href":"https:\/\/aeronoticias.com.pe\/noticiero\/wp-json\/wp\/v2\/posts\/73091","targetHints":{"allow":["GET"]}}],"collection":[{"href":"https:\/\/aeronoticias.com.pe\/noticiero\/wp-json\/wp\/v2\/posts"}],"about":[{"href":"https:\/\/aeronoticias.com.pe\/noticiero\/wp-json\/wp\/v2\/types\/post"}],"author":[{"embeddable":true,"href":"https:\/\/aeronoticias.com.pe\/noticiero\/wp-json\/wp\/v2\/users\/3"}],"replies":[{"embeddable":true,"href":"https:\/\/aeronoticias.com.pe\/noticiero\/wp-json\/wp\/v2\/comments?post=73091"}],"version-history":[{"count":0,"href":"https:\/\/aeronoticias.com.pe\/noticiero\/wp-json\/wp\/v2\/posts\/73091\/revisions"}],"wp:featuredmedia":[{"embeddable":true,"href":"https:\/\/aeronoticias.com.pe\/noticiero\/wp-json\/wp\/v2\/media\/73124"}],"wp:attachment":[{"href":"https:\/\/aeronoticias.com.pe\/noticiero\/wp-json\/wp\/v2\/media?parent=73091"}],"wp:term":[{"taxonomy":"category","embeddable":true,"href":"https:\/\/aeronoticias.com.pe\/noticiero\/wp-json\/wp\/v2\/categories?post=73091"},{"taxonomy":"post_tag","embeddable":true,"href":"https:\/\/aeronoticias.com.pe\/noticiero\/wp-json\/wp\/v2\/tags?post=73091"}],"curies":[{"name":"wp","href":"https:\/\/api.w.org\/{rel}","templated":true}]}}