{"id":7313,"date":"2009-12-05T16:40:00","date_gmt":"2009-12-05T16:40:00","guid":{"rendered":"http:\/\/desarrollo.mcvicious.com\/aero2020\/2009\/12\/05\/debate-sobre-linea-aerea-de-bandera-sera-el-08-de-diciembre-en-radio-san-borja\/"},"modified":"2009-12-05T16:40:00","modified_gmt":"2009-12-05T16:40:00","slug":"debate-sobre-linea-aerea-de-bandera-sera-el-08-de-diciembre-en-radio-san-borja","status":"publish","type":"post","link":"https:\/\/aeronoticias.com.pe\/noticiero\/transporte-aereo\/internacional\/debate-sobre-linea-aerea-de-bandera-sera-el-08-de-diciembre-en-radio-san-borja\/","title":{"rendered":"Debate sobre L\u00ednea A\u00e9rea de bandera, ser\u00e1 el 08 de diciembre en radio San Borja"},"content":{"rendered":"<p align=\"justify\">El esperado programa de Radio San Borja, que usted podr\u00e1 escuchar en directo en <a href=\"http:\/\/www.radiosanborja.com\/\">Radio san Borja<\/a> <a href=\"http:\/\/www.radiosanborja.com\">www.radiosanborja.com<\/a> sobre el Proyecto de Ley aprobado por la Comisi\u00f3n de Transportes del Congreso de la Rep\u00fablica del Per\u00fa sobre la creaci\u00f3n de la L\u00ednea A\u00e9rea de Bandera del Per\u00fa, se llevar\u00e1 a cabo el martes 08 de diciembre, a las 03:30 p.m., a raz\u00f3n de que por razones de fuerza mayor no se realiz\u00f3 el d\u00eda de hoy.<\/p>\n<div style=\"text-align: center\"><img decoding=\"async\" src=\"images\/stories\/piera.jpg\" border=\"0\" \/><\/div>\n<p align=\"justify\">Este prestigioso programa de Radio San Borja, producido por la Licenciada Maria Lafitte y conducido por el Congresista de Acci\u00f3n Popular Yohny Lescano Ancieta, representante de la Regi\u00f3n Puno, y autor del proyecto N\u00ba 3137-2008-CR, presentado por el Grupo parlamentario Alianza Parlamentaria en el 2008, el mismo que se complement\u00f3 con el Proyecto N\u00ba 3519-2009-CR de la Congresista Nacionalista Susana Vilca y que merecieron el dictamen de la Comisi\u00f3n de Transportes del Congreso Peruano, que declara de alto inter\u00e9s p\u00fablico y manifiesta conveniencia nacional la creaci\u00f3n de la L\u00ednea A\u00e9rea de Bandera, o designada del Per\u00fa Aerol\u00edneas del Per\u00fa quien ejercer\u00eda los derechos de tr\u00e1fico, que tiene el Estado peruano como detentador de la soberan\u00eda sobre el espacio a\u00e9reo nacional.<\/p>\n<p align=\"justify\">El invitado a este programa ser\u00e1 el prestigioso jurista Juli\u00e1n Palac\u00edn Fern\u00e1ndez, profesor universitario del Curso de Post Grado en Derecho A\u00e9reo y Espacial de la Unidad de Post Grado de la Universidad Nacional Mayor de San Marcos 1989-1994, ex profesor de Derecho A\u00e9reo y Espacial de la Universidad de Lima, profesor de la Escuela Superior de Guerra A\u00e9rea de la Fuerza A\u00e9rea del Per\u00fa FAP\u00a0en la Molina 2007, presidente del Instituto Peruano de Derecho A\u00e9reo y Presidente de la Comisi\u00f3n Interamericana de Juristas Expertos en Derecho A\u00e9reo y Espacial, y ex presidente de la Corporaci\u00f3n Peruana de Aeropuertos y Aviaci\u00f3n Comercial CORPAC.<\/p>\n<p align=\"justify\">La posici\u00f3n del jurista invitado es conocida ya que fue inclusive consultor externo del proyecto de la Congresista Susana Vilca Achata, y la entrevista permitir\u00e1 a quienes tienen dudas o se oponen a abrir un debate nacional, sobre la necesidad de que el Per\u00fa recupere el ejercicio de su soberan\u00eda aerocomercial en un espacio a\u00e9reo que hoy es dominado por Chile.<\/p>\n<p align=\"justify\"><strong>Aeronoticias<\/strong> recomienda a sus lectores, sintonizar el d\u00eda martes 08 de diciembre a las 03:30 de la tarde\u00a0 Radio San Borja frecuencia 91.1FM, en una entrevista que aclarar\u00e1 los distintos cuestionamientos aeropol\u00edticos que vienen haciendo quienes defienden el cuasi monopolio de LAN y las tarifas exorbitantes en el espacio a\u00e9reo peruano y que ya se vienen pronunciando contra este proyecto hist\u00f3rico que le permitir\u00eda al Per\u00fa \u2013igual que ya lo ha hecho Ecuador con la l\u00ednea TAME, y Argentina con Aerol\u00edneas Argentinas- tener una l\u00ednea a\u00e9rea de Bandera en el caso del Per\u00fa con capitales de las regiones en un 60 por ciento, y 40 por ciento privado para garantizar un r\u00e9gimen de transporte a\u00e9reo de libre competencia y con tarifas a\u00e9reas econ\u00f3micas al alcance de las grandes mayor\u00edas nacionales.<\/p>\n","protected":false},"excerpt":{"rendered":"<p>El esperado programa de Radio San Borja, que usted podr\u00e1 escuchar en directo en Radio san Borja www.radiosanborja.com sobre el Proyecto de Ley aprobado por la Comisi\u00f3n de Transportes del Congreso de la Rep\u00fablica del Per\u00fa sobre la creaci\u00f3n de la L\u00ednea A\u00e9rea de Bandera del Per\u00fa, se llevar\u00e1 a cabo el martes 08 de [&hellip;]<\/p>\n","protected":false},"author":1,"featured_media":0,"comment_status":"open","ping_status":"open","sticky":false,"template":"","format":"standard","meta":{"tdm_status":"","tdm_grid_status":"","footnotes":""},"categories":[32],"tags":[],"class_list":{"0":"post-7313","1":"post","2":"type-post","3":"status-publish","4":"format-standard","6":"category-internacional"},"yoast_head":"<!-- This site is optimized with the Yoast SEO plugin v25.1 - https:\/\/yoast.com\/wordpress\/plugins\/seo\/ -->\n<title>Debate sobre L\u00ednea A\u00e9rea de bandera, ser\u00e1 el 08 de diciembre en radio San Borja<\/title>\n<meta name=\"description\" content=\"Portal de noticias del Per\u00fa sobre el transporte a\u00e9reo, aviaci\u00f3n, turismo, hoteleria, actualidad.\" \/>\n<meta name=\"robots\" content=\"index, follow, max-snippet:-1, max-image-preview:large, max-video-preview:-1\" \/>\n<link rel=\"canonical\" href=\"https:\/\/aeronoticias.com.pe\/noticiero\/transporte-aereo\/internacional\/debate-sobre-linea-aerea-de-bandera-sera-el-08-de-diciembre-en-radio-san-borja\/\" \/>\n<meta property=\"og:locale\" content=\"es_ES\" \/>\n<meta property=\"og:type\" content=\"article\" \/>\n<meta property=\"og:title\" content=\"Debate sobre L\u00ednea A\u00e9rea de bandera, ser\u00e1 el 08 de diciembre en radio San Borja\" \/>\n<meta property=\"og:description\" content=\"Portal de noticias del Per\u00fa sobre el transporte a\u00e9reo, aviaci\u00f3n, turismo, hoteleria, actualidad.\" \/>\n<meta property=\"og:url\" content=\"https:\/\/aeronoticias.com.pe\/noticiero\/transporte-aereo\/internacional\/debate-sobre-linea-aerea-de-bandera-sera-el-08-de-diciembre-en-radio-san-borja\/\" \/>\n<meta property=\"og:site_name\" content=\"Aeronoticias.com.pe\" \/>\n<meta property=\"article:publisher\" content=\"https:\/\/www.facebook.com\/Aeronoticias.com.pe\/\" \/>\n<meta property=\"article:published_time\" content=\"2009-12-05T16:40:00+00:00\" \/>\n<meta name=\"author\" content=\"Redacci\u00f3n Aeronoticias\" \/>\n<meta name=\"twitter:card\" content=\"summary_large_image\" \/>\n<meta name=\"twitter:creator\" content=\"@aeronoticias\" \/>\n<meta name=\"twitter:site\" content=\"@aeronoticias\" \/>\n<meta name=\"twitter:label1\" content=\"Escrito por\" \/>\n\t<meta name=\"twitter:data1\" content=\"Redacci\u00f3n Aeronoticias\" \/>\n\t<meta name=\"twitter:label2\" content=\"Tiempo de lectura\" \/>\n\t<meta name=\"twitter:data2\" content=\"3 minutos\" \/>\n<script type=\"application\/ld+json\" class=\"yoast-schema-graph\">{\"@context\":\"https:\/\/schema.org\",\"@graph\":[{\"@type\":\"WebPage\",\"@id\":\"https:\/\/aeronoticias.com.pe\/noticiero\/transporte-aereo\/internacional\/debate-sobre-linea-aerea-de-bandera-sera-el-08-de-diciembre-en-radio-san-borja\/\",\"url\":\"https:\/\/aeronoticias.com.pe\/noticiero\/transporte-aereo\/internacional\/debate-sobre-linea-aerea-de-bandera-sera-el-08-de-diciembre-en-radio-san-borja\/\",\"name\":\"Debate sobre L\u00ednea A\u00e9rea de bandera, ser\u00e1 el 08 de diciembre en radio San Borja\",\"isPartOf\":{\"@id\":\"https:\/\/aeronoticias.com.pe\/noticiero\/#website\"},\"datePublished\":\"2009-12-05T16:40:00+00:00\",\"author\":{\"@id\":\"https:\/\/aeronoticias.com.pe\/noticiero\/#\/schema\/person\/fc1e5d578f4b62ba1cf7ac2bba1170a0\"},\"description\":\"Portal de noticias del Per\u00fa sobre el transporte a\u00e9reo, aviaci\u00f3n, turismo, hoteleria, actualidad.\",\"breadcrumb\":{\"@id\":\"https:\/\/aeronoticias.com.pe\/noticiero\/transporte-aereo\/internacional\/debate-sobre-linea-aerea-de-bandera-sera-el-08-de-diciembre-en-radio-san-borja\/#breadcrumb\"},\"inLanguage\":\"es\",\"potentialAction\":[{\"@type\":\"ReadAction\",\"target\":[\"https:\/\/aeronoticias.com.pe\/noticiero\/transporte-aereo\/internacional\/debate-sobre-linea-aerea-de-bandera-sera-el-08-de-diciembre-en-radio-san-borja\/\"]}]},{\"@type\":\"BreadcrumbList\",\"@id\":\"https:\/\/aeronoticias.com.pe\/noticiero\/transporte-aereo\/internacional\/debate-sobre-linea-aerea-de-bandera-sera-el-08-de-diciembre-en-radio-san-borja\/#breadcrumb\",\"itemListElement\":[{\"@type\":\"ListItem\",\"position\":1,\"name\":\"Portada\",\"item\":\"https:\/\/aeronoticias.com.pe\/noticiero\/\"},{\"@type\":\"ListItem\",\"position\":2,\"name\":\"Debate sobre L\u00ednea A\u00e9rea de bandera, ser\u00e1 el 08 de diciembre en radio San Borja\"}]},{\"@type\":\"WebSite\",\"@id\":\"https:\/\/aeronoticias.com.pe\/noticiero\/#website\",\"url\":\"https:\/\/aeronoticias.com.pe\/noticiero\/\",\"name\":\"Aeronoticias.com.pe\",\"description\":\"Noticias de tranporte aereo, turismo, hoteles, gastronomia, actualidad, internacional\",\"potentialAction\":[{\"@type\":\"SearchAction\",\"target\":{\"@type\":\"EntryPoint\",\"urlTemplate\":\"https:\/\/aeronoticias.com.pe\/noticiero\/?s={search_term_string}\"},\"query-input\":{\"@type\":\"PropertyValueSpecification\",\"valueRequired\":true,\"valueName\":\"search_term_string\"}}],\"inLanguage\":\"es\"},{\"@type\":\"Person\",\"@id\":\"https:\/\/aeronoticias.com.pe\/noticiero\/#\/schema\/person\/fc1e5d578f4b62ba1cf7ac2bba1170a0\",\"name\":\"Redacci\u00f3n Aeronoticias\",\"url\":\"https:\/\/aeronoticias.com.pe\/noticiero\/author\/piloto\/\"}]}<\/script>\n<!-- \/ Yoast SEO plugin. -->","yoast_head_json":{"title":"Debate sobre L\u00ednea A\u00e9rea de bandera, ser\u00e1 el 08 de diciembre en radio San Borja","description":"Portal de noticias del Per\u00fa sobre el transporte a\u00e9reo, aviaci\u00f3n, turismo, hoteleria, actualidad.","robots":{"index":"index","follow":"follow","max-snippet":"max-snippet:-1","max-image-preview":"max-image-preview:large","max-video-preview":"max-video-preview:-1"},"canonical":"https:\/\/aeronoticias.com.pe\/noticiero\/transporte-aereo\/internacional\/debate-sobre-linea-aerea-de-bandera-sera-el-08-de-diciembre-en-radio-san-borja\/","og_locale":"es_ES","og_type":"article","og_title":"Debate sobre L\u00ednea A\u00e9rea de bandera, ser\u00e1 el 08 de diciembre en radio San Borja","og_description":"Portal de noticias del Per\u00fa sobre el transporte a\u00e9reo, aviaci\u00f3n, turismo, hoteleria, actualidad.","og_url":"https:\/\/aeronoticias.com.pe\/noticiero\/transporte-aereo\/internacional\/debate-sobre-linea-aerea-de-bandera-sera-el-08-de-diciembre-en-radio-san-borja\/","og_site_name":"Aeronoticias.com.pe","article_publisher":"https:\/\/www.facebook.com\/Aeronoticias.com.pe\/","article_published_time":"2009-12-05T16:40:00+00:00","author":"Redacci\u00f3n Aeronoticias","twitter_card":"summary_large_image","twitter_creator":"@aeronoticias","twitter_site":"@aeronoticias","twitter_misc":{"Escrito por":"Redacci\u00f3n Aeronoticias","Tiempo de lectura":"3 minutos"},"schema":{"@context":"https:\/\/schema.org","@graph":[{"@type":"WebPage","@id":"https:\/\/aeronoticias.com.pe\/noticiero\/transporte-aereo\/internacional\/debate-sobre-linea-aerea-de-bandera-sera-el-08-de-diciembre-en-radio-san-borja\/","url":"https:\/\/aeronoticias.com.pe\/noticiero\/transporte-aereo\/internacional\/debate-sobre-linea-aerea-de-bandera-sera-el-08-de-diciembre-en-radio-san-borja\/","name":"Debate sobre L\u00ednea A\u00e9rea de bandera, ser\u00e1 el 08 de diciembre en radio San Borja","isPartOf":{"@id":"https:\/\/aeronoticias.com.pe\/noticiero\/#website"},"datePublished":"2009-12-05T16:40:00+00:00","author":{"@id":"https:\/\/aeronoticias.com.pe\/noticiero\/#\/schema\/person\/fc1e5d578f4b62ba1cf7ac2bba1170a0"},"description":"Portal de noticias del Per\u00fa sobre el transporte a\u00e9reo, aviaci\u00f3n, turismo, hoteleria, actualidad.","breadcrumb":{"@id":"https:\/\/aeronoticias.com.pe\/noticiero\/transporte-aereo\/internacional\/debate-sobre-linea-aerea-de-bandera-sera-el-08-de-diciembre-en-radio-san-borja\/#breadcrumb"},"inLanguage":"es","potentialAction":[{"@type":"ReadAction","target":["https:\/\/aeronoticias.com.pe\/noticiero\/transporte-aereo\/internacional\/debate-sobre-linea-aerea-de-bandera-sera-el-08-de-diciembre-en-radio-san-borja\/"]}]},{"@type":"BreadcrumbList","@id":"https:\/\/aeronoticias.com.pe\/noticiero\/transporte-aereo\/internacional\/debate-sobre-linea-aerea-de-bandera-sera-el-08-de-diciembre-en-radio-san-borja\/#breadcrumb","itemListElement":[{"@type":"ListItem","position":1,"name":"Portada","item":"https:\/\/aeronoticias.com.pe\/noticiero\/"},{"@type":"ListItem","position":2,"name":"Debate sobre L\u00ednea A\u00e9rea de bandera, ser\u00e1 el 08 de diciembre en radio San Borja"}]},{"@type":"WebSite","@id":"https:\/\/aeronoticias.com.pe\/noticiero\/#website","url":"https:\/\/aeronoticias.com.pe\/noticiero\/","name":"Aeronoticias.com.pe","description":"Noticias de tranporte aereo, turismo, hoteles, gastronomia, actualidad, internacional","potentialAction":[{"@type":"SearchAction","target":{"@type":"EntryPoint","urlTemplate":"https:\/\/aeronoticias.com.pe\/noticiero\/?s={search_term_string}"},"query-input":{"@type":"PropertyValueSpecification","valueRequired":true,"valueName":"search_term_string"}}],"inLanguage":"es"},{"@type":"Person","@id":"https:\/\/aeronoticias.com.pe\/noticiero\/#\/schema\/person\/fc1e5d578f4b62ba1cf7ac2bba1170a0","name":"Redacci\u00f3n Aeronoticias","url":"https:\/\/aeronoticias.com.pe\/noticiero\/author\/piloto\/"}]}},"_links":{"self":[{"href":"https:\/\/aeronoticias.com.pe\/noticiero\/wp-json\/wp\/v2\/posts\/7313","targetHints":{"allow":["GET"]}}],"collection":[{"href":"https:\/\/aeronoticias.com.pe\/noticiero\/wp-json\/wp\/v2\/posts"}],"about":[{"href":"https:\/\/aeronoticias.com.pe\/noticiero\/wp-json\/wp\/v2\/types\/post"}],"author":[{"embeddable":true,"href":"https:\/\/aeronoticias.com.pe\/noticiero\/wp-json\/wp\/v2\/users\/1"}],"replies":[{"embeddable":true,"href":"https:\/\/aeronoticias.com.pe\/noticiero\/wp-json\/wp\/v2\/comments?post=7313"}],"version-history":[{"count":0,"href":"https:\/\/aeronoticias.com.pe\/noticiero\/wp-json\/wp\/v2\/posts\/7313\/revisions"}],"wp:attachment":[{"href":"https:\/\/aeronoticias.com.pe\/noticiero\/wp-json\/wp\/v2\/media?parent=7313"}],"wp:term":[{"taxonomy":"category","embeddable":true,"href":"https:\/\/aeronoticias.com.pe\/noticiero\/wp-json\/wp\/v2\/categories?post=7313"},{"taxonomy":"post_tag","embeddable":true,"href":"https:\/\/aeronoticias.com.pe\/noticiero\/wp-json\/wp\/v2\/tags?post=7313"}],"curies":[{"name":"wp","href":"https:\/\/api.w.org\/{rel}","templated":true}]}}