{"id":73136,"date":"2021-06-19T07:46:00","date_gmt":"2021-06-19T12:46:00","guid":{"rendered":"https:\/\/aeronoticias.com.pe\/noticiero\/?p=73136"},"modified":"2021-06-19T23:49:30","modified_gmt":"2021-06-20T04:49:30","slug":"embraer-lanzaria-nuevo-avion-en-2022","status":"publish","type":"post","link":"https:\/\/aeronoticias.com.pe\/noticiero\/transporte-aereo\/embraer-lanzaria-nuevo-avion-en-2022\/","title":{"rendered":"Embraer lanzar\u00eda nuevo avi\u00f3n en 2022"},"content":{"rendered":"\n<p><strong>(Aeronoticias)<\/strong>.- El fabricante brasile\u00f1o\u00a0Embraer\u00a0presentar\u00eda su nuevo avi\u00f3n el pr\u00f3ximo a\u00f1o, un\u00a0turboprop\u00a0que ser\u00eda lanzado\u00a0en 2022, se\u00f1al\u00f3 Arjan Meijer, director general de la compa\u00f1\u00eda.\u00a0<\/p>\n\n\n\n<p>En entrevista con el medio Aviation Week, Meijer se\u00f1al\u00f3 que este nuevo avi\u00f3n contar\u00e1 con una tecnolog\u00eda tradicional en sus motores, es decir que&nbsp;<strong>no estar\u00e1 dise\u00f1ado para recibir biocombustibles<\/strong>, pero que&nbsp;ser\u00e1 utilizado&nbsp;en el futuro como plataforma para probar nuevas tecnolog\u00edas.&nbsp;<\/p>\n\n\n\n<p>\u201cSer\u00e1 un turboprop de entre\u00a0<strong>70 y 90 asientos<\/strong>, por lo que tendr\u00e1 un buen tama\u00f1o. Tendr\u00e1 un motor tradicional y\u00a0<strong>quiz\u00e1s podr\u00e1 ser impulsado con distintas fuentes de energ\u00eda en el futuro<\/strong>, tal vez con base en los combustibles sostenibles de aviaci\u00f3n u otras tecnolog\u00edas\u201d, dijo.\u00a0<\/p>\n\n\n\n<p>El a\u00f1o pasado, Embraer mostr\u00f3 los primeros dise\u00f1os conceptuales de su nuevo avi\u00f3n turboprop. De lanzarlo, ser\u00eda el regreso de la compa\u00f1\u00eda brasile\u00f1a al ensamblaje de aviones con h\u00e9lices;&nbsp;<strong>el \u00faltimo fue el EMB-120 Brasilia<\/strong>, introducido en 1985.&nbsp;<\/p>\n\n\n\n<p>Asimismo, Meijer se\u00f1al\u00f3 que est\u00e1n trabajando para que este avi\u00f3n pueda ser, en el futuro,&nbsp;<strong>compatible con nuevas tecnolog\u00edas de electrificaci\u00f3n, e incluso ser impulsado mediante hidr\u00f3geno.<\/strong><\/p>\n\n\n\n<p>Fuente: <strong><em>A21<\/em><\/strong>.<\/p>\n","protected":false},"excerpt":{"rendered":"<p>(Aeronoticias).- El fabricante brasile\u00f1o\u00a0Embraer\u00a0presentar\u00eda su nuevo avi\u00f3n el pr\u00f3ximo a\u00f1o, un\u00a0turboprop\u00a0que ser\u00eda lanzado\u00a0en 2022, se\u00f1al\u00f3 Arjan Meijer, director general de la compa\u00f1\u00eda.\u00a0 En entrevista con el medio Aviation Week, Meijer se\u00f1al\u00f3 que este nuevo avi\u00f3n contar\u00e1 con una tecnolog\u00eda tradicional en sus motores, es decir que&nbsp;no estar\u00e1 dise\u00f1ado para recibir biocombustibles, pero que&nbsp;ser\u00e1 utilizado&nbsp;en el [&hellip;]<\/p>\n","protected":false},"author":4,"featured_media":73138,"comment_status":"open","ping_status":"open","sticky":false,"template":"","format":"standard","meta":{"tdm_status":"","tdm_grid_status":"","footnotes":""},"categories":[32,11],"tags":[163,196],"class_list":{"0":"post-73136","1":"post","2":"type-post","3":"status-publish","4":"format-standard","5":"has-post-thumbnail","7":"category-internacional","8":"category-transporte-aereo","9":"tag-coronavirus","10":"tag-embraer"},"yoast_head":"<!-- This site is optimized with the Yoast SEO plugin v25.1 - https:\/\/yoast.com\/wordpress\/plugins\/seo\/ -->\n<title>Embraer lanzar\u00eda nuevo avi\u00f3n en 2022<\/title>\n<meta name=\"description\" content=\"Portal de noticias del Per\u00fa sobre el transporte a\u00e9reo, aviaci\u00f3n, turismo, hoteleria, actualidad.\" \/>\n<meta name=\"robots\" content=\"index, follow, max-snippet:-1, max-image-preview:large, max-video-preview:-1\" \/>\n<link rel=\"canonical\" href=\"https:\/\/aeronoticias.com.pe\/noticiero\/transporte-aereo\/embraer-lanzaria-nuevo-avion-en-2022\/\" \/>\n<meta property=\"og:locale\" content=\"es_ES\" \/>\n<meta property=\"og:type\" content=\"article\" \/>\n<meta property=\"og:title\" content=\"Embraer lanzar\u00eda nuevo avi\u00f3n en 2022\" \/>\n<meta property=\"og:description\" content=\"Portal de noticias del Per\u00fa sobre el transporte a\u00e9reo, aviaci\u00f3n, turismo, hoteleria, actualidad.\" \/>\n<meta property=\"og:url\" content=\"https:\/\/aeronoticias.com.pe\/noticiero\/transporte-aereo\/embraer-lanzaria-nuevo-avion-en-2022\/\" \/>\n<meta property=\"og:site_name\" content=\"Aeronoticias.com.pe\" \/>\n<meta property=\"article:publisher\" content=\"https:\/\/www.facebook.com\/Aeronoticias.com.pe\/\" \/>\n<meta property=\"article:published_time\" content=\"2021-06-19T12:46:00+00:00\" \/>\n<meta property=\"article:modified_time\" content=\"2021-06-20T04:49:30+00:00\" \/>\n<meta property=\"og:image\" content=\"https:\/\/aeronoticias.com.pe\/noticiero\/wp-content\/uploads\/2021\/06\/Embraer-portada-1.png\" \/>\n\t<meta property=\"og:image:width\" content=\"1159\" \/>\n\t<meta property=\"og:image:height\" content=\"651\" \/>\n\t<meta property=\"og:image:type\" content=\"image\/png\" \/>\n<meta name=\"author\" content=\"Jefrey Cuya\" \/>\n<meta name=\"twitter:card\" content=\"summary_large_image\" \/>\n<meta name=\"twitter:creator\" content=\"@aeronoticias\" \/>\n<meta name=\"twitter:site\" content=\"@aeronoticias\" \/>\n<meta name=\"twitter:label1\" content=\"Escrito por\" \/>\n\t<meta name=\"twitter:data1\" content=\"Jefrey Cuya\" \/>\n\t<meta name=\"twitter:label2\" content=\"Tiempo de lectura\" \/>\n\t<meta name=\"twitter:data2\" content=\"1 minuto\" \/>\n<script type=\"application\/ld+json\" class=\"yoast-schema-graph\">{\"@context\":\"https:\/\/schema.org\",\"@graph\":[{\"@type\":\"WebPage\",\"@id\":\"https:\/\/aeronoticias.com.pe\/noticiero\/transporte-aereo\/embraer-lanzaria-nuevo-avion-en-2022\/\",\"url\":\"https:\/\/aeronoticias.com.pe\/noticiero\/transporte-aereo\/embraer-lanzaria-nuevo-avion-en-2022\/\",\"name\":\"Embraer lanzar\u00eda nuevo avi\u00f3n en 2022\",\"isPartOf\":{\"@id\":\"https:\/\/aeronoticias.com.pe\/noticiero\/#website\"},\"primaryImageOfPage\":{\"@id\":\"https:\/\/aeronoticias.com.pe\/noticiero\/transporte-aereo\/embraer-lanzaria-nuevo-avion-en-2022\/#primaryimage\"},\"image\":{\"@id\":\"https:\/\/aeronoticias.com.pe\/noticiero\/transporte-aereo\/embraer-lanzaria-nuevo-avion-en-2022\/#primaryimage\"},\"thumbnailUrl\":\"https:\/\/aeronoticias.com.pe\/noticiero\/wp-content\/uploads\/2021\/06\/Embraer-portada-1.png\",\"datePublished\":\"2021-06-19T12:46:00+00:00\",\"dateModified\":\"2021-06-20T04:49:30+00:00\",\"author\":{\"@id\":\"https:\/\/aeronoticias.com.pe\/noticiero\/#\/schema\/person\/9ef7422a13b22ab480ffc29639f442b0\"},\"description\":\"Portal de noticias del Per\u00fa sobre el transporte a\u00e9reo, aviaci\u00f3n, turismo, hoteleria, actualidad.\",\"breadcrumb\":{\"@id\":\"https:\/\/aeronoticias.com.pe\/noticiero\/transporte-aereo\/embraer-lanzaria-nuevo-avion-en-2022\/#breadcrumb\"},\"inLanguage\":\"es\",\"potentialAction\":[{\"@type\":\"ReadAction\",\"target\":[\"https:\/\/aeronoticias.com.pe\/noticiero\/transporte-aereo\/embraer-lanzaria-nuevo-avion-en-2022\/\"]}]},{\"@type\":\"ImageObject\",\"inLanguage\":\"es\",\"@id\":\"https:\/\/aeronoticias.com.pe\/noticiero\/transporte-aereo\/embraer-lanzaria-nuevo-avion-en-2022\/#primaryimage\",\"url\":\"https:\/\/aeronoticias.com.pe\/noticiero\/wp-content\/uploads\/2021\/06\/Embraer-portada-1.png\",\"contentUrl\":\"https:\/\/aeronoticias.com.pe\/noticiero\/wp-content\/uploads\/2021\/06\/Embraer-portada-1.png\",\"width\":1159,\"height\":651},{\"@type\":\"BreadcrumbList\",\"@id\":\"https:\/\/aeronoticias.com.pe\/noticiero\/transporte-aereo\/embraer-lanzaria-nuevo-avion-en-2022\/#breadcrumb\",\"itemListElement\":[{\"@type\":\"ListItem\",\"position\":1,\"name\":\"Portada\",\"item\":\"https:\/\/aeronoticias.com.pe\/noticiero\/\"},{\"@type\":\"ListItem\",\"position\":2,\"name\":\"Embraer lanzar\u00eda nuevo avi\u00f3n en 2022\"}]},{\"@type\":\"WebSite\",\"@id\":\"https:\/\/aeronoticias.com.pe\/noticiero\/#website\",\"url\":\"https:\/\/aeronoticias.com.pe\/noticiero\/\",\"name\":\"Aeronoticias.com.pe\",\"description\":\"Noticias de tranporte aereo, turismo, hoteles, gastronomia, actualidad, internacional\",\"potentialAction\":[{\"@type\":\"SearchAction\",\"target\":{\"@type\":\"EntryPoint\",\"urlTemplate\":\"https:\/\/aeronoticias.com.pe\/noticiero\/?s={search_term_string}\"},\"query-input\":{\"@type\":\"PropertyValueSpecification\",\"valueRequired\":true,\"valueName\":\"search_term_string\"}}],\"inLanguage\":\"es\"},{\"@type\":\"Person\",\"@id\":\"https:\/\/aeronoticias.com.pe\/noticiero\/#\/schema\/person\/9ef7422a13b22ab480ffc29639f442b0\",\"name\":\"Jefrey Cuya\",\"url\":\"https:\/\/aeronoticias.com.pe\/noticiero\/author\/jefreycuya\/\"}]}<\/script>\n<!-- \/ Yoast SEO plugin. -->","yoast_head_json":{"title":"Embraer lanzar\u00eda nuevo avi\u00f3n en 2022","description":"Portal de noticias del Per\u00fa sobre el transporte a\u00e9reo, aviaci\u00f3n, turismo, hoteleria, actualidad.","robots":{"index":"index","follow":"follow","max-snippet":"max-snippet:-1","max-image-preview":"max-image-preview:large","max-video-preview":"max-video-preview:-1"},"canonical":"https:\/\/aeronoticias.com.pe\/noticiero\/transporte-aereo\/embraer-lanzaria-nuevo-avion-en-2022\/","og_locale":"es_ES","og_type":"article","og_title":"Embraer lanzar\u00eda nuevo avi\u00f3n en 2022","og_description":"Portal de noticias del Per\u00fa sobre el transporte a\u00e9reo, aviaci\u00f3n, turismo, hoteleria, actualidad.","og_url":"https:\/\/aeronoticias.com.pe\/noticiero\/transporte-aereo\/embraer-lanzaria-nuevo-avion-en-2022\/","og_site_name":"Aeronoticias.com.pe","article_publisher":"https:\/\/www.facebook.com\/Aeronoticias.com.pe\/","article_published_time":"2021-06-19T12:46:00+00:00","article_modified_time":"2021-06-20T04:49:30+00:00","og_image":[{"width":1159,"height":651,"url":"https:\/\/aeronoticias.com.pe\/noticiero\/wp-content\/uploads\/2021\/06\/Embraer-portada-1.png","type":"image\/png"}],"author":"Jefrey Cuya","twitter_card":"summary_large_image","twitter_creator":"@aeronoticias","twitter_site":"@aeronoticias","twitter_misc":{"Escrito por":"Jefrey Cuya","Tiempo de lectura":"1 minuto"},"schema":{"@context":"https:\/\/schema.org","@graph":[{"@type":"WebPage","@id":"https:\/\/aeronoticias.com.pe\/noticiero\/transporte-aereo\/embraer-lanzaria-nuevo-avion-en-2022\/","url":"https:\/\/aeronoticias.com.pe\/noticiero\/transporte-aereo\/embraer-lanzaria-nuevo-avion-en-2022\/","name":"Embraer lanzar\u00eda nuevo avi\u00f3n en 2022","isPartOf":{"@id":"https:\/\/aeronoticias.com.pe\/noticiero\/#website"},"primaryImageOfPage":{"@id":"https:\/\/aeronoticias.com.pe\/noticiero\/transporte-aereo\/embraer-lanzaria-nuevo-avion-en-2022\/#primaryimage"},"image":{"@id":"https:\/\/aeronoticias.com.pe\/noticiero\/transporte-aereo\/embraer-lanzaria-nuevo-avion-en-2022\/#primaryimage"},"thumbnailUrl":"https:\/\/aeronoticias.com.pe\/noticiero\/wp-content\/uploads\/2021\/06\/Embraer-portada-1.png","datePublished":"2021-06-19T12:46:00+00:00","dateModified":"2021-06-20T04:49:30+00:00","author":{"@id":"https:\/\/aeronoticias.com.pe\/noticiero\/#\/schema\/person\/9ef7422a13b22ab480ffc29639f442b0"},"description":"Portal de noticias del Per\u00fa sobre el transporte a\u00e9reo, aviaci\u00f3n, turismo, hoteleria, actualidad.","breadcrumb":{"@id":"https:\/\/aeronoticias.com.pe\/noticiero\/transporte-aereo\/embraer-lanzaria-nuevo-avion-en-2022\/#breadcrumb"},"inLanguage":"es","potentialAction":[{"@type":"ReadAction","target":["https:\/\/aeronoticias.com.pe\/noticiero\/transporte-aereo\/embraer-lanzaria-nuevo-avion-en-2022\/"]}]},{"@type":"ImageObject","inLanguage":"es","@id":"https:\/\/aeronoticias.com.pe\/noticiero\/transporte-aereo\/embraer-lanzaria-nuevo-avion-en-2022\/#primaryimage","url":"https:\/\/aeronoticias.com.pe\/noticiero\/wp-content\/uploads\/2021\/06\/Embraer-portada-1.png","contentUrl":"https:\/\/aeronoticias.com.pe\/noticiero\/wp-content\/uploads\/2021\/06\/Embraer-portada-1.png","width":1159,"height":651},{"@type":"BreadcrumbList","@id":"https:\/\/aeronoticias.com.pe\/noticiero\/transporte-aereo\/embraer-lanzaria-nuevo-avion-en-2022\/#breadcrumb","itemListElement":[{"@type":"ListItem","position":1,"name":"Portada","item":"https:\/\/aeronoticias.com.pe\/noticiero\/"},{"@type":"ListItem","position":2,"name":"Embraer lanzar\u00eda nuevo avi\u00f3n en 2022"}]},{"@type":"WebSite","@id":"https:\/\/aeronoticias.com.pe\/noticiero\/#website","url":"https:\/\/aeronoticias.com.pe\/noticiero\/","name":"Aeronoticias.com.pe","description":"Noticias de tranporte aereo, turismo, hoteles, gastronomia, actualidad, internacional","potentialAction":[{"@type":"SearchAction","target":{"@type":"EntryPoint","urlTemplate":"https:\/\/aeronoticias.com.pe\/noticiero\/?s={search_term_string}"},"query-input":{"@type":"PropertyValueSpecification","valueRequired":true,"valueName":"search_term_string"}}],"inLanguage":"es"},{"@type":"Person","@id":"https:\/\/aeronoticias.com.pe\/noticiero\/#\/schema\/person\/9ef7422a13b22ab480ffc29639f442b0","name":"Jefrey Cuya","url":"https:\/\/aeronoticias.com.pe\/noticiero\/author\/jefreycuya\/"}]}},"_links":{"self":[{"href":"https:\/\/aeronoticias.com.pe\/noticiero\/wp-json\/wp\/v2\/posts\/73136","targetHints":{"allow":["GET"]}}],"collection":[{"href":"https:\/\/aeronoticias.com.pe\/noticiero\/wp-json\/wp\/v2\/posts"}],"about":[{"href":"https:\/\/aeronoticias.com.pe\/noticiero\/wp-json\/wp\/v2\/types\/post"}],"author":[{"embeddable":true,"href":"https:\/\/aeronoticias.com.pe\/noticiero\/wp-json\/wp\/v2\/users\/4"}],"replies":[{"embeddable":true,"href":"https:\/\/aeronoticias.com.pe\/noticiero\/wp-json\/wp\/v2\/comments?post=73136"}],"version-history":[{"count":0,"href":"https:\/\/aeronoticias.com.pe\/noticiero\/wp-json\/wp\/v2\/posts\/73136\/revisions"}],"wp:featuredmedia":[{"embeddable":true,"href":"https:\/\/aeronoticias.com.pe\/noticiero\/wp-json\/wp\/v2\/media\/73138"}],"wp:attachment":[{"href":"https:\/\/aeronoticias.com.pe\/noticiero\/wp-json\/wp\/v2\/media?parent=73136"}],"wp:term":[{"taxonomy":"category","embeddable":true,"href":"https:\/\/aeronoticias.com.pe\/noticiero\/wp-json\/wp\/v2\/categories?post=73136"},{"taxonomy":"post_tag","embeddable":true,"href":"https:\/\/aeronoticias.com.pe\/noticiero\/wp-json\/wp\/v2\/tags?post=73136"}],"curies":[{"name":"wp","href":"https:\/\/api.w.org\/{rel}","templated":true}]}}