{"id":73190,"date":"2021-06-21T07:02:00","date_gmt":"2021-06-21T12:02:00","guid":{"rendered":"https:\/\/aeronoticias.com.pe\/noticiero\/?p=73190"},"modified":"2021-06-21T10:06:19","modified_gmt":"2021-06-21T15:06:19","slug":"japon-entra-a-la-carrera-supersonica","status":"publish","type":"post","link":"https:\/\/aeronoticias.com.pe\/noticiero\/transporte-aereo\/japon-entra-a-la-carrera-supersonica\/","title":{"rendered":"Jap\u00f3n entra a la carrera supers\u00f3nica"},"content":{"rendered":"\n<p><strong>(Aeronoticias)<\/strong>.-La\u00a0Agencia\u00a0Japonesa\u00a0de\u00a0Exploraci\u00f3n\u00a0Aeroespacial\u00a0(JAXA) form\u00f3 el\u00a0Consejo\u00a0de Investigaci\u00f3n\u00a0Supers\u00f3nica\u00a0de\u00a0Jap\u00f3n\u00a0(JSR), que, junto a compa\u00f1\u00edas e instituciones aeroespaciales, investigar\u00e1 y desarrollar\u00e1 un nuevo avi\u00f3n supers\u00f3nico que entrar\u00e1 en servicio en 2030.<\/p>\n\n\n\n<p>Entre las compa\u00f1\u00edas participantes se encuentran la Asociaci\u00f3n de Desarrollo de Aeronaves de Jap\u00f3n (<strong>JADC<\/strong>), la Asociaci\u00f3n de Exploraci\u00f3n Aeroespacial de Jap\u00f3n (<strong>SJAC<\/strong>), Mitsubishi Heavy Industries, Kawasaki Heavy Industries, SUBARU Corporation e IHI.<\/p>\n\n\n\n<p>El objetivo principal del Consejo es\u00a0<strong>delinear<\/strong>\u00a0una ruta t\u00e9cnica, mostrar los beneficios de estas aeronaves y profundizar en el desarrollo de tecnologia.<\/p>\n\n\n\n<p>De acuerdo con&nbsp;<strong>JAXA<\/strong>, su prototipo cuenta con capacidad para entre 30 y 50 pasajeros, con capacidad para despegar con un peso m\u00e1ximo de setenta toneladas. Tiene una longitud de&nbsp;<strong>47.8<\/strong>&nbsp;metros, en una configuraci\u00f3n de alas delta.<\/p>\n\n\n\n<p>El alcance ser\u00eda de unas 3.500 millas n\u00e1uticas.&nbsp; Se espera que este tipo de aviones supers\u00f3nicos reduzcan el tiempo de los vuelos a la mitad. Por ejemplo, un viaje de Jap\u00f3n a Estados Unidos podr\u00eda completarse en aproximadamente seis horas, en vez de las m\u00e1s de 12 horas que tarda en un vuelo convencional.&nbsp;<\/p>\n\n\n\n<p><strong>JAXA<\/strong>&nbsp;dice que desde 2005 ha experimentado con tecnolog\u00eda para reducir la resistencia del aire y mejorar la eficiencia de combustible en las aeronaves, adem\u00e1s de que ha trabajado en reducir el boom s\u00f3nico.<\/p>\n\n\n\n<p>\u201cAl demostrar esta tecnolog\u00eda en vuelo, contribuiremos a la formulaci\u00f3n de est\u00e1ndares internacionales establecidos por la Organizaci\u00f3n de Aviaci\u00f3n Civil Internacional\u201d, indic\u00f3 la Agencia.<\/p>\n\n\n\n<p>Fuente: <strong><em>A21<\/em><\/strong>.<\/p>\n","protected":false},"excerpt":{"rendered":"<p>(Aeronoticias).-La\u00a0Agencia\u00a0Japonesa\u00a0de\u00a0Exploraci\u00f3n\u00a0Aeroespacial\u00a0(JAXA) form\u00f3 el\u00a0Consejo\u00a0de Investigaci\u00f3n\u00a0Supers\u00f3nica\u00a0de\u00a0Jap\u00f3n\u00a0(JSR), que, junto a compa\u00f1\u00edas e instituciones aeroespaciales, investigar\u00e1 y desarrollar\u00e1 un nuevo avi\u00f3n supers\u00f3nico que entrar\u00e1 en servicio en 2030. Entre las compa\u00f1\u00edas participantes se encuentran la Asociaci\u00f3n de Desarrollo de Aeronaves de Jap\u00f3n (JADC), la Asociaci\u00f3n de Exploraci\u00f3n Aeroespacial de Jap\u00f3n (SJAC), Mitsubishi Heavy Industries, Kawasaki Heavy Industries, SUBARU Corporation [&hellip;]<\/p>\n","protected":false},"author":4,"featured_media":73191,"comment_status":"open","ping_status":"open","sticky":false,"template":"","format":"standard","meta":{"tdm_status":"","tdm_grid_status":"","footnotes":""},"categories":[32,11],"tags":[163],"class_list":{"0":"post-73190","1":"post","2":"type-post","3":"status-publish","4":"format-standard","5":"has-post-thumbnail","7":"category-internacional","8":"category-transporte-aereo","9":"tag-coronavirus"},"yoast_head":"<!-- This site is optimized with the Yoast SEO plugin v25.1 - https:\/\/yoast.com\/wordpress\/plugins\/seo\/ -->\n<title>Jap\u00f3n entra a la carrera supers\u00f3nica<\/title>\n<meta name=\"description\" content=\"Portal de noticias del Per\u00fa sobre el transporte a\u00e9reo, aviaci\u00f3n, turismo, hoteleria, actualidad.\" \/>\n<meta name=\"robots\" content=\"index, follow, max-snippet:-1, max-image-preview:large, max-video-preview:-1\" \/>\n<link rel=\"canonical\" href=\"https:\/\/aeronoticias.com.pe\/noticiero\/transporte-aereo\/japon-entra-a-la-carrera-supersonica\/\" \/>\n<meta property=\"og:locale\" content=\"es_ES\" \/>\n<meta property=\"og:type\" content=\"article\" \/>\n<meta property=\"og:title\" content=\"Jap\u00f3n entra a la carrera supers\u00f3nica\" \/>\n<meta property=\"og:description\" content=\"Portal de noticias del Per\u00fa sobre el transporte a\u00e9reo, aviaci\u00f3n, turismo, hoteleria, actualidad.\" \/>\n<meta property=\"og:url\" content=\"https:\/\/aeronoticias.com.pe\/noticiero\/transporte-aereo\/japon-entra-a-la-carrera-supersonica\/\" \/>\n<meta property=\"og:site_name\" content=\"Aeronoticias.com.pe\" \/>\n<meta property=\"article:publisher\" content=\"https:\/\/www.facebook.com\/Aeronoticias.com.pe\/\" \/>\n<meta property=\"article:published_time\" content=\"2021-06-21T12:02:00+00:00\" \/>\n<meta property=\"article:modified_time\" content=\"2021-06-21T15:06:19+00:00\" \/>\n<meta property=\"og:image\" content=\"https:\/\/aeronoticias.com.pe\/noticiero\/wp-content\/uploads\/2021\/06\/JAXA.jpg\" \/>\n\t<meta property=\"og:image:width\" content=\"1920\" \/>\n\t<meta property=\"og:image:height\" content=\"1131\" \/>\n\t<meta property=\"og:image:type\" content=\"image\/jpeg\" \/>\n<meta name=\"author\" content=\"Jefrey Cuya\" \/>\n<meta name=\"twitter:card\" content=\"summary_large_image\" \/>\n<meta name=\"twitter:creator\" content=\"@aeronoticias\" \/>\n<meta name=\"twitter:site\" content=\"@aeronoticias\" \/>\n<meta name=\"twitter:label1\" content=\"Escrito por\" \/>\n\t<meta name=\"twitter:data1\" content=\"Jefrey Cuya\" \/>\n\t<meta name=\"twitter:label2\" content=\"Tiempo de lectura\" \/>\n\t<meta name=\"twitter:data2\" content=\"1 minuto\" \/>\n<script type=\"application\/ld+json\" class=\"yoast-schema-graph\">{\"@context\":\"https:\/\/schema.org\",\"@graph\":[{\"@type\":\"WebPage\",\"@id\":\"https:\/\/aeronoticias.com.pe\/noticiero\/transporte-aereo\/japon-entra-a-la-carrera-supersonica\/\",\"url\":\"https:\/\/aeronoticias.com.pe\/noticiero\/transporte-aereo\/japon-entra-a-la-carrera-supersonica\/\",\"name\":\"Jap\u00f3n entra a la carrera supers\u00f3nica\",\"isPartOf\":{\"@id\":\"https:\/\/aeronoticias.com.pe\/noticiero\/#website\"},\"primaryImageOfPage\":{\"@id\":\"https:\/\/aeronoticias.com.pe\/noticiero\/transporte-aereo\/japon-entra-a-la-carrera-supersonica\/#primaryimage\"},\"image\":{\"@id\":\"https:\/\/aeronoticias.com.pe\/noticiero\/transporte-aereo\/japon-entra-a-la-carrera-supersonica\/#primaryimage\"},\"thumbnailUrl\":\"https:\/\/aeronoticias.com.pe\/noticiero\/wp-content\/uploads\/2021\/06\/JAXA.jpg\",\"datePublished\":\"2021-06-21T12:02:00+00:00\",\"dateModified\":\"2021-06-21T15:06:19+00:00\",\"author\":{\"@id\":\"https:\/\/aeronoticias.com.pe\/noticiero\/#\/schema\/person\/9ef7422a13b22ab480ffc29639f442b0\"},\"description\":\"Portal de noticias del Per\u00fa sobre el transporte a\u00e9reo, aviaci\u00f3n, turismo, hoteleria, actualidad.\",\"breadcrumb\":{\"@id\":\"https:\/\/aeronoticias.com.pe\/noticiero\/transporte-aereo\/japon-entra-a-la-carrera-supersonica\/#breadcrumb\"},\"inLanguage\":\"es\",\"potentialAction\":[{\"@type\":\"ReadAction\",\"target\":[\"https:\/\/aeronoticias.com.pe\/noticiero\/transporte-aereo\/japon-entra-a-la-carrera-supersonica\/\"]}]},{\"@type\":\"ImageObject\",\"inLanguage\":\"es\",\"@id\":\"https:\/\/aeronoticias.com.pe\/noticiero\/transporte-aereo\/japon-entra-a-la-carrera-supersonica\/#primaryimage\",\"url\":\"https:\/\/aeronoticias.com.pe\/noticiero\/wp-content\/uploads\/2021\/06\/JAXA.jpg\",\"contentUrl\":\"https:\/\/aeronoticias.com.pe\/noticiero\/wp-content\/uploads\/2021\/06\/JAXA.jpg\",\"width\":1920,\"height\":1131},{\"@type\":\"BreadcrumbList\",\"@id\":\"https:\/\/aeronoticias.com.pe\/noticiero\/transporte-aereo\/japon-entra-a-la-carrera-supersonica\/#breadcrumb\",\"itemListElement\":[{\"@type\":\"ListItem\",\"position\":1,\"name\":\"Portada\",\"item\":\"https:\/\/aeronoticias.com.pe\/noticiero\/\"},{\"@type\":\"ListItem\",\"position\":2,\"name\":\"Jap\u00f3n entra a la carrera supers\u00f3nica\"}]},{\"@type\":\"WebSite\",\"@id\":\"https:\/\/aeronoticias.com.pe\/noticiero\/#website\",\"url\":\"https:\/\/aeronoticias.com.pe\/noticiero\/\",\"name\":\"Aeronoticias.com.pe\",\"description\":\"Noticias de tranporte aereo, turismo, hoteles, gastronomia, actualidad, internacional\",\"potentialAction\":[{\"@type\":\"SearchAction\",\"target\":{\"@type\":\"EntryPoint\",\"urlTemplate\":\"https:\/\/aeronoticias.com.pe\/noticiero\/?s={search_term_string}\"},\"query-input\":{\"@type\":\"PropertyValueSpecification\",\"valueRequired\":true,\"valueName\":\"search_term_string\"}}],\"inLanguage\":\"es\"},{\"@type\":\"Person\",\"@id\":\"https:\/\/aeronoticias.com.pe\/noticiero\/#\/schema\/person\/9ef7422a13b22ab480ffc29639f442b0\",\"name\":\"Jefrey Cuya\",\"url\":\"https:\/\/aeronoticias.com.pe\/noticiero\/author\/jefreycuya\/\"}]}<\/script>\n<!-- \/ Yoast SEO plugin. -->","yoast_head_json":{"title":"Jap\u00f3n entra a la carrera supers\u00f3nica","description":"Portal de noticias del Per\u00fa sobre el transporte a\u00e9reo, aviaci\u00f3n, turismo, hoteleria, actualidad.","robots":{"index":"index","follow":"follow","max-snippet":"max-snippet:-1","max-image-preview":"max-image-preview:large","max-video-preview":"max-video-preview:-1"},"canonical":"https:\/\/aeronoticias.com.pe\/noticiero\/transporte-aereo\/japon-entra-a-la-carrera-supersonica\/","og_locale":"es_ES","og_type":"article","og_title":"Jap\u00f3n entra a la carrera supers\u00f3nica","og_description":"Portal de noticias del Per\u00fa sobre el transporte a\u00e9reo, aviaci\u00f3n, turismo, hoteleria, actualidad.","og_url":"https:\/\/aeronoticias.com.pe\/noticiero\/transporte-aereo\/japon-entra-a-la-carrera-supersonica\/","og_site_name":"Aeronoticias.com.pe","article_publisher":"https:\/\/www.facebook.com\/Aeronoticias.com.pe\/","article_published_time":"2021-06-21T12:02:00+00:00","article_modified_time":"2021-06-21T15:06:19+00:00","og_image":[{"width":1920,"height":1131,"url":"https:\/\/aeronoticias.com.pe\/noticiero\/wp-content\/uploads\/2021\/06\/JAXA.jpg","type":"image\/jpeg"}],"author":"Jefrey Cuya","twitter_card":"summary_large_image","twitter_creator":"@aeronoticias","twitter_site":"@aeronoticias","twitter_misc":{"Escrito por":"Jefrey Cuya","Tiempo de lectura":"1 minuto"},"schema":{"@context":"https:\/\/schema.org","@graph":[{"@type":"WebPage","@id":"https:\/\/aeronoticias.com.pe\/noticiero\/transporte-aereo\/japon-entra-a-la-carrera-supersonica\/","url":"https:\/\/aeronoticias.com.pe\/noticiero\/transporte-aereo\/japon-entra-a-la-carrera-supersonica\/","name":"Jap\u00f3n entra a la carrera supers\u00f3nica","isPartOf":{"@id":"https:\/\/aeronoticias.com.pe\/noticiero\/#website"},"primaryImageOfPage":{"@id":"https:\/\/aeronoticias.com.pe\/noticiero\/transporte-aereo\/japon-entra-a-la-carrera-supersonica\/#primaryimage"},"image":{"@id":"https:\/\/aeronoticias.com.pe\/noticiero\/transporte-aereo\/japon-entra-a-la-carrera-supersonica\/#primaryimage"},"thumbnailUrl":"https:\/\/aeronoticias.com.pe\/noticiero\/wp-content\/uploads\/2021\/06\/JAXA.jpg","datePublished":"2021-06-21T12:02:00+00:00","dateModified":"2021-06-21T15:06:19+00:00","author":{"@id":"https:\/\/aeronoticias.com.pe\/noticiero\/#\/schema\/person\/9ef7422a13b22ab480ffc29639f442b0"},"description":"Portal de noticias del Per\u00fa sobre el transporte a\u00e9reo, aviaci\u00f3n, turismo, hoteleria, actualidad.","breadcrumb":{"@id":"https:\/\/aeronoticias.com.pe\/noticiero\/transporte-aereo\/japon-entra-a-la-carrera-supersonica\/#breadcrumb"},"inLanguage":"es","potentialAction":[{"@type":"ReadAction","target":["https:\/\/aeronoticias.com.pe\/noticiero\/transporte-aereo\/japon-entra-a-la-carrera-supersonica\/"]}]},{"@type":"ImageObject","inLanguage":"es","@id":"https:\/\/aeronoticias.com.pe\/noticiero\/transporte-aereo\/japon-entra-a-la-carrera-supersonica\/#primaryimage","url":"https:\/\/aeronoticias.com.pe\/noticiero\/wp-content\/uploads\/2021\/06\/JAXA.jpg","contentUrl":"https:\/\/aeronoticias.com.pe\/noticiero\/wp-content\/uploads\/2021\/06\/JAXA.jpg","width":1920,"height":1131},{"@type":"BreadcrumbList","@id":"https:\/\/aeronoticias.com.pe\/noticiero\/transporte-aereo\/japon-entra-a-la-carrera-supersonica\/#breadcrumb","itemListElement":[{"@type":"ListItem","position":1,"name":"Portada","item":"https:\/\/aeronoticias.com.pe\/noticiero\/"},{"@type":"ListItem","position":2,"name":"Jap\u00f3n entra a la carrera supers\u00f3nica"}]},{"@type":"WebSite","@id":"https:\/\/aeronoticias.com.pe\/noticiero\/#website","url":"https:\/\/aeronoticias.com.pe\/noticiero\/","name":"Aeronoticias.com.pe","description":"Noticias de tranporte aereo, turismo, hoteles, gastronomia, actualidad, internacional","potentialAction":[{"@type":"SearchAction","target":{"@type":"EntryPoint","urlTemplate":"https:\/\/aeronoticias.com.pe\/noticiero\/?s={search_term_string}"},"query-input":{"@type":"PropertyValueSpecification","valueRequired":true,"valueName":"search_term_string"}}],"inLanguage":"es"},{"@type":"Person","@id":"https:\/\/aeronoticias.com.pe\/noticiero\/#\/schema\/person\/9ef7422a13b22ab480ffc29639f442b0","name":"Jefrey Cuya","url":"https:\/\/aeronoticias.com.pe\/noticiero\/author\/jefreycuya\/"}]}},"_links":{"self":[{"href":"https:\/\/aeronoticias.com.pe\/noticiero\/wp-json\/wp\/v2\/posts\/73190","targetHints":{"allow":["GET"]}}],"collection":[{"href":"https:\/\/aeronoticias.com.pe\/noticiero\/wp-json\/wp\/v2\/posts"}],"about":[{"href":"https:\/\/aeronoticias.com.pe\/noticiero\/wp-json\/wp\/v2\/types\/post"}],"author":[{"embeddable":true,"href":"https:\/\/aeronoticias.com.pe\/noticiero\/wp-json\/wp\/v2\/users\/4"}],"replies":[{"embeddable":true,"href":"https:\/\/aeronoticias.com.pe\/noticiero\/wp-json\/wp\/v2\/comments?post=73190"}],"version-history":[{"count":0,"href":"https:\/\/aeronoticias.com.pe\/noticiero\/wp-json\/wp\/v2\/posts\/73190\/revisions"}],"wp:featuredmedia":[{"embeddable":true,"href":"https:\/\/aeronoticias.com.pe\/noticiero\/wp-json\/wp\/v2\/media\/73191"}],"wp:attachment":[{"href":"https:\/\/aeronoticias.com.pe\/noticiero\/wp-json\/wp\/v2\/media?parent=73190"}],"wp:term":[{"taxonomy":"category","embeddable":true,"href":"https:\/\/aeronoticias.com.pe\/noticiero\/wp-json\/wp\/v2\/categories?post=73190"},{"taxonomy":"post_tag","embeddable":true,"href":"https:\/\/aeronoticias.com.pe\/noticiero\/wp-json\/wp\/v2\/tags?post=73190"}],"curies":[{"name":"wp","href":"https:\/\/api.w.org\/{rel}","templated":true}]}}