{"id":73211,"date":"2021-06-22T14:28:39","date_gmt":"2021-06-22T19:28:39","guid":{"rendered":"https:\/\/aeronoticias.com.pe\/noticiero\/?p=73211"},"modified":"2021-06-22T15:34:38","modified_gmt":"2021-06-22T20:34:38","slug":"estudio-juridico-palacin-defenderia-las-37-victimas-del-accidente-de-la-minera-ares-sac-en-arequipa","status":"publish","type":"post","link":"https:\/\/aeronoticias.com.pe\/noticiero\/sin-categoria\/estudio-juridico-palacin-defenderia-las-37-victimas-del-accidente-de-la-minera-ares-sac-en-arequipa\/","title":{"rendered":"Estudio Jur\u00eddico Palacin defender\u00eda a las 37 victimas del accidente de la Minera Ares  SAC &#8211; Hochschild Mining PLC, en la ruta Puquio (Ayacucho) a Nasca (Ica)"},"content":{"rendered":"\n<p><strong>(Aeronoticias):<\/strong> El Estudio Jur\u00eddico Julian Palacin Abogados, <a href=\"http:\/\/www.estudiojuridicopalacin.com\">www.estudiojuridicopalacin.com<\/a> con domicilio en Av. Jos\u00e9 Pardo 764 Piso 10 Ofic. 101 &#8211; Miraflores &#8211; Lima &#8211; Per\u00fa, especialistas en Responsabilidad Contractual y Extracontractual de accidentes en Transportes, informo que cada una de las familias herederas de las victimas del tr\u00e1gico accidente <strong>ocurrido el d\u00eda Viernes 18\/6\/21 a las 3:00 de la madrugada<\/strong>, <strong><a href=\"https:\/\/larepublica.pe\/sociedad\/2021\/06\/19\/ica-27-pasajeros-fallecen-al-caer-omnibus-a-un-abismo-en-nasca-lrsd\/\" target=\"_blank\" rel=\"noreferrer noopener\">en la ruta Puquio (Ayacucho) a Nasca (Ica<\/a>)<\/strong>, deber\u00edan reclamar una indemnizaci\u00f3n a la<strong> Minera ARES SAC &#8211; Hochschild Mining PLC <\/strong> y su Compa\u00f1\u00eda de Seguros y a cada una de las dem\u00e1s empresas involucradas en mas de USD 300 mil d\u00f3lares por familia y 100 mil d\u00f3lares para cada uno de los 13 heridos en promedio.<\/p>\n\n\n\n<p>La vocero de Relaciones P\u00fablicas del Estudio Juridico Julian Palacin Abogados, Sra. Elsa Samanez inform\u00f3 que las familias pueden empezar a empadronarse para recibir asesor\u00eda legal a los siguientes tel\u00e9fonos  446-0296, \/936552072\/ 946306551\/, 941002979,\/99966459  E-mails: jpalacin@estudiojuridicopalacin.com, jpalacinf@gmail.com, jfpalacin@estudiojuridicopalacin.com, <a target=\"_blank\" href=\"mailto:julianfernando2305@gmail.com\" rel=\"noreferrer noopener\">julianfernando2305@gmail.com<\/a>, maemontoya1803@gmail.com, cpalacin@estudiojuridicopalacin.com<\/p>\n\n\n\n<p>Recomendamos a los familiares de las victimas, <strong>NO FIRMAR NINGUN DOCUMENTO CON LAS MINERAS<\/strong>, y comunicarse con el abogado el  abogado del Estudio Jur\u00eddico Palacin en Arequipa es el Dr. JAVIER PEDRO MARIN ANDIA, celular  959053048, correos: jpmarinandia@hotmail.com, jpmarinandia124@gmail.com, direcci\u00f3n: Psje. Cerrito San Vicente 128 Yanahuara &#8211; Arequipa (Frente a la iglesia) con quien pueden contactar o con los abogados de Lima.<\/p>\n\n\n\n<p>Cabe agregar que el Estudio Jur\u00eddico Palacin Abogados, defendi\u00f3 hace 23 a\u00f1os a los herederos de las v\u00edctimas de la Compa\u00f1\u00eda de Aviaci\u00f3n Faucett de Arequipa con un \u00e9xito al 100% que marco indemnizaciones hist\u00f3ricas en la Jurisprudencia de da\u00f1os en accidentes en el Per\u00fa <\/p>\n\n\n\n<p><\/p>\n\n\n\n<div class=\"wp-block-image\"><figure class=\"aligncenter size-large is-resized\"><img loading=\"lazy\" decoding=\"async\" src=\"https:\/\/aeronoticias.com.pe\/noticiero\/wp-content\/uploads\/2021\/06\/image-6.png\" alt=\"\" class=\"wp-image-73213\" width=\"247\" height=\"188\" srcset=\"https:\/\/aeronoticias.com.pe\/noticiero\/wp-content\/uploads\/2021\/06\/image-6.png 192w, https:\/\/aeronoticias.com.pe\/noticiero\/wp-content\/uploads\/2021\/06\/image-6-150x114.png 150w\" sizes=\"auto, (max-width: 247px) 100vw, 247px\" \/><\/figure><\/div>\n\n\n\n<p><strong>Por: Plana Period\u00edstica<\/strong><\/p>\n","protected":false},"excerpt":{"rendered":"<p>(Aeronoticias): El Estudio Jur\u00eddico Julian Palacin Abogados, www.estudiojuridicopalacin.com con domicilio en Av. Jos\u00e9 Pardo 764 Piso 10 Ofic. 101 &#8211; Miraflores &#8211; Lima &#8211; Per\u00fa, especialistas en Responsabilidad Contractual y Extracontractual de accidentes en Transportes, informo que cada una de las familias herederas de las victimas del tr\u00e1gico accidente ocurrido el d\u00eda Viernes 18\/6\/21 a [&hellip;]<\/p>\n","protected":false},"author":3,"featured_media":73215,"comment_status":"open","ping_status":"open","sticky":false,"template":"","format":"standard","meta":{"tdm_status":"","tdm_grid_status":"","footnotes":""},"categories":[38,1,8,30],"tags":[1406,1461],"class_list":{"0":"post-73211","1":"post","2":"type-post","3":"status-publish","4":"format-standard","5":"has-post-thumbnail","7":"category-nacionales","8":"category-sin-categoria","9":"category-ultimas","10":"category-30","11":"tag-julianpalacinf","12":"tag-mineraares"},"yoast_head":"<!-- This site is optimized with the Yoast SEO plugin v25.1 - https:\/\/yoast.com\/wordpress\/plugins\/seo\/ -->\n<title>Estudio Jur\u00eddico Palacin defender\u00eda a las 37 victimas del accidente de la Minera Ares SAC - Hochschild Mining PLC, en la ruta Puquio (Ayacucho) a Nasca (Ica)<\/title>\n<meta name=\"description\" content=\"El Estudio Jur\u00eddico dijo que se reclamar\u00e1 contra ARES SAC, y las dem\u00e1s empresas mineras involucradas y sus compa\u00f1\u00edas de seguros, mas de USD 500 mil d\u00f3lares por pasajero fallecido\" \/>\n<meta name=\"robots\" content=\"index, follow, max-snippet:-1, max-image-preview:large, max-video-preview:-1\" \/>\n<link rel=\"canonical\" href=\"https:\/\/aeronoticias.com.pe\/noticiero\/sin-categoria\/estudio-juridico-palacin-defenderia-las-37-victimas-del-accidente-de-la-minera-ares-sac-en-arequipa\/\" \/>\n<meta property=\"og:locale\" content=\"es_ES\" \/>\n<meta property=\"og:type\" content=\"article\" \/>\n<meta property=\"og:title\" content=\"Estudio Jur\u00eddico Palacin defender\u00eda a las 37 victimas del accidente de la Minera Ares SAC - Hochschild Mining PLC, en la ruta Puquio (Ayacucho) a Nasca (Ica)\" \/>\n<meta property=\"og:description\" content=\"El Estudio Jur\u00eddico dijo que se reclamar\u00e1 contra ARES SAC, y las dem\u00e1s empresas mineras involucradas y sus compa\u00f1\u00edas de seguros, mas de USD 500 mil d\u00f3lares por pasajero fallecido\" \/>\n<meta property=\"og:url\" content=\"https:\/\/aeronoticias.com.pe\/noticiero\/sin-categoria\/estudio-juridico-palacin-defenderia-las-37-victimas-del-accidente-de-la-minera-ares-sac-en-arequipa\/\" \/>\n<meta property=\"og:site_name\" content=\"Aeronoticias.com.pe\" \/>\n<meta property=\"article:publisher\" content=\"https:\/\/www.facebook.com\/Aeronoticias.com.pe\/\" \/>\n<meta property=\"article:published_time\" content=\"2021-06-22T19:28:39+00:00\" \/>\n<meta property=\"article:modified_time\" content=\"2021-06-22T20:34:38+00:00\" \/>\n<meta property=\"og:image\" content=\"https:\/\/aeronoticias.com.pe\/noticiero\/wp-content\/uploads\/2021\/06\/AREQUIPA-2.jpg\" \/>\n\t<meta property=\"og:image:width\" content=\"1250\" \/>\n\t<meta property=\"og:image:height\" content=\"735\" \/>\n\t<meta property=\"og:image:type\" content=\"image\/jpeg\" \/>\n<meta name=\"author\" content=\"Redacci\u00f3n\" \/>\n<meta name=\"twitter:card\" content=\"summary_large_image\" \/>\n<meta name=\"twitter:creator\" content=\"@aeronoticias\" \/>\n<meta name=\"twitter:site\" content=\"@aeronoticias\" \/>\n<meta name=\"twitter:label1\" content=\"Escrito por\" \/>\n\t<meta name=\"twitter:data1\" content=\"Redacci\u00f3n\" \/>\n\t<meta name=\"twitter:label2\" content=\"Tiempo de lectura\" \/>\n\t<meta name=\"twitter:data2\" content=\"1 minuto\" \/>\n<script type=\"application\/ld+json\" class=\"yoast-schema-graph\">{\"@context\":\"https:\/\/schema.org\",\"@graph\":[{\"@type\":\"WebPage\",\"@id\":\"https:\/\/aeronoticias.com.pe\/noticiero\/sin-categoria\/estudio-juridico-palacin-defenderia-las-37-victimas-del-accidente-de-la-minera-ares-sac-en-arequipa\/\",\"url\":\"https:\/\/aeronoticias.com.pe\/noticiero\/sin-categoria\/estudio-juridico-palacin-defenderia-las-37-victimas-del-accidente-de-la-minera-ares-sac-en-arequipa\/\",\"name\":\"Estudio Jur\u00eddico Palacin defender\u00eda a las 37 victimas del accidente de la Minera Ares SAC - Hochschild Mining PLC, en la ruta Puquio (Ayacucho) a Nasca (Ica)\",\"isPartOf\":{\"@id\":\"https:\/\/aeronoticias.com.pe\/noticiero\/#website\"},\"primaryImageOfPage\":{\"@id\":\"https:\/\/aeronoticias.com.pe\/noticiero\/sin-categoria\/estudio-juridico-palacin-defenderia-las-37-victimas-del-accidente-de-la-minera-ares-sac-en-arequipa\/#primaryimage\"},\"image\":{\"@id\":\"https:\/\/aeronoticias.com.pe\/noticiero\/sin-categoria\/estudio-juridico-palacin-defenderia-las-37-victimas-del-accidente-de-la-minera-ares-sac-en-arequipa\/#primaryimage\"},\"thumbnailUrl\":\"https:\/\/aeronoticias.com.pe\/noticiero\/wp-content\/uploads\/2021\/06\/AREQUIPA-2.jpg\",\"datePublished\":\"2021-06-22T19:28:39+00:00\",\"dateModified\":\"2021-06-22T20:34:38+00:00\",\"author\":{\"@id\":\"https:\/\/aeronoticias.com.pe\/noticiero\/#\/schema\/person\/16212a617c73f78916b13194154243bd\"},\"description\":\"El Estudio Jur\u00eddico dijo que se reclamar\u00e1 contra ARES SAC, y las dem\u00e1s empresas mineras involucradas y sus compa\u00f1\u00edas de seguros, mas de USD 500 mil d\u00f3lares por pasajero fallecido\",\"breadcrumb\":{\"@id\":\"https:\/\/aeronoticias.com.pe\/noticiero\/sin-categoria\/estudio-juridico-palacin-defenderia-las-37-victimas-del-accidente-de-la-minera-ares-sac-en-arequipa\/#breadcrumb\"},\"inLanguage\":\"es\",\"potentialAction\":[{\"@type\":\"ReadAction\",\"target\":[\"https:\/\/aeronoticias.com.pe\/noticiero\/sin-categoria\/estudio-juridico-palacin-defenderia-las-37-victimas-del-accidente-de-la-minera-ares-sac-en-arequipa\/\"]}]},{\"@type\":\"ImageObject\",\"inLanguage\":\"es\",\"@id\":\"https:\/\/aeronoticias.com.pe\/noticiero\/sin-categoria\/estudio-juridico-palacin-defenderia-las-37-victimas-del-accidente-de-la-minera-ares-sac-en-arequipa\/#primaryimage\",\"url\":\"https:\/\/aeronoticias.com.pe\/noticiero\/wp-content\/uploads\/2021\/06\/AREQUIPA-2.jpg\",\"contentUrl\":\"https:\/\/aeronoticias.com.pe\/noticiero\/wp-content\/uploads\/2021\/06\/AREQUIPA-2.jpg\",\"width\":1250,\"height\":735},{\"@type\":\"BreadcrumbList\",\"@id\":\"https:\/\/aeronoticias.com.pe\/noticiero\/sin-categoria\/estudio-juridico-palacin-defenderia-las-37-victimas-del-accidente-de-la-minera-ares-sac-en-arequipa\/#breadcrumb\",\"itemListElement\":[{\"@type\":\"ListItem\",\"position\":1,\"name\":\"Portada\",\"item\":\"https:\/\/aeronoticias.com.pe\/noticiero\/\"},{\"@type\":\"ListItem\",\"position\":2,\"name\":\"Estudio Jur\u00eddico Palacin defender\u00eda a las 37 victimas del accidente de la Minera Ares SAC &#8211; Hochschild Mining PLC, en la ruta Puquio (Ayacucho) a Nasca (Ica)\"}]},{\"@type\":\"WebSite\",\"@id\":\"https:\/\/aeronoticias.com.pe\/noticiero\/#website\",\"url\":\"https:\/\/aeronoticias.com.pe\/noticiero\/\",\"name\":\"Aeronoticias.com.pe\",\"description\":\"Noticias de tranporte aereo, turismo, hoteles, gastronomia, actualidad, internacional\",\"potentialAction\":[{\"@type\":\"SearchAction\",\"target\":{\"@type\":\"EntryPoint\",\"urlTemplate\":\"https:\/\/aeronoticias.com.pe\/noticiero\/?s={search_term_string}\"},\"query-input\":{\"@type\":\"PropertyValueSpecification\",\"valueRequired\":true,\"valueName\":\"search_term_string\"}}],\"inLanguage\":\"es\"},{\"@type\":\"Person\",\"@id\":\"https:\/\/aeronoticias.com.pe\/noticiero\/#\/schema\/person\/16212a617c73f78916b13194154243bd\",\"name\":\"Redacci\u00f3n\",\"sameAs\":[\"http:\/\/Redacci\u00f3n\"],\"url\":\"https:\/\/aeronoticias.com.pe\/noticiero\/author\/celeste\/\"}]}<\/script>\n<!-- \/ Yoast SEO plugin. -->","yoast_head_json":{"title":"Estudio Jur\u00eddico Palacin defender\u00eda a las 37 victimas del accidente de la Minera Ares SAC - Hochschild Mining PLC, en la ruta Puquio (Ayacucho) a Nasca (Ica)","description":"El Estudio Jur\u00eddico dijo que se reclamar\u00e1 contra ARES SAC, y las dem\u00e1s empresas mineras involucradas y sus compa\u00f1\u00edas de seguros, mas de USD 500 mil d\u00f3lares por pasajero fallecido","robots":{"index":"index","follow":"follow","max-snippet":"max-snippet:-1","max-image-preview":"max-image-preview:large","max-video-preview":"max-video-preview:-1"},"canonical":"https:\/\/aeronoticias.com.pe\/noticiero\/sin-categoria\/estudio-juridico-palacin-defenderia-las-37-victimas-del-accidente-de-la-minera-ares-sac-en-arequipa\/","og_locale":"es_ES","og_type":"article","og_title":"Estudio Jur\u00eddico Palacin defender\u00eda a las 37 victimas del accidente de la Minera Ares SAC - Hochschild Mining PLC, en la ruta Puquio (Ayacucho) a Nasca (Ica)","og_description":"El Estudio Jur\u00eddico dijo que se reclamar\u00e1 contra ARES SAC, y las dem\u00e1s empresas mineras involucradas y sus compa\u00f1\u00edas de seguros, mas de USD 500 mil d\u00f3lares por pasajero fallecido","og_url":"https:\/\/aeronoticias.com.pe\/noticiero\/sin-categoria\/estudio-juridico-palacin-defenderia-las-37-victimas-del-accidente-de-la-minera-ares-sac-en-arequipa\/","og_site_name":"Aeronoticias.com.pe","article_publisher":"https:\/\/www.facebook.com\/Aeronoticias.com.pe\/","article_published_time":"2021-06-22T19:28:39+00:00","article_modified_time":"2021-06-22T20:34:38+00:00","og_image":[{"width":1250,"height":735,"url":"https:\/\/aeronoticias.com.pe\/noticiero\/wp-content\/uploads\/2021\/06\/AREQUIPA-2.jpg","type":"image\/jpeg"}],"author":"Redacci\u00f3n","twitter_card":"summary_large_image","twitter_creator":"@aeronoticias","twitter_site":"@aeronoticias","twitter_misc":{"Escrito por":"Redacci\u00f3n","Tiempo de lectura":"1 minuto"},"schema":{"@context":"https:\/\/schema.org","@graph":[{"@type":"WebPage","@id":"https:\/\/aeronoticias.com.pe\/noticiero\/sin-categoria\/estudio-juridico-palacin-defenderia-las-37-victimas-del-accidente-de-la-minera-ares-sac-en-arequipa\/","url":"https:\/\/aeronoticias.com.pe\/noticiero\/sin-categoria\/estudio-juridico-palacin-defenderia-las-37-victimas-del-accidente-de-la-minera-ares-sac-en-arequipa\/","name":"Estudio Jur\u00eddico Palacin defender\u00eda a las 37 victimas del accidente de la Minera Ares SAC - Hochschild Mining PLC, en la ruta Puquio (Ayacucho) a Nasca (Ica)","isPartOf":{"@id":"https:\/\/aeronoticias.com.pe\/noticiero\/#website"},"primaryImageOfPage":{"@id":"https:\/\/aeronoticias.com.pe\/noticiero\/sin-categoria\/estudio-juridico-palacin-defenderia-las-37-victimas-del-accidente-de-la-minera-ares-sac-en-arequipa\/#primaryimage"},"image":{"@id":"https:\/\/aeronoticias.com.pe\/noticiero\/sin-categoria\/estudio-juridico-palacin-defenderia-las-37-victimas-del-accidente-de-la-minera-ares-sac-en-arequipa\/#primaryimage"},"thumbnailUrl":"https:\/\/aeronoticias.com.pe\/noticiero\/wp-content\/uploads\/2021\/06\/AREQUIPA-2.jpg","datePublished":"2021-06-22T19:28:39+00:00","dateModified":"2021-06-22T20:34:38+00:00","author":{"@id":"https:\/\/aeronoticias.com.pe\/noticiero\/#\/schema\/person\/16212a617c73f78916b13194154243bd"},"description":"El Estudio Jur\u00eddico dijo que se reclamar\u00e1 contra ARES SAC, y las dem\u00e1s empresas mineras involucradas y sus compa\u00f1\u00edas de seguros, mas de USD 500 mil d\u00f3lares por pasajero fallecido","breadcrumb":{"@id":"https:\/\/aeronoticias.com.pe\/noticiero\/sin-categoria\/estudio-juridico-palacin-defenderia-las-37-victimas-del-accidente-de-la-minera-ares-sac-en-arequipa\/#breadcrumb"},"inLanguage":"es","potentialAction":[{"@type":"ReadAction","target":["https:\/\/aeronoticias.com.pe\/noticiero\/sin-categoria\/estudio-juridico-palacin-defenderia-las-37-victimas-del-accidente-de-la-minera-ares-sac-en-arequipa\/"]}]},{"@type":"ImageObject","inLanguage":"es","@id":"https:\/\/aeronoticias.com.pe\/noticiero\/sin-categoria\/estudio-juridico-palacin-defenderia-las-37-victimas-del-accidente-de-la-minera-ares-sac-en-arequipa\/#primaryimage","url":"https:\/\/aeronoticias.com.pe\/noticiero\/wp-content\/uploads\/2021\/06\/AREQUIPA-2.jpg","contentUrl":"https:\/\/aeronoticias.com.pe\/noticiero\/wp-content\/uploads\/2021\/06\/AREQUIPA-2.jpg","width":1250,"height":735},{"@type":"BreadcrumbList","@id":"https:\/\/aeronoticias.com.pe\/noticiero\/sin-categoria\/estudio-juridico-palacin-defenderia-las-37-victimas-del-accidente-de-la-minera-ares-sac-en-arequipa\/#breadcrumb","itemListElement":[{"@type":"ListItem","position":1,"name":"Portada","item":"https:\/\/aeronoticias.com.pe\/noticiero\/"},{"@type":"ListItem","position":2,"name":"Estudio Jur\u00eddico Palacin defender\u00eda a las 37 victimas del accidente de la Minera Ares SAC &#8211; Hochschild Mining PLC, en la ruta Puquio (Ayacucho) a Nasca (Ica)"}]},{"@type":"WebSite","@id":"https:\/\/aeronoticias.com.pe\/noticiero\/#website","url":"https:\/\/aeronoticias.com.pe\/noticiero\/","name":"Aeronoticias.com.pe","description":"Noticias de tranporte aereo, turismo, hoteles, gastronomia, actualidad, internacional","potentialAction":[{"@type":"SearchAction","target":{"@type":"EntryPoint","urlTemplate":"https:\/\/aeronoticias.com.pe\/noticiero\/?s={search_term_string}"},"query-input":{"@type":"PropertyValueSpecification","valueRequired":true,"valueName":"search_term_string"}}],"inLanguage":"es"},{"@type":"Person","@id":"https:\/\/aeronoticias.com.pe\/noticiero\/#\/schema\/person\/16212a617c73f78916b13194154243bd","name":"Redacci\u00f3n","sameAs":["http:\/\/Redacci\u00f3n"],"url":"https:\/\/aeronoticias.com.pe\/noticiero\/author\/celeste\/"}]}},"_links":{"self":[{"href":"https:\/\/aeronoticias.com.pe\/noticiero\/wp-json\/wp\/v2\/posts\/73211","targetHints":{"allow":["GET"]}}],"collection":[{"href":"https:\/\/aeronoticias.com.pe\/noticiero\/wp-json\/wp\/v2\/posts"}],"about":[{"href":"https:\/\/aeronoticias.com.pe\/noticiero\/wp-json\/wp\/v2\/types\/post"}],"author":[{"embeddable":true,"href":"https:\/\/aeronoticias.com.pe\/noticiero\/wp-json\/wp\/v2\/users\/3"}],"replies":[{"embeddable":true,"href":"https:\/\/aeronoticias.com.pe\/noticiero\/wp-json\/wp\/v2\/comments?post=73211"}],"version-history":[{"count":0,"href":"https:\/\/aeronoticias.com.pe\/noticiero\/wp-json\/wp\/v2\/posts\/73211\/revisions"}],"wp:featuredmedia":[{"embeddable":true,"href":"https:\/\/aeronoticias.com.pe\/noticiero\/wp-json\/wp\/v2\/media\/73215"}],"wp:attachment":[{"href":"https:\/\/aeronoticias.com.pe\/noticiero\/wp-json\/wp\/v2\/media?parent=73211"}],"wp:term":[{"taxonomy":"category","embeddable":true,"href":"https:\/\/aeronoticias.com.pe\/noticiero\/wp-json\/wp\/v2\/categories?post=73211"},{"taxonomy":"post_tag","embeddable":true,"href":"https:\/\/aeronoticias.com.pe\/noticiero\/wp-json\/wp\/v2\/tags?post=73211"}],"curies":[{"name":"wp","href":"https:\/\/api.w.org\/{rel}","templated":true}]}}