{"id":73232,"date":"2021-06-22T06:36:00","date_gmt":"2021-06-22T11:36:00","guid":{"rendered":"https:\/\/aeronoticias.com.pe\/noticiero\/?p=73232"},"modified":"2021-06-22T20:41:06","modified_gmt":"2021-06-23T01:41:06","slug":"airbus-impulsa-interes-de-ninos-mexicanos-en-el-mundo-aeroespacial","status":"publish","type":"post","link":"https:\/\/aeronoticias.com.pe\/noticiero\/transporte-aereo\/airbus-impulsa-interes-de-ninos-mexicanos-en-el-mundo-aeroespacial\/","title":{"rendered":"Airbus impulsa inter\u00e9s de ni\u00f1os mexicanos en el mundo aeroespacial"},"content":{"rendered":"\n<p><strong>(Aeronoticias)<\/strong>.- La compa\u00f1\u00eda\u00a0Airbus\u00a0concluy\u00f3 la segunda fase de su proyecto educativo\u00a0Flying Challenge en M\u00e9xico, con el que busca\u00a0despertar el inter\u00e9s de los ni\u00f1os en el mundo aeroespacial y las \u00e1reas STEM\u00a0(ciencia, tecnolog\u00eda, ingenier\u00eda y matem\u00e1ticas, por sus siglas en ingl\u00e9s).<\/p>\n\n\n\n<p>En la actual edici\u00f3n, benefici\u00f3 a&nbsp;<strong>160 alumnos de primero, quinto y sexto a\u00f1o de primaria<\/strong>, mediante un programa de alto alcance, validado por la Secretar\u00eda de Educaci\u00f3n P\u00fablica (SEP) de la Ciudad de M\u00e9xico, inform\u00f3 la compa\u00f1\u00eda en un comunicado.<\/p>\n\n\n\n<p>\u201cLa crisis por el covid-19 ha provocado un cambio de paradigma en la educaci\u00f3n, por ello para nosotros es&nbsp;<strong>esencial seguir implementando programas educativos<\/strong>&nbsp;como Flying Challenge para fomentar el acceso a la educaci\u00f3n y velar por el inter\u00e9s superior de la ni\u00f1ez, fortaleciendo el desarrollo acad\u00e9mico y generando mayores oportunidades para lograr el m\u00e1ximo potencial de ni\u00f1as y ni\u00f1os\u201d, se\u00f1al\u00f3&nbsp;<strong>Nancy Lara, directora ejecutiva de Fondo Unido-United Way M\u00e9xico&nbsp;<\/strong>que tambi\u00e9n colabor\u00f3 en el proyecto con Airbus.<\/p>\n\n\n\n<p>Fuente: <strong><em>A21.<\/em><\/strong><\/p>\n","protected":false},"excerpt":{"rendered":"<p>(Aeronoticias).- La compa\u00f1\u00eda\u00a0Airbus\u00a0concluy\u00f3 la segunda fase de su proyecto educativo\u00a0Flying Challenge en M\u00e9xico, con el que busca\u00a0despertar el inter\u00e9s de los ni\u00f1os en el mundo aeroespacial y las \u00e1reas STEM\u00a0(ciencia, tecnolog\u00eda, ingenier\u00eda y matem\u00e1ticas, por sus siglas en ingl\u00e9s). En la actual edici\u00f3n, benefici\u00f3 a&nbsp;160 alumnos de primero, quinto y sexto a\u00f1o de primaria, mediante [&hellip;]<\/p>\n","protected":false},"author":4,"featured_media":66696,"comment_status":"open","ping_status":"open","sticky":false,"template":"","format":"standard","meta":{"tdm_status":"","tdm_grid_status":"","footnotes":""},"categories":[32,11],"tags":[228],"class_list":{"0":"post-73232","1":"post","2":"type-post","3":"status-publish","4":"format-standard","5":"has-post-thumbnail","7":"category-internacional","8":"category-transporte-aereo","9":"tag-mexico"},"yoast_head":"<!-- This site is optimized with the Yoast SEO plugin v25.1 - https:\/\/yoast.com\/wordpress\/plugins\/seo\/ -->\n<title>Airbus impulsa inter\u00e9s de ni\u00f1os mexicanos en el mundo aeroespacial<\/title>\n<meta name=\"description\" content=\"Portal de noticias del Per\u00fa sobre el transporte a\u00e9reo, aviaci\u00f3n, turismo, hoteleria, actualidad.\" \/>\n<meta name=\"robots\" content=\"index, follow, max-snippet:-1, max-image-preview:large, max-video-preview:-1\" \/>\n<link rel=\"canonical\" href=\"https:\/\/aeronoticias.com.pe\/noticiero\/transporte-aereo\/airbus-impulsa-interes-de-ninos-mexicanos-en-el-mundo-aeroespacial\/\" \/>\n<meta property=\"og:locale\" content=\"es_ES\" \/>\n<meta property=\"og:type\" content=\"article\" \/>\n<meta property=\"og:title\" content=\"Airbus impulsa inter\u00e9s de ni\u00f1os mexicanos en el mundo aeroespacial\" \/>\n<meta property=\"og:description\" content=\"Portal de noticias del Per\u00fa sobre el transporte a\u00e9reo, aviaci\u00f3n, turismo, hoteleria, actualidad.\" \/>\n<meta property=\"og:url\" content=\"https:\/\/aeronoticias.com.pe\/noticiero\/transporte-aereo\/airbus-impulsa-interes-de-ninos-mexicanos-en-el-mundo-aeroespacial\/\" \/>\n<meta property=\"og:site_name\" content=\"Aeronoticias.com.pe\" \/>\n<meta property=\"article:publisher\" content=\"https:\/\/www.facebook.com\/Aeronoticias.com.pe\/\" \/>\n<meta property=\"article:published_time\" content=\"2021-06-22T11:36:00+00:00\" \/>\n<meta property=\"article:modified_time\" content=\"2021-06-23T01:41:06+00:00\" \/>\n<meta property=\"og:image\" content=\"https:\/\/aeronoticias.com.pe\/noticiero\/wp-content\/uploads\/2019\/05\/Airbus-celebra-sus-50-a\u00f1os.jpg\" \/>\n\t<meta property=\"og:image:width\" content=\"800\" \/>\n\t<meta property=\"og:image:height\" content=\"532\" \/>\n\t<meta property=\"og:image:type\" content=\"image\/jpeg\" \/>\n<meta name=\"author\" content=\"Jefrey Cuya\" \/>\n<meta name=\"twitter:card\" content=\"summary_large_image\" \/>\n<meta name=\"twitter:creator\" content=\"@aeronoticias\" \/>\n<meta name=\"twitter:site\" content=\"@aeronoticias\" \/>\n<meta name=\"twitter:label1\" content=\"Escrito por\" \/>\n\t<meta name=\"twitter:data1\" content=\"Jefrey Cuya\" \/>\n\t<meta name=\"twitter:label2\" content=\"Tiempo de lectura\" \/>\n\t<meta name=\"twitter:data2\" content=\"1 minuto\" \/>\n<script type=\"application\/ld+json\" class=\"yoast-schema-graph\">{\"@context\":\"https:\/\/schema.org\",\"@graph\":[{\"@type\":\"WebPage\",\"@id\":\"https:\/\/aeronoticias.com.pe\/noticiero\/transporte-aereo\/airbus-impulsa-interes-de-ninos-mexicanos-en-el-mundo-aeroespacial\/\",\"url\":\"https:\/\/aeronoticias.com.pe\/noticiero\/transporte-aereo\/airbus-impulsa-interes-de-ninos-mexicanos-en-el-mundo-aeroespacial\/\",\"name\":\"Airbus impulsa inter\u00e9s de ni\u00f1os mexicanos en el mundo aeroespacial\",\"isPartOf\":{\"@id\":\"https:\/\/aeronoticias.com.pe\/noticiero\/#website\"},\"primaryImageOfPage\":{\"@id\":\"https:\/\/aeronoticias.com.pe\/noticiero\/transporte-aereo\/airbus-impulsa-interes-de-ninos-mexicanos-en-el-mundo-aeroespacial\/#primaryimage\"},\"image\":{\"@id\":\"https:\/\/aeronoticias.com.pe\/noticiero\/transporte-aereo\/airbus-impulsa-interes-de-ninos-mexicanos-en-el-mundo-aeroespacial\/#primaryimage\"},\"thumbnailUrl\":\"https:\/\/aeronoticias.com.pe\/noticiero\/wp-content\/uploads\/2019\/05\/Airbus-celebra-sus-50-a\u00f1os.jpg\",\"datePublished\":\"2021-06-22T11:36:00+00:00\",\"dateModified\":\"2021-06-23T01:41:06+00:00\",\"author\":{\"@id\":\"https:\/\/aeronoticias.com.pe\/noticiero\/#\/schema\/person\/9ef7422a13b22ab480ffc29639f442b0\"},\"description\":\"Portal de noticias del Per\u00fa sobre el transporte a\u00e9reo, aviaci\u00f3n, turismo, hoteleria, actualidad.\",\"breadcrumb\":{\"@id\":\"https:\/\/aeronoticias.com.pe\/noticiero\/transporte-aereo\/airbus-impulsa-interes-de-ninos-mexicanos-en-el-mundo-aeroespacial\/#breadcrumb\"},\"inLanguage\":\"es\",\"potentialAction\":[{\"@type\":\"ReadAction\",\"target\":[\"https:\/\/aeronoticias.com.pe\/noticiero\/transporte-aereo\/airbus-impulsa-interes-de-ninos-mexicanos-en-el-mundo-aeroespacial\/\"]}]},{\"@type\":\"ImageObject\",\"inLanguage\":\"es\",\"@id\":\"https:\/\/aeronoticias.com.pe\/noticiero\/transporte-aereo\/airbus-impulsa-interes-de-ninos-mexicanos-en-el-mundo-aeroespacial\/#primaryimage\",\"url\":\"https:\/\/aeronoticias.com.pe\/noticiero\/wp-content\/uploads\/2019\/05\/Airbus-celebra-sus-50-a\u00f1os.jpg\",\"contentUrl\":\"https:\/\/aeronoticias.com.pe\/noticiero\/wp-content\/uploads\/2019\/05\/Airbus-celebra-sus-50-a\u00f1os.jpg\",\"width\":800,\"height\":532},{\"@type\":\"BreadcrumbList\",\"@id\":\"https:\/\/aeronoticias.com.pe\/noticiero\/transporte-aereo\/airbus-impulsa-interes-de-ninos-mexicanos-en-el-mundo-aeroespacial\/#breadcrumb\",\"itemListElement\":[{\"@type\":\"ListItem\",\"position\":1,\"name\":\"Portada\",\"item\":\"https:\/\/aeronoticias.com.pe\/noticiero\/\"},{\"@type\":\"ListItem\",\"position\":2,\"name\":\"Airbus impulsa inter\u00e9s de ni\u00f1os mexicanos en el mundo aeroespacial\"}]},{\"@type\":\"WebSite\",\"@id\":\"https:\/\/aeronoticias.com.pe\/noticiero\/#website\",\"url\":\"https:\/\/aeronoticias.com.pe\/noticiero\/\",\"name\":\"Aeronoticias.com.pe\",\"description\":\"Noticias de tranporte aereo, turismo, hoteles, gastronomia, actualidad, internacional\",\"potentialAction\":[{\"@type\":\"SearchAction\",\"target\":{\"@type\":\"EntryPoint\",\"urlTemplate\":\"https:\/\/aeronoticias.com.pe\/noticiero\/?s={search_term_string}\"},\"query-input\":{\"@type\":\"PropertyValueSpecification\",\"valueRequired\":true,\"valueName\":\"search_term_string\"}}],\"inLanguage\":\"es\"},{\"@type\":\"Person\",\"@id\":\"https:\/\/aeronoticias.com.pe\/noticiero\/#\/schema\/person\/9ef7422a13b22ab480ffc29639f442b0\",\"name\":\"Jefrey Cuya\",\"url\":\"https:\/\/aeronoticias.com.pe\/noticiero\/author\/jefreycuya\/\"}]}<\/script>\n<!-- \/ Yoast SEO plugin. -->","yoast_head_json":{"title":"Airbus impulsa inter\u00e9s de ni\u00f1os mexicanos en el mundo aeroespacial","description":"Portal de noticias del Per\u00fa sobre el transporte a\u00e9reo, aviaci\u00f3n, turismo, hoteleria, actualidad.","robots":{"index":"index","follow":"follow","max-snippet":"max-snippet:-1","max-image-preview":"max-image-preview:large","max-video-preview":"max-video-preview:-1"},"canonical":"https:\/\/aeronoticias.com.pe\/noticiero\/transporte-aereo\/airbus-impulsa-interes-de-ninos-mexicanos-en-el-mundo-aeroespacial\/","og_locale":"es_ES","og_type":"article","og_title":"Airbus impulsa inter\u00e9s de ni\u00f1os mexicanos en el mundo aeroespacial","og_description":"Portal de noticias del Per\u00fa sobre el transporte a\u00e9reo, aviaci\u00f3n, turismo, hoteleria, actualidad.","og_url":"https:\/\/aeronoticias.com.pe\/noticiero\/transporte-aereo\/airbus-impulsa-interes-de-ninos-mexicanos-en-el-mundo-aeroespacial\/","og_site_name":"Aeronoticias.com.pe","article_publisher":"https:\/\/www.facebook.com\/Aeronoticias.com.pe\/","article_published_time":"2021-06-22T11:36:00+00:00","article_modified_time":"2021-06-23T01:41:06+00:00","og_image":[{"width":800,"height":532,"url":"https:\/\/aeronoticias.com.pe\/noticiero\/wp-content\/uploads\/2019\/05\/Airbus-celebra-sus-50-a\u00f1os.jpg","type":"image\/jpeg"}],"author":"Jefrey Cuya","twitter_card":"summary_large_image","twitter_creator":"@aeronoticias","twitter_site":"@aeronoticias","twitter_misc":{"Escrito por":"Jefrey Cuya","Tiempo de lectura":"1 minuto"},"schema":{"@context":"https:\/\/schema.org","@graph":[{"@type":"WebPage","@id":"https:\/\/aeronoticias.com.pe\/noticiero\/transporte-aereo\/airbus-impulsa-interes-de-ninos-mexicanos-en-el-mundo-aeroespacial\/","url":"https:\/\/aeronoticias.com.pe\/noticiero\/transporte-aereo\/airbus-impulsa-interes-de-ninos-mexicanos-en-el-mundo-aeroespacial\/","name":"Airbus impulsa inter\u00e9s de ni\u00f1os mexicanos en el mundo aeroespacial","isPartOf":{"@id":"https:\/\/aeronoticias.com.pe\/noticiero\/#website"},"primaryImageOfPage":{"@id":"https:\/\/aeronoticias.com.pe\/noticiero\/transporte-aereo\/airbus-impulsa-interes-de-ninos-mexicanos-en-el-mundo-aeroespacial\/#primaryimage"},"image":{"@id":"https:\/\/aeronoticias.com.pe\/noticiero\/transporte-aereo\/airbus-impulsa-interes-de-ninos-mexicanos-en-el-mundo-aeroespacial\/#primaryimage"},"thumbnailUrl":"https:\/\/aeronoticias.com.pe\/noticiero\/wp-content\/uploads\/2019\/05\/Airbus-celebra-sus-50-a\u00f1os.jpg","datePublished":"2021-06-22T11:36:00+00:00","dateModified":"2021-06-23T01:41:06+00:00","author":{"@id":"https:\/\/aeronoticias.com.pe\/noticiero\/#\/schema\/person\/9ef7422a13b22ab480ffc29639f442b0"},"description":"Portal de noticias del Per\u00fa sobre el transporte a\u00e9reo, aviaci\u00f3n, turismo, hoteleria, actualidad.","breadcrumb":{"@id":"https:\/\/aeronoticias.com.pe\/noticiero\/transporte-aereo\/airbus-impulsa-interes-de-ninos-mexicanos-en-el-mundo-aeroespacial\/#breadcrumb"},"inLanguage":"es","potentialAction":[{"@type":"ReadAction","target":["https:\/\/aeronoticias.com.pe\/noticiero\/transporte-aereo\/airbus-impulsa-interes-de-ninos-mexicanos-en-el-mundo-aeroespacial\/"]}]},{"@type":"ImageObject","inLanguage":"es","@id":"https:\/\/aeronoticias.com.pe\/noticiero\/transporte-aereo\/airbus-impulsa-interes-de-ninos-mexicanos-en-el-mundo-aeroespacial\/#primaryimage","url":"https:\/\/aeronoticias.com.pe\/noticiero\/wp-content\/uploads\/2019\/05\/Airbus-celebra-sus-50-a\u00f1os.jpg","contentUrl":"https:\/\/aeronoticias.com.pe\/noticiero\/wp-content\/uploads\/2019\/05\/Airbus-celebra-sus-50-a\u00f1os.jpg","width":800,"height":532},{"@type":"BreadcrumbList","@id":"https:\/\/aeronoticias.com.pe\/noticiero\/transporte-aereo\/airbus-impulsa-interes-de-ninos-mexicanos-en-el-mundo-aeroespacial\/#breadcrumb","itemListElement":[{"@type":"ListItem","position":1,"name":"Portada","item":"https:\/\/aeronoticias.com.pe\/noticiero\/"},{"@type":"ListItem","position":2,"name":"Airbus impulsa inter\u00e9s de ni\u00f1os mexicanos en el mundo aeroespacial"}]},{"@type":"WebSite","@id":"https:\/\/aeronoticias.com.pe\/noticiero\/#website","url":"https:\/\/aeronoticias.com.pe\/noticiero\/","name":"Aeronoticias.com.pe","description":"Noticias de tranporte aereo, turismo, hoteles, gastronomia, actualidad, internacional","potentialAction":[{"@type":"SearchAction","target":{"@type":"EntryPoint","urlTemplate":"https:\/\/aeronoticias.com.pe\/noticiero\/?s={search_term_string}"},"query-input":{"@type":"PropertyValueSpecification","valueRequired":true,"valueName":"search_term_string"}}],"inLanguage":"es"},{"@type":"Person","@id":"https:\/\/aeronoticias.com.pe\/noticiero\/#\/schema\/person\/9ef7422a13b22ab480ffc29639f442b0","name":"Jefrey Cuya","url":"https:\/\/aeronoticias.com.pe\/noticiero\/author\/jefreycuya\/"}]}},"_links":{"self":[{"href":"https:\/\/aeronoticias.com.pe\/noticiero\/wp-json\/wp\/v2\/posts\/73232","targetHints":{"allow":["GET"]}}],"collection":[{"href":"https:\/\/aeronoticias.com.pe\/noticiero\/wp-json\/wp\/v2\/posts"}],"about":[{"href":"https:\/\/aeronoticias.com.pe\/noticiero\/wp-json\/wp\/v2\/types\/post"}],"author":[{"embeddable":true,"href":"https:\/\/aeronoticias.com.pe\/noticiero\/wp-json\/wp\/v2\/users\/4"}],"replies":[{"embeddable":true,"href":"https:\/\/aeronoticias.com.pe\/noticiero\/wp-json\/wp\/v2\/comments?post=73232"}],"version-history":[{"count":0,"href":"https:\/\/aeronoticias.com.pe\/noticiero\/wp-json\/wp\/v2\/posts\/73232\/revisions"}],"wp:featuredmedia":[{"embeddable":true,"href":"https:\/\/aeronoticias.com.pe\/noticiero\/wp-json\/wp\/v2\/media\/66696"}],"wp:attachment":[{"href":"https:\/\/aeronoticias.com.pe\/noticiero\/wp-json\/wp\/v2\/media?parent=73232"}],"wp:term":[{"taxonomy":"category","embeddable":true,"href":"https:\/\/aeronoticias.com.pe\/noticiero\/wp-json\/wp\/v2\/categories?post=73232"},{"taxonomy":"post_tag","embeddable":true,"href":"https:\/\/aeronoticias.com.pe\/noticiero\/wp-json\/wp\/v2\/tags?post=73232"}],"curies":[{"name":"wp","href":"https:\/\/api.w.org\/{rel}","templated":true}]}}