{"id":73234,"date":"2021-06-23T09:35:12","date_gmt":"2021-06-23T14:35:12","guid":{"rendered":"https:\/\/aeronoticias.com.pe\/noticiero\/?p=73234"},"modified":"2021-06-24T12:02:07","modified_gmt":"2021-06-24T17:02:07","slug":"julian-palacin-gutierrez-explica-el-plan-de-gobierno-de-pedro-castillo-de-peru-libre-en-el-mtc","status":"publish","type":"post","link":"https:\/\/aeronoticias.com.pe\/noticiero\/sin-categoria\/julian-palacin-gutierrez-explica-el-plan-de-gobierno-de-pedro-castillo-de-peru-libre-en-el-mtc\/","title":{"rendered":"Juli\u00e1n Palacin Guti\u00e9rrez explica el Plan de Gobierno de Pedro Castillo de Per\u00fa Libre en el MTC"},"content":{"rendered":"\n<p><strong>(Aeronoticias)<\/strong>: El abogado Juli\u00e1n Palacin Guti\u00e9rrez, del Estudio Jur\u00eddico Juli\u00e1n Palacin Abogados <a href=\"http:\/\/www.estudiojuridicopalacin.com\">www.estudiojuridicopalacin.com <\/a> que tiene una experiencia de 43 a\u00f1os en el Sector Transportes y Comunicaciones, <strong>se pronunci\u00f3 como Asistente del abogado Julian Palacin Fern\u00e1ndez <a href=\"https:\/\/es.wikipedia.org\/wiki\/Juli%C3%A1n_Palac%C3%ADn_Fern%C3%A1ndez\">https:\/\/es.wikipedia.org\/wiki\/Juli%C3%A1n_Palac%C3%ADn_Fern%C3%A1ndez<\/a><\/strong> <strong>, coordinador del Equipo T\u00e9cnico de Pedro Castillo de PERU LIBRE en el Ministerio de Transportes y Comunicaciones (MTC) y manifest\u00f3 que en este sector en el Periodo 2021-2026<\/strong> se terminar\u00e1 el <strong>Aeropuerto Internacional de Chinchero en Cusco,<\/strong> para que la Macro Regi\u00f3n Sur lleguen seis millones de turistas y se creen dos millones de puestos de trabajo en el sector Turismo;  se iniciar\u00e1n los estudios para la construcci\u00f3n del <strong>Aeropuerto Internacional de Wanca en Jun\u00edn<\/strong> para convertir a 500 mil agricultores del Centro del pa\u00eds en Agro Exportadores y el <strong>Aeropuerto Internacional de Pacasmayo<\/strong> para apoyar a que los 3 mil millones de d\u00f3lares de la Agroexportaci\u00f3n de Chavimochic salga a los mercados internacionales sin depender de Lima y de los Puertos del Per\u00fa y Ecuador ahorr\u00e1ndose m\u00e1s de 100 millones de d\u00f3lares anuales en sobrecostos de la transportaci\u00f3n terrestre al Aeropuerto Internacional Jorge Ch\u00e1vez.<\/p>\n\n\n\n<p>El dirigente de Per\u00fa Libre Julian Palacin Guti\u00e9rrez que adem\u00e1s de ser experto en el Sector Transportes y Abogado es Perito en Seguros por la Superintendencia de Banca y Seguros (SBS) <strong><em>dijo que se impulsar\u00e1 el Transporte A\u00e9reo Transfronterizo con la habilitaci\u00f3n de rango internacional de los aeropuertos de frontera que se convertir\u00e1n en Low Cost, posibilitando que Tumbes, Piura, Cajamarca, y Amazonas tengan una efectiva integraci\u00f3n vuelos directos a Ecuador y Colombia, asimismo, se ha pensado en Loreto, Ucayali, Madre de Dios para que se interconecten con Brasil y Bolivia y Tacna con Chile<\/em><\/strong>.<\/p>\n\n\n\n<p>Se ha previsto a trav\u00e9s de CORPAC la rehabilitaci\u00f3n de los Aeropuertos asignados a las municipalidades y a las Regiones para lo cual se reasumir\u00e1 el rol hist\u00f3rico de esta empresa del Estado en la promoci\u00f3n <strong><em>y desarrollo de la infraestructura aeroportuaria destruida por el Neoliberalismo salvaje de los \u00faltimos 20 a\u00f1os y por el negociado de la concesi\u00f3n de Aeropuertos de Provincias.<\/em><\/strong><\/p>\n\n\n\n<p>Se habilitar\u00e1 por parte de CORPAC uno o dos aeropuertos Low Cost en cada Regi\u00f3n con rango internacional para captar turismo receptivo y promover el Comercio de Exportaci\u00f3n de las Regiones, sin depender de Lima y CORPAC realizar\u00e1 las inversiones en ayudas a la navegaci\u00f3n a\u00e9rea para garantizar la Seguridad de las Operaciones A\u00e9reas y la vida de los pasajeros transportados.<\/p>\n\n\n\n<p>En carreteras, tenemos como objetivo asfaltar y rehabilitar <strong><em>el 100% de las v\u00edas a nivel nacional y construir y pavimentar en 5 a\u00f1os 4,000 mil Km de carreteras, adem\u00e1s construiremos y rehabilitaremos 500 puentes a nivel nacional.<\/em><\/strong><\/p>\n\n\n\n<p>En Transporte Mar\u00edtimo impulsaremos con inversi\u00f3n nacional y extranjera  de 30 mil millones de d\u00f3lares el Proyecto Multimodal de la Isla San Lorenzo, que crear\u00e1 un mill\u00f3n de puestos de trabajo.<\/p>\n\n\n\n<p><strong><em>Recuperaremos la Soberan\u00eda A\u00e9rea a trav\u00e9s de una L\u00ednea A\u00e9rea de Bandera de bajo costo con inversi\u00f3n privada y participaci\u00f3n del Estado sin inversi\u00f3n p\u00fablica<\/em><\/strong>, para que los 8 mil millones de d\u00f3lares anuales que significan la explotaci\u00f3n de las rutas internacionales del Per\u00fa, especialmente en Quintas Libertades, ingresen a la econom\u00eda peruana y no a la chilena, y creen puestos de trabajo y desarrollo para los peruanos, garantizando la libre competencia para las empresas de aviaci\u00f3n nacionales y extranjeras.<\/p>\n\n\n\n<p>Convertir al mercado de Transporte A\u00e9reo peruano en Low Cost de pasajeros y carga, <strong><em>invitando a todos los operadores aerocomerciales del mundo a venir al Per\u00fa y desarrollar nuestro mercado para que los pasajeros de Transporte Terrestre, con la misma tarifa puedan transportarse v\u00eda a\u00e9rea a todo el territorio nacional<\/em><\/strong>, especialmente a las Regiones de la Amazon\u00eda y el Centro del Per\u00fa, que est\u00e1n sin servicios a\u00e9reos o insuficientemente servidos.<\/p>\n\n\n\n<p>Apoyar el Desarrollo de la Aviaci\u00f3n Civil Peruana y las Pol\u00edticas que permitan el crecimiento de la Industria A\u00e9rea Nacional.<\/p>\n\n\n\n<p><em><strong>Revisi\u00f3n de las cl\u00e1usulas anticonstitucionales monop\u00f3licas en los Contratos de Concesi\u00f3n de Aeropuertos y de otros Contratos y de la v\u00eda convencional, dejar sin efecto v\u00eda negociaci\u00f3n las cl\u00e1usulas que infrinjan la Constituci\u00f3n y afecten la Seguridad y Defensa Nacional<\/strong><\/em>. Auditar las inversiones privadas en aeropuertos y el cumplimiento de los Contratos y plazos para terminar las obras, especialmente la segunda pista del AIJCH, la Torre de Control y la nueva Terminal de Pasajeros.<\/p>\n\n\n\n<p>Apoyar el Desarrollo de las Escuelas de Aviaci\u00f3n Civil y Aeroclubes en cada una de las Regiones del Per\u00fa.<\/p>\n\n\n\n<p><strong>Telecomunicaciones<\/strong><\/p>\n\n\n\n<p>En telecomunicaciones vamos a Redefinir el Plan Nacional de Implementaci\u00f3n de la Red Dorsal de Fibra \u00d3ptica, hay que replantearla para que el internet sea efectivo en un 100% en el Territorio Nacional.<\/p>\n\n\n\n<p><strong>Transporte Ferroviario<\/strong><\/p>\n\n\n\n<p>Megaproyecto del Tren Bala Ferroviario Panamericano Norte o Tren Costero Norte-Lima-Tumbes de 1,380 Km.<\/p>\n\n\n\n<p><strong>Telef\u00e9rico de Lima<\/strong><\/p>\n\n\n\n<p>Construiremos el telef\u00e9rico de Lima, siete veces mas grande que el de Bolivia para interconectar todos los distritos de Lima Metropolitana desde San Juan de Lurigancho, <strong><em>para descongestionar el tr\u00e1nsito y beneficiar a diez millones de pasajeros que hoy tienen que perder 2 o 3 horas diarias en ir a sus centros de trabajo, reduciendo ese tiempo a 30 min.<\/em><\/strong><\/p>\n\n\n\n<p>Cabe agregar que el Equipo T\u00e9cnico de Pedro Castillo de  Per\u00fa Libre en este sector Transportes y Comunicaciones tiene la coordinaci\u00f3n de Julian Palacin Fern\u00e1ndez (ver: Wikipedia <a href=\"https:\/\/es.wikipedia.org\/wiki\/Juli%C3%A1n_Palac%C3%ADn_Fern%C3%A1ndez\">https:\/\/es.wikipedia.org\/wiki\/Juli%C3%A1n_Palac%C3%ADn_Fern%C3%A1ndez<\/a>) y sus asistentes son el abogado Juli\u00e1n Palacin Guti\u00e9rrez, el abogado Braulio Grajeda  y el Polit\u00f3logo David Caballero Llanos, todos de PERU LIBRE.<\/p>\n\n\n\n<p><strong>Por: Raymundo Hurtado Mart\u00ednez<\/strong><\/p>\n\n\n\n<p><br><\/p>\n","protected":false},"excerpt":{"rendered":"<p>(Aeronoticias): El abogado Juli\u00e1n Palacin Guti\u00e9rrez, del Estudio Jur\u00eddico Juli\u00e1n Palacin Abogados www.estudiojuridicopalacin.com que tiene una experiencia de 43 a\u00f1os en el Sector Transportes y Comunicaciones, se pronunci\u00f3 como Asistente del abogado Julian Palacin Fern\u00e1ndez https:\/\/es.wikipedia.org\/wiki\/Juli%C3%A1n_Palac%C3%ADn_Fern%C3%A1ndez , coordinador del Equipo T\u00e9cnico de Pedro Castillo de PERU LIBRE en el Ministerio de Transportes y Comunicaciones (MTC) [&hellip;]<\/p>\n","protected":false},"author":3,"featured_media":71143,"comment_status":"open","ping_status":"open","sticky":false,"template":"","format":"standard","meta":{"tdm_status":"","tdm_grid_status":"","footnotes":""},"categories":[51,38,1,8,30],"tags":[1406,184,1464,1465],"class_list":{"0":"post-73234","1":"post","2":"type-post","3":"status-publish","4":"format-standard","5":"has-post-thumbnail","7":"category-nacional","8":"category-nacionales","9":"category-sin-categoria","10":"category-ultimas","11":"category-30","12":"tag-julianpalacinf","13":"tag-mtc","14":"tag-telecomunicaciones","15":"tag-transporteferroviario"},"yoast_head":"<!-- This site is optimized with the Yoast SEO plugin v25.1 - https:\/\/yoast.com\/wordpress\/plugins\/seo\/ -->\n<title>Juli\u00e1n Palacin Guti\u00e9rrez explica el Plan de Gobierno de Pedro Castillo de Per\u00fa Libre en el MTC<\/title>\n<meta name=\"description\" content=\"Pedro Castillo de PERU LIBRE en el Sector Transportes plantea una nueva Geopol\u00edtica de Inversiones p\u00fablico-privadas que crear\u00e1 de uno a cuatro millones de puestos de trabajo 2021-2026.\" \/>\n<meta name=\"robots\" content=\"index, follow, max-snippet:-1, max-image-preview:large, max-video-preview:-1\" \/>\n<link rel=\"canonical\" href=\"https:\/\/aeronoticias.com.pe\/noticiero\/sin-categoria\/julian-palacin-gutierrez-explica-el-plan-de-gobierno-de-pedro-castillo-de-peru-libre-en-el-mtc\/\" \/>\n<meta property=\"og:locale\" content=\"es_ES\" \/>\n<meta property=\"og:type\" content=\"article\" \/>\n<meta property=\"og:title\" content=\"Juli\u00e1n Palacin Guti\u00e9rrez explica el Plan de Gobierno de Pedro Castillo de Per\u00fa Libre en el MTC\" \/>\n<meta property=\"og:description\" content=\"Pedro Castillo de PERU LIBRE en el Sector Transportes plantea una nueva Geopol\u00edtica de Inversiones p\u00fablico-privadas que crear\u00e1 de uno a cuatro millones de puestos de trabajo 2021-2026.\" \/>\n<meta property=\"og:url\" content=\"https:\/\/aeronoticias.com.pe\/noticiero\/sin-categoria\/julian-palacin-gutierrez-explica-el-plan-de-gobierno-de-pedro-castillo-de-peru-libre-en-el-mtc\/\" \/>\n<meta property=\"og:site_name\" content=\"Aeronoticias.com.pe\" \/>\n<meta property=\"article:publisher\" content=\"https:\/\/www.facebook.com\/Aeronoticias.com.pe\/\" \/>\n<meta property=\"article:published_time\" content=\"2021-06-23T14:35:12+00:00\" \/>\n<meta property=\"article:modified_time\" content=\"2021-06-24T17:02:07+00:00\" \/>\n<meta property=\"og:image\" content=\"https:\/\/aeronoticias.com.pe\/noticiero\/wp-content\/uploads\/2021\/03\/dfbece89-089c-493d-9f46-de83b445b91d.jpg\" \/>\n\t<meta property=\"og:image:width\" content=\"1200\" \/>\n\t<meta property=\"og:image:height\" content=\"1600\" \/>\n\t<meta property=\"og:image:type\" content=\"image\/jpeg\" \/>\n<meta name=\"author\" content=\"Redacci\u00f3n\" \/>\n<meta name=\"twitter:card\" content=\"summary_large_image\" \/>\n<meta name=\"twitter:creator\" content=\"@aeronoticias\" \/>\n<meta name=\"twitter:site\" content=\"@aeronoticias\" \/>\n<meta name=\"twitter:label1\" content=\"Escrito por\" \/>\n\t<meta name=\"twitter:data1\" content=\"Redacci\u00f3n\" \/>\n\t<meta name=\"twitter:label2\" content=\"Tiempo de lectura\" \/>\n\t<meta name=\"twitter:data2\" content=\"5 minutos\" \/>\n<script type=\"application\/ld+json\" class=\"yoast-schema-graph\">{\"@context\":\"https:\/\/schema.org\",\"@graph\":[{\"@type\":\"WebPage\",\"@id\":\"https:\/\/aeronoticias.com.pe\/noticiero\/sin-categoria\/julian-palacin-gutierrez-explica-el-plan-de-gobierno-de-pedro-castillo-de-peru-libre-en-el-mtc\/\",\"url\":\"https:\/\/aeronoticias.com.pe\/noticiero\/sin-categoria\/julian-palacin-gutierrez-explica-el-plan-de-gobierno-de-pedro-castillo-de-peru-libre-en-el-mtc\/\",\"name\":\"Juli\u00e1n Palacin Guti\u00e9rrez explica el Plan de Gobierno de Pedro Castillo de Per\u00fa Libre en el MTC\",\"isPartOf\":{\"@id\":\"https:\/\/aeronoticias.com.pe\/noticiero\/#website\"},\"primaryImageOfPage\":{\"@id\":\"https:\/\/aeronoticias.com.pe\/noticiero\/sin-categoria\/julian-palacin-gutierrez-explica-el-plan-de-gobierno-de-pedro-castillo-de-peru-libre-en-el-mtc\/#primaryimage\"},\"image\":{\"@id\":\"https:\/\/aeronoticias.com.pe\/noticiero\/sin-categoria\/julian-palacin-gutierrez-explica-el-plan-de-gobierno-de-pedro-castillo-de-peru-libre-en-el-mtc\/#primaryimage\"},\"thumbnailUrl\":\"https:\/\/aeronoticias.com.pe\/noticiero\/wp-content\/uploads\/2021\/03\/dfbece89-089c-493d-9f46-de83b445b91d.jpg\",\"datePublished\":\"2021-06-23T14:35:12+00:00\",\"dateModified\":\"2021-06-24T17:02:07+00:00\",\"author\":{\"@id\":\"https:\/\/aeronoticias.com.pe\/noticiero\/#\/schema\/person\/16212a617c73f78916b13194154243bd\"},\"description\":\"Pedro Castillo de PERU LIBRE en el Sector Transportes plantea una nueva Geopol\u00edtica de Inversiones p\u00fablico-privadas que crear\u00e1 de uno a cuatro millones de puestos de trabajo 2021-2026.\",\"breadcrumb\":{\"@id\":\"https:\/\/aeronoticias.com.pe\/noticiero\/sin-categoria\/julian-palacin-gutierrez-explica-el-plan-de-gobierno-de-pedro-castillo-de-peru-libre-en-el-mtc\/#breadcrumb\"},\"inLanguage\":\"es\",\"potentialAction\":[{\"@type\":\"ReadAction\",\"target\":[\"https:\/\/aeronoticias.com.pe\/noticiero\/sin-categoria\/julian-palacin-gutierrez-explica-el-plan-de-gobierno-de-pedro-castillo-de-peru-libre-en-el-mtc\/\"]}]},{\"@type\":\"ImageObject\",\"inLanguage\":\"es\",\"@id\":\"https:\/\/aeronoticias.com.pe\/noticiero\/sin-categoria\/julian-palacin-gutierrez-explica-el-plan-de-gobierno-de-pedro-castillo-de-peru-libre-en-el-mtc\/#primaryimage\",\"url\":\"https:\/\/aeronoticias.com.pe\/noticiero\/wp-content\/uploads\/2021\/03\/dfbece89-089c-493d-9f46-de83b445b91d.jpg\",\"contentUrl\":\"https:\/\/aeronoticias.com.pe\/noticiero\/wp-content\/uploads\/2021\/03\/dfbece89-089c-493d-9f46-de83b445b91d.jpg\",\"width\":1200,\"height\":1600},{\"@type\":\"BreadcrumbList\",\"@id\":\"https:\/\/aeronoticias.com.pe\/noticiero\/sin-categoria\/julian-palacin-gutierrez-explica-el-plan-de-gobierno-de-pedro-castillo-de-peru-libre-en-el-mtc\/#breadcrumb\",\"itemListElement\":[{\"@type\":\"ListItem\",\"position\":1,\"name\":\"Portada\",\"item\":\"https:\/\/aeronoticias.com.pe\/noticiero\/\"},{\"@type\":\"ListItem\",\"position\":2,\"name\":\"Juli\u00e1n Palacin Guti\u00e9rrez explica el Plan de Gobierno de Pedro Castillo de Per\u00fa Libre en el MTC\"}]},{\"@type\":\"WebSite\",\"@id\":\"https:\/\/aeronoticias.com.pe\/noticiero\/#website\",\"url\":\"https:\/\/aeronoticias.com.pe\/noticiero\/\",\"name\":\"Aeronoticias.com.pe\",\"description\":\"Noticias de tranporte aereo, turismo, hoteles, gastronomia, actualidad, internacional\",\"potentialAction\":[{\"@type\":\"SearchAction\",\"target\":{\"@type\":\"EntryPoint\",\"urlTemplate\":\"https:\/\/aeronoticias.com.pe\/noticiero\/?s={search_term_string}\"},\"query-input\":{\"@type\":\"PropertyValueSpecification\",\"valueRequired\":true,\"valueName\":\"search_term_string\"}}],\"inLanguage\":\"es\"},{\"@type\":\"Person\",\"@id\":\"https:\/\/aeronoticias.com.pe\/noticiero\/#\/schema\/person\/16212a617c73f78916b13194154243bd\",\"name\":\"Redacci\u00f3n\",\"sameAs\":[\"http:\/\/Redacci\u00f3n\"],\"url\":\"https:\/\/aeronoticias.com.pe\/noticiero\/author\/celeste\/\"}]}<\/script>\n<!-- \/ Yoast SEO plugin. -->","yoast_head_json":{"title":"Juli\u00e1n Palacin Guti\u00e9rrez explica el Plan de Gobierno de Pedro Castillo de Per\u00fa Libre en el MTC","description":"Pedro Castillo de PERU LIBRE en el Sector Transportes plantea una nueva Geopol\u00edtica de Inversiones p\u00fablico-privadas que crear\u00e1 de uno a cuatro millones de puestos de trabajo 2021-2026.","robots":{"index":"index","follow":"follow","max-snippet":"max-snippet:-1","max-image-preview":"max-image-preview:large","max-video-preview":"max-video-preview:-1"},"canonical":"https:\/\/aeronoticias.com.pe\/noticiero\/sin-categoria\/julian-palacin-gutierrez-explica-el-plan-de-gobierno-de-pedro-castillo-de-peru-libre-en-el-mtc\/","og_locale":"es_ES","og_type":"article","og_title":"Juli\u00e1n Palacin Guti\u00e9rrez explica el Plan de Gobierno de Pedro Castillo de Per\u00fa Libre en el MTC","og_description":"Pedro Castillo de PERU LIBRE en el Sector Transportes plantea una nueva Geopol\u00edtica de Inversiones p\u00fablico-privadas que crear\u00e1 de uno a cuatro millones de puestos de trabajo 2021-2026.","og_url":"https:\/\/aeronoticias.com.pe\/noticiero\/sin-categoria\/julian-palacin-gutierrez-explica-el-plan-de-gobierno-de-pedro-castillo-de-peru-libre-en-el-mtc\/","og_site_name":"Aeronoticias.com.pe","article_publisher":"https:\/\/www.facebook.com\/Aeronoticias.com.pe\/","article_published_time":"2021-06-23T14:35:12+00:00","article_modified_time":"2021-06-24T17:02:07+00:00","og_image":[{"width":1200,"height":1600,"url":"https:\/\/aeronoticias.com.pe\/noticiero\/wp-content\/uploads\/2021\/03\/dfbece89-089c-493d-9f46-de83b445b91d.jpg","type":"image\/jpeg"}],"author":"Redacci\u00f3n","twitter_card":"summary_large_image","twitter_creator":"@aeronoticias","twitter_site":"@aeronoticias","twitter_misc":{"Escrito por":"Redacci\u00f3n","Tiempo de lectura":"5 minutos"},"schema":{"@context":"https:\/\/schema.org","@graph":[{"@type":"WebPage","@id":"https:\/\/aeronoticias.com.pe\/noticiero\/sin-categoria\/julian-palacin-gutierrez-explica-el-plan-de-gobierno-de-pedro-castillo-de-peru-libre-en-el-mtc\/","url":"https:\/\/aeronoticias.com.pe\/noticiero\/sin-categoria\/julian-palacin-gutierrez-explica-el-plan-de-gobierno-de-pedro-castillo-de-peru-libre-en-el-mtc\/","name":"Juli\u00e1n Palacin Guti\u00e9rrez explica el Plan de Gobierno de Pedro Castillo de Per\u00fa Libre en el MTC","isPartOf":{"@id":"https:\/\/aeronoticias.com.pe\/noticiero\/#website"},"primaryImageOfPage":{"@id":"https:\/\/aeronoticias.com.pe\/noticiero\/sin-categoria\/julian-palacin-gutierrez-explica-el-plan-de-gobierno-de-pedro-castillo-de-peru-libre-en-el-mtc\/#primaryimage"},"image":{"@id":"https:\/\/aeronoticias.com.pe\/noticiero\/sin-categoria\/julian-palacin-gutierrez-explica-el-plan-de-gobierno-de-pedro-castillo-de-peru-libre-en-el-mtc\/#primaryimage"},"thumbnailUrl":"https:\/\/aeronoticias.com.pe\/noticiero\/wp-content\/uploads\/2021\/03\/dfbece89-089c-493d-9f46-de83b445b91d.jpg","datePublished":"2021-06-23T14:35:12+00:00","dateModified":"2021-06-24T17:02:07+00:00","author":{"@id":"https:\/\/aeronoticias.com.pe\/noticiero\/#\/schema\/person\/16212a617c73f78916b13194154243bd"},"description":"Pedro Castillo de PERU LIBRE en el Sector Transportes plantea una nueva Geopol\u00edtica de Inversiones p\u00fablico-privadas que crear\u00e1 de uno a cuatro millones de puestos de trabajo 2021-2026.","breadcrumb":{"@id":"https:\/\/aeronoticias.com.pe\/noticiero\/sin-categoria\/julian-palacin-gutierrez-explica-el-plan-de-gobierno-de-pedro-castillo-de-peru-libre-en-el-mtc\/#breadcrumb"},"inLanguage":"es","potentialAction":[{"@type":"ReadAction","target":["https:\/\/aeronoticias.com.pe\/noticiero\/sin-categoria\/julian-palacin-gutierrez-explica-el-plan-de-gobierno-de-pedro-castillo-de-peru-libre-en-el-mtc\/"]}]},{"@type":"ImageObject","inLanguage":"es","@id":"https:\/\/aeronoticias.com.pe\/noticiero\/sin-categoria\/julian-palacin-gutierrez-explica-el-plan-de-gobierno-de-pedro-castillo-de-peru-libre-en-el-mtc\/#primaryimage","url":"https:\/\/aeronoticias.com.pe\/noticiero\/wp-content\/uploads\/2021\/03\/dfbece89-089c-493d-9f46-de83b445b91d.jpg","contentUrl":"https:\/\/aeronoticias.com.pe\/noticiero\/wp-content\/uploads\/2021\/03\/dfbece89-089c-493d-9f46-de83b445b91d.jpg","width":1200,"height":1600},{"@type":"BreadcrumbList","@id":"https:\/\/aeronoticias.com.pe\/noticiero\/sin-categoria\/julian-palacin-gutierrez-explica-el-plan-de-gobierno-de-pedro-castillo-de-peru-libre-en-el-mtc\/#breadcrumb","itemListElement":[{"@type":"ListItem","position":1,"name":"Portada","item":"https:\/\/aeronoticias.com.pe\/noticiero\/"},{"@type":"ListItem","position":2,"name":"Juli\u00e1n Palacin Guti\u00e9rrez explica el Plan de Gobierno de Pedro Castillo de Per\u00fa Libre en el MTC"}]},{"@type":"WebSite","@id":"https:\/\/aeronoticias.com.pe\/noticiero\/#website","url":"https:\/\/aeronoticias.com.pe\/noticiero\/","name":"Aeronoticias.com.pe","description":"Noticias de tranporte aereo, turismo, hoteles, gastronomia, actualidad, internacional","potentialAction":[{"@type":"SearchAction","target":{"@type":"EntryPoint","urlTemplate":"https:\/\/aeronoticias.com.pe\/noticiero\/?s={search_term_string}"},"query-input":{"@type":"PropertyValueSpecification","valueRequired":true,"valueName":"search_term_string"}}],"inLanguage":"es"},{"@type":"Person","@id":"https:\/\/aeronoticias.com.pe\/noticiero\/#\/schema\/person\/16212a617c73f78916b13194154243bd","name":"Redacci\u00f3n","sameAs":["http:\/\/Redacci\u00f3n"],"url":"https:\/\/aeronoticias.com.pe\/noticiero\/author\/celeste\/"}]}},"_links":{"self":[{"href":"https:\/\/aeronoticias.com.pe\/noticiero\/wp-json\/wp\/v2\/posts\/73234","targetHints":{"allow":["GET"]}}],"collection":[{"href":"https:\/\/aeronoticias.com.pe\/noticiero\/wp-json\/wp\/v2\/posts"}],"about":[{"href":"https:\/\/aeronoticias.com.pe\/noticiero\/wp-json\/wp\/v2\/types\/post"}],"author":[{"embeddable":true,"href":"https:\/\/aeronoticias.com.pe\/noticiero\/wp-json\/wp\/v2\/users\/3"}],"replies":[{"embeddable":true,"href":"https:\/\/aeronoticias.com.pe\/noticiero\/wp-json\/wp\/v2\/comments?post=73234"}],"version-history":[{"count":0,"href":"https:\/\/aeronoticias.com.pe\/noticiero\/wp-json\/wp\/v2\/posts\/73234\/revisions"}],"wp:featuredmedia":[{"embeddable":true,"href":"https:\/\/aeronoticias.com.pe\/noticiero\/wp-json\/wp\/v2\/media\/71143"}],"wp:attachment":[{"href":"https:\/\/aeronoticias.com.pe\/noticiero\/wp-json\/wp\/v2\/media?parent=73234"}],"wp:term":[{"taxonomy":"category","embeddable":true,"href":"https:\/\/aeronoticias.com.pe\/noticiero\/wp-json\/wp\/v2\/categories?post=73234"},{"taxonomy":"post_tag","embeddable":true,"href":"https:\/\/aeronoticias.com.pe\/noticiero\/wp-json\/wp\/v2\/tags?post=73234"}],"curies":[{"name":"wp","href":"https:\/\/api.w.org\/{rel}","templated":true}]}}