{"id":73251,"date":"2021-06-23T07:14:00","date_gmt":"2021-06-23T12:14:00","guid":{"rendered":"https:\/\/aeronoticias.com.pe\/noticiero\/?p=73251"},"modified":"2021-06-23T22:17:58","modified_gmt":"2021-06-24T03:17:58","slug":"lufthansa-busca-consolidarse-en-latinoamerica","status":"publish","type":"post","link":"https:\/\/aeronoticias.com.pe\/noticiero\/transporte-aereo\/lufthansa-busca-consolidarse-en-latinoamerica\/","title":{"rendered":"Lufthansa busca consolidarse en Latinoam\u00e9rica"},"content":{"rendered":"\n<p><strong>(Aeronoticias)<\/strong>.- Felipe Bonifatti, director general de <a href=\"https:\/\/www.lufthansagroup.com\/en\/company.html\"> Group<\/a>\u00a0para Am\u00e9rica del Sur y el Caribe , dijo que entre los desaf\u00edos de la compa\u00f1\u00eda se encuentran consolidar su presencia en los grandes aeropuertos en Latinoam\u00e9rica y\u00a0<strong>ofrecer desde dicha infraestructura por lo menos un vuelo diario a Frankfurt<\/strong>, uno de sus principales hubs en Europa.<\/p>\n\n\n\n<blockquote class=\"wp-block-quote is-layout-flow wp-block-quote-is-layout-flow\"><p>\u201cLo que tenemos por delante es la recuperaci\u00f3n de la industria, del sector, de vuelos y quiz\u00e1 no tengamos la misma cantidad previo a la pandemia, pero s\u00ed&nbsp;tenemos que consolidar los grandes aeropuertos en Latinoam\u00e9rica. Tenemos, en el caso de Sao Paulo, los vuelos a&nbsp;Z\u00farich, como nos pasa en Canc\u00fan o en Costa Rica y consolidar eso, pasar a vuelos diarios y revisar qu\u00e9&nbsp;otros podemos agregar a medida que haya demanda tanto del sector vacacional como del sector corporativo\u201d, expuso.<\/p><\/blockquote>\n\n\n\n<p>Bonifatti destac\u00f3 que a pesar de la crisis sin precedentes derivada de la pandemia de covid-19, ya se puede ver luz al final del t\u00fanel.<\/p>\n\n\n\n<p>Actualmente, la aerol\u00ednea<strong>&nbsp;conecta al 90% de los destinos que ten\u00eda al comienzo de la pandemia de la COVID-19&nbsp;desde sus centros de conexi\u00f3n en Europa<\/strong>. Mientras que, para la regi\u00f3n de Latinoam\u00e9rica, la aerol\u00ednea regresar\u00e1 hasta mediados del 2022 a Panam\u00e1.<\/p>\n\n\n\n<p>Por su parte, Frank Naeve, vicepresidente de ventas para Am\u00e9rica,<strong>&nbsp;afirm\u00f3 que el grupo ya alcanz\u00f3 la estabilidad financiera al conseguir fondos en el mercado&nbsp;<\/strong>y ha decidido concentrar en el sector de aerol\u00edneas.<\/p>\n\n\n\n<blockquote class=\"wp-block-quote is-layout-flow wp-block-quote-is-layout-flow\"><p>\u201cUn aspecto importante es contener y reducir costos y en este sentido el Grupo Lufthansa ser\u00e1 una compa\u00f1\u00eda m\u00e1s peque\u00f1a mirando hacia adelante, pero mantendremos nuestra posici\u00f3n en los mercados de esta regi\u00f3n\u201d, dijo.<\/p><\/blockquote>\n\n\n\n<p>Record\u00f3 que recibieron apoyo financiero de algunos gobiernos pero \u201ces pagar y devolver\u201d a la brevedad posible los prestamos recibidos, los cuales,&nbsp;<strong>tienen la finalidad de mantener a la compa\u00f1\u00eda como un consorcio privado de aerol\u00edneas.<\/strong><\/p>\n\n\n\n<p>Adem\u00e1s, mencion\u00f3 que&nbsp;<strong>continuar\u00e1n invirtiendo en productos y aviones como los de \u00faltima generaci\u00f3n<\/strong>&nbsp;Boeing 787 y 777, as\u00ed como el Airbus 350, que entrar\u00e1n en servicio en los pr\u00f3ximos a\u00f1os.<\/p>\n\n\n\n<p>Sobre las restricciones de viajes de algunos pa\u00edses, mencion\u00f3 que a\u00fan contin\u00faan afectando a la industria, aunque ya se comienza con la reapertura de fronteras.<\/p>\n\n\n\n<p>Fuente: <strong><em>A21.<\/em><\/strong><\/p>\n","protected":false},"excerpt":{"rendered":"<p>(Aeronoticias).- Felipe Bonifatti, director general de Group\u00a0para Am\u00e9rica del Sur y el Caribe , dijo que entre los desaf\u00edos de la compa\u00f1\u00eda se encuentran consolidar su presencia en los grandes aeropuertos en Latinoam\u00e9rica y\u00a0ofrecer desde dicha infraestructura por lo menos un vuelo diario a Frankfurt, uno de sus principales hubs en Europa. \u201cLo que tenemos [&hellip;]<\/p>\n","protected":false},"author":4,"featured_media":64191,"comment_status":"open","ping_status":"open","sticky":false,"template":"","format":"standard","meta":{"tdm_status":"","tdm_grid_status":"","footnotes":""},"categories":[32,11],"tags":[163,342],"class_list":{"0":"post-73251","1":"post","2":"type-post","3":"status-publish","4":"format-standard","5":"has-post-thumbnail","7":"category-internacional","8":"category-transporte-aereo","9":"tag-coronavirus","10":"tag-lufthansa"},"yoast_head":"<!-- This site is optimized with the Yoast SEO plugin v25.1 - https:\/\/yoast.com\/wordpress\/plugins\/seo\/ -->\n<title>Lufthansa busca consolidarse en Latinoam\u00e9rica<\/title>\n<meta name=\"description\" content=\"Portal de noticias del Per\u00fa sobre el transporte a\u00e9reo, aviaci\u00f3n, turismo, hoteleria, actualidad.\" \/>\n<meta name=\"robots\" content=\"index, follow, max-snippet:-1, max-image-preview:large, max-video-preview:-1\" \/>\n<link rel=\"canonical\" href=\"https:\/\/aeronoticias.com.pe\/noticiero\/transporte-aereo\/lufthansa-busca-consolidarse-en-latinoamerica\/\" \/>\n<meta property=\"og:locale\" content=\"es_ES\" \/>\n<meta property=\"og:type\" content=\"article\" \/>\n<meta property=\"og:title\" content=\"Lufthansa busca consolidarse en Latinoam\u00e9rica\" \/>\n<meta property=\"og:description\" content=\"Portal de noticias del Per\u00fa sobre el transporte a\u00e9reo, aviaci\u00f3n, turismo, hoteleria, actualidad.\" \/>\n<meta property=\"og:url\" content=\"https:\/\/aeronoticias.com.pe\/noticiero\/transporte-aereo\/lufthansa-busca-consolidarse-en-latinoamerica\/\" \/>\n<meta property=\"og:site_name\" content=\"Aeronoticias.com.pe\" \/>\n<meta property=\"article:publisher\" content=\"https:\/\/www.facebook.com\/Aeronoticias.com.pe\/\" \/>\n<meta property=\"article:published_time\" content=\"2021-06-23T12:14:00+00:00\" \/>\n<meta property=\"article:modified_time\" content=\"2021-06-24T03:17:58+00:00\" \/>\n<meta property=\"og:image\" content=\"https:\/\/aeronoticias.com.pe\/noticiero\/wp-content\/uploads\/2020\/04\/Lufthansa.jpg\" \/>\n\t<meta property=\"og:image:width\" content=\"1500\" \/>\n\t<meta property=\"og:image:height\" content=\"1000\" \/>\n\t<meta property=\"og:image:type\" content=\"image\/jpeg\" \/>\n<meta name=\"author\" content=\"Jefrey Cuya\" \/>\n<meta name=\"twitter:card\" content=\"summary_large_image\" \/>\n<meta name=\"twitter:creator\" content=\"@aeronoticias\" \/>\n<meta name=\"twitter:site\" content=\"@aeronoticias\" \/>\n<meta name=\"twitter:label1\" content=\"Escrito por\" \/>\n\t<meta name=\"twitter:data1\" content=\"Jefrey Cuya\" \/>\n\t<meta name=\"twitter:label2\" content=\"Tiempo de lectura\" \/>\n\t<meta name=\"twitter:data2\" content=\"2 minutos\" \/>\n<script type=\"application\/ld+json\" class=\"yoast-schema-graph\">{\"@context\":\"https:\/\/schema.org\",\"@graph\":[{\"@type\":\"WebPage\",\"@id\":\"https:\/\/aeronoticias.com.pe\/noticiero\/transporte-aereo\/lufthansa-busca-consolidarse-en-latinoamerica\/\",\"url\":\"https:\/\/aeronoticias.com.pe\/noticiero\/transporte-aereo\/lufthansa-busca-consolidarse-en-latinoamerica\/\",\"name\":\"Lufthansa busca consolidarse en Latinoam\u00e9rica\",\"isPartOf\":{\"@id\":\"https:\/\/aeronoticias.com.pe\/noticiero\/#website\"},\"primaryImageOfPage\":{\"@id\":\"https:\/\/aeronoticias.com.pe\/noticiero\/transporte-aereo\/lufthansa-busca-consolidarse-en-latinoamerica\/#primaryimage\"},\"image\":{\"@id\":\"https:\/\/aeronoticias.com.pe\/noticiero\/transporte-aereo\/lufthansa-busca-consolidarse-en-latinoamerica\/#primaryimage\"},\"thumbnailUrl\":\"https:\/\/aeronoticias.com.pe\/noticiero\/wp-content\/uploads\/2020\/04\/Lufthansa.jpg\",\"datePublished\":\"2021-06-23T12:14:00+00:00\",\"dateModified\":\"2021-06-24T03:17:58+00:00\",\"author\":{\"@id\":\"https:\/\/aeronoticias.com.pe\/noticiero\/#\/schema\/person\/9ef7422a13b22ab480ffc29639f442b0\"},\"description\":\"Portal de noticias del Per\u00fa sobre el transporte a\u00e9reo, aviaci\u00f3n, turismo, hoteleria, actualidad.\",\"breadcrumb\":{\"@id\":\"https:\/\/aeronoticias.com.pe\/noticiero\/transporte-aereo\/lufthansa-busca-consolidarse-en-latinoamerica\/#breadcrumb\"},\"inLanguage\":\"es\",\"potentialAction\":[{\"@type\":\"ReadAction\",\"target\":[\"https:\/\/aeronoticias.com.pe\/noticiero\/transporte-aereo\/lufthansa-busca-consolidarse-en-latinoamerica\/\"]}]},{\"@type\":\"ImageObject\",\"inLanguage\":\"es\",\"@id\":\"https:\/\/aeronoticias.com.pe\/noticiero\/transporte-aereo\/lufthansa-busca-consolidarse-en-latinoamerica\/#primaryimage\",\"url\":\"https:\/\/aeronoticias.com.pe\/noticiero\/wp-content\/uploads\/2020\/04\/Lufthansa.jpg\",\"contentUrl\":\"https:\/\/aeronoticias.com.pe\/noticiero\/wp-content\/uploads\/2020\/04\/Lufthansa.jpg\",\"width\":1500,\"height\":1000},{\"@type\":\"BreadcrumbList\",\"@id\":\"https:\/\/aeronoticias.com.pe\/noticiero\/transporte-aereo\/lufthansa-busca-consolidarse-en-latinoamerica\/#breadcrumb\",\"itemListElement\":[{\"@type\":\"ListItem\",\"position\":1,\"name\":\"Portada\",\"item\":\"https:\/\/aeronoticias.com.pe\/noticiero\/\"},{\"@type\":\"ListItem\",\"position\":2,\"name\":\"Lufthansa busca consolidarse en Latinoam\u00e9rica\"}]},{\"@type\":\"WebSite\",\"@id\":\"https:\/\/aeronoticias.com.pe\/noticiero\/#website\",\"url\":\"https:\/\/aeronoticias.com.pe\/noticiero\/\",\"name\":\"Aeronoticias.com.pe\",\"description\":\"Noticias de tranporte aereo, turismo, hoteles, gastronomia, actualidad, internacional\",\"potentialAction\":[{\"@type\":\"SearchAction\",\"target\":{\"@type\":\"EntryPoint\",\"urlTemplate\":\"https:\/\/aeronoticias.com.pe\/noticiero\/?s={search_term_string}\"},\"query-input\":{\"@type\":\"PropertyValueSpecification\",\"valueRequired\":true,\"valueName\":\"search_term_string\"}}],\"inLanguage\":\"es\"},{\"@type\":\"Person\",\"@id\":\"https:\/\/aeronoticias.com.pe\/noticiero\/#\/schema\/person\/9ef7422a13b22ab480ffc29639f442b0\",\"name\":\"Jefrey Cuya\",\"url\":\"https:\/\/aeronoticias.com.pe\/noticiero\/author\/jefreycuya\/\"}]}<\/script>\n<!-- \/ Yoast SEO plugin. -->","yoast_head_json":{"title":"Lufthansa busca consolidarse en Latinoam\u00e9rica","description":"Portal de noticias del Per\u00fa sobre el transporte a\u00e9reo, aviaci\u00f3n, turismo, hoteleria, actualidad.","robots":{"index":"index","follow":"follow","max-snippet":"max-snippet:-1","max-image-preview":"max-image-preview:large","max-video-preview":"max-video-preview:-1"},"canonical":"https:\/\/aeronoticias.com.pe\/noticiero\/transporte-aereo\/lufthansa-busca-consolidarse-en-latinoamerica\/","og_locale":"es_ES","og_type":"article","og_title":"Lufthansa busca consolidarse en Latinoam\u00e9rica","og_description":"Portal de noticias del Per\u00fa sobre el transporte a\u00e9reo, aviaci\u00f3n, turismo, hoteleria, actualidad.","og_url":"https:\/\/aeronoticias.com.pe\/noticiero\/transporte-aereo\/lufthansa-busca-consolidarse-en-latinoamerica\/","og_site_name":"Aeronoticias.com.pe","article_publisher":"https:\/\/www.facebook.com\/Aeronoticias.com.pe\/","article_published_time":"2021-06-23T12:14:00+00:00","article_modified_time":"2021-06-24T03:17:58+00:00","og_image":[{"width":1500,"height":1000,"url":"https:\/\/aeronoticias.com.pe\/noticiero\/wp-content\/uploads\/2020\/04\/Lufthansa.jpg","type":"image\/jpeg"}],"author":"Jefrey Cuya","twitter_card":"summary_large_image","twitter_creator":"@aeronoticias","twitter_site":"@aeronoticias","twitter_misc":{"Escrito por":"Jefrey Cuya","Tiempo de lectura":"2 minutos"},"schema":{"@context":"https:\/\/schema.org","@graph":[{"@type":"WebPage","@id":"https:\/\/aeronoticias.com.pe\/noticiero\/transporte-aereo\/lufthansa-busca-consolidarse-en-latinoamerica\/","url":"https:\/\/aeronoticias.com.pe\/noticiero\/transporte-aereo\/lufthansa-busca-consolidarse-en-latinoamerica\/","name":"Lufthansa busca consolidarse en Latinoam\u00e9rica","isPartOf":{"@id":"https:\/\/aeronoticias.com.pe\/noticiero\/#website"},"primaryImageOfPage":{"@id":"https:\/\/aeronoticias.com.pe\/noticiero\/transporte-aereo\/lufthansa-busca-consolidarse-en-latinoamerica\/#primaryimage"},"image":{"@id":"https:\/\/aeronoticias.com.pe\/noticiero\/transporte-aereo\/lufthansa-busca-consolidarse-en-latinoamerica\/#primaryimage"},"thumbnailUrl":"https:\/\/aeronoticias.com.pe\/noticiero\/wp-content\/uploads\/2020\/04\/Lufthansa.jpg","datePublished":"2021-06-23T12:14:00+00:00","dateModified":"2021-06-24T03:17:58+00:00","author":{"@id":"https:\/\/aeronoticias.com.pe\/noticiero\/#\/schema\/person\/9ef7422a13b22ab480ffc29639f442b0"},"description":"Portal de noticias del Per\u00fa sobre el transporte a\u00e9reo, aviaci\u00f3n, turismo, hoteleria, actualidad.","breadcrumb":{"@id":"https:\/\/aeronoticias.com.pe\/noticiero\/transporte-aereo\/lufthansa-busca-consolidarse-en-latinoamerica\/#breadcrumb"},"inLanguage":"es","potentialAction":[{"@type":"ReadAction","target":["https:\/\/aeronoticias.com.pe\/noticiero\/transporte-aereo\/lufthansa-busca-consolidarse-en-latinoamerica\/"]}]},{"@type":"ImageObject","inLanguage":"es","@id":"https:\/\/aeronoticias.com.pe\/noticiero\/transporte-aereo\/lufthansa-busca-consolidarse-en-latinoamerica\/#primaryimage","url":"https:\/\/aeronoticias.com.pe\/noticiero\/wp-content\/uploads\/2020\/04\/Lufthansa.jpg","contentUrl":"https:\/\/aeronoticias.com.pe\/noticiero\/wp-content\/uploads\/2020\/04\/Lufthansa.jpg","width":1500,"height":1000},{"@type":"BreadcrumbList","@id":"https:\/\/aeronoticias.com.pe\/noticiero\/transporte-aereo\/lufthansa-busca-consolidarse-en-latinoamerica\/#breadcrumb","itemListElement":[{"@type":"ListItem","position":1,"name":"Portada","item":"https:\/\/aeronoticias.com.pe\/noticiero\/"},{"@type":"ListItem","position":2,"name":"Lufthansa busca consolidarse en Latinoam\u00e9rica"}]},{"@type":"WebSite","@id":"https:\/\/aeronoticias.com.pe\/noticiero\/#website","url":"https:\/\/aeronoticias.com.pe\/noticiero\/","name":"Aeronoticias.com.pe","description":"Noticias de tranporte aereo, turismo, hoteles, gastronomia, actualidad, internacional","potentialAction":[{"@type":"SearchAction","target":{"@type":"EntryPoint","urlTemplate":"https:\/\/aeronoticias.com.pe\/noticiero\/?s={search_term_string}"},"query-input":{"@type":"PropertyValueSpecification","valueRequired":true,"valueName":"search_term_string"}}],"inLanguage":"es"},{"@type":"Person","@id":"https:\/\/aeronoticias.com.pe\/noticiero\/#\/schema\/person\/9ef7422a13b22ab480ffc29639f442b0","name":"Jefrey Cuya","url":"https:\/\/aeronoticias.com.pe\/noticiero\/author\/jefreycuya\/"}]}},"_links":{"self":[{"href":"https:\/\/aeronoticias.com.pe\/noticiero\/wp-json\/wp\/v2\/posts\/73251","targetHints":{"allow":["GET"]}}],"collection":[{"href":"https:\/\/aeronoticias.com.pe\/noticiero\/wp-json\/wp\/v2\/posts"}],"about":[{"href":"https:\/\/aeronoticias.com.pe\/noticiero\/wp-json\/wp\/v2\/types\/post"}],"author":[{"embeddable":true,"href":"https:\/\/aeronoticias.com.pe\/noticiero\/wp-json\/wp\/v2\/users\/4"}],"replies":[{"embeddable":true,"href":"https:\/\/aeronoticias.com.pe\/noticiero\/wp-json\/wp\/v2\/comments?post=73251"}],"version-history":[{"count":0,"href":"https:\/\/aeronoticias.com.pe\/noticiero\/wp-json\/wp\/v2\/posts\/73251\/revisions"}],"wp:featuredmedia":[{"embeddable":true,"href":"https:\/\/aeronoticias.com.pe\/noticiero\/wp-json\/wp\/v2\/media\/64191"}],"wp:attachment":[{"href":"https:\/\/aeronoticias.com.pe\/noticiero\/wp-json\/wp\/v2\/media?parent=73251"}],"wp:term":[{"taxonomy":"category","embeddable":true,"href":"https:\/\/aeronoticias.com.pe\/noticiero\/wp-json\/wp\/v2\/categories?post=73251"},{"taxonomy":"post_tag","embeddable":true,"href":"https:\/\/aeronoticias.com.pe\/noticiero\/wp-json\/wp\/v2\/tags?post=73251"}],"curies":[{"name":"wp","href":"https:\/\/api.w.org\/{rel}","templated":true}]}}